{"id":3595,"date":"2016-12-22T15:53:50","date_gmt":"2016-12-22T14:53:50","guid":{"rendered":"https:\/\/sicherheitsforum.ch\/?p=3595"},"modified":"2023-03-14T08:57:09","modified_gmt":"2023-03-14T07:57:09","slug":"datenschutz-vernehmlassung-laeuft","status":null,"type":"post","link":"https:\/\/news.save.ch\/en\/datenschutz-vernehmlassung-laeuft\/","title":{"rendered":"Data protection: consultation underway"},"content":{"rendered":"<figure id=\"attachment_3597\" aria-describedby=\"caption-attachment-3597\" style=\"width: 680px\" class=\"wp-caption aligncenter\"><img loading=\"lazy\" decoding=\"async\" class=\"size-medium wp-image-3597\" src=\"https:\/\/news.save.ch\/wp-content\/uploads\/2016\/12\/Depositphotos_64285175_m-2015.jpg\" alt=\"\" width=\"680\" height=\"443\" srcset=\"https:\/\/news.save.ch\/wp-content\/uploads\/2016\/12\/Depositphotos_64285175_m-2015.jpg 1000w, https:\/\/news.save.ch\/wp-content\/uploads\/2016\/12\/Depositphotos_64285175_m-2015-375x244.jpg 375w\" sizes=\"auto, (max-width: 680px) 100vw, 680px\" \/><figcaption id=\"caption-attachment-3597\" class=\"wp-caption-text\">\u00a9 depositphotos<\/figcaption><\/figure>\n<p>With the <a href=\"https:\/\/www.ejpd.admin.ch\/dam\/data\/bj\/staat\/gesetzgebung\/datenschutzstaerkung\/vorentw-d.pdf\">Revision of the Data Protection Act<\/a> (DSG), the Federal Council wants in particular to increase the transparency of data processing and strengthen the self-determination of data subjects over their data. To this end, the information obligations of the bodies responsible for data processing are to be expanded. In addition, the right of data subjects to information is to be clarified. The focus here is on self-regulation: the preliminary draft provides for the Federal Data Protection and Information Commissioner (FDPIC) to issue or approve recommendations of good practice that flesh out the data protection provisions.<\/p>\n<p>Furthermore, the supervisory powers of the FDPIC are to be strengthened. For example, the FDPIC is to be given the authority to investigate violations of data protection regulations and to issue appropriate rulings. In addition, the penal provisions in the law are to be tightened.<\/p>\n<h3>Developments at the European level taken into account<\/h3>\n<p>The preliminary draft takes into account the latest developments in the area of data protection in the EU and at the Council of Europe. This year, the EU adopted two enactments on data protection in the form of Directive (EU) 2016\/680 and Regulation (EU) 2016\/679. Switzerland is now adapting its legislation to the requirements of the directive. In particular, this regulates data processing in the context of law enforcement and police and judicial cooperation. It also defines the conditions that must be met for the transfer of personal data from a Schengen state to a third country. Finally, it regulates the tasks and competencies of the supervisory authority. The Federal Council had already approved the adoption of the new EU directive on August 31, 2016, and instructed the Federal Department of Justice and Police to include the legislative amendments required to implement the directive in the revision of the FADP.<\/p>\n<p>In the Council of Europe, the modernization of the \"Convention for the Protection of Individuals with regard to Automatic Processing of Personal Data\" ratified by Switzerland (Data Protection Convention ETS 108) has been initiated. Amendments to the DPA are also required with a view to future ratification of this convention.<\/p>\n<h3>Continue to enable cross-border data transmission<\/h3>\n<p>The revision creates the conditions for Switzerland to meet the requirements of the EU Directive on data protection and to ratify the revised Council of Europe Convention for the Protection of Individuals with regard to Automatic Processing of Personal Data. These adjustments are central to ensuring that the EU continues to recognize Switzerland as a third country with an adequate level of data protection and that cross-border data transfers remain possible in the future.<\/p>\n<p>The consultation on the legislative project, which combines the revision of the FADP, the federal decree on the adoption of the EU Directive and the modernization of the Council of Europe's data protection convention in one bill, will last until April 4, 2017.<\/p>\n<p><em>Press release Bundesrat<\/em><\/p>","protected":false},"excerpt":{"rendered":"<p>Mit der Revision des Datenschutzgesetzes (DSG) will der Bundesrat insbesondere die Transparenz von Datenbearbeitungen erh\u00f6hen und die Selbstbestimmung der betroffenen Personen \u00fcber ihre Daten st\u00e4rken. Dazu sollen die Informationspflichten der Organe, die f\u00fcr die Datenverarbeitung verantwortlich sind, ausgeweitet werden. Erg\u00e4nzend dazu soll das Auskunftsrecht der betroffenen Personen pr\u00e4zisiert werden. Dabei steht die Selbstregulierung im Vordergrund: [&hellip;]<\/p>\n","protected":false},"author":8,"featured_media":3597,"comment_status":"open","ping_status":"open","sticky":false,"template":"","format":"standard","meta":{"_acf_changed":false,"pgc_sgb_lightbox_settings":"","footnotes":""},"categories":[3313],"tags":[168,118],"class_list":["post-3595","post","type-post","status-publish","format-standard","has-post-thumbnail","hentry","category-digitalisierung","tag-bundesrat","tag-datenschutz"],"acf":[],"hkrextid":null,"publication":null,"issue":null,"workflow":null,"startPage":null,"spitzmarke":null,"_posts_by_tag_page_fields":{"widget_title":"","widget_tags":""},"_at_widget":"1","_yoast_wpseo_primary_category":"2","_yoast_wpseo_focuskw_text_input":"Datenschutz","_yoast_wpseo_opengraph-image":null,"_yoast_wpseo_opengraph-description":null,"_yoast_wpseo_opengraph-title":null,"enclosure":null,"_yoast_wpseo_twitter-title":null,"_yoast_wpseo_twitter-description":null,"_yoast_wpseo_twitter-image":null,"_wp_old_slug":null,"_yoast_wpseo_title":null,"_yoast_wpseo_canonical":null,"yoast_head":"<!-- This site is optimized with the Yoast SEO plugin v27.5 - https:\/\/yoast.com\/product\/yoast-seo-wordpress\/ -->\n<title>Datenschutz: Vernehmlassung l\u00e4uft - Save<\/title>\n<meta name=\"robots\" content=\"index, follow, max-snippet:-1, max-image-preview:large, max-video-preview:-1\" \/>\n<link rel=\"canonical\" href=\"https:\/\/news.save.ch\/en\/datenschutz-vernehmlassung-laeuft\/\" \/>\n<meta property=\"og:locale\" content=\"en_US\" \/>\n<meta property=\"og:type\" content=\"article\" \/>\n<meta property=\"og:title\" content=\"Datenschutz: Vernehmlassung l\u00e4uft - Save\" \/>\n<meta property=\"og:description\" content=\"Mit der Revision des Datenschutzgesetzes (DSG) will der Bundesrat insbesondere die Transparenz von Datenbearbeitungen erh\u00f6hen und die Selbstbestimmung der betroffenen Personen \u00fcber ihre Daten st\u00e4rken. Dazu sollen die Informationspflichten der Organe, die f\u00fcr die Datenverarbeitung verantwortlich sind, ausgeweitet werden. Erg\u00e4nzend dazu soll das Auskunftsrecht der betroffenen Personen pr\u00e4zisiert werden. Dabei steht die Selbstregulierung im Vordergrund: [&hellip;]\" \/>\n<meta property=\"og:url\" content=\"https:\/\/news.save.ch\/en\/datenschutz-vernehmlassung-laeuft\/\" \/>\n<meta property=\"og:site_name\" content=\"Save\" \/>\n<meta property=\"article:published_time\" content=\"2016-12-22T14:53:50+00:00\" \/>\n<meta property=\"article:modified_time\" content=\"2023-03-14T07:57:09+00:00\" \/>\n<meta property=\"og:image\" content=\"https:\/\/news.save.ch\/wp-content\/uploads\/2016\/12\/Depositphotos_64285175_m-2015.jpg\" \/>\n\t<meta property=\"og:image:width\" content=\"1000\" \/>\n\t<meta property=\"og:image:height\" content=\"651\" \/>\n\t<meta property=\"og:image:type\" content=\"image\/jpeg\" \/>\n<meta name=\"author\" content=\"Roger Str\u00e4ssle\" \/>\n<meta name=\"twitter:card\" content=\"summary_large_image\" \/>\n<meta name=\"twitter:label1\" content=\"Written by\" \/>\n\t<meta name=\"twitter:data1\" content=\"Roger Str\u00e4ssle\" \/>\n\t<meta name=\"twitter:label2\" content=\"Est. reading time\" \/>\n\t<meta name=\"twitter:data2\" content=\"2 minutes\" \/>\n<script type=\"application\/ld+json\" class=\"yoast-schema-graph\">{\"@context\":\"https:\\\/\\\/schema.org\",\"@graph\":[{\"@type\":\"Article\",\"@id\":\"https:\\\/\\\/news.save.ch\\\/datenschutz-vernehmlassung-laeuft\\\/#article\",\"isPartOf\":{\"@id\":\"https:\\\/\\\/news.save.ch\\\/datenschutz-vernehmlassung-laeuft\\\/\"},\"author\":{\"name\":\"Roger Str\u00e4ssle\",\"@id\":\"https:\\\/\\\/news.save.ch\\\/de\\\/#\\\/schema\\\/person\\\/d5022db048e0e2b9785c50e5b24da5aa\"},\"headline\":\"Datenschutz: Vernehmlassung l\u00e4uft\",\"datePublished\":\"2016-12-22T14:53:50+00:00\",\"dateModified\":\"2023-03-14T07:57:09+00:00\",\"mainEntityOfPage\":{\"@id\":\"https:\\\/\\\/news.save.ch\\\/datenschutz-vernehmlassung-laeuft\\\/\"},\"wordCount\":415,\"commentCount\":0,\"publisher\":{\"@id\":\"https:\\\/\\\/news.save.ch\\\/de\\\/#organization\"},\"image\":{\"@id\":\"https:\\\/\\\/news.save.ch\\\/datenschutz-vernehmlassung-laeuft\\\/#primaryimage\"},\"thumbnailUrl\":\"https:\\\/\\\/news.save.ch\\\/wp-content\\\/uploads\\\/2016\\\/12\\\/Depositphotos_64285175_m-2015.jpg\",\"keywords\":[\"Bundesrat\",\"Datenschutz\"],\"articleSection\":[\"DIGITALISIERUNG\"],\"inLanguage\":\"en-US\"},{\"@type\":\"WebPage\",\"@id\":\"https:\\\/\\\/news.save.ch\\\/datenschutz-vernehmlassung-laeuft\\\/\",\"url\":\"https:\\\/\\\/news.save.ch\\\/datenschutz-vernehmlassung-laeuft\\\/\",\"name\":\"Datenschutz: Vernehmlassung l\u00e4uft - Save\",\"isPartOf\":{\"@id\":\"https:\\\/\\\/news.save.ch\\\/de\\\/#website\"},\"primaryImageOfPage\":{\"@id\":\"https:\\\/\\\/news.save.ch\\\/datenschutz-vernehmlassung-laeuft\\\/#primaryimage\"},\"image\":{\"@id\":\"https:\\\/\\\/news.save.ch\\\/datenschutz-vernehmlassung-laeuft\\\/#primaryimage\"},\"thumbnailUrl\":\"https:\\\/\\\/news.save.ch\\\/wp-content\\\/uploads\\\/2016\\\/12\\\/Depositphotos_64285175_m-2015.jpg\",\"datePublished\":\"2016-12-22T14:53:50+00:00\",\"dateModified\":\"2023-03-14T07:57:09+00:00\",\"breadcrumb\":{\"@id\":\"https:\\\/\\\/news.save.ch\\\/datenschutz-vernehmlassung-laeuft\\\/#breadcrumb\"},\"inLanguage\":\"en-US\",\"potentialAction\":[{\"@type\":\"ReadAction\",\"target\":[\"https:\\\/\\\/news.save.ch\\\/datenschutz-vernehmlassung-laeuft\\\/\"]}]},{\"@type\":\"ImageObject\",\"inLanguage\":\"en-US\",\"@id\":\"https:\\\/\\\/news.save.ch\\\/datenschutz-vernehmlassung-laeuft\\\/#primaryimage\",\"url\":\"https:\\\/\\\/news.save.ch\\\/wp-content\\\/uploads\\\/2016\\\/12\\\/Depositphotos_64285175_m-2015.jpg\",\"contentUrl\":\"https:\\\/\\\/news.save.ch\\\/wp-content\\\/uploads\\\/2016\\\/12\\\/Depositphotos_64285175_m-2015.jpg\",\"width\":1000,\"height\":651,\"caption\":\"\u00a9 depositphotos\"},{\"@type\":\"BreadcrumbList\",\"@id\":\"https:\\\/\\\/news.save.ch\\\/datenschutz-vernehmlassung-laeuft\\\/#breadcrumb\",\"itemListElement\":[{\"@type\":\"ListItem\",\"position\":1,\"name\":\"Home\",\"item\":\"https:\\\/\\\/news.save.ch\\\/de\\\/\"},{\"@type\":\"ListItem\",\"position\":2,\"name\":\"Datenschutz: Vernehmlassung l\u00e4uft\"}]},{\"@type\":\"WebSite\",\"@id\":\"https:\\\/\\\/news.save.ch\\\/de\\\/#website\",\"url\":\"https:\\\/\\\/news.save.ch\\\/de\\\/\",\"name\":\"Save\",\"description\":\"Schweizer Fachzeitschrift f\u00fcr Sicherheit\",\"publisher\":{\"@id\":\"https:\\\/\\\/news.save.ch\\\/de\\\/#organization\"},\"potentialAction\":[{\"@type\":\"SearchAction\",\"target\":{\"@type\":\"EntryPoint\",\"urlTemplate\":\"https:\\\/\\\/news.save.ch\\\/de\\\/?s={search_term_string}\"},\"query-input\":{\"@type\":\"PropertyValueSpecification\",\"valueRequired\":true,\"valueName\":\"search_term_string\"}}],\"inLanguage\":\"en-US\"},{\"@type\":\"Organization\",\"@id\":\"https:\\\/\\\/news.save.ch\\\/de\\\/#organization\",\"name\":\"Sicherheitsforum\",\"url\":\"https:\\\/\\\/news.save.ch\\\/de\\\/\",\"logo\":{\"@type\":\"ImageObject\",\"inLanguage\":\"en-US\",\"@id\":\"https:\\\/\\\/news.save.ch\\\/de\\\/#\\\/schema\\\/logo\\\/image\\\/\",\"url\":\"https:\\\/\\\/news.save.ch\\\/wp-content\\\/uploads\\\/2022\\\/06\\\/Logo_SF_2012.png\",\"contentUrl\":\"https:\\\/\\\/news.save.ch\\\/wp-content\\\/uploads\\\/2022\\\/06\\\/Logo_SF_2012.png\",\"width\":1100,\"height\":91,\"caption\":\"Sicherheitsforum\"},\"image\":{\"@id\":\"https:\\\/\\\/news.save.ch\\\/de\\\/#\\\/schema\\\/logo\\\/image\\\/\"}},{\"@type\":\"Person\",\"@id\":\"https:\\\/\\\/news.save.ch\\\/de\\\/#\\\/schema\\\/person\\\/d5022db048e0e2b9785c50e5b24da5aa\",\"name\":\"Roger Str\u00e4ssle\",\"image\":{\"@type\":\"ImageObject\",\"inLanguage\":\"en-US\",\"@id\":\"https:\\\/\\\/secure.gravatar.com\\\/avatar\\\/862a5569d087de48e5856e32f45d719a03804c891d6deb8d4f71a660e79e4a47?s=96&d=mm&r=g\",\"url\":\"https:\\\/\\\/secure.gravatar.com\\\/avatar\\\/862a5569d087de48e5856e32f45d719a03804c891d6deb8d4f71a660e79e4a47?s=96&d=mm&r=g\",\"contentUrl\":\"https:\\\/\\\/secure.gravatar.com\\\/avatar\\\/862a5569d087de48e5856e32f45d719a03804c891d6deb8d4f71a660e79e4a47?s=96&d=mm&r=g\",\"caption\":\"Roger Str\u00e4ssle\"},\"url\":\"https:\\\/\\\/news.save.ch\\\/en\\\/author\\\/roger-straessle\\\/\"}]}<\/script>\n<!-- \/ Yoast SEO plugin. -->","yoast_head_json":{"title":"Data protection: consultation underway - Save","robots":{"index":"index","follow":"follow","max-snippet":"max-snippet:-1","max-image-preview":"max-image-preview:large","max-video-preview":"max-video-preview:-1"},"canonical":"https:\/\/news.save.ch\/en\/datenschutz-vernehmlassung-laeuft\/","og_locale":"en_US","og_type":"article","og_title":"Datenschutz: Vernehmlassung l\u00e4uft - Save","og_description":"Mit der Revision des Datenschutzgesetzes (DSG) will der Bundesrat insbesondere die Transparenz von Datenbearbeitungen erh\u00f6hen und die Selbstbestimmung der betroffenen Personen \u00fcber ihre Daten st\u00e4rken. Dazu sollen die Informationspflichten der Organe, die f\u00fcr die Datenverarbeitung verantwortlich sind, ausgeweitet werden. Erg\u00e4nzend dazu soll das Auskunftsrecht der betroffenen Personen pr\u00e4zisiert werden. Dabei steht die Selbstregulierung im Vordergrund: [&hellip;]","og_url":"https:\/\/news.save.ch\/en\/datenschutz-vernehmlassung-laeuft\/","og_site_name":"Save","article_published_time":"2016-12-22T14:53:50+00:00","article_modified_time":"2023-03-14T07:57:09+00:00","og_image":[{"width":1000,"height":651,"url":"https:\/\/news.save.ch\/wp-content\/uploads\/2016\/12\/Depositphotos_64285175_m-2015.jpg","type":"image\/jpeg"}],"author":"Roger Str\u00e4ssle","twitter_card":"summary_large_image","twitter_misc":{"Written by":"Roger Str\u00e4ssle","Est. reading time":"2 minutes"},"schema":{"@context":"https:\/\/schema.org","@graph":[{"@type":"Article","@id":"https:\/\/news.save.ch\/datenschutz-vernehmlassung-laeuft\/#article","isPartOf":{"@id":"https:\/\/news.save.ch\/datenschutz-vernehmlassung-laeuft\/"},"author":{"name":"Roger Str\u00e4ssle","@id":"https:\/\/news.save.ch\/de\/#\/schema\/person\/d5022db048e0e2b9785c50e5b24da5aa"},"headline":"Datenschutz: Vernehmlassung l\u00e4uft","datePublished":"2016-12-22T14:53:50+00:00","dateModified":"2023-03-14T07:57:09+00:00","mainEntityOfPage":{"@id":"https:\/\/news.save.ch\/datenschutz-vernehmlassung-laeuft\/"},"wordCount":415,"commentCount":0,"publisher":{"@id":"https:\/\/news.save.ch\/de\/#organization"},"image":{"@id":"https:\/\/news.save.ch\/datenschutz-vernehmlassung-laeuft\/#primaryimage"},"thumbnailUrl":"https:\/\/news.save.ch\/wp-content\/uploads\/2016\/12\/Depositphotos_64285175_m-2015.jpg","keywords":["Bundesrat","Datenschutz"],"articleSection":["DIGITALISIERUNG"],"inLanguage":"en-US"},{"@type":"WebPage","@id":"https:\/\/news.save.ch\/datenschutz-vernehmlassung-laeuft\/","url":"https:\/\/news.save.ch\/datenschutz-vernehmlassung-laeuft\/","name":"Data protection: consultation underway - Save","isPartOf":{"@id":"https:\/\/news.save.ch\/de\/#website"},"primaryImageOfPage":{"@id":"https:\/\/news.save.ch\/datenschutz-vernehmlassung-laeuft\/#primaryimage"},"image":{"@id":"https:\/\/news.save.ch\/datenschutz-vernehmlassung-laeuft\/#primaryimage"},"thumbnailUrl":"https:\/\/news.save.ch\/wp-content\/uploads\/2016\/12\/Depositphotos_64285175_m-2015.jpg","datePublished":"2016-12-22T14:53:50+00:00","dateModified":"2023-03-14T07:57:09+00:00","breadcrumb":{"@id":"https:\/\/news.save.ch\/datenschutz-vernehmlassung-laeuft\/#breadcrumb"},"inLanguage":"en-US","potentialAction":[{"@type":"ReadAction","target":["https:\/\/news.save.ch\/datenschutz-vernehmlassung-laeuft\/"]}]},{"@type":"ImageObject","inLanguage":"en-US","@id":"https:\/\/news.save.ch\/datenschutz-vernehmlassung-laeuft\/#primaryimage","url":"https:\/\/news.save.ch\/wp-content\/uploads\/2016\/12\/Depositphotos_64285175_m-2015.jpg","contentUrl":"https:\/\/news.save.ch\/wp-content\/uploads\/2016\/12\/Depositphotos_64285175_m-2015.jpg","width":1000,"height":651,"caption":"\u00a9 depositphotos"},{"@type":"BreadcrumbList","@id":"https:\/\/news.save.ch\/datenschutz-vernehmlassung-laeuft\/#breadcrumb","itemListElement":[{"@type":"ListItem","position":1,"name":"Home","item":"https:\/\/news.save.ch\/de\/"},{"@type":"ListItem","position":2,"name":"Datenschutz: Vernehmlassung l\u00e4uft"}]},{"@type":"WebSite","@id":"https:\/\/news.save.ch\/de\/#website","url":"https:\/\/news.save.ch\/de\/","name":"Save","description":"Swiss trade journal for safety","publisher":{"@id":"https:\/\/news.save.ch\/de\/#organization"},"potentialAction":[{"@type":"SearchAction","target":{"@type":"EntryPoint","urlTemplate":"https:\/\/news.save.ch\/de\/?s={search_term_string}"},"query-input":{"@type":"PropertyValueSpecification","valueRequired":true,"valueName":"search_term_string"}}],"inLanguage":"en-US"},{"@type":"Organization","@id":"https:\/\/news.save.ch\/de\/#organization","name":"Security Forum","url":"https:\/\/news.save.ch\/de\/","logo":{"@type":"ImageObject","inLanguage":"en-US","@id":"https:\/\/news.save.ch\/de\/#\/schema\/logo\/image\/","url":"https:\/\/news.save.ch\/wp-content\/uploads\/2022\/06\/Logo_SF_2012.png","contentUrl":"https:\/\/news.save.ch\/wp-content\/uploads\/2022\/06\/Logo_SF_2012.png","width":1100,"height":91,"caption":"Sicherheitsforum"},"image":{"@id":"https:\/\/news.save.ch\/de\/#\/schema\/logo\/image\/"}},{"@type":"Person","@id":"https:\/\/news.save.ch\/de\/#\/schema\/person\/d5022db048e0e2b9785c50e5b24da5aa","name":"Roger Str\u00e4ssle","image":{"@type":"ImageObject","inLanguage":"en-US","@id":"https:\/\/secure.gravatar.com\/avatar\/862a5569d087de48e5856e32f45d719a03804c891d6deb8d4f71a660e79e4a47?s=96&d=mm&r=g","url":"https:\/\/secure.gravatar.com\/avatar\/862a5569d087de48e5856e32f45d719a03804c891d6deb8d4f71a660e79e4a47?s=96&d=mm&r=g","contentUrl":"https:\/\/secure.gravatar.com\/avatar\/862a5569d087de48e5856e32f45d719a03804c891d6deb8d4f71a660e79e4a47?s=96&d=mm&r=g","caption":"Roger Str\u00e4ssle"},"url":"https:\/\/news.save.ch\/en\/author\/roger-straessle\/"}]}},"_links":{"self":[{"href":"https:\/\/news.save.ch\/en\/wp-json\/wp\/v2\/posts\/3595","targetHints":{"allow":["GET"]}}],"collection":[{"href":"https:\/\/news.save.ch\/en\/wp-json\/wp\/v2\/posts"}],"about":[{"href":"https:\/\/news.save.ch\/en\/wp-json\/wp\/v2\/types\/post"}],"author":[{"embeddable":true,"href":"https:\/\/news.save.ch\/en\/wp-json\/wp\/v2\/users\/8"}],"replies":[{"embeddable":true,"href":"https:\/\/news.save.ch\/en\/wp-json\/wp\/v2\/comments?post=3595"}],"version-history":[{"count":1,"href":"https:\/\/news.save.ch\/en\/wp-json\/wp\/v2\/posts\/3595\/revisions"}],"predecessor-version":[{"id":17543,"href":"https:\/\/news.save.ch\/en\/wp-json\/wp\/v2\/posts\/3595\/revisions\/17543"}],"wp:featuredmedia":[{"embeddable":true,"href":"https:\/\/news.save.ch\/en\/wp-json\/wp\/v2\/media\/3597"}],"wp:attachment":[{"href":"https:\/\/news.save.ch\/en\/wp-json\/wp\/v2\/media?parent=3595"}],"wp:term":[{"taxonomy":"category","embeddable":true,"href":"https:\/\/news.save.ch\/en\/wp-json\/wp\/v2\/categories?post=3595"},{"taxonomy":"post_tag","embeddable":true,"href":"https:\/\/news.save.ch\/en\/wp-json\/wp\/v2\/tags?post=3595"}],"curies":[{"name":"wp","href":"https:\/\/api.w.org\/{rel}","templated":true}]}}