{"id":3641,"date":"2018-12-15T08:30:49","date_gmt":"2018-12-15T07:30:49","guid":{"rendered":"https:\/\/news.save.ch\/?p=3641"},"modified":"2023-03-14T09:05:33","modified_gmt":"2023-03-14T08:05:33","slug":"depressionen-ursachen-und-hilfen","status":null,"type":"post","link":"https:\/\/news.save.ch\/en\/depressionen-ursachen-und-hilfen\/","title":{"rendered":"Depression: Causes and helps"},"content":{"rendered":"<figure id=\"attachment_3642\" aria-describedby=\"caption-attachment-3642\" style=\"width: 680px\" class=\"wp-caption alignnone\"><img loading=\"lazy\" decoding=\"async\" class=\"size-medium wp-image-3642\" src=\"http:\/\/develop.safety-plus.ch\/wp-content\/uploads\/2018\/12\/Depositphotos_evgenyataman.jpg\" alt=\"\" width=\"680\" height=\"400\" \/><figcaption id=\"caption-attachment-3642\" class=\"wp-caption-text\">Naturopathic measures help with depression.<br \/>\u00a9 Depositphotos\/evgenyataman<\/figcaption><\/figure>\n<p>For depression, there are many holistic and naturopathic options that have been proven to help and heal. However, those who suffer from depression are often not in a position to just do a sports program, look at which <a href=\"https:\/\/news.save.ch\/en\/ernaehrung-fuer-die-herzgesundheit\/\" target=\"_blank\" rel=\"noopener\">Food supplements<\/a> would be necessary to make the diet healthier, to reduce the side effects of <a href=\"https:\/\/news.save.ch\/en\/medikamente-koennen-die-fahrfaehigkeit-beeintraechtigen-doch-diese-gefahr-wird-auf-schweizer-strassen-oftmals-unterschaetzt-mit-einer-neuen-kampagne-wollen-die-bfu-die-verbindung-der-schweizer-aerz\/\" target=\"_blank\" rel=\"noopener\">Medication<\/a> review that one has been taking for years, let alone put together a holistic concept.<\/p>\n<p>We would therefore like to point out at this point that our article and the self-help options listed in it are not only intended for depressed people, but also for relatives, doctors and therapists, who can then assist and support those affected accordingly. Because they definitely need more than simply tablets and often more than psychotherapy.<\/p>\n<p>However, it is almost never the case that a very specific approach or a very specific remedy would help every sufferer equally. Instead, each individual person seems to need a very individual concept of different measures, especially in the case of depression. Our article is intended to point out these possible measures. Which of them is ultimately useful and helpful in the individual case must be carefully examined and decided individually for each person.<\/p>\n<p><strong>The definition of depression<\/strong><\/p>\n<p>The official definition of depression always includes the term mental disorder, which is manifested by the symptoms described in the next paragraph. The psyche, in turn, is described as a \"place of human feeling and thinking. This sounds as if depression is a problem that has developed in our minds - as a result of bad experiences, for example. But that is only half the truth. Often, the definition of depression would also have to include references to the fact that in many cases the illness is purely physical, as you will learn in the course of this article.<\/p>\n<p><strong>The symptoms of depression<\/strong><\/p>\n<p>Depression cannot be compared to a low mood or a bad temper. It is a state from which one believes one can never rise again. It holds you captive like a dark dungeon. There is no hope, no light, no smile. You feel yourself falling, but you never reach the bottom. No matter what the circumstances are - whether sunshine or rainy weather, whether the children are laughing or crying - nothing touches, nothing reaches inside anymore.<\/p>\n<p>Even things that were always a lot of fun can no longer inspire. Activities that are not worth mentioning in healthy people, such as washing your hair or getting dressed, turn out to be energy-sapping actions that you simply can't do on some days. And when you do get up the nerve to do them, you tire quickly, even though in the eyes of others you haven't really made any effort at all.<\/p>\n<p>In the guideline for unipolar depression published by the German Society for Psychiatry and Psychotherapy, Psychosomatics and Neurology (DGPPN), you can read about many other symptoms that will help you recognize depression, for example:<\/p>\n<ul>\n<li>It's hard to concentrate.<\/li>\n<li>You feel worthless.<\/li>\n<li>You sleep poorly and wake up much earlier than normal.<\/li>\n<li>You have no appetite and lose weight.<\/li>\n<li>People no longer make plans for the future.<\/li>\n<li>You think about what it would be like to no longer be there and look - at least mentally - for ways to make it happen.<\/li>\n<\/ul>\n<p>You can find more info under the following <a href=\"https:\/\/www.zentrum-der-gesundheit.de\/depressionen.html\" target=\"_blank\" rel=\"noopener\">Link<\/a><\/p>\n<p>&nbsp;<\/p>\n<p>&nbsp;<\/p>\n<p>&nbsp;<\/p>","protected":false},"excerpt":{"rendered":"<p>Bei Depressionen gibt es viele ganzheitliche und naturheilkundliche M\u00f6glichkeiten, die nachweislich helfen und heilen k\u00f6nnen. Wer jedoch an Depressionen leidet, ist oft nicht in der Lage, mal eben ein Sportprogramm zu absolvieren, zu schauen, welche Nahrungserg\u00e4nzungen erforderlich w\u00e4ren, die Ern\u00e4hrung ges\u00fcnder zu gestalten, die Nebenwirkungen von Medikamenten zu \u00fcberpr\u00fcfen, die man seit Jahren nimmt, geschweige [&hellip;]<\/p>\n","protected":false},"author":1,"featured_media":3642,"comment_status":"open","ping_status":"open","sticky":false,"template":"","format":"standard","meta":{"_acf_changed":false,"pgc_sgb_lightbox_settings":"","footnotes":""},"categories":[1,3314],"tags":[1641,2165,149,146,2600,141,2729,2734,3027,3072],"class_list":["post-3641","post","type-post","status-publish","format-standard","has-post-thumbnail","hentry","category-allgemein","category-health-safety","tag-antidepressiva","tag-gesundheitsfoerderung","tag-gesundheitsschutz","tag-medikamente","tag-naturheilkunde","tag-praevention","tag-psychische-gesundheit","tag-psychotherapie","tag-sucht","tag-tabletten"],"acf":[],"hkrextid":null,"publication":null,"issue":null,"workflow":null,"startPage":null,"spitzmarke":null,"_posts_by_tag_page_fields":{"widget_title":"","widget_tags":""},"_at_widget":"1","_yoast_wpseo_primary_category":"3303","_yoast_wpseo_focuskw_text_input":"Depressionen","_yoast_wpseo_opengraph-image":null,"_yoast_wpseo_opengraph-description":null,"_yoast_wpseo_opengraph-title":null,"enclosure":null,"_yoast_wpseo_twitter-title":null,"_yoast_wpseo_twitter-description":null,"_yoast_wpseo_twitter-image":null,"_wp_old_slug":null,"_yoast_wpseo_title":null,"_yoast_wpseo_canonical":null,"yoast_head":"<!-- This site is optimized with the Yoast SEO plugin v27.4 - https:\/\/yoast.com\/product\/yoast-seo-wordpress\/ -->\n<title>Depressionen: Ursachen und Hilfen - Save<\/title>\n<meta name=\"description\" content=\"Depressionen betreffen immer mehr Menschen \u2013 die meisten nehmen Antidepressiva.\" \/>\n<meta name=\"robots\" content=\"index, follow, max-snippet:-1, max-image-preview:large, max-video-preview:-1\" \/>\n<link rel=\"canonical\" href=\"https:\/\/news.save.ch\/en\/depressionen-ursachen-und-hilfen\/\" \/>\n<meta property=\"og:locale\" content=\"en_US\" \/>\n<meta property=\"og:type\" content=\"article\" \/>\n<meta property=\"og:title\" content=\"Depressionen: Ursachen und Hilfen - Save\" \/>\n<meta property=\"og:description\" content=\"Depressionen betreffen immer mehr Menschen \u2013 die meisten nehmen Antidepressiva.\" \/>\n<meta property=\"og:url\" content=\"https:\/\/news.save.ch\/en\/depressionen-ursachen-und-hilfen\/\" \/>\n<meta property=\"og:site_name\" content=\"Save\" \/>\n<meta property=\"article:published_time\" content=\"2018-12-15T07:30:49+00:00\" \/>\n<meta property=\"article:modified_time\" content=\"2023-03-14T08:05:33+00:00\" \/>\n<meta property=\"og:image\" content=\"https:\/\/news.save.ch\/wp-content\/uploads\/2018\/12\/Depositphotos_evgenyataman-scaled-1.jpg\" \/>\n\t<meta property=\"og:image:width\" content=\"1200\" \/>\n\t<meta property=\"og:image:height\" content=\"706\" \/>\n\t<meta property=\"og:image:type\" content=\"image\/jpeg\" \/>\n<meta name=\"author\" content=\"admin\" \/>\n<meta name=\"twitter:card\" content=\"summary_large_image\" \/>\n<meta name=\"twitter:label1\" content=\"Written by\" \/>\n\t<meta name=\"twitter:data1\" content=\"admin\" \/>\n\t<meta name=\"twitter:label2\" content=\"Est. reading time\" \/>\n\t<meta name=\"twitter:data2\" content=\"3 minutes\" \/>\n<script type=\"application\/ld+json\" class=\"yoast-schema-graph\">{\"@context\":\"https:\\\/\\\/schema.org\",\"@graph\":[{\"@type\":\"Article\",\"@id\":\"https:\\\/\\\/news.save.ch\\\/depressionen-ursachen-und-hilfen\\\/#article\",\"isPartOf\":{\"@id\":\"https:\\\/\\\/news.save.ch\\\/depressionen-ursachen-und-hilfen\\\/\"},\"author\":{\"name\":\"admin\",\"@id\":\"https:\\\/\\\/news.save.ch\\\/de\\\/#\\\/schema\\\/person\\\/d49e199490bad7c70d64b9ab51142f2b\"},\"headline\":\"Depressionen: Ursachen und Hilfen\",\"datePublished\":\"2018-12-15T07:30:49+00:00\",\"dateModified\":\"2023-03-14T08:05:33+00:00\",\"mainEntityOfPage\":{\"@id\":\"https:\\\/\\\/news.save.ch\\\/depressionen-ursachen-und-hilfen\\\/\"},\"wordCount\":583,\"commentCount\":0,\"publisher\":{\"@id\":\"https:\\\/\\\/news.save.ch\\\/de\\\/#organization\"},\"image\":{\"@id\":\"https:\\\/\\\/news.save.ch\\\/depressionen-ursachen-und-hilfen\\\/#primaryimage\"},\"thumbnailUrl\":\"https:\\\/\\\/news.save.ch\\\/wp-content\\\/uploads\\\/2018\\\/12\\\/Depositphotos_evgenyataman-scaled-1.jpg\",\"keywords\":[\"Antidepressiva\",\"Gesundheitsf\u00f6rderung\",\"Gesundheitsschutz\",\"Medikamente\",\"Naturheilkunde\",\"Pr\u00e4vention\",\"Psychische Gesundheit\",\"Psychotherapie\",\"Sucht\",\"Tabletten\"],\"articleSection\":[\"ALLGEMEIN\",\"HEALTH &amp; SAFETY\"],\"inLanguage\":\"en-US\"},{\"@type\":\"WebPage\",\"@id\":\"https:\\\/\\\/news.save.ch\\\/depressionen-ursachen-und-hilfen\\\/\",\"url\":\"https:\\\/\\\/news.save.ch\\\/depressionen-ursachen-und-hilfen\\\/\",\"name\":\"Depressionen: Ursachen und Hilfen - Save\",\"isPartOf\":{\"@id\":\"https:\\\/\\\/news.save.ch\\\/de\\\/#website\"},\"primaryImageOfPage\":{\"@id\":\"https:\\\/\\\/news.save.ch\\\/depressionen-ursachen-und-hilfen\\\/#primaryimage\"},\"image\":{\"@id\":\"https:\\\/\\\/news.save.ch\\\/depressionen-ursachen-und-hilfen\\\/#primaryimage\"},\"thumbnailUrl\":\"https:\\\/\\\/news.save.ch\\\/wp-content\\\/uploads\\\/2018\\\/12\\\/Depositphotos_evgenyataman-scaled-1.jpg\",\"datePublished\":\"2018-12-15T07:30:49+00:00\",\"dateModified\":\"2023-03-14T08:05:33+00:00\",\"description\":\"Depressionen betreffen immer mehr Menschen \u2013 die meisten nehmen Antidepressiva.\",\"breadcrumb\":{\"@id\":\"https:\\\/\\\/news.save.ch\\\/depressionen-ursachen-und-hilfen\\\/#breadcrumb\"},\"inLanguage\":\"en-US\",\"potentialAction\":[{\"@type\":\"ReadAction\",\"target\":[\"https:\\\/\\\/news.save.ch\\\/depressionen-ursachen-und-hilfen\\\/\"]}]},{\"@type\":\"ImageObject\",\"inLanguage\":\"en-US\",\"@id\":\"https:\\\/\\\/news.save.ch\\\/depressionen-ursachen-und-hilfen\\\/#primaryimage\",\"url\":\"https:\\\/\\\/news.save.ch\\\/wp-content\\\/uploads\\\/2018\\\/12\\\/Depositphotos_evgenyataman-scaled-1.jpg\",\"contentUrl\":\"https:\\\/\\\/news.save.ch\\\/wp-content\\\/uploads\\\/2018\\\/12\\\/Depositphotos_evgenyataman-scaled-1.jpg\",\"width\":1200,\"height\":706,\"caption\":\"Bei Depressionen helfen naturheilkundliche Massnahmen. \u00a9 Depositphotos\\\/evgenyataman\"},{\"@type\":\"BreadcrumbList\",\"@id\":\"https:\\\/\\\/news.save.ch\\\/depressionen-ursachen-und-hilfen\\\/#breadcrumb\",\"itemListElement\":[{\"@type\":\"ListItem\",\"position\":1,\"name\":\"Home\",\"item\":\"https:\\\/\\\/news.save.ch\\\/de\\\/\"},{\"@type\":\"ListItem\",\"position\":2,\"name\":\"Depressionen: Ursachen und Hilfen\"}]},{\"@type\":\"WebSite\",\"@id\":\"https:\\\/\\\/news.save.ch\\\/de\\\/#website\",\"url\":\"https:\\\/\\\/news.save.ch\\\/de\\\/\",\"name\":\"Save\",\"description\":\"Schweizer Fachzeitschrift f\u00fcr Sicherheit\",\"publisher\":{\"@id\":\"https:\\\/\\\/news.save.ch\\\/de\\\/#organization\"},\"potentialAction\":[{\"@type\":\"SearchAction\",\"target\":{\"@type\":\"EntryPoint\",\"urlTemplate\":\"https:\\\/\\\/news.save.ch\\\/de\\\/?s={search_term_string}\"},\"query-input\":{\"@type\":\"PropertyValueSpecification\",\"valueRequired\":true,\"valueName\":\"search_term_string\"}}],\"inLanguage\":\"en-US\"},{\"@type\":\"Organization\",\"@id\":\"https:\\\/\\\/news.save.ch\\\/de\\\/#organization\",\"name\":\"Sicherheitsforum\",\"url\":\"https:\\\/\\\/news.save.ch\\\/de\\\/\",\"logo\":{\"@type\":\"ImageObject\",\"inLanguage\":\"en-US\",\"@id\":\"https:\\\/\\\/news.save.ch\\\/de\\\/#\\\/schema\\\/logo\\\/image\\\/\",\"url\":\"https:\\\/\\\/news.save.ch\\\/wp-content\\\/uploads\\\/2022\\\/06\\\/Logo_SF_2012.png\",\"contentUrl\":\"https:\\\/\\\/news.save.ch\\\/wp-content\\\/uploads\\\/2022\\\/06\\\/Logo_SF_2012.png\",\"width\":1100,\"height\":91,\"caption\":\"Sicherheitsforum\"},\"image\":{\"@id\":\"https:\\\/\\\/news.save.ch\\\/de\\\/#\\\/schema\\\/logo\\\/image\\\/\"}},{\"@type\":\"Person\",\"@id\":\"https:\\\/\\\/news.save.ch\\\/de\\\/#\\\/schema\\\/person\\\/d49e199490bad7c70d64b9ab51142f2b\",\"name\":\"admin\",\"image\":{\"@type\":\"ImageObject\",\"inLanguage\":\"en-US\",\"@id\":\"https:\\\/\\\/secure.gravatar.com\\\/avatar\\\/ae2f4d718e6c49043e314ce431e7e645d646302a24a5ef5a8bc8e3f5a032e319?s=96&d=mm&r=g\",\"url\":\"https:\\\/\\\/secure.gravatar.com\\\/avatar\\\/ae2f4d718e6c49043e314ce431e7e645d646302a24a5ef5a8bc8e3f5a032e319?s=96&d=mm&r=g\",\"contentUrl\":\"https:\\\/\\\/secure.gravatar.com\\\/avatar\\\/ae2f4d718e6c49043e314ce431e7e645d646302a24a5ef5a8bc8e3f5a032e319?s=96&d=mm&r=g\",\"caption\":\"admin\"},\"sameAs\":[\"https:\\\/\\\/develop.organisator.galledia.ch\"],\"url\":\"https:\\\/\\\/news.save.ch\\\/en\\\/author\\\/admin\\\/\"}]}<\/script>\n<!-- \/ Yoast SEO plugin. -->","yoast_head_json":{"title":"Depression: Causes and helps - Save","description":"Depression affects more and more people - most of them take antidepressants.","robots":{"index":"index","follow":"follow","max-snippet":"max-snippet:-1","max-image-preview":"max-image-preview:large","max-video-preview":"max-video-preview:-1"},"canonical":"https:\/\/news.save.ch\/en\/depressionen-ursachen-und-hilfen\/","og_locale":"en_US","og_type":"article","og_title":"Depressionen: Ursachen und Hilfen - Save","og_description":"Depressionen betreffen immer mehr Menschen \u2013 die meisten nehmen Antidepressiva.","og_url":"https:\/\/news.save.ch\/en\/depressionen-ursachen-und-hilfen\/","og_site_name":"Save","article_published_time":"2018-12-15T07:30:49+00:00","article_modified_time":"2023-03-14T08:05:33+00:00","og_image":[{"width":1200,"height":706,"url":"https:\/\/news.save.ch\/wp-content\/uploads\/2018\/12\/Depositphotos_evgenyataman-scaled-1.jpg","type":"image\/jpeg"}],"author":"admin","twitter_card":"summary_large_image","twitter_misc":{"Written by":"admin","Est. reading time":"3 minutes"},"schema":{"@context":"https:\/\/schema.org","@graph":[{"@type":"Article","@id":"https:\/\/news.save.ch\/depressionen-ursachen-und-hilfen\/#article","isPartOf":{"@id":"https:\/\/news.save.ch\/depressionen-ursachen-und-hilfen\/"},"author":{"name":"admin","@id":"https:\/\/news.save.ch\/de\/#\/schema\/person\/d49e199490bad7c70d64b9ab51142f2b"},"headline":"Depressionen: Ursachen und Hilfen","datePublished":"2018-12-15T07:30:49+00:00","dateModified":"2023-03-14T08:05:33+00:00","mainEntityOfPage":{"@id":"https:\/\/news.save.ch\/depressionen-ursachen-und-hilfen\/"},"wordCount":583,"commentCount":0,"publisher":{"@id":"https:\/\/news.save.ch\/de\/#organization"},"image":{"@id":"https:\/\/news.save.ch\/depressionen-ursachen-und-hilfen\/#primaryimage"},"thumbnailUrl":"https:\/\/news.save.ch\/wp-content\/uploads\/2018\/12\/Depositphotos_evgenyataman-scaled-1.jpg","keywords":["Antidepressiva","Gesundheitsf\u00f6rderung","Gesundheitsschutz","Medikamente","Naturheilkunde","Pr\u00e4vention","Psychische Gesundheit","Psychotherapie","Sucht","Tabletten"],"articleSection":["ALLGEMEIN","HEALTH &amp; SAFETY"],"inLanguage":"en-US"},{"@type":"WebPage","@id":"https:\/\/news.save.ch\/depressionen-ursachen-und-hilfen\/","url":"https:\/\/news.save.ch\/depressionen-ursachen-und-hilfen\/","name":"Depression: Causes and helps - Save","isPartOf":{"@id":"https:\/\/news.save.ch\/de\/#website"},"primaryImageOfPage":{"@id":"https:\/\/news.save.ch\/depressionen-ursachen-und-hilfen\/#primaryimage"},"image":{"@id":"https:\/\/news.save.ch\/depressionen-ursachen-und-hilfen\/#primaryimage"},"thumbnailUrl":"https:\/\/news.save.ch\/wp-content\/uploads\/2018\/12\/Depositphotos_evgenyataman-scaled-1.jpg","datePublished":"2018-12-15T07:30:49+00:00","dateModified":"2023-03-14T08:05:33+00:00","description":"Depression affects more and more people - most of them take antidepressants.","breadcrumb":{"@id":"https:\/\/news.save.ch\/depressionen-ursachen-und-hilfen\/#breadcrumb"},"inLanguage":"en-US","potentialAction":[{"@type":"ReadAction","target":["https:\/\/news.save.ch\/depressionen-ursachen-und-hilfen\/"]}]},{"@type":"ImageObject","inLanguage":"en-US","@id":"https:\/\/news.save.ch\/depressionen-ursachen-und-hilfen\/#primaryimage","url":"https:\/\/news.save.ch\/wp-content\/uploads\/2018\/12\/Depositphotos_evgenyataman-scaled-1.jpg","contentUrl":"https:\/\/news.save.ch\/wp-content\/uploads\/2018\/12\/Depositphotos_evgenyataman-scaled-1.jpg","width":1200,"height":706,"caption":"Bei Depressionen helfen naturheilkundliche Massnahmen. \u00a9 Depositphotos\/evgenyataman"},{"@type":"BreadcrumbList","@id":"https:\/\/news.save.ch\/depressionen-ursachen-und-hilfen\/#breadcrumb","itemListElement":[{"@type":"ListItem","position":1,"name":"Home","item":"https:\/\/news.save.ch\/de\/"},{"@type":"ListItem","position":2,"name":"Depressionen: Ursachen und Hilfen"}]},{"@type":"WebSite","@id":"https:\/\/news.save.ch\/de\/#website","url":"https:\/\/news.save.ch\/de\/","name":"Save","description":"Swiss trade journal for safety","publisher":{"@id":"https:\/\/news.save.ch\/de\/#organization"},"potentialAction":[{"@type":"SearchAction","target":{"@type":"EntryPoint","urlTemplate":"https:\/\/news.save.ch\/de\/?s={search_term_string}"},"query-input":{"@type":"PropertyValueSpecification","valueRequired":true,"valueName":"search_term_string"}}],"inLanguage":"en-US"},{"@type":"Organization","@id":"https:\/\/news.save.ch\/de\/#organization","name":"Security Forum","url":"https:\/\/news.save.ch\/de\/","logo":{"@type":"ImageObject","inLanguage":"en-US","@id":"https:\/\/news.save.ch\/de\/#\/schema\/logo\/image\/","url":"https:\/\/news.save.ch\/wp-content\/uploads\/2022\/06\/Logo_SF_2012.png","contentUrl":"https:\/\/news.save.ch\/wp-content\/uploads\/2022\/06\/Logo_SF_2012.png","width":1100,"height":91,"caption":"Sicherheitsforum"},"image":{"@id":"https:\/\/news.save.ch\/de\/#\/schema\/logo\/image\/"}},{"@type":"Person","@id":"https:\/\/news.save.ch\/de\/#\/schema\/person\/d49e199490bad7c70d64b9ab51142f2b","name":"admin","image":{"@type":"ImageObject","inLanguage":"en-US","@id":"https:\/\/secure.gravatar.com\/avatar\/ae2f4d718e6c49043e314ce431e7e645d646302a24a5ef5a8bc8e3f5a032e319?s=96&d=mm&r=g","url":"https:\/\/secure.gravatar.com\/avatar\/ae2f4d718e6c49043e314ce431e7e645d646302a24a5ef5a8bc8e3f5a032e319?s=96&d=mm&r=g","contentUrl":"https:\/\/secure.gravatar.com\/avatar\/ae2f4d718e6c49043e314ce431e7e645d646302a24a5ef5a8bc8e3f5a032e319?s=96&d=mm&r=g","caption":"admin"},"sameAs":["https:\/\/develop.organisator.galledia.ch"],"url":"https:\/\/news.save.ch\/en\/author\/admin\/"}]}},"_links":{"self":[{"href":"https:\/\/news.save.ch\/en\/wp-json\/wp\/v2\/posts\/3641","targetHints":{"allow":["GET"]}}],"collection":[{"href":"https:\/\/news.save.ch\/en\/wp-json\/wp\/v2\/posts"}],"about":[{"href":"https:\/\/news.save.ch\/en\/wp-json\/wp\/v2\/types\/post"}],"author":[{"embeddable":true,"href":"https:\/\/news.save.ch\/en\/wp-json\/wp\/v2\/users\/1"}],"replies":[{"embeddable":true,"href":"https:\/\/news.save.ch\/en\/wp-json\/wp\/v2\/comments?post=3641"}],"version-history":[{"count":1,"href":"https:\/\/news.save.ch\/en\/wp-json\/wp\/v2\/posts\/3641\/revisions"}],"predecessor-version":[{"id":18688,"href":"https:\/\/news.save.ch\/en\/wp-json\/wp\/v2\/posts\/3641\/revisions\/18688"}],"wp:featuredmedia":[{"embeddable":true,"href":"https:\/\/news.save.ch\/en\/wp-json\/wp\/v2\/media\/3642"}],"wp:attachment":[{"href":"https:\/\/news.save.ch\/en\/wp-json\/wp\/v2\/media?parent=3641"}],"wp:term":[{"taxonomy":"category","embeddable":true,"href":"https:\/\/news.save.ch\/en\/wp-json\/wp\/v2\/categories?post=3641"},{"taxonomy":"post_tag","embeddable":true,"href":"https:\/\/news.save.ch\/en\/wp-json\/wp\/v2\/tags?post=3641"}],"curies":[{"name":"wp","href":"https:\/\/api.w.org\/{rel}","templated":true}]}}