{"id":3658,"date":"2017-01-09T12:57:50","date_gmt":"2017-01-09T11:57:50","guid":{"rendered":"https:\/\/sicherheitsforum.ch\/?p=3658"},"modified":"2017-01-09T12:57:50","modified_gmt":"2017-01-09T11:57:50","slug":"einheitliche-brandschutz-und-feuerwehrplaene","status":null,"type":"post","link":"https:\/\/news.save.ch\/en\/einheitliche-brandschutz-und-feuerwehrplaene\/","title":{"rendered":"Uniform fire protection and fire department plans"},"content":{"rendered":"<figure id=\"attachment_3660\" aria-describedby=\"caption-attachment-3660\" style=\"width: 680px\" class=\"wp-caption aligncenter\"><img loading=\"lazy\" decoding=\"async\" class=\"size-medium wp-image-3660\" src=\"https:\/\/sicherheitsforum.ch\/wp-content\/uploads\/2017\/01\/Depositphotos_feuerwehr.jpg\" alt=\"\" width=\"680\" height=\"453\" \/><figcaption id=\"caption-attachment-3660\" class=\"wp-caption-text\">\u00a9 depositphotos<\/figcaption><\/figure>\n<p>The new leaflet Association of Cantonal Fire Insurers (<a href=\"https:\/\/www.vkf.ch\/\">VKF<\/a>) specifies when, how and to what extent fire protection plans, escape and rescue route plans and fire department plans must be drawn up. The supplementary explanations regulate the requirements, necessities and areas of validity for two main building categories. The new leaflet is aimed at architects, engineers and planners as well as building owners. It includes detailed example plans and CAD tools.<\/p>\n<p><strong>Cantonal differences are a thing of the past<\/strong><\/p>\n<p>Until today, cantonal differences existed for the respective fire protection authorities, especially with regard to fire protection and fire department plans. For example, an architect's office working in several cantons had to consider differently structured plan templates across cantonal borders. From now on, architects and specialist planners can rely on a uniform basis throughout Switzerland.<\/p>\n<p><strong>Size and fire risk are the decisive factors<\/strong><\/p>\n<p>The scope and type of fire protection and fire fighting plans depend on the size, complexity and fire risk of the respective building. Most buildings are based on the specifications of the category \"simple fire protection plans\". In contrast, the category \"detailed fire protection plans\" requires additional information. At the request of the fire protection authorities, fire protection concepts must be drawn up for larger buildings. These are based on quality assurance, which became more important with the introduction of the fire protection regulations in 2015. The new fire protection leaflet provides owners and users with the necessary basis for presenting the defined fire protection measures. The sample plans and CAD aids are provided exclusively digitally on <a href=\"https:\/\/www.praever.ch\">www.praever.ch<\/a> published.<\/p>\n<p><em>Source: VKF<\/em><\/p>","protected":false},"excerpt":{"rendered":"<p>Das neue Merkblatt Vereinigung Kantonaler Feuerversicherungen (VKF) f\u00fchrt aus, wann, wie und in welchem Umfang Brandschutz-, Flucht- und Rettungswegpl\u00e4ne sowie Feuerwehrpl\u00e4ne zu erstellen sind. Die erg\u00e4nzenden Ausf\u00fchrungen regeln die Anforderungen, Notwendigkeiten sowie G\u00fcltigkeitsbereiche f\u00fcr zwei Haupt-Geb\u00e4udekategorien. Das neue Merkblatt richtet sich sowohl an Architekten, Ingenieure und Planer als auch an Bauherren. Es beinhaltet detaillierte Beispielpl\u00e4ne [&hellip;]<\/p>\n","protected":false},"author":8,"featured_media":3660,"comment_status":"open","ping_status":"open","sticky":false,"template":"","format":"standard","meta":{"_acf_changed":false,"pgc_sgb_lightbox_settings":"","footnotes":""},"categories":[1,67],"tags":[68],"class_list":["post-3658","post","type-post","status-publish","format-standard","has-post-thumbnail","hentry","category-allgemein","category-brandschutz","tag-tipps-und-tricks"],"acf":[],"hkrextid":null,"publication":null,"issue":null,"workflow":null,"startPage":null,"spitzmarke":null,"_posts_by_tag_page_fields":{"widget_title":"","widget_tags":""},"_at_widget":"1","_yoast_wpseo_primary_category":"1","_yoast_wpseo_focuskw_text_input":"VKF","_yoast_wpseo_opengraph-image":null,"_yoast_wpseo_opengraph-description":null,"_yoast_wpseo_opengraph-title":null,"enclosure":null,"_yoast_wpseo_twitter-title":null,"_yoast_wpseo_twitter-description":null,"_yoast_wpseo_twitter-image":null,"_wp_old_slug":null,"_yoast_wpseo_title":null,"_yoast_wpseo_canonical":null,"yoast_head":"<!-- This site is optimized with the Yoast SEO plugin v27.5 - https:\/\/yoast.com\/product\/yoast-seo-wordpress\/ -->\n<title>Einheitliche Brandschutz- und Feuerwehrpl\u00e4ne - Save<\/title>\n<meta name=\"description\" content=\"Die Vereinigung Kantonaler Feuerversicherungen hat ein f\u00fcr die ganze Schweiz anwendbares Brandschutzmerkblatt ver\u00f6ffentlicht.\" \/>\n<meta name=\"robots\" content=\"index, follow, max-snippet:-1, max-image-preview:large, max-video-preview:-1\" \/>\n<link rel=\"canonical\" href=\"https:\/\/news.save.ch\/en\/einheitliche-brandschutz-und-feuerwehrplaene\/\" \/>\n<meta property=\"og:locale\" content=\"en_US\" \/>\n<meta property=\"og:type\" content=\"article\" \/>\n<meta property=\"og:title\" content=\"Einheitliche Brandschutz- und Feuerwehrpl\u00e4ne - Save\" \/>\n<meta property=\"og:description\" content=\"Die Vereinigung Kantonaler Feuerversicherungen hat ein f\u00fcr die ganze Schweiz anwendbares Brandschutzmerkblatt ver\u00f6ffentlicht.\" \/>\n<meta property=\"og:url\" content=\"https:\/\/news.save.ch\/en\/einheitliche-brandschutz-und-feuerwehrplaene\/\" \/>\n<meta property=\"og:site_name\" content=\"Save\" \/>\n<meta property=\"article:published_time\" content=\"2017-01-09T11:57:50+00:00\" \/>\n<meta property=\"og:image\" content=\"https:\/\/news.save.ch\/wp-content\/uploads\/2017\/01\/Depositphotos_feuerwehr-scaled.jpg\" \/>\n\t<meta property=\"og:image:width\" content=\"1400\" \/>\n\t<meta property=\"og:image:height\" content=\"933\" \/>\n\t<meta property=\"og:image:type\" content=\"image\/jpeg\" \/>\n<meta name=\"author\" content=\"Roger Str\u00e4ssle\" \/>\n<meta name=\"twitter:card\" content=\"summary_large_image\" \/>\n<meta name=\"twitter:label1\" content=\"Written by\" \/>\n\t<meta name=\"twitter:data1\" content=\"Roger Str\u00e4ssle\" \/>\n\t<meta name=\"twitter:label2\" content=\"Est. reading time\" \/>\n\t<meta name=\"twitter:data2\" content=\"1 minute\" \/>\n<script type=\"application\/ld+json\" class=\"yoast-schema-graph\">{\"@context\":\"https:\\\/\\\/schema.org\",\"@graph\":[{\"@type\":\"Article\",\"@id\":\"https:\\\/\\\/news.save.ch\\\/einheitliche-brandschutz-und-feuerwehrplaene\\\/#article\",\"isPartOf\":{\"@id\":\"https:\\\/\\\/news.save.ch\\\/einheitliche-brandschutz-und-feuerwehrplaene\\\/\"},\"author\":{\"name\":\"Roger Str\u00e4ssle\",\"@id\":\"https:\\\/\\\/news.save.ch\\\/de\\\/#\\\/schema\\\/person\\\/d5022db048e0e2b9785c50e5b24da5aa\"},\"headline\":\"Einheitliche Brandschutz- und Feuerwehrpl\u00e4ne\",\"datePublished\":\"2017-01-09T11:57:50+00:00\",\"mainEntityOfPage\":{\"@id\":\"https:\\\/\\\/news.save.ch\\\/einheitliche-brandschutz-und-feuerwehrplaene\\\/\"},\"wordCount\":252,\"commentCount\":0,\"publisher\":{\"@id\":\"https:\\\/\\\/news.save.ch\\\/de\\\/#organization\"},\"image\":{\"@id\":\"https:\\\/\\\/news.save.ch\\\/einheitliche-brandschutz-und-feuerwehrplaene\\\/#primaryimage\"},\"thumbnailUrl\":\"https:\\\/\\\/news.save.ch\\\/wp-content\\\/uploads\\\/2017\\\/01\\\/Depositphotos_feuerwehr-scaled.jpg\",\"keywords\":[\"Tipps und Tricks\"],\"articleSection\":[\"ALLGEMEIN\",\"BRANDSCHUTZ\"],\"inLanguage\":\"en-US\"},{\"@type\":\"WebPage\",\"@id\":\"https:\\\/\\\/news.save.ch\\\/einheitliche-brandschutz-und-feuerwehrplaene\\\/\",\"url\":\"https:\\\/\\\/news.save.ch\\\/einheitliche-brandschutz-und-feuerwehrplaene\\\/\",\"name\":\"Einheitliche Brandschutz- und Feuerwehrpl\u00e4ne - Save\",\"isPartOf\":{\"@id\":\"https:\\\/\\\/news.save.ch\\\/de\\\/#website\"},\"primaryImageOfPage\":{\"@id\":\"https:\\\/\\\/news.save.ch\\\/einheitliche-brandschutz-und-feuerwehrplaene\\\/#primaryimage\"},\"image\":{\"@id\":\"https:\\\/\\\/news.save.ch\\\/einheitliche-brandschutz-und-feuerwehrplaene\\\/#primaryimage\"},\"thumbnailUrl\":\"https:\\\/\\\/news.save.ch\\\/wp-content\\\/uploads\\\/2017\\\/01\\\/Depositphotos_feuerwehr-scaled.jpg\",\"datePublished\":\"2017-01-09T11:57:50+00:00\",\"description\":\"Die Vereinigung Kantonaler Feuerversicherungen hat ein f\u00fcr die ganze Schweiz anwendbares Brandschutzmerkblatt ver\u00f6ffentlicht.\",\"breadcrumb\":{\"@id\":\"https:\\\/\\\/news.save.ch\\\/einheitliche-brandschutz-und-feuerwehrplaene\\\/#breadcrumb\"},\"inLanguage\":\"en-US\",\"potentialAction\":[{\"@type\":\"ReadAction\",\"target\":[\"https:\\\/\\\/news.save.ch\\\/einheitliche-brandschutz-und-feuerwehrplaene\\\/\"]}]},{\"@type\":\"ImageObject\",\"inLanguage\":\"en-US\",\"@id\":\"https:\\\/\\\/news.save.ch\\\/einheitliche-brandschutz-und-feuerwehrplaene\\\/#primaryimage\",\"url\":\"https:\\\/\\\/news.save.ch\\\/wp-content\\\/uploads\\\/2017\\\/01\\\/Depositphotos_feuerwehr-scaled.jpg\",\"contentUrl\":\"https:\\\/\\\/news.save.ch\\\/wp-content\\\/uploads\\\/2017\\\/01\\\/Depositphotos_feuerwehr-scaled.jpg\",\"width\":1400,\"height\":933,\"caption\":\"\u00a9 depositphotos\"},{\"@type\":\"BreadcrumbList\",\"@id\":\"https:\\\/\\\/news.save.ch\\\/einheitliche-brandschutz-und-feuerwehrplaene\\\/#breadcrumb\",\"itemListElement\":[{\"@type\":\"ListItem\",\"position\":1,\"name\":\"Home\",\"item\":\"https:\\\/\\\/news.save.ch\\\/de\\\/\"},{\"@type\":\"ListItem\",\"position\":2,\"name\":\"Einheitliche Brandschutz- und Feuerwehrpl\u00e4ne\"}]},{\"@type\":\"WebSite\",\"@id\":\"https:\\\/\\\/news.save.ch\\\/de\\\/#website\",\"url\":\"https:\\\/\\\/news.save.ch\\\/de\\\/\",\"name\":\"Save\",\"description\":\"Schweizer Fachzeitschrift f\u00fcr Sicherheit\",\"publisher\":{\"@id\":\"https:\\\/\\\/news.save.ch\\\/de\\\/#organization\"},\"potentialAction\":[{\"@type\":\"SearchAction\",\"target\":{\"@type\":\"EntryPoint\",\"urlTemplate\":\"https:\\\/\\\/news.save.ch\\\/de\\\/?s={search_term_string}\"},\"query-input\":{\"@type\":\"PropertyValueSpecification\",\"valueRequired\":true,\"valueName\":\"search_term_string\"}}],\"inLanguage\":\"en-US\"},{\"@type\":\"Organization\",\"@id\":\"https:\\\/\\\/news.save.ch\\\/de\\\/#organization\",\"name\":\"Sicherheitsforum\",\"url\":\"https:\\\/\\\/news.save.ch\\\/de\\\/\",\"logo\":{\"@type\":\"ImageObject\",\"inLanguage\":\"en-US\",\"@id\":\"https:\\\/\\\/news.save.ch\\\/de\\\/#\\\/schema\\\/logo\\\/image\\\/\",\"url\":\"https:\\\/\\\/news.save.ch\\\/wp-content\\\/uploads\\\/2022\\\/06\\\/Logo_SF_2012.png\",\"contentUrl\":\"https:\\\/\\\/news.save.ch\\\/wp-content\\\/uploads\\\/2022\\\/06\\\/Logo_SF_2012.png\",\"width\":1100,\"height\":91,\"caption\":\"Sicherheitsforum\"},\"image\":{\"@id\":\"https:\\\/\\\/news.save.ch\\\/de\\\/#\\\/schema\\\/logo\\\/image\\\/\"}},{\"@type\":\"Person\",\"@id\":\"https:\\\/\\\/news.save.ch\\\/de\\\/#\\\/schema\\\/person\\\/d5022db048e0e2b9785c50e5b24da5aa\",\"name\":\"Roger Str\u00e4ssle\",\"image\":{\"@type\":\"ImageObject\",\"inLanguage\":\"en-US\",\"@id\":\"https:\\\/\\\/secure.gravatar.com\\\/avatar\\\/862a5569d087de48e5856e32f45d719a03804c891d6deb8d4f71a660e79e4a47?s=96&d=mm&r=g\",\"url\":\"https:\\\/\\\/secure.gravatar.com\\\/avatar\\\/862a5569d087de48e5856e32f45d719a03804c891d6deb8d4f71a660e79e4a47?s=96&d=mm&r=g\",\"contentUrl\":\"https:\\\/\\\/secure.gravatar.com\\\/avatar\\\/862a5569d087de48e5856e32f45d719a03804c891d6deb8d4f71a660e79e4a47?s=96&d=mm&r=g\",\"caption\":\"Roger Str\u00e4ssle\"},\"url\":\"https:\\\/\\\/news.save.ch\\\/en\\\/author\\\/roger-straessle\\\/\"}]}<\/script>\n<!-- \/ Yoast SEO plugin. -->","yoast_head_json":{"title":"Uniform fire protection and fire department plans - Save","description":"The Association of Cantonal Fire Insurers has published a fire protection leaflet applicable to the whole of Switzerland.","robots":{"index":"index","follow":"follow","max-snippet":"max-snippet:-1","max-image-preview":"max-image-preview:large","max-video-preview":"max-video-preview:-1"},"canonical":"https:\/\/news.save.ch\/en\/einheitliche-brandschutz-und-feuerwehrplaene\/","og_locale":"en_US","og_type":"article","og_title":"Einheitliche Brandschutz- und Feuerwehrpl\u00e4ne - Save","og_description":"Die Vereinigung Kantonaler Feuerversicherungen hat ein f\u00fcr die ganze Schweiz anwendbares Brandschutzmerkblatt ver\u00f6ffentlicht.","og_url":"https:\/\/news.save.ch\/en\/einheitliche-brandschutz-und-feuerwehrplaene\/","og_site_name":"Save","article_published_time":"2017-01-09T11:57:50+00:00","og_image":[{"width":1400,"height":933,"url":"https:\/\/news.save.ch\/wp-content\/uploads\/2017\/01\/Depositphotos_feuerwehr-scaled.jpg","type":"image\/jpeg"}],"author":"Roger Str\u00e4ssle","twitter_card":"summary_large_image","twitter_misc":{"Written by":"Roger Str\u00e4ssle","Est. reading time":"1 minute"},"schema":{"@context":"https:\/\/schema.org","@graph":[{"@type":"Article","@id":"https:\/\/news.save.ch\/einheitliche-brandschutz-und-feuerwehrplaene\/#article","isPartOf":{"@id":"https:\/\/news.save.ch\/einheitliche-brandschutz-und-feuerwehrplaene\/"},"author":{"name":"Roger Str\u00e4ssle","@id":"https:\/\/news.save.ch\/de\/#\/schema\/person\/d5022db048e0e2b9785c50e5b24da5aa"},"headline":"Einheitliche Brandschutz- und Feuerwehrpl\u00e4ne","datePublished":"2017-01-09T11:57:50+00:00","mainEntityOfPage":{"@id":"https:\/\/news.save.ch\/einheitliche-brandschutz-und-feuerwehrplaene\/"},"wordCount":252,"commentCount":0,"publisher":{"@id":"https:\/\/news.save.ch\/de\/#organization"},"image":{"@id":"https:\/\/news.save.ch\/einheitliche-brandschutz-und-feuerwehrplaene\/#primaryimage"},"thumbnailUrl":"https:\/\/news.save.ch\/wp-content\/uploads\/2017\/01\/Depositphotos_feuerwehr-scaled.jpg","keywords":["Tipps und Tricks"],"articleSection":["ALLGEMEIN","BRANDSCHUTZ"],"inLanguage":"en-US"},{"@type":"WebPage","@id":"https:\/\/news.save.ch\/einheitliche-brandschutz-und-feuerwehrplaene\/","url":"https:\/\/news.save.ch\/einheitliche-brandschutz-und-feuerwehrplaene\/","name":"Uniform fire protection and fire department plans - Save","isPartOf":{"@id":"https:\/\/news.save.ch\/de\/#website"},"primaryImageOfPage":{"@id":"https:\/\/news.save.ch\/einheitliche-brandschutz-und-feuerwehrplaene\/#primaryimage"},"image":{"@id":"https:\/\/news.save.ch\/einheitliche-brandschutz-und-feuerwehrplaene\/#primaryimage"},"thumbnailUrl":"https:\/\/news.save.ch\/wp-content\/uploads\/2017\/01\/Depositphotos_feuerwehr-scaled.jpg","datePublished":"2017-01-09T11:57:50+00:00","description":"The Association of Cantonal Fire Insurers has published a fire protection leaflet applicable to the whole of Switzerland.","breadcrumb":{"@id":"https:\/\/news.save.ch\/einheitliche-brandschutz-und-feuerwehrplaene\/#breadcrumb"},"inLanguage":"en-US","potentialAction":[{"@type":"ReadAction","target":["https:\/\/news.save.ch\/einheitliche-brandschutz-und-feuerwehrplaene\/"]}]},{"@type":"ImageObject","inLanguage":"en-US","@id":"https:\/\/news.save.ch\/einheitliche-brandschutz-und-feuerwehrplaene\/#primaryimage","url":"https:\/\/news.save.ch\/wp-content\/uploads\/2017\/01\/Depositphotos_feuerwehr-scaled.jpg","contentUrl":"https:\/\/news.save.ch\/wp-content\/uploads\/2017\/01\/Depositphotos_feuerwehr-scaled.jpg","width":1400,"height":933,"caption":"\u00a9 depositphotos"},{"@type":"BreadcrumbList","@id":"https:\/\/news.save.ch\/einheitliche-brandschutz-und-feuerwehrplaene\/#breadcrumb","itemListElement":[{"@type":"ListItem","position":1,"name":"Home","item":"https:\/\/news.save.ch\/de\/"},{"@type":"ListItem","position":2,"name":"Einheitliche Brandschutz- und Feuerwehrpl\u00e4ne"}]},{"@type":"WebSite","@id":"https:\/\/news.save.ch\/de\/#website","url":"https:\/\/news.save.ch\/de\/","name":"Save","description":"Swiss trade journal for safety","publisher":{"@id":"https:\/\/news.save.ch\/de\/#organization"},"potentialAction":[{"@type":"SearchAction","target":{"@type":"EntryPoint","urlTemplate":"https:\/\/news.save.ch\/de\/?s={search_term_string}"},"query-input":{"@type":"PropertyValueSpecification","valueRequired":true,"valueName":"search_term_string"}}],"inLanguage":"en-US"},{"@type":"Organization","@id":"https:\/\/news.save.ch\/de\/#organization","name":"Security Forum","url":"https:\/\/news.save.ch\/de\/","logo":{"@type":"ImageObject","inLanguage":"en-US","@id":"https:\/\/news.save.ch\/de\/#\/schema\/logo\/image\/","url":"https:\/\/news.save.ch\/wp-content\/uploads\/2022\/06\/Logo_SF_2012.png","contentUrl":"https:\/\/news.save.ch\/wp-content\/uploads\/2022\/06\/Logo_SF_2012.png","width":1100,"height":91,"caption":"Sicherheitsforum"},"image":{"@id":"https:\/\/news.save.ch\/de\/#\/schema\/logo\/image\/"}},{"@type":"Person","@id":"https:\/\/news.save.ch\/de\/#\/schema\/person\/d5022db048e0e2b9785c50e5b24da5aa","name":"Roger Str\u00e4ssle","image":{"@type":"ImageObject","inLanguage":"en-US","@id":"https:\/\/secure.gravatar.com\/avatar\/862a5569d087de48e5856e32f45d719a03804c891d6deb8d4f71a660e79e4a47?s=96&d=mm&r=g","url":"https:\/\/secure.gravatar.com\/avatar\/862a5569d087de48e5856e32f45d719a03804c891d6deb8d4f71a660e79e4a47?s=96&d=mm&r=g","contentUrl":"https:\/\/secure.gravatar.com\/avatar\/862a5569d087de48e5856e32f45d719a03804c891d6deb8d4f71a660e79e4a47?s=96&d=mm&r=g","caption":"Roger Str\u00e4ssle"},"url":"https:\/\/news.save.ch\/en\/author\/roger-straessle\/"}]}},"_links":{"self":[{"href":"https:\/\/news.save.ch\/en\/wp-json\/wp\/v2\/posts\/3658","targetHints":{"allow":["GET"]}}],"collection":[{"href":"https:\/\/news.save.ch\/en\/wp-json\/wp\/v2\/posts"}],"about":[{"href":"https:\/\/news.save.ch\/en\/wp-json\/wp\/v2\/types\/post"}],"author":[{"embeddable":true,"href":"https:\/\/news.save.ch\/en\/wp-json\/wp\/v2\/users\/8"}],"replies":[{"embeddable":true,"href":"https:\/\/news.save.ch\/en\/wp-json\/wp\/v2\/comments?post=3658"}],"version-history":[{"count":0,"href":"https:\/\/news.save.ch\/en\/wp-json\/wp\/v2\/posts\/3658\/revisions"}],"wp:featuredmedia":[{"embeddable":true,"href":"https:\/\/news.save.ch\/en\/wp-json\/wp\/v2\/media\/3660"}],"wp:attachment":[{"href":"https:\/\/news.save.ch\/en\/wp-json\/wp\/v2\/media?parent=3658"}],"wp:term":[{"taxonomy":"category","embeddable":true,"href":"https:\/\/news.save.ch\/en\/wp-json\/wp\/v2\/categories?post=3658"},{"taxonomy":"post_tag","embeddable":true,"href":"https:\/\/news.save.ch\/en\/wp-json\/wp\/v2\/tags?post=3658"}],"curies":[{"name":"wp","href":"https:\/\/api.w.org\/{rel}","templated":true}]}}