{"id":3670,"date":"2017-01-11T14:59:20","date_gmt":"2017-01-11T13:59:20","guid":{"rendered":"https:\/\/sicherheitsforum.ch\/?p=3670"},"modified":"2023-03-14T08:57:08","modified_gmt":"2023-03-14T07:57:08","slug":"windows-10-wird-datenschutzkonform","status":null,"type":"post","link":"https:\/\/news.save.ch\/en\/windows-10-wird-datenschutzkonform\/","title":{"rendered":"Windows 10 becomes privacy compliant"},"content":{"rendered":"<figure id=\"attachment_3671\" aria-describedby=\"caption-attachment-3671\" style=\"width: 680px\" class=\"wp-caption aligncenter\"><img loading=\"lazy\" decoding=\"async\" class=\"size-medium wp-image-3671\" src=\"https:\/\/news.save.ch\/wp-content\/uploads\/2017\/01\/Depositphotos_81382876_m-2015.jpg\" alt=\"\" width=\"680\" height=\"550\" srcset=\"https:\/\/news.save.ch\/wp-content\/uploads\/2017\/01\/Depositphotos_81382876_m-2015.jpg 999w, https:\/\/news.save.ch\/wp-content\/uploads\/2017\/01\/Depositphotos_81382876_m-2015-371x300.jpg 371w\" sizes=\"auto, (max-width: 680px) 100vw, 680px\" \/><figcaption id=\"caption-attachment-3671\" class=\"wp-caption-text\">\u00a9 depositphotos<\/figcaption><\/figure>\n<p>&nbsp;<\/p>\n<p>The clarifications of the <a href=\"https:\/\/www.edoeb.admin.ch\/index.html?lang=de\">Federal Data Protection and Information Commissioner (FDPIC)<\/a> had shown that data processing in the context of Windows 10 does not conform to data protection requirements in all aspects. For example, the page structure and the content of the \"Get started quickly\" and \"Customize settings\" pages only met the requirements for transparent information to a limited extent. From a content point of view, information on the storage period of the transmitted data, the content of browser data and the content of feedback and diagnostic data was missing, as the FDPIC writes. In addition, it was cumbersome for users to look up further information, e.g. from the relevant passages of the privacy policy, for the individual data processing operations.<\/p>\n<p><strong>\u00a0<\/strong><strong>Microsoft has made proposals<\/strong><\/p>\n<p>Microsoft subsequently submitted proposals to the FDPIC to remedy these and other deficiencies, which the FDPIC reviewed and supplemented. With the adjustments that have now been made, the information on data processing would be made more precise. In addition, the new settings page during the installation process would clearly inform users that they had to specify and consent to the data processing and transfer.<\/p>\n<p>The technical implementation of the adjustments will take place worldwide via the two software releases of Windows 10 planned for 2017.<\/p>\n<p>Regardless of the adjustment of the future installation process, Windows 10 users will always have the option to adjust data processing and transfers in the system settings, the FDPIC further writes.<\/p>\n<p><strong>Considered a benchmark for other companies<\/strong><\/p>\n<p>The solution reached with Microsoft, in particular the direct link to the relevant passages of the privacy policy and the options, is considered to be the minimum standard for applications and services of other companies. In future clarifications, the data processing to be reviewed will be measured against the solution achieved, according to the FDPIC.<\/p>\n<p>You can find a preview of the new settings page in Windows 10 on the\u00a0<a href=\"https:\/\/blogs.windows.com\/windowsexperience\/2017\/01\/10\/continuing-commitment-privacy-windows-10\/#blkLPqgeF2X9Hviy.97\">Microsoft blog<\/a>.<\/p>\n<p>&nbsp;<\/p>","protected":false},"excerpt":{"rendered":"<p>&nbsp; Die Abkl\u00e4rungen des Eidgen\u00f6ssischen Datenschutz- und \u00d6ffentlichkeitsbeauftragten (ED\u00d6B) hatten gezeigt, dass die Datenbearbeitung im Rahmen von Windows 10 nicht in allen Aspekten datenschutzkonform verl\u00e4uft. So gen\u00fcgten der Seitenaufbau und der Inhalt der Seiten \u201eSchnell einsteigen&#8220; und \u201eEinstellungen anpassen&#8220; nur beschr\u00e4nkt den Anforderungen an eine transparente Information. Aus inhaltlicher Sicht fehlten Informationen zur Speicherdauer der [&hellip;]<\/p>\n","protected":false},"author":8,"featured_media":3671,"comment_status":"open","ping_status":"open","sticky":false,"template":"","format":"standard","meta":{"_acf_changed":false,"pgc_sgb_lightbox_settings":"","footnotes":""},"categories":[3313],"tags":[118],"class_list":["post-3670","post","type-post","status-publish","format-standard","has-post-thumbnail","hentry","category-digitalisierung","tag-datenschutz"],"acf":[],"hkrextid":null,"publication":null,"issue":null,"workflow":null,"startPage":null,"spitzmarke":null,"_posts_by_tag_page_fields":{"widget_title":"","widget_tags":""},"_at_widget":"1","_yoast_wpseo_primary_category":"2","_yoast_wpseo_focuskw_text_input":"Windows 10","_yoast_wpseo_opengraph-image":null,"_yoast_wpseo_opengraph-description":null,"_yoast_wpseo_opengraph-title":null,"enclosure":null,"_yoast_wpseo_twitter-title":null,"_yoast_wpseo_twitter-description":null,"_yoast_wpseo_twitter-image":null,"_wp_old_slug":null,"_yoast_wpseo_title":null,"_yoast_wpseo_canonical":null,"yoast_head":"<!-- This site is optimized with the Yoast SEO plugin v27.5 - https:\/\/yoast.com\/product\/yoast-seo-wordpress\/ -->\n<title>Windows 10 wird datenschutzkonform - Save<\/title>\n<meta name=\"description\" content=\"Microsoft verbessert nach einer Intervention des Eidgen\u00f6ssischen Datensch\u00fctzers Windows 10; es wird datenschutzkonform.\" \/>\n<meta name=\"robots\" content=\"index, follow, max-snippet:-1, max-image-preview:large, max-video-preview:-1\" \/>\n<link rel=\"canonical\" href=\"https:\/\/news.save.ch\/en\/windows-10-wird-datenschutzkonform\/\" \/>\n<meta property=\"og:locale\" content=\"en_US\" \/>\n<meta property=\"og:type\" content=\"article\" \/>\n<meta property=\"og:title\" content=\"Windows 10 wird datenschutzkonform - Save\" \/>\n<meta property=\"og:description\" content=\"Microsoft verbessert nach einer Intervention des Eidgen\u00f6ssischen Datensch\u00fctzers Windows 10; es wird datenschutzkonform.\" \/>\n<meta property=\"og:url\" content=\"https:\/\/news.save.ch\/en\/windows-10-wird-datenschutzkonform\/\" \/>\n<meta property=\"og:site_name\" content=\"Save\" \/>\n<meta property=\"article:published_time\" content=\"2017-01-11T13:59:20+00:00\" \/>\n<meta property=\"article:modified_time\" content=\"2023-03-14T07:57:08+00:00\" \/>\n<meta property=\"og:image\" content=\"https:\/\/news.save.ch\/wp-content\/uploads\/2017\/01\/Depositphotos_81382876_m-2015.jpg\" \/>\n\t<meta property=\"og:image:width\" content=\"999\" \/>\n\t<meta property=\"og:image:height\" content=\"808\" \/>\n\t<meta property=\"og:image:type\" content=\"image\/jpeg\" \/>\n<meta name=\"author\" content=\"Roger Str\u00e4ssle\" \/>\n<meta name=\"twitter:card\" content=\"summary_large_image\" \/>\n<meta name=\"twitter:label1\" content=\"Written by\" \/>\n\t<meta name=\"twitter:data1\" content=\"Roger Str\u00e4ssle\" \/>\n\t<meta name=\"twitter:label2\" content=\"Est. reading time\" \/>\n\t<meta name=\"twitter:data2\" content=\"2 minutes\" \/>\n<script type=\"application\/ld+json\" class=\"yoast-schema-graph\">{\"@context\":\"https:\\\/\\\/schema.org\",\"@graph\":[{\"@type\":\"Article\",\"@id\":\"https:\\\/\\\/news.save.ch\\\/windows-10-wird-datenschutzkonform\\\/#article\",\"isPartOf\":{\"@id\":\"https:\\\/\\\/news.save.ch\\\/windows-10-wird-datenschutzkonform\\\/\"},\"author\":{\"name\":\"Roger Str\u00e4ssle\",\"@id\":\"https:\\\/\\\/news.save.ch\\\/de\\\/#\\\/schema\\\/person\\\/d5022db048e0e2b9785c50e5b24da5aa\"},\"headline\":\"Windows 10 wird datenschutzkonform\",\"datePublished\":\"2017-01-11T13:59:20+00:00\",\"dateModified\":\"2023-03-14T07:57:08+00:00\",\"mainEntityOfPage\":{\"@id\":\"https:\\\/\\\/news.save.ch\\\/windows-10-wird-datenschutzkonform\\\/\"},\"wordCount\":315,\"commentCount\":0,\"publisher\":{\"@id\":\"https:\\\/\\\/news.save.ch\\\/de\\\/#organization\"},\"image\":{\"@id\":\"https:\\\/\\\/news.save.ch\\\/windows-10-wird-datenschutzkonform\\\/#primaryimage\"},\"thumbnailUrl\":\"https:\\\/\\\/news.save.ch\\\/wp-content\\\/uploads\\\/2017\\\/01\\\/Depositphotos_81382876_m-2015.jpg\",\"keywords\":[\"Datenschutz\"],\"articleSection\":[\"DIGITALISIERUNG\"],\"inLanguage\":\"en-US\"},{\"@type\":\"WebPage\",\"@id\":\"https:\\\/\\\/news.save.ch\\\/windows-10-wird-datenschutzkonform\\\/\",\"url\":\"https:\\\/\\\/news.save.ch\\\/windows-10-wird-datenschutzkonform\\\/\",\"name\":\"Windows 10 wird datenschutzkonform - Save\",\"isPartOf\":{\"@id\":\"https:\\\/\\\/news.save.ch\\\/de\\\/#website\"},\"primaryImageOfPage\":{\"@id\":\"https:\\\/\\\/news.save.ch\\\/windows-10-wird-datenschutzkonform\\\/#primaryimage\"},\"image\":{\"@id\":\"https:\\\/\\\/news.save.ch\\\/windows-10-wird-datenschutzkonform\\\/#primaryimage\"},\"thumbnailUrl\":\"https:\\\/\\\/news.save.ch\\\/wp-content\\\/uploads\\\/2017\\\/01\\\/Depositphotos_81382876_m-2015.jpg\",\"datePublished\":\"2017-01-11T13:59:20+00:00\",\"dateModified\":\"2023-03-14T07:57:08+00:00\",\"description\":\"Microsoft verbessert nach einer Intervention des Eidgen\u00f6ssischen Datensch\u00fctzers Windows 10; es wird datenschutzkonform.\",\"breadcrumb\":{\"@id\":\"https:\\\/\\\/news.save.ch\\\/windows-10-wird-datenschutzkonform\\\/#breadcrumb\"},\"inLanguage\":\"en-US\",\"potentialAction\":[{\"@type\":\"ReadAction\",\"target\":[\"https:\\\/\\\/news.save.ch\\\/windows-10-wird-datenschutzkonform\\\/\"]}]},{\"@type\":\"ImageObject\",\"inLanguage\":\"en-US\",\"@id\":\"https:\\\/\\\/news.save.ch\\\/windows-10-wird-datenschutzkonform\\\/#primaryimage\",\"url\":\"https:\\\/\\\/news.save.ch\\\/wp-content\\\/uploads\\\/2017\\\/01\\\/Depositphotos_81382876_m-2015.jpg\",\"contentUrl\":\"https:\\\/\\\/news.save.ch\\\/wp-content\\\/uploads\\\/2017\\\/01\\\/Depositphotos_81382876_m-2015.jpg\",\"width\":999,\"height\":808,\"caption\":\"\u00a9 depositphotos\"},{\"@type\":\"BreadcrumbList\",\"@id\":\"https:\\\/\\\/news.save.ch\\\/windows-10-wird-datenschutzkonform\\\/#breadcrumb\",\"itemListElement\":[{\"@type\":\"ListItem\",\"position\":1,\"name\":\"Home\",\"item\":\"https:\\\/\\\/news.save.ch\\\/de\\\/\"},{\"@type\":\"ListItem\",\"position\":2,\"name\":\"Windows 10 wird datenschutzkonform\"}]},{\"@type\":\"WebSite\",\"@id\":\"https:\\\/\\\/news.save.ch\\\/de\\\/#website\",\"url\":\"https:\\\/\\\/news.save.ch\\\/de\\\/\",\"name\":\"Save\",\"description\":\"Schweizer Fachzeitschrift f\u00fcr Sicherheit\",\"publisher\":{\"@id\":\"https:\\\/\\\/news.save.ch\\\/de\\\/#organization\"},\"potentialAction\":[{\"@type\":\"SearchAction\",\"target\":{\"@type\":\"EntryPoint\",\"urlTemplate\":\"https:\\\/\\\/news.save.ch\\\/de\\\/?s={search_term_string}\"},\"query-input\":{\"@type\":\"PropertyValueSpecification\",\"valueRequired\":true,\"valueName\":\"search_term_string\"}}],\"inLanguage\":\"en-US\"},{\"@type\":\"Organization\",\"@id\":\"https:\\\/\\\/news.save.ch\\\/de\\\/#organization\",\"name\":\"Sicherheitsforum\",\"url\":\"https:\\\/\\\/news.save.ch\\\/de\\\/\",\"logo\":{\"@type\":\"ImageObject\",\"inLanguage\":\"en-US\",\"@id\":\"https:\\\/\\\/news.save.ch\\\/de\\\/#\\\/schema\\\/logo\\\/image\\\/\",\"url\":\"https:\\\/\\\/news.save.ch\\\/wp-content\\\/uploads\\\/2022\\\/06\\\/Logo_SF_2012.png\",\"contentUrl\":\"https:\\\/\\\/news.save.ch\\\/wp-content\\\/uploads\\\/2022\\\/06\\\/Logo_SF_2012.png\",\"width\":1100,\"height\":91,\"caption\":\"Sicherheitsforum\"},\"image\":{\"@id\":\"https:\\\/\\\/news.save.ch\\\/de\\\/#\\\/schema\\\/logo\\\/image\\\/\"}},{\"@type\":\"Person\",\"@id\":\"https:\\\/\\\/news.save.ch\\\/de\\\/#\\\/schema\\\/person\\\/d5022db048e0e2b9785c50e5b24da5aa\",\"name\":\"Roger Str\u00e4ssle\",\"image\":{\"@type\":\"ImageObject\",\"inLanguage\":\"en-US\",\"@id\":\"https:\\\/\\\/secure.gravatar.com\\\/avatar\\\/862a5569d087de48e5856e32f45d719a03804c891d6deb8d4f71a660e79e4a47?s=96&d=mm&r=g\",\"url\":\"https:\\\/\\\/secure.gravatar.com\\\/avatar\\\/862a5569d087de48e5856e32f45d719a03804c891d6deb8d4f71a660e79e4a47?s=96&d=mm&r=g\",\"contentUrl\":\"https:\\\/\\\/secure.gravatar.com\\\/avatar\\\/862a5569d087de48e5856e32f45d719a03804c891d6deb8d4f71a660e79e4a47?s=96&d=mm&r=g\",\"caption\":\"Roger Str\u00e4ssle\"},\"url\":\"https:\\\/\\\/news.save.ch\\\/en\\\/author\\\/roger-straessle\\\/\"}]}<\/script>\n<!-- \/ Yoast SEO plugin. -->","yoast_head_json":{"title":"Windows 10 becomes privacy compliant - Save","description":"Microsoft improves Windows 10 after an intervention by the Swiss Federal Data Protection Commissioner; it becomes privacy-compliant.","robots":{"index":"index","follow":"follow","max-snippet":"max-snippet:-1","max-image-preview":"max-image-preview:large","max-video-preview":"max-video-preview:-1"},"canonical":"https:\/\/news.save.ch\/en\/windows-10-wird-datenschutzkonform\/","og_locale":"en_US","og_type":"article","og_title":"Windows 10 wird datenschutzkonform - Save","og_description":"Microsoft verbessert nach einer Intervention des Eidgen\u00f6ssischen Datensch\u00fctzers Windows 10; es wird datenschutzkonform.","og_url":"https:\/\/news.save.ch\/en\/windows-10-wird-datenschutzkonform\/","og_site_name":"Save","article_published_time":"2017-01-11T13:59:20+00:00","article_modified_time":"2023-03-14T07:57:08+00:00","og_image":[{"width":999,"height":808,"url":"https:\/\/news.save.ch\/wp-content\/uploads\/2017\/01\/Depositphotos_81382876_m-2015.jpg","type":"image\/jpeg"}],"author":"Roger Str\u00e4ssle","twitter_card":"summary_large_image","twitter_misc":{"Written by":"Roger Str\u00e4ssle","Est. reading time":"2 minutes"},"schema":{"@context":"https:\/\/schema.org","@graph":[{"@type":"Article","@id":"https:\/\/news.save.ch\/windows-10-wird-datenschutzkonform\/#article","isPartOf":{"@id":"https:\/\/news.save.ch\/windows-10-wird-datenschutzkonform\/"},"author":{"name":"Roger Str\u00e4ssle","@id":"https:\/\/news.save.ch\/de\/#\/schema\/person\/d5022db048e0e2b9785c50e5b24da5aa"},"headline":"Windows 10 wird datenschutzkonform","datePublished":"2017-01-11T13:59:20+00:00","dateModified":"2023-03-14T07:57:08+00:00","mainEntityOfPage":{"@id":"https:\/\/news.save.ch\/windows-10-wird-datenschutzkonform\/"},"wordCount":315,"commentCount":0,"publisher":{"@id":"https:\/\/news.save.ch\/de\/#organization"},"image":{"@id":"https:\/\/news.save.ch\/windows-10-wird-datenschutzkonform\/#primaryimage"},"thumbnailUrl":"https:\/\/news.save.ch\/wp-content\/uploads\/2017\/01\/Depositphotos_81382876_m-2015.jpg","keywords":["Datenschutz"],"articleSection":["DIGITALISIERUNG"],"inLanguage":"en-US"},{"@type":"WebPage","@id":"https:\/\/news.save.ch\/windows-10-wird-datenschutzkonform\/","url":"https:\/\/news.save.ch\/windows-10-wird-datenschutzkonform\/","name":"Windows 10 becomes privacy compliant - Save","isPartOf":{"@id":"https:\/\/news.save.ch\/de\/#website"},"primaryImageOfPage":{"@id":"https:\/\/news.save.ch\/windows-10-wird-datenschutzkonform\/#primaryimage"},"image":{"@id":"https:\/\/news.save.ch\/windows-10-wird-datenschutzkonform\/#primaryimage"},"thumbnailUrl":"https:\/\/news.save.ch\/wp-content\/uploads\/2017\/01\/Depositphotos_81382876_m-2015.jpg","datePublished":"2017-01-11T13:59:20+00:00","dateModified":"2023-03-14T07:57:08+00:00","description":"Microsoft improves Windows 10 after an intervention by the Swiss Federal Data Protection Commissioner; it becomes privacy-compliant.","breadcrumb":{"@id":"https:\/\/news.save.ch\/windows-10-wird-datenschutzkonform\/#breadcrumb"},"inLanguage":"en-US","potentialAction":[{"@type":"ReadAction","target":["https:\/\/news.save.ch\/windows-10-wird-datenschutzkonform\/"]}]},{"@type":"ImageObject","inLanguage":"en-US","@id":"https:\/\/news.save.ch\/windows-10-wird-datenschutzkonform\/#primaryimage","url":"https:\/\/news.save.ch\/wp-content\/uploads\/2017\/01\/Depositphotos_81382876_m-2015.jpg","contentUrl":"https:\/\/news.save.ch\/wp-content\/uploads\/2017\/01\/Depositphotos_81382876_m-2015.jpg","width":999,"height":808,"caption":"\u00a9 depositphotos"},{"@type":"BreadcrumbList","@id":"https:\/\/news.save.ch\/windows-10-wird-datenschutzkonform\/#breadcrumb","itemListElement":[{"@type":"ListItem","position":1,"name":"Home","item":"https:\/\/news.save.ch\/de\/"},{"@type":"ListItem","position":2,"name":"Windows 10 wird datenschutzkonform"}]},{"@type":"WebSite","@id":"https:\/\/news.save.ch\/de\/#website","url":"https:\/\/news.save.ch\/de\/","name":"Save","description":"Swiss trade journal for safety","publisher":{"@id":"https:\/\/news.save.ch\/de\/#organization"},"potentialAction":[{"@type":"SearchAction","target":{"@type":"EntryPoint","urlTemplate":"https:\/\/news.save.ch\/de\/?s={search_term_string}"},"query-input":{"@type":"PropertyValueSpecification","valueRequired":true,"valueName":"search_term_string"}}],"inLanguage":"en-US"},{"@type":"Organization","@id":"https:\/\/news.save.ch\/de\/#organization","name":"Security Forum","url":"https:\/\/news.save.ch\/de\/","logo":{"@type":"ImageObject","inLanguage":"en-US","@id":"https:\/\/news.save.ch\/de\/#\/schema\/logo\/image\/","url":"https:\/\/news.save.ch\/wp-content\/uploads\/2022\/06\/Logo_SF_2012.png","contentUrl":"https:\/\/news.save.ch\/wp-content\/uploads\/2022\/06\/Logo_SF_2012.png","width":1100,"height":91,"caption":"Sicherheitsforum"},"image":{"@id":"https:\/\/news.save.ch\/de\/#\/schema\/logo\/image\/"}},{"@type":"Person","@id":"https:\/\/news.save.ch\/de\/#\/schema\/person\/d5022db048e0e2b9785c50e5b24da5aa","name":"Roger Str\u00e4ssle","image":{"@type":"ImageObject","inLanguage":"en-US","@id":"https:\/\/secure.gravatar.com\/avatar\/862a5569d087de48e5856e32f45d719a03804c891d6deb8d4f71a660e79e4a47?s=96&d=mm&r=g","url":"https:\/\/secure.gravatar.com\/avatar\/862a5569d087de48e5856e32f45d719a03804c891d6deb8d4f71a660e79e4a47?s=96&d=mm&r=g","contentUrl":"https:\/\/secure.gravatar.com\/avatar\/862a5569d087de48e5856e32f45d719a03804c891d6deb8d4f71a660e79e4a47?s=96&d=mm&r=g","caption":"Roger Str\u00e4ssle"},"url":"https:\/\/news.save.ch\/en\/author\/roger-straessle\/"}]}},"_links":{"self":[{"href":"https:\/\/news.save.ch\/en\/wp-json\/wp\/v2\/posts\/3670","targetHints":{"allow":["GET"]}}],"collection":[{"href":"https:\/\/news.save.ch\/en\/wp-json\/wp\/v2\/posts"}],"about":[{"href":"https:\/\/news.save.ch\/en\/wp-json\/wp\/v2\/types\/post"}],"author":[{"embeddable":true,"href":"https:\/\/news.save.ch\/en\/wp-json\/wp\/v2\/users\/8"}],"replies":[{"embeddable":true,"href":"https:\/\/news.save.ch\/en\/wp-json\/wp\/v2\/comments?post=3670"}],"version-history":[{"count":1,"href":"https:\/\/news.save.ch\/en\/wp-json\/wp\/v2\/posts\/3670\/revisions"}],"predecessor-version":[{"id":17540,"href":"https:\/\/news.save.ch\/en\/wp-json\/wp\/v2\/posts\/3670\/revisions\/17540"}],"wp:featuredmedia":[{"embeddable":true,"href":"https:\/\/news.save.ch\/en\/wp-json\/wp\/v2\/media\/3671"}],"wp:attachment":[{"href":"https:\/\/news.save.ch\/en\/wp-json\/wp\/v2\/media?parent=3670"}],"wp:term":[{"taxonomy":"category","embeddable":true,"href":"https:\/\/news.save.ch\/en\/wp-json\/wp\/v2\/categories?post=3670"},{"taxonomy":"post_tag","embeddable":true,"href":"https:\/\/news.save.ch\/en\/wp-json\/wp\/v2\/tags?post=3670"}],"curies":[{"name":"wp","href":"https:\/\/api.w.org\/{rel}","templated":true}]}}