{"id":3695,"date":"2017-01-16T18:18:40","date_gmt":"2017-01-16T17:18:40","guid":{"rendered":"https:\/\/sicherheitsforum.ch\/?p=3695"},"modified":"2023-03-14T09:00:02","modified_gmt":"2023-03-14T08:00:02","slug":"alexander-bradfisch-ist-neuer-ceo-der-glutz-ag","status":null,"type":"post","link":"https:\/\/news.save.ch\/en\/alexander-bradfisch-ist-neuer-ceo-der-glutz-ag\/","title":{"rendered":"Alexander Bradfisch is the new CEO of Glutz AG"},"content":{"rendered":"<figure id=\"attachment_3696\" aria-describedby=\"caption-attachment-3696\" style=\"width: 680px\" class=\"wp-caption aligncenter\"><img loading=\"lazy\" decoding=\"async\" class=\"size-medium wp-image-3696\" src=\"https:\/\/news.save.ch\/wp-content\/uploads\/2017\/01\/glutz_ceo_-scaled-1.jpg\" alt=\"\" width=\"680\" height=\"453\" \/><figcaption id=\"caption-attachment-3696\" class=\"wp-caption-text\">\u00a9 depositphotos<\/figcaption><\/figure>\n<p>The person working in the access area <a href=\"https:\/\/glutz.com\">Glutz AG<\/a> has arranged the age-related succession at the operational top of the company. After 20 years as CEO, Peter Riedweg handed over the reins to his successor Alexander Bradfisch at the end of 2016, the company said in a statement. The 43-year-old German citizen completed an apprenticeship as an industrial clerk and graduated with a degree in international business administration, the company said. Thanks to a continuous career as controller, sales controller, sales manager and business manager, Bradfisch has in-depth management and leadership experience, the statement added. The new Glutz CEO gained industry experience over the past ten years in management and business management positions at Geze GmbH, Geze Service GmbH and Bosch Sicherheitstechnik GmbH, according to the statement. Bradfisch is married and father of a one-year-old daughter.<\/p>\n<p><strong>Riedweg new on the Board of Directors<\/strong><\/p>\n<p>Peter Riedweg will remain associated with the company as Senior Advisor. In this function, he also assumed the mandate of a member of the Board of Directors of Glutz AG at the beginning of 2017. Theo Strausak, Chairman of the Board of Glutz Holding AG: \"When Peter Riedweg took over the management of Glutz AG in 1997, the company found itself in an extremely difficult economic environment. He succeeded in getting the company back on track and subsequently positioned Glutz AG at the forefront of the industry with innovative products and ideas.\"<\/p>","protected":false},"excerpt":{"rendered":"<p>Die im Zutrittsbereich t\u00e4tige Glutz AG hat die altersbedingte Nachfolge an der operativen Unternehmensspitze geregelt. Nach 20 Jahren als CEO hat Peter Riedweg auf Ende 2016 die Gesch\u00e4ftsf\u00fchrung seinem Nachfolger Alexander Bradfisch \u00fcbergeben, wie das Unternehmen in einer Mitteilung schreibt. Der 43-j\u00e4hrige deutsche Staatsb\u00fcrger habe eine Ausbildung als Industriekaufmann absolvierte und ein Studium der internationalen [&hellip;]<\/p>\n","protected":false},"author":8,"featured_media":3696,"comment_status":"open","ping_status":"open","sticky":false,"template":"","format":"standard","meta":{"_acf_changed":false,"pgc_sgb_lightbox_settings":"","footnotes":""},"categories":[3312],"tags":[65],"class_list":["post-3695","post","type-post","status-publish","format-standard","has-post-thumbnail","hentry","category-sicherheit","tag-unternehmen"],"acf":[],"hkrextid":null,"publication":null,"issue":null,"workflow":null,"startPage":null,"spitzmarke":null,"_posts_by_tag_page_fields":{"widget_title":"","widget_tags":""},"_at_widget":"1","_yoast_wpseo_primary_category":"3303","_yoast_wpseo_focuskw_text_input":"Glutz AG","_yoast_wpseo_opengraph-image":null,"_yoast_wpseo_opengraph-description":null,"_yoast_wpseo_opengraph-title":null,"enclosure":null,"_yoast_wpseo_twitter-title":null,"_yoast_wpseo_twitter-description":null,"_yoast_wpseo_twitter-image":null,"_wp_old_slug":null,"_yoast_wpseo_title":null,"_yoast_wpseo_canonical":null,"yoast_head":"<!-- This site is optimized with the Yoast SEO plugin v27.5 - https:\/\/yoast.com\/product\/yoast-seo-wordpress\/ -->\n<title>Alexander Bradfisch ist neuer CEO der Glutz AG - Save<\/title>\n<meta name=\"description\" content=\"Der neue CEO der im Zutrittsbereich t\u00e4tigen Firma Glutz heisst Alexander Bradfisch. Er hat Peter Riedweg abgel\u00f6st.\" \/>\n<meta name=\"robots\" content=\"index, follow, max-snippet:-1, max-image-preview:large, max-video-preview:-1\" \/>\n<link rel=\"canonical\" href=\"https:\/\/news.save.ch\/en\/alexander-bradfisch-ist-neuer-ceo-der-glutz-ag\/\" \/>\n<meta property=\"og:locale\" content=\"en_US\" \/>\n<meta property=\"og:type\" content=\"article\" \/>\n<meta property=\"og:title\" content=\"Alexander Bradfisch ist neuer CEO der Glutz AG - Save\" \/>\n<meta property=\"og:description\" content=\"Der neue CEO der im Zutrittsbereich t\u00e4tigen Firma Glutz heisst Alexander Bradfisch. Er hat Peter Riedweg abgel\u00f6st.\" \/>\n<meta property=\"og:url\" content=\"https:\/\/news.save.ch\/en\/alexander-bradfisch-ist-neuer-ceo-der-glutz-ag\/\" \/>\n<meta property=\"og:site_name\" content=\"Save\" \/>\n<meta property=\"article:published_time\" content=\"2017-01-16T17:18:40+00:00\" \/>\n<meta property=\"article:modified_time\" content=\"2023-03-14T08:00:02+00:00\" \/>\n<meta property=\"og:image\" content=\"https:\/\/news.save.ch\/wp-content\/uploads\/2017\/01\/glutz_ceo_-scaled-1-scaled.jpg\" \/>\n\t<meta property=\"og:image:width\" content=\"1400\" \/>\n\t<meta property=\"og:image:height\" content=\"934\" \/>\n\t<meta property=\"og:image:type\" content=\"image\/jpeg\" \/>\n<meta name=\"author\" content=\"Roger Str\u00e4ssle\" \/>\n<meta name=\"twitter:card\" content=\"summary_large_image\" \/>\n<meta name=\"twitter:label1\" content=\"Written by\" \/>\n\t<meta name=\"twitter:data1\" content=\"Roger Str\u00e4ssle\" \/>\n\t<meta name=\"twitter:label2\" content=\"Est. reading time\" \/>\n\t<meta name=\"twitter:data2\" content=\"1 minute\" \/>\n<script type=\"application\/ld+json\" class=\"yoast-schema-graph\">{\"@context\":\"https:\\\/\\\/schema.org\",\"@graph\":[{\"@type\":\"Article\",\"@id\":\"https:\\\/\\\/news.save.ch\\\/alexander-bradfisch-ist-neuer-ceo-der-glutz-ag\\\/#article\",\"isPartOf\":{\"@id\":\"https:\\\/\\\/news.save.ch\\\/alexander-bradfisch-ist-neuer-ceo-der-glutz-ag\\\/\"},\"author\":{\"name\":\"Roger Str\u00e4ssle\",\"@id\":\"https:\\\/\\\/news.save.ch\\\/de\\\/#\\\/schema\\\/person\\\/d5022db048e0e2b9785c50e5b24da5aa\"},\"headline\":\"Alexander Bradfisch ist neuer CEO der Glutz AG\",\"datePublished\":\"2017-01-16T17:18:40+00:00\",\"dateModified\":\"2023-03-14T08:00:02+00:00\",\"mainEntityOfPage\":{\"@id\":\"https:\\\/\\\/news.save.ch\\\/alexander-bradfisch-ist-neuer-ceo-der-glutz-ag\\\/\"},\"wordCount\":223,\"commentCount\":0,\"publisher\":{\"@id\":\"https:\\\/\\\/news.save.ch\\\/de\\\/#organization\"},\"image\":{\"@id\":\"https:\\\/\\\/news.save.ch\\\/alexander-bradfisch-ist-neuer-ceo-der-glutz-ag\\\/#primaryimage\"},\"thumbnailUrl\":\"https:\\\/\\\/news.save.ch\\\/wp-content\\\/uploads\\\/2017\\\/01\\\/glutz_ceo_-scaled-1-scaled.jpg\",\"keywords\":[\"Unternehmen\"],\"articleSection\":[\"SICHERHEIT\"],\"inLanguage\":\"en-US\"},{\"@type\":\"WebPage\",\"@id\":\"https:\\\/\\\/news.save.ch\\\/alexander-bradfisch-ist-neuer-ceo-der-glutz-ag\\\/\",\"url\":\"https:\\\/\\\/news.save.ch\\\/alexander-bradfisch-ist-neuer-ceo-der-glutz-ag\\\/\",\"name\":\"Alexander Bradfisch ist neuer CEO der Glutz AG - Save\",\"isPartOf\":{\"@id\":\"https:\\\/\\\/news.save.ch\\\/de\\\/#website\"},\"primaryImageOfPage\":{\"@id\":\"https:\\\/\\\/news.save.ch\\\/alexander-bradfisch-ist-neuer-ceo-der-glutz-ag\\\/#primaryimage\"},\"image\":{\"@id\":\"https:\\\/\\\/news.save.ch\\\/alexander-bradfisch-ist-neuer-ceo-der-glutz-ag\\\/#primaryimage\"},\"thumbnailUrl\":\"https:\\\/\\\/news.save.ch\\\/wp-content\\\/uploads\\\/2017\\\/01\\\/glutz_ceo_-scaled-1-scaled.jpg\",\"datePublished\":\"2017-01-16T17:18:40+00:00\",\"dateModified\":\"2023-03-14T08:00:02+00:00\",\"description\":\"Der neue CEO der im Zutrittsbereich t\u00e4tigen Firma Glutz heisst Alexander Bradfisch. Er hat Peter Riedweg abgel\u00f6st.\",\"breadcrumb\":{\"@id\":\"https:\\\/\\\/news.save.ch\\\/alexander-bradfisch-ist-neuer-ceo-der-glutz-ag\\\/#breadcrumb\"},\"inLanguage\":\"en-US\",\"potentialAction\":[{\"@type\":\"ReadAction\",\"target\":[\"https:\\\/\\\/news.save.ch\\\/alexander-bradfisch-ist-neuer-ceo-der-glutz-ag\\\/\"]}]},{\"@type\":\"ImageObject\",\"inLanguage\":\"en-US\",\"@id\":\"https:\\\/\\\/news.save.ch\\\/alexander-bradfisch-ist-neuer-ceo-der-glutz-ag\\\/#primaryimage\",\"url\":\"https:\\\/\\\/news.save.ch\\\/wp-content\\\/uploads\\\/2017\\\/01\\\/glutz_ceo_-scaled-1-scaled.jpg\",\"contentUrl\":\"https:\\\/\\\/news.save.ch\\\/wp-content\\\/uploads\\\/2017\\\/01\\\/glutz_ceo_-scaled-1-scaled.jpg\",\"width\":1400,\"height\":934,\"caption\":\"\u00a9 depositphotos\"},{\"@type\":\"BreadcrumbList\",\"@id\":\"https:\\\/\\\/news.save.ch\\\/alexander-bradfisch-ist-neuer-ceo-der-glutz-ag\\\/#breadcrumb\",\"itemListElement\":[{\"@type\":\"ListItem\",\"position\":1,\"name\":\"Home\",\"item\":\"https:\\\/\\\/news.save.ch\\\/de\\\/\"},{\"@type\":\"ListItem\",\"position\":2,\"name\":\"Alexander Bradfisch ist neuer CEO der Glutz AG\"}]},{\"@type\":\"WebSite\",\"@id\":\"https:\\\/\\\/news.save.ch\\\/de\\\/#website\",\"url\":\"https:\\\/\\\/news.save.ch\\\/de\\\/\",\"name\":\"Save\",\"description\":\"Schweizer Fachzeitschrift f\u00fcr Sicherheit\",\"publisher\":{\"@id\":\"https:\\\/\\\/news.save.ch\\\/de\\\/#organization\"},\"potentialAction\":[{\"@type\":\"SearchAction\",\"target\":{\"@type\":\"EntryPoint\",\"urlTemplate\":\"https:\\\/\\\/news.save.ch\\\/de\\\/?s={search_term_string}\"},\"query-input\":{\"@type\":\"PropertyValueSpecification\",\"valueRequired\":true,\"valueName\":\"search_term_string\"}}],\"inLanguage\":\"en-US\"},{\"@type\":\"Organization\",\"@id\":\"https:\\\/\\\/news.save.ch\\\/de\\\/#organization\",\"name\":\"Sicherheitsforum\",\"url\":\"https:\\\/\\\/news.save.ch\\\/de\\\/\",\"logo\":{\"@type\":\"ImageObject\",\"inLanguage\":\"en-US\",\"@id\":\"https:\\\/\\\/news.save.ch\\\/de\\\/#\\\/schema\\\/logo\\\/image\\\/\",\"url\":\"https:\\\/\\\/news.save.ch\\\/wp-content\\\/uploads\\\/2022\\\/06\\\/Logo_SF_2012.png\",\"contentUrl\":\"https:\\\/\\\/news.save.ch\\\/wp-content\\\/uploads\\\/2022\\\/06\\\/Logo_SF_2012.png\",\"width\":1100,\"height\":91,\"caption\":\"Sicherheitsforum\"},\"image\":{\"@id\":\"https:\\\/\\\/news.save.ch\\\/de\\\/#\\\/schema\\\/logo\\\/image\\\/\"}},{\"@type\":\"Person\",\"@id\":\"https:\\\/\\\/news.save.ch\\\/de\\\/#\\\/schema\\\/person\\\/d5022db048e0e2b9785c50e5b24da5aa\",\"name\":\"Roger Str\u00e4ssle\",\"image\":{\"@type\":\"ImageObject\",\"inLanguage\":\"en-US\",\"@id\":\"https:\\\/\\\/secure.gravatar.com\\\/avatar\\\/862a5569d087de48e5856e32f45d719a03804c891d6deb8d4f71a660e79e4a47?s=96&d=mm&r=g\",\"url\":\"https:\\\/\\\/secure.gravatar.com\\\/avatar\\\/862a5569d087de48e5856e32f45d719a03804c891d6deb8d4f71a660e79e4a47?s=96&d=mm&r=g\",\"contentUrl\":\"https:\\\/\\\/secure.gravatar.com\\\/avatar\\\/862a5569d087de48e5856e32f45d719a03804c891d6deb8d4f71a660e79e4a47?s=96&d=mm&r=g\",\"caption\":\"Roger Str\u00e4ssle\"},\"url\":\"https:\\\/\\\/news.save.ch\\\/en\\\/author\\\/roger-straessle\\\/\"}]}<\/script>\n<!-- \/ Yoast SEO plugin. -->","yoast_head_json":{"title":"Alexander Bradfisch is the new CEO of Glutz AG - Save","description":"The new CEO of Glutz, a company active in the access sector, is Alexander Bradfisch. He has taken over from Peter Riedweg.","robots":{"index":"index","follow":"follow","max-snippet":"max-snippet:-1","max-image-preview":"max-image-preview:large","max-video-preview":"max-video-preview:-1"},"canonical":"https:\/\/news.save.ch\/en\/alexander-bradfisch-ist-neuer-ceo-der-glutz-ag\/","og_locale":"en_US","og_type":"article","og_title":"Alexander Bradfisch ist neuer CEO der Glutz AG - Save","og_description":"Der neue CEO der im Zutrittsbereich t\u00e4tigen Firma Glutz heisst Alexander Bradfisch. Er hat Peter Riedweg abgel\u00f6st.","og_url":"https:\/\/news.save.ch\/en\/alexander-bradfisch-ist-neuer-ceo-der-glutz-ag\/","og_site_name":"Save","article_published_time":"2017-01-16T17:18:40+00:00","article_modified_time":"2023-03-14T08:00:02+00:00","og_image":[{"width":1400,"height":934,"url":"https:\/\/news.save.ch\/wp-content\/uploads\/2017\/01\/glutz_ceo_-scaled-1-scaled.jpg","type":"image\/jpeg"}],"author":"Roger Str\u00e4ssle","twitter_card":"summary_large_image","twitter_misc":{"Written by":"Roger Str\u00e4ssle","Est. reading time":"1 minute"},"schema":{"@context":"https:\/\/schema.org","@graph":[{"@type":"Article","@id":"https:\/\/news.save.ch\/alexander-bradfisch-ist-neuer-ceo-der-glutz-ag\/#article","isPartOf":{"@id":"https:\/\/news.save.ch\/alexander-bradfisch-ist-neuer-ceo-der-glutz-ag\/"},"author":{"name":"Roger Str\u00e4ssle","@id":"https:\/\/news.save.ch\/de\/#\/schema\/person\/d5022db048e0e2b9785c50e5b24da5aa"},"headline":"Alexander Bradfisch ist neuer CEO der Glutz AG","datePublished":"2017-01-16T17:18:40+00:00","dateModified":"2023-03-14T08:00:02+00:00","mainEntityOfPage":{"@id":"https:\/\/news.save.ch\/alexander-bradfisch-ist-neuer-ceo-der-glutz-ag\/"},"wordCount":223,"commentCount":0,"publisher":{"@id":"https:\/\/news.save.ch\/de\/#organization"},"image":{"@id":"https:\/\/news.save.ch\/alexander-bradfisch-ist-neuer-ceo-der-glutz-ag\/#primaryimage"},"thumbnailUrl":"https:\/\/news.save.ch\/wp-content\/uploads\/2017\/01\/glutz_ceo_-scaled-1-scaled.jpg","keywords":["Unternehmen"],"articleSection":["SICHERHEIT"],"inLanguage":"en-US"},{"@type":"WebPage","@id":"https:\/\/news.save.ch\/alexander-bradfisch-ist-neuer-ceo-der-glutz-ag\/","url":"https:\/\/news.save.ch\/alexander-bradfisch-ist-neuer-ceo-der-glutz-ag\/","name":"Alexander Bradfisch is the new CEO of Glutz AG - Save","isPartOf":{"@id":"https:\/\/news.save.ch\/de\/#website"},"primaryImageOfPage":{"@id":"https:\/\/news.save.ch\/alexander-bradfisch-ist-neuer-ceo-der-glutz-ag\/#primaryimage"},"image":{"@id":"https:\/\/news.save.ch\/alexander-bradfisch-ist-neuer-ceo-der-glutz-ag\/#primaryimage"},"thumbnailUrl":"https:\/\/news.save.ch\/wp-content\/uploads\/2017\/01\/glutz_ceo_-scaled-1-scaled.jpg","datePublished":"2017-01-16T17:18:40+00:00","dateModified":"2023-03-14T08:00:02+00:00","description":"The new CEO of Glutz, a company active in the access sector, is Alexander Bradfisch. He has taken over from Peter Riedweg.","breadcrumb":{"@id":"https:\/\/news.save.ch\/alexander-bradfisch-ist-neuer-ceo-der-glutz-ag\/#breadcrumb"},"inLanguage":"en-US","potentialAction":[{"@type":"ReadAction","target":["https:\/\/news.save.ch\/alexander-bradfisch-ist-neuer-ceo-der-glutz-ag\/"]}]},{"@type":"ImageObject","inLanguage":"en-US","@id":"https:\/\/news.save.ch\/alexander-bradfisch-ist-neuer-ceo-der-glutz-ag\/#primaryimage","url":"https:\/\/news.save.ch\/wp-content\/uploads\/2017\/01\/glutz_ceo_-scaled-1-scaled.jpg","contentUrl":"https:\/\/news.save.ch\/wp-content\/uploads\/2017\/01\/glutz_ceo_-scaled-1-scaled.jpg","width":1400,"height":934,"caption":"\u00a9 depositphotos"},{"@type":"BreadcrumbList","@id":"https:\/\/news.save.ch\/alexander-bradfisch-ist-neuer-ceo-der-glutz-ag\/#breadcrumb","itemListElement":[{"@type":"ListItem","position":1,"name":"Home","item":"https:\/\/news.save.ch\/de\/"},{"@type":"ListItem","position":2,"name":"Alexander Bradfisch ist neuer CEO der Glutz AG"}]},{"@type":"WebSite","@id":"https:\/\/news.save.ch\/de\/#website","url":"https:\/\/news.save.ch\/de\/","name":"Save","description":"Swiss trade journal for safety","publisher":{"@id":"https:\/\/news.save.ch\/de\/#organization"},"potentialAction":[{"@type":"SearchAction","target":{"@type":"EntryPoint","urlTemplate":"https:\/\/news.save.ch\/de\/?s={search_term_string}"},"query-input":{"@type":"PropertyValueSpecification","valueRequired":true,"valueName":"search_term_string"}}],"inLanguage":"en-US"},{"@type":"Organization","@id":"https:\/\/news.save.ch\/de\/#organization","name":"Security Forum","url":"https:\/\/news.save.ch\/de\/","logo":{"@type":"ImageObject","inLanguage":"en-US","@id":"https:\/\/news.save.ch\/de\/#\/schema\/logo\/image\/","url":"https:\/\/news.save.ch\/wp-content\/uploads\/2022\/06\/Logo_SF_2012.png","contentUrl":"https:\/\/news.save.ch\/wp-content\/uploads\/2022\/06\/Logo_SF_2012.png","width":1100,"height":91,"caption":"Sicherheitsforum"},"image":{"@id":"https:\/\/news.save.ch\/de\/#\/schema\/logo\/image\/"}},{"@type":"Person","@id":"https:\/\/news.save.ch\/de\/#\/schema\/person\/d5022db048e0e2b9785c50e5b24da5aa","name":"Roger Str\u00e4ssle","image":{"@type":"ImageObject","inLanguage":"en-US","@id":"https:\/\/secure.gravatar.com\/avatar\/862a5569d087de48e5856e32f45d719a03804c891d6deb8d4f71a660e79e4a47?s=96&d=mm&r=g","url":"https:\/\/secure.gravatar.com\/avatar\/862a5569d087de48e5856e32f45d719a03804c891d6deb8d4f71a660e79e4a47?s=96&d=mm&r=g","contentUrl":"https:\/\/secure.gravatar.com\/avatar\/862a5569d087de48e5856e32f45d719a03804c891d6deb8d4f71a660e79e4a47?s=96&d=mm&r=g","caption":"Roger Str\u00e4ssle"},"url":"https:\/\/news.save.ch\/en\/author\/roger-straessle\/"}]}},"_links":{"self":[{"href":"https:\/\/news.save.ch\/en\/wp-json\/wp\/v2\/posts\/3695","targetHints":{"allow":["GET"]}}],"collection":[{"href":"https:\/\/news.save.ch\/en\/wp-json\/wp\/v2\/posts"}],"about":[{"href":"https:\/\/news.save.ch\/en\/wp-json\/wp\/v2\/types\/post"}],"author":[{"embeddable":true,"href":"https:\/\/news.save.ch\/en\/wp-json\/wp\/v2\/users\/8"}],"replies":[{"embeddable":true,"href":"https:\/\/news.save.ch\/en\/wp-json\/wp\/v2\/comments?post=3695"}],"version-history":[{"count":1,"href":"https:\/\/news.save.ch\/en\/wp-json\/wp\/v2\/posts\/3695\/revisions"}],"predecessor-version":[{"id":17996,"href":"https:\/\/news.save.ch\/en\/wp-json\/wp\/v2\/posts\/3695\/revisions\/17996"}],"wp:featuredmedia":[{"embeddable":true,"href":"https:\/\/news.save.ch\/en\/wp-json\/wp\/v2\/media\/3696"}],"wp:attachment":[{"href":"https:\/\/news.save.ch\/en\/wp-json\/wp\/v2\/media?parent=3695"}],"wp:term":[{"taxonomy":"category","embeddable":true,"href":"https:\/\/news.save.ch\/en\/wp-json\/wp\/v2\/categories?post=3695"},{"taxonomy":"post_tag","embeddable":true,"href":"https:\/\/news.save.ch\/en\/wp-json\/wp\/v2\/tags?post=3695"}],"curies":[{"name":"wp","href":"https:\/\/api.w.org\/{rel}","templated":true}]}}