{"id":3752,"date":"2019-02-04T14:54:10","date_gmt":"2019-02-04T13:54:10","guid":{"rendered":"https:\/\/news.save.ch\/?p=3752"},"modified":"2023-03-14T09:05:08","modified_gmt":"2023-03-14T08:05:08","slug":"premiere-an-der-maintenance-schweiz-2019","status":null,"type":"post","link":"https:\/\/news.save.ch\/en\/premiere-an-der-maintenance-schweiz-2019\/","title":{"rendered":"Premiere at \"maintenance Switzerland\" 2019"},"content":{"rendered":"<figure id=\"attachment_3794\" aria-describedby=\"caption-attachment-3794\" style=\"width: 680px\" class=\"wp-caption alignnone\"><img loading=\"lazy\" decoding=\"async\" class=\"size-medium wp-image-3794\" src=\"http:\/\/develop.safety-plus.ch\/wp-content\/uploads\/2019\/01\/25367930987_7916026116_b.jpg\" alt=\"\" width=\"680\" height=\"454\" srcset=\"https:\/\/news.save.ch\/wp-content\/uploads\/2019\/01\/25367930987_7916026116_b.jpg 850w, https:\/\/news.save.ch\/wp-content\/uploads\/2019\/01\/25367930987_7916026116_b-680x454.jpg 680w, https:\/\/news.save.ch\/wp-content\/uploads\/2019\/01\/25367930987_7916026116_b-768x512.jpg 768w, https:\/\/news.save.ch\/wp-content\/uploads\/2019\/01\/25367930987_7916026116_b-18x12.jpg 18w, https:\/\/news.save.ch\/wp-content\/uploads\/2019\/01\/25367930987_7916026116_b-375x250.jpg 375w, https:\/\/news.save.ch\/wp-content\/uploads\/2019\/01\/25367930987_7916026116_b-525x350.jpg 525w\" sizes=\"auto, (max-width: 680px) 100vw, 680px\" \/><figcaption id=\"caption-attachment-3794\" class=\"wp-caption-text\">Visitors get ScienceCenter access to expertise on all relevant focus and trend topics such as smart maintenance, digitalization or IIoT. \u00a9 Easyfairs Switzerland<\/figcaption><\/figure>\n<p>The <strong>\"<\/strong>maintenance Schweiz\" is the central industry meeting place and a must-attend event for users, suppliers and interested parties in the field of industrial maintenance. Visitors learn everything about current and upcoming developments at the trade fair. In addition, further education is a central concern of the organizer Easyfairs: Experts present their knowledge in the ScienceCenter on the focus topics such as smart maintenance, digitalization or software-based solutions such as IIoT. The newly created Smart Maintenance Conference also offers experts the opportunity to exchange ideas.<\/p>\n<p><strong>Maintenance gains in importance<\/strong><\/p>\n<p>With its comprehensive range of topics, Easyfairs meets the growing demand for information on maintenance. Maintenance is a growing specialty area that is increasingly becoming the focus of operators and users of <a href=\"https:\/\/news.save.ch\/en\/herausforderungen-chemikaliensicherheit-und-stoerfallvorsorge\/\" target=\"_blank\" rel=\"noopener\">Attachments<\/a>, machinery or technical equipment in general. It ranges from technical planning, consulting services, management, signage or occupational health and safety to knowledge management of the installed solutions.<\/p>\n<p>In the world of digitalization, there are more and more offers and possibilities that are also revolutionizing maintenance technology. Today, globally networked software programs or hardware solutions are behind the buzzword smart maintenance. These enable real-time monitoring, which can prevent plant malfunctions and thus high costs. Around 80 exhibitors and more than 20 speakers will present their broad knowledge on this exciting range of topics at maintenance Switzerland in Zurich.<\/p>\n<p><strong>First Swiss \"Smart Maintenance Conference<\/strong><\/p>\n<p>Exciting presentations and stimulating discussions await experts and visitors at the newly created Smart Maintenance Conference. It begins on the first day of the trade show at 9:30 a.m. in room K3<strong>. <\/strong>The event was organized in collaboration with the <a href=\"http:\/\/www.data-service-alliance.ch\" target=\"_blank\" rel=\"noopener\">Swiss Alliance for Data-Intensive Services<\/a> created. The expert presentations and the special networking event at the conference will revolve around the latest trends in digitalized maintenance. Christoph Heitz from the Zurich University of Applied Sciences ZHAW will start on the opening day with the topic \"Maintenance 4.0: Data as a <em>Gamechanger<\/em>\".<\/p>\n<p>Trade show attendees should not miss the first edition of the Smart Maintenance Conference, as seats are limited and admission, including coffee breaks, drinks and an exclusive business lunch, is sponsored by Easyfairs. Registrations are accepted by Event Content Manager <a href=\"\/en\/stefan.meier@easyfairs.com\/\" target=\"_blank\" rel=\"noopener\">Stefan Meier<\/a> against.<\/p>\n<p><strong>Experience know-how in the ScienceCenter<\/strong><\/p>\n<p>At maintenance Schweiz 2019, visitors will also find broad information offerings from associations and cooperation partners such as fmpro Swiss and the Swiss Association for Air and Water Hygiene SVLW. In addition, guests will have access to expert knowledge on all relevant focus and trend topics such as smart maintenance, digitalization or IIoT in the ScienceCenter. Science will have its say in the ScienceCenter: Markus Burch, Managing Director of German-speaking Switzerland at SOGEMA Software GmbH, will kick off the series of lectures with his presentation on \"Smart maintenance with data analysis\". Other speakers until Thursday include Urs Haberstich\/<a href=\"https:\/\/www.suva.ch\/\" target=\"_blank\" rel=\"noopener\">SUVA<\/a>, Giorgio Badano and Wolfgang Felber of ABB Switzerland Ltd., Reto Amstad\/<a href=\"https:\/\/news.save.ch\/en\/nach-bim-gebaut-der-neu-eingeweihte-campus-in-zug\/\" target=\"_blank\" rel=\"noopener\">Siemens Switzerland AG<\/a>Thomas Walt\/Netech Neeser Technik AG, Hans-Ueli Siegenthaler\/Gilgen Door Systems AG or Gerd Kling\/Siemens Schweiz AG. For the complete list of speakers, the exact content of the presentations and the schedule at the Smart Maintenance Conference and in the ScienceCenter, please refer to the exhibition website.<\/p>\n<p><strong>Coupon code for free ticket<\/strong><\/p>\n<p>Also, register on the website today with the <strong>Coupon code \"3112<\/strong> for maintenance Schweiz 2019. This will secure you your free admission ticket to enter the trade fair and a smart maintenance world.<\/p>\n<p><a href=\"http:\/\/www.maintenance-schweiz.ch\/\" target=\"_blank\" rel=\"noopener\">www.maintenance-schweiz.ch<\/a><\/p>\n<p>Parallel to maintenance Switzerland, the trade fair \"P<a href=\"http:\/\/www.pumps-valves.ch\" target=\"_blank\" rel=\"noopener\">umps &amp; Valves<\/a>\" will open its doors on February 13 &amp; 14, 2019. It offers trade visitors an optimal complement.<\/p>","protected":false},"excerpt":{"rendered":"<p>Die \u00abmaintenance Schweiz\u00bb ist der zentrale Branchentreffpunkt und ein Pflichtanlass f\u00fcr Anwender, Anbieter und Interessierte auf dem Gebiet der industriellen Instandhaltung. Die Besucher erfahren an der Messe alles \u00fcber aktuelle und anstehende Entwicklungen. Daneben ist Weiterbildung ein zentrales Anliegen des Veranstalters Easyfairs: Zu den Fokusthemen wie Smart Maintenance, Digitalisierung oder softwarebasierte L\u00f6sungen wie IIoT pr\u00e4sentieren [&hellip;]<\/p>\n","protected":false},"author":1,"featured_media":3794,"comment_status":"open","ping_status":"open","sticky":false,"template":"","format":"standard","meta":{"_acf_changed":false,"pgc_sgb_lightbox_settings":"","footnotes":""},"categories":[1,3314],"tags":[172,540,84,2500,2669,310,167,68,3135,160,181],"class_list":["post-3752","post","type-post","status-publish","format-standard","has-post-thumbnail","hentry","category-allgemein","category-health-safety","tag-arbeitssicherheit","tag-ausbildung","tag-fachkongressfachmesse","tag-management-und-unternehmensfuehrung","tag-persoenliche-schutzausruestung-psa","tag-sicherheit","tag-suva","tag-tipps-und-tricks","tag-unfaelle","tag-veranstaltungen","tag-versicherung"],"acf":[],"hkrextid":null,"publication":null,"issue":null,"workflow":null,"startPage":null,"spitzmarke":null,"_posts_by_tag_page_fields":{"widget_title":"","widget_tags":""},"_at_widget":"1","_yoast_wpseo_primary_category":"5","_yoast_wpseo_focuskw_text_input":"maintenance Schweiz","_yoast_wpseo_opengraph-image":null,"_yoast_wpseo_opengraph-description":null,"_yoast_wpseo_opengraph-title":null,"enclosure":null,"_yoast_wpseo_twitter-title":null,"_yoast_wpseo_twitter-description":null,"_yoast_wpseo_twitter-image":null,"_wp_old_slug":null,"_yoast_wpseo_title":null,"_yoast_wpseo_canonical":null,"yoast_head":"<!-- This site is optimized with the Yoast SEO plugin v27.4 - https:\/\/yoast.com\/product\/yoast-seo-wordpress\/ -->\n<title>Premiere an der \u00abmaintenance Schweiz\u00bb 2019 - Save<\/title>\n<meta name=\"description\" content=\"Registrieren Sie sich noch heute mit dem Gutschein-Code \u00ab3112\u00bb zur maintenance Schweiz 2019 in Z\u00fcrich.\" \/>\n<meta name=\"robots\" content=\"index, follow, max-snippet:-1, max-image-preview:large, max-video-preview:-1\" \/>\n<link rel=\"canonical\" href=\"https:\/\/news.save.ch\/en\/premiere-an-der-maintenance-schweiz-2019\/\" \/>\n<meta property=\"og:locale\" content=\"en_US\" \/>\n<meta property=\"og:type\" content=\"article\" \/>\n<meta property=\"og:title\" content=\"Premiere an der \u00abmaintenance Schweiz\u00bb 2019 - Save\" \/>\n<meta property=\"og:description\" content=\"Registrieren Sie sich noch heute mit dem Gutschein-Code \u00ab3112\u00bb zur maintenance Schweiz 2019 in Z\u00fcrich.\" \/>\n<meta property=\"og:url\" content=\"https:\/\/news.save.ch\/en\/premiere-an-der-maintenance-schweiz-2019\/\" \/>\n<meta property=\"og:site_name\" content=\"Save\" \/>\n<meta property=\"article:published_time\" content=\"2019-02-04T13:54:10+00:00\" \/>\n<meta property=\"article:modified_time\" content=\"2023-03-14T08:05:08+00:00\" \/>\n<meta property=\"og:image\" content=\"https:\/\/news.save.ch\/wp-content\/uploads\/2019\/01\/25367930987_7916026116_b.jpg\" \/>\n\t<meta property=\"og:image:width\" content=\"850\" \/>\n\t<meta property=\"og:image:height\" content=\"567\" \/>\n\t<meta property=\"og:image:type\" content=\"image\/jpeg\" \/>\n<meta name=\"author\" content=\"admin\" \/>\n<meta name=\"twitter:card\" content=\"summary_large_image\" \/>\n<meta name=\"twitter:label1\" content=\"Written by\" \/>\n\t<meta name=\"twitter:data1\" content=\"admin\" \/>\n\t<meta name=\"twitter:label2\" content=\"Est. reading time\" \/>\n\t<meta name=\"twitter:data2\" content=\"3 minutes\" \/>\n<script type=\"application\/ld+json\" class=\"yoast-schema-graph\">{\"@context\":\"https:\\\/\\\/schema.org\",\"@graph\":[{\"@type\":\"Article\",\"@id\":\"https:\\\/\\\/news.save.ch\\\/premiere-an-der-maintenance-schweiz-2019\\\/#article\",\"isPartOf\":{\"@id\":\"https:\\\/\\\/news.save.ch\\\/premiere-an-der-maintenance-schweiz-2019\\\/\"},\"author\":{\"name\":\"admin\",\"@id\":\"https:\\\/\\\/news.save.ch\\\/de\\\/#\\\/schema\\\/person\\\/d49e199490bad7c70d64b9ab51142f2b\"},\"headline\":\"Premiere an der \u00abmaintenance Schweiz\u00bb 2019\",\"datePublished\":\"2019-02-04T13:54:10+00:00\",\"dateModified\":\"2023-03-14T08:05:08+00:00\",\"mainEntityOfPage\":{\"@id\":\"https:\\\/\\\/news.save.ch\\\/premiere-an-der-maintenance-schweiz-2019\\\/\"},\"wordCount\":600,\"commentCount\":0,\"publisher\":{\"@id\":\"https:\\\/\\\/news.save.ch\\\/de\\\/#organization\"},\"image\":{\"@id\":\"https:\\\/\\\/news.save.ch\\\/premiere-an-der-maintenance-schweiz-2019\\\/#primaryimage\"},\"thumbnailUrl\":\"https:\\\/\\\/news.save.ch\\\/wp-content\\\/uploads\\\/2019\\\/01\\\/25367930987_7916026116_b.jpg\",\"keywords\":[\"Arbeitssicherheit\",\"Ausbildung\",\"Fachkongress\\\/Fachmesse\",\"Management und Unternehmensf\u00fchrung\",\"Pers\u00f6nliche Schutzausr\u00fcstung (PSA)\",\"Sicherheit\",\"SUVA\",\"Tipps und Tricks\",\"Unf\u00e4lle\",\"Veranstaltungen\",\"Versicherung\"],\"articleSection\":[\"ALLGEMEIN\",\"HEALTH &amp; SAFETY\"],\"inLanguage\":\"en-US\"},{\"@type\":\"WebPage\",\"@id\":\"https:\\\/\\\/news.save.ch\\\/premiere-an-der-maintenance-schweiz-2019\\\/\",\"url\":\"https:\\\/\\\/news.save.ch\\\/premiere-an-der-maintenance-schweiz-2019\\\/\",\"name\":\"Premiere an der \u00abmaintenance Schweiz\u00bb 2019 - Save\",\"isPartOf\":{\"@id\":\"https:\\\/\\\/news.save.ch\\\/de\\\/#website\"},\"primaryImageOfPage\":{\"@id\":\"https:\\\/\\\/news.save.ch\\\/premiere-an-der-maintenance-schweiz-2019\\\/#primaryimage\"},\"image\":{\"@id\":\"https:\\\/\\\/news.save.ch\\\/premiere-an-der-maintenance-schweiz-2019\\\/#primaryimage\"},\"thumbnailUrl\":\"https:\\\/\\\/news.save.ch\\\/wp-content\\\/uploads\\\/2019\\\/01\\\/25367930987_7916026116_b.jpg\",\"datePublished\":\"2019-02-04T13:54:10+00:00\",\"dateModified\":\"2023-03-14T08:05:08+00:00\",\"description\":\"Registrieren Sie sich noch heute mit dem Gutschein-Code \u00ab3112\u00bb zur maintenance Schweiz 2019 in Z\u00fcrich.\",\"breadcrumb\":{\"@id\":\"https:\\\/\\\/news.save.ch\\\/premiere-an-der-maintenance-schweiz-2019\\\/#breadcrumb\"},\"inLanguage\":\"en-US\",\"potentialAction\":[{\"@type\":\"ReadAction\",\"target\":[\"https:\\\/\\\/news.save.ch\\\/premiere-an-der-maintenance-schweiz-2019\\\/\"]}]},{\"@type\":\"ImageObject\",\"inLanguage\":\"en-US\",\"@id\":\"https:\\\/\\\/news.save.ch\\\/premiere-an-der-maintenance-schweiz-2019\\\/#primaryimage\",\"url\":\"https:\\\/\\\/news.save.ch\\\/wp-content\\\/uploads\\\/2019\\\/01\\\/25367930987_7916026116_b.jpg\",\"contentUrl\":\"https:\\\/\\\/news.save.ch\\\/wp-content\\\/uploads\\\/2019\\\/01\\\/25367930987_7916026116_b.jpg\",\"width\":850,\"height\":567,\"caption\":\"Besucher erhalten ScienceCenter Zugang zu Fachwissen zu allen relevanten Fokus- und Trendthemen wie Smart Maintenance, Digitalisierung oder IIoT. \u00a9 Easyfairs Switzerland\"},{\"@type\":\"BreadcrumbList\",\"@id\":\"https:\\\/\\\/news.save.ch\\\/premiere-an-der-maintenance-schweiz-2019\\\/#breadcrumb\",\"itemListElement\":[{\"@type\":\"ListItem\",\"position\":1,\"name\":\"Home\",\"item\":\"https:\\\/\\\/news.save.ch\\\/de\\\/\"},{\"@type\":\"ListItem\",\"position\":2,\"name\":\"Premiere an der \u00abmaintenance Schweiz\u00bb 2019\"}]},{\"@type\":\"WebSite\",\"@id\":\"https:\\\/\\\/news.save.ch\\\/de\\\/#website\",\"url\":\"https:\\\/\\\/news.save.ch\\\/de\\\/\",\"name\":\"Save\",\"description\":\"Schweizer Fachzeitschrift f\u00fcr Sicherheit\",\"publisher\":{\"@id\":\"https:\\\/\\\/news.save.ch\\\/de\\\/#organization\"},\"potentialAction\":[{\"@type\":\"SearchAction\",\"target\":{\"@type\":\"EntryPoint\",\"urlTemplate\":\"https:\\\/\\\/news.save.ch\\\/de\\\/?s={search_term_string}\"},\"query-input\":{\"@type\":\"PropertyValueSpecification\",\"valueRequired\":true,\"valueName\":\"search_term_string\"}}],\"inLanguage\":\"en-US\"},{\"@type\":\"Organization\",\"@id\":\"https:\\\/\\\/news.save.ch\\\/de\\\/#organization\",\"name\":\"Sicherheitsforum\",\"url\":\"https:\\\/\\\/news.save.ch\\\/de\\\/\",\"logo\":{\"@type\":\"ImageObject\",\"inLanguage\":\"en-US\",\"@id\":\"https:\\\/\\\/news.save.ch\\\/de\\\/#\\\/schema\\\/logo\\\/image\\\/\",\"url\":\"https:\\\/\\\/news.save.ch\\\/wp-content\\\/uploads\\\/2022\\\/06\\\/Logo_SF_2012.png\",\"contentUrl\":\"https:\\\/\\\/news.save.ch\\\/wp-content\\\/uploads\\\/2022\\\/06\\\/Logo_SF_2012.png\",\"width\":1100,\"height\":91,\"caption\":\"Sicherheitsforum\"},\"image\":{\"@id\":\"https:\\\/\\\/news.save.ch\\\/de\\\/#\\\/schema\\\/logo\\\/image\\\/\"}},{\"@type\":\"Person\",\"@id\":\"https:\\\/\\\/news.save.ch\\\/de\\\/#\\\/schema\\\/person\\\/d49e199490bad7c70d64b9ab51142f2b\",\"name\":\"admin\",\"image\":{\"@type\":\"ImageObject\",\"inLanguage\":\"en-US\",\"@id\":\"https:\\\/\\\/secure.gravatar.com\\\/avatar\\\/ae2f4d718e6c49043e314ce431e7e645d646302a24a5ef5a8bc8e3f5a032e319?s=96&d=mm&r=g\",\"url\":\"https:\\\/\\\/secure.gravatar.com\\\/avatar\\\/ae2f4d718e6c49043e314ce431e7e645d646302a24a5ef5a8bc8e3f5a032e319?s=96&d=mm&r=g\",\"contentUrl\":\"https:\\\/\\\/secure.gravatar.com\\\/avatar\\\/ae2f4d718e6c49043e314ce431e7e645d646302a24a5ef5a8bc8e3f5a032e319?s=96&d=mm&r=g\",\"caption\":\"admin\"},\"sameAs\":[\"https:\\\/\\\/develop.organisator.galledia.ch\"],\"url\":\"https:\\\/\\\/news.save.ch\\\/en\\\/author\\\/admin\\\/\"}]}<\/script>\n<!-- \/ Yoast SEO plugin. -->","yoast_head_json":{"title":"Premiere at the \"maintenance Switzerland\" 2019 - Save","description":"Register today for maintenance Switzerland 2019 in Zurich using coupon code \"3112\".","robots":{"index":"index","follow":"follow","max-snippet":"max-snippet:-1","max-image-preview":"max-image-preview:large","max-video-preview":"max-video-preview:-1"},"canonical":"https:\/\/news.save.ch\/en\/premiere-an-der-maintenance-schweiz-2019\/","og_locale":"en_US","og_type":"article","og_title":"Premiere an der \u00abmaintenance Schweiz\u00bb 2019 - Save","og_description":"Registrieren Sie sich noch heute mit dem Gutschein-Code \u00ab3112\u00bb zur maintenance Schweiz 2019 in Z\u00fcrich.","og_url":"https:\/\/news.save.ch\/en\/premiere-an-der-maintenance-schweiz-2019\/","og_site_name":"Save","article_published_time":"2019-02-04T13:54:10+00:00","article_modified_time":"2023-03-14T08:05:08+00:00","og_image":[{"width":850,"height":567,"url":"https:\/\/news.save.ch\/wp-content\/uploads\/2019\/01\/25367930987_7916026116_b.jpg","type":"image\/jpeg"}],"author":"admin","twitter_card":"summary_large_image","twitter_misc":{"Written by":"admin","Est. reading time":"3 minutes"},"schema":{"@context":"https:\/\/schema.org","@graph":[{"@type":"Article","@id":"https:\/\/news.save.ch\/premiere-an-der-maintenance-schweiz-2019\/#article","isPartOf":{"@id":"https:\/\/news.save.ch\/premiere-an-der-maintenance-schweiz-2019\/"},"author":{"name":"admin","@id":"https:\/\/news.save.ch\/de\/#\/schema\/person\/d49e199490bad7c70d64b9ab51142f2b"},"headline":"Premiere an der \u00abmaintenance Schweiz\u00bb 2019","datePublished":"2019-02-04T13:54:10+00:00","dateModified":"2023-03-14T08:05:08+00:00","mainEntityOfPage":{"@id":"https:\/\/news.save.ch\/premiere-an-der-maintenance-schweiz-2019\/"},"wordCount":600,"commentCount":0,"publisher":{"@id":"https:\/\/news.save.ch\/de\/#organization"},"image":{"@id":"https:\/\/news.save.ch\/premiere-an-der-maintenance-schweiz-2019\/#primaryimage"},"thumbnailUrl":"https:\/\/news.save.ch\/wp-content\/uploads\/2019\/01\/25367930987_7916026116_b.jpg","keywords":["Arbeitssicherheit","Ausbildung","Fachkongress\/Fachmesse","Management und Unternehmensf\u00fchrung","Pers\u00f6nliche Schutzausr\u00fcstung (PSA)","Sicherheit","SUVA","Tipps und Tricks","Unf\u00e4lle","Veranstaltungen","Versicherung"],"articleSection":["ALLGEMEIN","HEALTH &amp; SAFETY"],"inLanguage":"en-US"},{"@type":"WebPage","@id":"https:\/\/news.save.ch\/premiere-an-der-maintenance-schweiz-2019\/","url":"https:\/\/news.save.ch\/premiere-an-der-maintenance-schweiz-2019\/","name":"Premiere at the \"maintenance Switzerland\" 2019 - Save","isPartOf":{"@id":"https:\/\/news.save.ch\/de\/#website"},"primaryImageOfPage":{"@id":"https:\/\/news.save.ch\/premiere-an-der-maintenance-schweiz-2019\/#primaryimage"},"image":{"@id":"https:\/\/news.save.ch\/premiere-an-der-maintenance-schweiz-2019\/#primaryimage"},"thumbnailUrl":"https:\/\/news.save.ch\/wp-content\/uploads\/2019\/01\/25367930987_7916026116_b.jpg","datePublished":"2019-02-04T13:54:10+00:00","dateModified":"2023-03-14T08:05:08+00:00","description":"Register today for maintenance Switzerland 2019 in Zurich using coupon code \"3112\".","breadcrumb":{"@id":"https:\/\/news.save.ch\/premiere-an-der-maintenance-schweiz-2019\/#breadcrumb"},"inLanguage":"en-US","potentialAction":[{"@type":"ReadAction","target":["https:\/\/news.save.ch\/premiere-an-der-maintenance-schweiz-2019\/"]}]},{"@type":"ImageObject","inLanguage":"en-US","@id":"https:\/\/news.save.ch\/premiere-an-der-maintenance-schweiz-2019\/#primaryimage","url":"https:\/\/news.save.ch\/wp-content\/uploads\/2019\/01\/25367930987_7916026116_b.jpg","contentUrl":"https:\/\/news.save.ch\/wp-content\/uploads\/2019\/01\/25367930987_7916026116_b.jpg","width":850,"height":567,"caption":"Besucher erhalten ScienceCenter Zugang zu Fachwissen zu allen relevanten Fokus- und Trendthemen wie Smart Maintenance, Digitalisierung oder IIoT. \u00a9 Easyfairs Switzerland"},{"@type":"BreadcrumbList","@id":"https:\/\/news.save.ch\/premiere-an-der-maintenance-schweiz-2019\/#breadcrumb","itemListElement":[{"@type":"ListItem","position":1,"name":"Home","item":"https:\/\/news.save.ch\/de\/"},{"@type":"ListItem","position":2,"name":"Premiere an der \u00abmaintenance Schweiz\u00bb 2019"}]},{"@type":"WebSite","@id":"https:\/\/news.save.ch\/de\/#website","url":"https:\/\/news.save.ch\/de\/","name":"Save","description":"Swiss trade journal for safety","publisher":{"@id":"https:\/\/news.save.ch\/de\/#organization"},"potentialAction":[{"@type":"SearchAction","target":{"@type":"EntryPoint","urlTemplate":"https:\/\/news.save.ch\/de\/?s={search_term_string}"},"query-input":{"@type":"PropertyValueSpecification","valueRequired":true,"valueName":"search_term_string"}}],"inLanguage":"en-US"},{"@type":"Organization","@id":"https:\/\/news.save.ch\/de\/#organization","name":"Security Forum","url":"https:\/\/news.save.ch\/de\/","logo":{"@type":"ImageObject","inLanguage":"en-US","@id":"https:\/\/news.save.ch\/de\/#\/schema\/logo\/image\/","url":"https:\/\/news.save.ch\/wp-content\/uploads\/2022\/06\/Logo_SF_2012.png","contentUrl":"https:\/\/news.save.ch\/wp-content\/uploads\/2022\/06\/Logo_SF_2012.png","width":1100,"height":91,"caption":"Sicherheitsforum"},"image":{"@id":"https:\/\/news.save.ch\/de\/#\/schema\/logo\/image\/"}},{"@type":"Person","@id":"https:\/\/news.save.ch\/de\/#\/schema\/person\/d49e199490bad7c70d64b9ab51142f2b","name":"admin","image":{"@type":"ImageObject","inLanguage":"en-US","@id":"https:\/\/secure.gravatar.com\/avatar\/ae2f4d718e6c49043e314ce431e7e645d646302a24a5ef5a8bc8e3f5a032e319?s=96&d=mm&r=g","url":"https:\/\/secure.gravatar.com\/avatar\/ae2f4d718e6c49043e314ce431e7e645d646302a24a5ef5a8bc8e3f5a032e319?s=96&d=mm&r=g","contentUrl":"https:\/\/secure.gravatar.com\/avatar\/ae2f4d718e6c49043e314ce431e7e645d646302a24a5ef5a8bc8e3f5a032e319?s=96&d=mm&r=g","caption":"admin"},"sameAs":["https:\/\/develop.organisator.galledia.ch"],"url":"https:\/\/news.save.ch\/en\/author\/admin\/"}]}},"_links":{"self":[{"href":"https:\/\/news.save.ch\/en\/wp-json\/wp\/v2\/posts\/3752","targetHints":{"allow":["GET"]}}],"collection":[{"href":"https:\/\/news.save.ch\/en\/wp-json\/wp\/v2\/posts"}],"about":[{"href":"https:\/\/news.save.ch\/en\/wp-json\/wp\/v2\/types\/post"}],"author":[{"embeddable":true,"href":"https:\/\/news.save.ch\/en\/wp-json\/wp\/v2\/users\/1"}],"replies":[{"embeddable":true,"href":"https:\/\/news.save.ch\/en\/wp-json\/wp\/v2\/comments?post=3752"}],"version-history":[{"count":1,"href":"https:\/\/news.save.ch\/en\/wp-json\/wp\/v2\/posts\/3752\/revisions"}],"predecessor-version":[{"id":18273,"href":"https:\/\/news.save.ch\/en\/wp-json\/wp\/v2\/posts\/3752\/revisions\/18273"}],"wp:featuredmedia":[{"embeddable":true,"href":"https:\/\/news.save.ch\/en\/wp-json\/wp\/v2\/media\/3794"}],"wp:attachment":[{"href":"https:\/\/news.save.ch\/en\/wp-json\/wp\/v2\/media?parent=3752"}],"wp:term":[{"taxonomy":"category","embeddable":true,"href":"https:\/\/news.save.ch\/en\/wp-json\/wp\/v2\/categories?post=3752"},{"taxonomy":"post_tag","embeddable":true,"href":"https:\/\/news.save.ch\/en\/wp-json\/wp\/v2\/tags?post=3752"}],"curies":[{"name":"wp","href":"https:\/\/api.w.org\/{rel}","templated":true}]}}