{"id":3765,"date":"2017-01-24T15:53:32","date_gmt":"2017-01-24T14:53:32","guid":{"rendered":"https:\/\/sicherheitsforum.ch\/?p=3765"},"modified":"2017-01-24T15:53:32","modified_gmt":"2017-01-24T14:53:32","slug":"kripo-neubau-fuer-stapo-in-zuerich-west","status":null,"type":"post","link":"https:\/\/news.save.ch\/en\/kripo-neubau-fuer-stapo-in-zuerich-west\/","title":{"rendered":"New building for the municipal criminal investigation department"},"content":{"rendered":"<figure id=\"attachment_3766\" aria-describedby=\"caption-attachment-3766\" style=\"width: 680px\" class=\"wp-caption aligncenter\"><img loading=\"lazy\" decoding=\"async\" class=\"size-medium wp-image-3766\" src=\"https:\/\/sicherheitsforum.ch\/wp-content\/uploads\/2017\/01\/170124_Muehleweg-Visualisierung02.jpg\" alt=\"\" width=\"680\" height=\"453\" \/><figcaption id=\"caption-attachment-3766\" class=\"wp-caption-text\">Zurich West: The planned new building of the municipal criminal investigation department of Zurich. Visualization: Penzel Valier<\/figcaption><\/figure>\n<p>Today, the organizational units of the Criminal Investigation Department of the Zurich City Police (Stapo) are spread over several locations and rented in non-city properties - in some cases subletting from the Canton of Zurich With the relocation of the Cantonal Police to the Police and Justice Center (<a href=\"https:\/\/www.hochbauamt.zh.ch\/internet\/baudirektion\/hba\/de\/pjz.html\">PJZ<\/a>), this lease will be terminated, as stated at the recent press conference.<\/p>\n<p>As a replacement for six sites, therefore, a central <a href=\"https:\/\/www.stadt-zuerich.ch\/hbd\/de\/index\/hochbau\/wettbewerbe\/abgeschlossene_wettbewerbe\/kriminalabteilung-stadtpolizei-muehleweg.html\">New construction<\/a> is planned on the municipal property on M\u00fchleweg - between Hardturmstrasse and F\u00f6rrlibuckstrasse - in Zurich West, said security chief Richard Wolff. The property, with about 370 workstations, must be realized by 2021, he said, to ensure the seamless operation of the Criminal Investigation Department. The public building will be located vis-\u00e0-vis the \"<a href=\"https:\/\/www.zhdk.ch\/index.php?id=toni-areal\">Toni-Areal's<\/a>\" realized.<\/p>\n<p><strong>Operational synergies thanks to merger<\/strong><\/p>\n<p>The new building will house offices and ancillary rooms for the investigation and search services, the permanent detective service (detective bureau with 24-hour service), management and administration, detention cells and other premises under one roof. The spatial consolidation of the Criminal Investigation Department would result in valuable operational synergies in terms of cooperation and would also increase operational efficiency, it was emphasized.<\/p>\n<p><strong>Overall performance study instead of project competition <\/strong><\/p>\n<p>The time frame for the implementation of the new building project dictated the procedure for this project, say those responsible. In the case of an overall performance study, not only mature competition entries are required, but also a binding work price and occupancy date, as well as a competent team for the planning and execution of the new building.<\/p>\n<p>The winning team of this project is Erne Bauunternehmung and Penzel Valier. According to the information, the construction costs amount to around 70 million Swiss francs. According to the media release, a total credit of around 85 million francs is expected to be submitted to the electorate one day.<\/p>\n<p><strong>Competition exhibition <\/strong><\/p>\n<p>All projects are on display from Wednesday, January 25, to Sunday, February 5, 2017, in the exhibition room of the Office of Structural Engineering of the City of Zurich, Pavillon Werd, Morgartenstrasse 40, 8004 Zurich (Monday to Friday 4 p.m. to 8 p.m., Saturday\/Sunday 2 p.m. to 6 p.m.)<\/p>\n<p><strong>\u00a0<\/strong><\/p>\n<p>&nbsp;<\/p>\n<p>&nbsp;<\/p>","protected":false},"excerpt":{"rendered":"<p>Heute sind die Organisationseinheiten der Kriminalabteilung der Stadtpolizei (Stapo) Z\u00fcrich auf mehrere Standorte verteilt und in nicht-st\u00e4dtischen Liegenschaften eingemietet \u2013 teilweise zur Untermiete beim Kanton Z\u00fcrich Mit dem Umzug der Kantonspolizei ins Polizei- und Justizzentrum (PJZ) wird dieser Mietvertrag gek\u00fcndigt, wie es an der k\u00fcrzlich durchgef\u00fchrten Pressekonferenz hiess. Als Ersatz f\u00fcr sechs Standorte werde deshalb [&hellip;]<\/p>\n","protected":false},"author":8,"featured_media":3766,"comment_status":"open","ping_status":"open","sticky":false,"template":"","format":"standard","meta":{"_acf_changed":false,"pgc_sgb_lightbox_settings":"","footnotes":""},"categories":[1],"tags":[182,69],"class_list":["post-3765","post","type-post","status-publish","format-standard","has-post-thumbnail","hentry","category-allgemein","tag-bauprojekt","tag-justiz-polizei"],"acf":[],"hkrextid":null,"publication":null,"issue":null,"workflow":null,"startPage":null,"spitzmarke":null,"_posts_by_tag_page_fields":{"widget_title":"","widget_tags":""},"_at_widget":"1","_yoast_wpseo_primary_category":"1","_yoast_wpseo_focuskw_text_input":"Kriminalabteilung","_yoast_wpseo_opengraph-image":null,"_yoast_wpseo_opengraph-description":null,"_yoast_wpseo_opengraph-title":null,"enclosure":null,"_yoast_wpseo_twitter-title":null,"_yoast_wpseo_twitter-description":null,"_yoast_wpseo_twitter-image":null,"_wp_old_slug":null,"_yoast_wpseo_title":null,"_yoast_wpseo_canonical":null,"yoast_head":"<!-- This site is optimized with the Yoast SEO plugin v27.5 - https:\/\/yoast.com\/product\/yoast-seo-wordpress\/ -->\n<title>Neubau f\u00fcr die st\u00e4dtische Kriminalpolizei - Save<\/title>\n<meta name=\"description\" content=\"Die verschiedenen Standorte der Kriminalabteilung der Stadtpolizei Z\u00fcrich z\u00fcgen in einen Neubau, der bis ins Jahr 2021 fertig sein muss.\" \/>\n<meta name=\"robots\" content=\"index, follow, max-snippet:-1, max-image-preview:large, max-video-preview:-1\" \/>\n<link rel=\"canonical\" href=\"https:\/\/news.save.ch\/en\/kripo-neubau-fuer-stapo-in-zuerich-west\/\" \/>\n<meta property=\"og:locale\" content=\"en_US\" \/>\n<meta property=\"og:type\" content=\"article\" \/>\n<meta property=\"og:title\" content=\"Neubau f\u00fcr die st\u00e4dtische Kriminalpolizei - Save\" \/>\n<meta property=\"og:description\" content=\"Die verschiedenen Standorte der Kriminalabteilung der Stadtpolizei Z\u00fcrich z\u00fcgen in einen Neubau, der bis ins Jahr 2021 fertig sein muss.\" \/>\n<meta property=\"og:url\" content=\"https:\/\/news.save.ch\/en\/kripo-neubau-fuer-stapo-in-zuerich-west\/\" \/>\n<meta property=\"og:site_name\" content=\"Save\" \/>\n<meta property=\"article:published_time\" content=\"2017-01-24T14:53:32+00:00\" \/>\n<meta property=\"og:image\" content=\"https:\/\/news.save.ch\/wp-content\/uploads\/2017\/01\/170124_Muehleweg-Visualisierung02-scaled.jpg\" \/>\n\t<meta property=\"og:image:width\" content=\"1400\" \/>\n\t<meta property=\"og:image:height\" content=\"933\" \/>\n\t<meta property=\"og:image:type\" content=\"image\/jpeg\" \/>\n<meta name=\"author\" content=\"Roger Str\u00e4ssle\" \/>\n<meta name=\"twitter:card\" content=\"summary_large_image\" \/>\n<meta name=\"twitter:label1\" content=\"Written by\" \/>\n\t<meta name=\"twitter:data1\" content=\"Roger Str\u00e4ssle\" \/>\n\t<meta name=\"twitter:label2\" content=\"Est. reading time\" \/>\n\t<meta name=\"twitter:data2\" content=\"2 minutes\" \/>\n<script type=\"application\/ld+json\" class=\"yoast-schema-graph\">{\"@context\":\"https:\\\/\\\/schema.org\",\"@graph\":[{\"@type\":\"Article\",\"@id\":\"https:\\\/\\\/news.save.ch\\\/kripo-neubau-fuer-stapo-in-zuerich-west\\\/#article\",\"isPartOf\":{\"@id\":\"https:\\\/\\\/news.save.ch\\\/kripo-neubau-fuer-stapo-in-zuerich-west\\\/\"},\"author\":{\"name\":\"Roger Str\u00e4ssle\",\"@id\":\"https:\\\/\\\/news.save.ch\\\/de\\\/#\\\/schema\\\/person\\\/d5022db048e0e2b9785c50e5b24da5aa\"},\"headline\":\"Neubau f\u00fcr die st\u00e4dtische Kriminalpolizei\",\"datePublished\":\"2017-01-24T14:53:32+00:00\",\"mainEntityOfPage\":{\"@id\":\"https:\\\/\\\/news.save.ch\\\/kripo-neubau-fuer-stapo-in-zuerich-west\\\/\"},\"wordCount\":336,\"commentCount\":0,\"publisher\":{\"@id\":\"https:\\\/\\\/news.save.ch\\\/de\\\/#organization\"},\"image\":{\"@id\":\"https:\\\/\\\/news.save.ch\\\/kripo-neubau-fuer-stapo-in-zuerich-west\\\/#primaryimage\"},\"thumbnailUrl\":\"https:\\\/\\\/news.save.ch\\\/wp-content\\\/uploads\\\/2017\\\/01\\\/170124_Muehleweg-Visualisierung02-scaled.jpg\",\"keywords\":[\"Bauprojekt\",\"Justiz &amp; Polizei\"],\"articleSection\":[\"ALLGEMEIN\"],\"inLanguage\":\"en-US\"},{\"@type\":\"WebPage\",\"@id\":\"https:\\\/\\\/news.save.ch\\\/kripo-neubau-fuer-stapo-in-zuerich-west\\\/\",\"url\":\"https:\\\/\\\/news.save.ch\\\/kripo-neubau-fuer-stapo-in-zuerich-west\\\/\",\"name\":\"Neubau f\u00fcr die st\u00e4dtische Kriminalpolizei - Save\",\"isPartOf\":{\"@id\":\"https:\\\/\\\/news.save.ch\\\/de\\\/#website\"},\"primaryImageOfPage\":{\"@id\":\"https:\\\/\\\/news.save.ch\\\/kripo-neubau-fuer-stapo-in-zuerich-west\\\/#primaryimage\"},\"image\":{\"@id\":\"https:\\\/\\\/news.save.ch\\\/kripo-neubau-fuer-stapo-in-zuerich-west\\\/#primaryimage\"},\"thumbnailUrl\":\"https:\\\/\\\/news.save.ch\\\/wp-content\\\/uploads\\\/2017\\\/01\\\/170124_Muehleweg-Visualisierung02-scaled.jpg\",\"datePublished\":\"2017-01-24T14:53:32+00:00\",\"description\":\"Die verschiedenen Standorte der Kriminalabteilung der Stadtpolizei Z\u00fcrich z\u00fcgen in einen Neubau, der bis ins Jahr 2021 fertig sein muss.\",\"breadcrumb\":{\"@id\":\"https:\\\/\\\/news.save.ch\\\/kripo-neubau-fuer-stapo-in-zuerich-west\\\/#breadcrumb\"},\"inLanguage\":\"en-US\",\"potentialAction\":[{\"@type\":\"ReadAction\",\"target\":[\"https:\\\/\\\/news.save.ch\\\/kripo-neubau-fuer-stapo-in-zuerich-west\\\/\"]}]},{\"@type\":\"ImageObject\",\"inLanguage\":\"en-US\",\"@id\":\"https:\\\/\\\/news.save.ch\\\/kripo-neubau-fuer-stapo-in-zuerich-west\\\/#primaryimage\",\"url\":\"https:\\\/\\\/news.save.ch\\\/wp-content\\\/uploads\\\/2017\\\/01\\\/170124_Muehleweg-Visualisierung02-scaled.jpg\",\"contentUrl\":\"https:\\\/\\\/news.save.ch\\\/wp-content\\\/uploads\\\/2017\\\/01\\\/170124_Muehleweg-Visualisierung02-scaled.jpg\",\"width\":1400,\"height\":933,\"caption\":\"Eingangsbereich Neubau Kriminalabteilung Stadtpolizei Z\u00fcrich, Visualisierung Penzel Valier\"},{\"@type\":\"BreadcrumbList\",\"@id\":\"https:\\\/\\\/news.save.ch\\\/kripo-neubau-fuer-stapo-in-zuerich-west\\\/#breadcrumb\",\"itemListElement\":[{\"@type\":\"ListItem\",\"position\":1,\"name\":\"Home\",\"item\":\"https:\\\/\\\/news.save.ch\\\/de\\\/\"},{\"@type\":\"ListItem\",\"position\":2,\"name\":\"Neubau f\u00fcr die st\u00e4dtische Kriminalpolizei\"}]},{\"@type\":\"WebSite\",\"@id\":\"https:\\\/\\\/news.save.ch\\\/de\\\/#website\",\"url\":\"https:\\\/\\\/news.save.ch\\\/de\\\/\",\"name\":\"Save\",\"description\":\"Schweizer Fachzeitschrift f\u00fcr Sicherheit\",\"publisher\":{\"@id\":\"https:\\\/\\\/news.save.ch\\\/de\\\/#organization\"},\"potentialAction\":[{\"@type\":\"SearchAction\",\"target\":{\"@type\":\"EntryPoint\",\"urlTemplate\":\"https:\\\/\\\/news.save.ch\\\/de\\\/?s={search_term_string}\"},\"query-input\":{\"@type\":\"PropertyValueSpecification\",\"valueRequired\":true,\"valueName\":\"search_term_string\"}}],\"inLanguage\":\"en-US\"},{\"@type\":\"Organization\",\"@id\":\"https:\\\/\\\/news.save.ch\\\/de\\\/#organization\",\"name\":\"Sicherheitsforum\",\"url\":\"https:\\\/\\\/news.save.ch\\\/de\\\/\",\"logo\":{\"@type\":\"ImageObject\",\"inLanguage\":\"en-US\",\"@id\":\"https:\\\/\\\/news.save.ch\\\/de\\\/#\\\/schema\\\/logo\\\/image\\\/\",\"url\":\"https:\\\/\\\/news.save.ch\\\/wp-content\\\/uploads\\\/2022\\\/06\\\/Logo_SF_2012.png\",\"contentUrl\":\"https:\\\/\\\/news.save.ch\\\/wp-content\\\/uploads\\\/2022\\\/06\\\/Logo_SF_2012.png\",\"width\":1100,\"height\":91,\"caption\":\"Sicherheitsforum\"},\"image\":{\"@id\":\"https:\\\/\\\/news.save.ch\\\/de\\\/#\\\/schema\\\/logo\\\/image\\\/\"}},{\"@type\":\"Person\",\"@id\":\"https:\\\/\\\/news.save.ch\\\/de\\\/#\\\/schema\\\/person\\\/d5022db048e0e2b9785c50e5b24da5aa\",\"name\":\"Roger Str\u00e4ssle\",\"image\":{\"@type\":\"ImageObject\",\"inLanguage\":\"en-US\",\"@id\":\"https:\\\/\\\/secure.gravatar.com\\\/avatar\\\/862a5569d087de48e5856e32f45d719a03804c891d6deb8d4f71a660e79e4a47?s=96&d=mm&r=g\",\"url\":\"https:\\\/\\\/secure.gravatar.com\\\/avatar\\\/862a5569d087de48e5856e32f45d719a03804c891d6deb8d4f71a660e79e4a47?s=96&d=mm&r=g\",\"contentUrl\":\"https:\\\/\\\/secure.gravatar.com\\\/avatar\\\/862a5569d087de48e5856e32f45d719a03804c891d6deb8d4f71a660e79e4a47?s=96&d=mm&r=g\",\"caption\":\"Roger Str\u00e4ssle\"},\"url\":\"https:\\\/\\\/news.save.ch\\\/en\\\/author\\\/roger-straessle\\\/\"}]}<\/script>\n<!-- \/ Yoast SEO plugin. -->","yoast_head_json":{"title":"New building for the municipal criminal investigation department - Save","description":"The various locations of the Zurich City Police's Criminal Investigation Department are moving into a new building, which must be completed by 2021.","robots":{"index":"index","follow":"follow","max-snippet":"max-snippet:-1","max-image-preview":"max-image-preview:large","max-video-preview":"max-video-preview:-1"},"canonical":"https:\/\/news.save.ch\/en\/kripo-neubau-fuer-stapo-in-zuerich-west\/","og_locale":"en_US","og_type":"article","og_title":"Neubau f\u00fcr die st\u00e4dtische Kriminalpolizei - Save","og_description":"Die verschiedenen Standorte der Kriminalabteilung der Stadtpolizei Z\u00fcrich z\u00fcgen in einen Neubau, der bis ins Jahr 2021 fertig sein muss.","og_url":"https:\/\/news.save.ch\/en\/kripo-neubau-fuer-stapo-in-zuerich-west\/","og_site_name":"Save","article_published_time":"2017-01-24T14:53:32+00:00","og_image":[{"width":1400,"height":933,"url":"https:\/\/news.save.ch\/wp-content\/uploads\/2017\/01\/170124_Muehleweg-Visualisierung02-scaled.jpg","type":"image\/jpeg"}],"author":"Roger Str\u00e4ssle","twitter_card":"summary_large_image","twitter_misc":{"Written by":"Roger Str\u00e4ssle","Est. reading time":"2 minutes"},"schema":{"@context":"https:\/\/schema.org","@graph":[{"@type":"Article","@id":"https:\/\/news.save.ch\/kripo-neubau-fuer-stapo-in-zuerich-west\/#article","isPartOf":{"@id":"https:\/\/news.save.ch\/kripo-neubau-fuer-stapo-in-zuerich-west\/"},"author":{"name":"Roger Str\u00e4ssle","@id":"https:\/\/news.save.ch\/de\/#\/schema\/person\/d5022db048e0e2b9785c50e5b24da5aa"},"headline":"Neubau f\u00fcr die st\u00e4dtische Kriminalpolizei","datePublished":"2017-01-24T14:53:32+00:00","mainEntityOfPage":{"@id":"https:\/\/news.save.ch\/kripo-neubau-fuer-stapo-in-zuerich-west\/"},"wordCount":336,"commentCount":0,"publisher":{"@id":"https:\/\/news.save.ch\/de\/#organization"},"image":{"@id":"https:\/\/news.save.ch\/kripo-neubau-fuer-stapo-in-zuerich-west\/#primaryimage"},"thumbnailUrl":"https:\/\/news.save.ch\/wp-content\/uploads\/2017\/01\/170124_Muehleweg-Visualisierung02-scaled.jpg","keywords":["Bauprojekt","Justiz &amp; Polizei"],"articleSection":["ALLGEMEIN"],"inLanguage":"en-US"},{"@type":"WebPage","@id":"https:\/\/news.save.ch\/kripo-neubau-fuer-stapo-in-zuerich-west\/","url":"https:\/\/news.save.ch\/kripo-neubau-fuer-stapo-in-zuerich-west\/","name":"New building for the municipal criminal investigation department - Save","isPartOf":{"@id":"https:\/\/news.save.ch\/de\/#website"},"primaryImageOfPage":{"@id":"https:\/\/news.save.ch\/kripo-neubau-fuer-stapo-in-zuerich-west\/#primaryimage"},"image":{"@id":"https:\/\/news.save.ch\/kripo-neubau-fuer-stapo-in-zuerich-west\/#primaryimage"},"thumbnailUrl":"https:\/\/news.save.ch\/wp-content\/uploads\/2017\/01\/170124_Muehleweg-Visualisierung02-scaled.jpg","datePublished":"2017-01-24T14:53:32+00:00","description":"The various locations of the Zurich City Police's Criminal Investigation Department are moving into a new building, which must be completed by 2021.","breadcrumb":{"@id":"https:\/\/news.save.ch\/kripo-neubau-fuer-stapo-in-zuerich-west\/#breadcrumb"},"inLanguage":"en-US","potentialAction":[{"@type":"ReadAction","target":["https:\/\/news.save.ch\/kripo-neubau-fuer-stapo-in-zuerich-west\/"]}]},{"@type":"ImageObject","inLanguage":"en-US","@id":"https:\/\/news.save.ch\/kripo-neubau-fuer-stapo-in-zuerich-west\/#primaryimage","url":"https:\/\/news.save.ch\/wp-content\/uploads\/2017\/01\/170124_Muehleweg-Visualisierung02-scaled.jpg","contentUrl":"https:\/\/news.save.ch\/wp-content\/uploads\/2017\/01\/170124_Muehleweg-Visualisierung02-scaled.jpg","width":1400,"height":933,"caption":"Eingangsbereich Neubau Kriminalabteilung Stadtpolizei Z\u00fcrich, Visualisierung Penzel Valier"},{"@type":"BreadcrumbList","@id":"https:\/\/news.save.ch\/kripo-neubau-fuer-stapo-in-zuerich-west\/#breadcrumb","itemListElement":[{"@type":"ListItem","position":1,"name":"Home","item":"https:\/\/news.save.ch\/de\/"},{"@type":"ListItem","position":2,"name":"Neubau f\u00fcr die st\u00e4dtische Kriminalpolizei"}]},{"@type":"WebSite","@id":"https:\/\/news.save.ch\/de\/#website","url":"https:\/\/news.save.ch\/de\/","name":"Save","description":"Swiss trade journal for safety","publisher":{"@id":"https:\/\/news.save.ch\/de\/#organization"},"potentialAction":[{"@type":"SearchAction","target":{"@type":"EntryPoint","urlTemplate":"https:\/\/news.save.ch\/de\/?s={search_term_string}"},"query-input":{"@type":"PropertyValueSpecification","valueRequired":true,"valueName":"search_term_string"}}],"inLanguage":"en-US"},{"@type":"Organization","@id":"https:\/\/news.save.ch\/de\/#organization","name":"Security Forum","url":"https:\/\/news.save.ch\/de\/","logo":{"@type":"ImageObject","inLanguage":"en-US","@id":"https:\/\/news.save.ch\/de\/#\/schema\/logo\/image\/","url":"https:\/\/news.save.ch\/wp-content\/uploads\/2022\/06\/Logo_SF_2012.png","contentUrl":"https:\/\/news.save.ch\/wp-content\/uploads\/2022\/06\/Logo_SF_2012.png","width":1100,"height":91,"caption":"Sicherheitsforum"},"image":{"@id":"https:\/\/news.save.ch\/de\/#\/schema\/logo\/image\/"}},{"@type":"Person","@id":"https:\/\/news.save.ch\/de\/#\/schema\/person\/d5022db048e0e2b9785c50e5b24da5aa","name":"Roger Str\u00e4ssle","image":{"@type":"ImageObject","inLanguage":"en-US","@id":"https:\/\/secure.gravatar.com\/avatar\/862a5569d087de48e5856e32f45d719a03804c891d6deb8d4f71a660e79e4a47?s=96&d=mm&r=g","url":"https:\/\/secure.gravatar.com\/avatar\/862a5569d087de48e5856e32f45d719a03804c891d6deb8d4f71a660e79e4a47?s=96&d=mm&r=g","contentUrl":"https:\/\/secure.gravatar.com\/avatar\/862a5569d087de48e5856e32f45d719a03804c891d6deb8d4f71a660e79e4a47?s=96&d=mm&r=g","caption":"Roger Str\u00e4ssle"},"url":"https:\/\/news.save.ch\/en\/author\/roger-straessle\/"}]}},"_links":{"self":[{"href":"https:\/\/news.save.ch\/en\/wp-json\/wp\/v2\/posts\/3765","targetHints":{"allow":["GET"]}}],"collection":[{"href":"https:\/\/news.save.ch\/en\/wp-json\/wp\/v2\/posts"}],"about":[{"href":"https:\/\/news.save.ch\/en\/wp-json\/wp\/v2\/types\/post"}],"author":[{"embeddable":true,"href":"https:\/\/news.save.ch\/en\/wp-json\/wp\/v2\/users\/8"}],"replies":[{"embeddable":true,"href":"https:\/\/news.save.ch\/en\/wp-json\/wp\/v2\/comments?post=3765"}],"version-history":[{"count":0,"href":"https:\/\/news.save.ch\/en\/wp-json\/wp\/v2\/posts\/3765\/revisions"}],"wp:featuredmedia":[{"embeddable":true,"href":"https:\/\/news.save.ch\/en\/wp-json\/wp\/v2\/media\/3766"}],"wp:attachment":[{"href":"https:\/\/news.save.ch\/en\/wp-json\/wp\/v2\/media?parent=3765"}],"wp:term":[{"taxonomy":"category","embeddable":true,"href":"https:\/\/news.save.ch\/en\/wp-json\/wp\/v2\/categories?post=3765"},{"taxonomy":"post_tag","embeddable":true,"href":"https:\/\/news.save.ch\/en\/wp-json\/wp\/v2\/tags?post=3765"}],"curies":[{"name":"wp","href":"https:\/\/api.w.org\/{rel}","templated":true}]}}