{"id":3786,"date":"2019-02-19T08:00:25","date_gmt":"2019-02-19T07:00:25","guid":{"rendered":"https:\/\/news.save.ch\/?p=3786"},"modified":"2023-03-14T09:04:04","modified_gmt":"2023-03-14T08:04:04","slug":"neue-vorbilder-in-sachen-sicherheit-und-gesundheit-bei-der-arbeit-gesucht","status":null,"type":"post","link":"https:\/\/news.save.ch\/en\/neue-vorbilder-in-sachen-sicherheit-und-gesundheit-bei-der-arbeit-gesucht\/","title":{"rendered":"New role models in occupational safety and health sought"},"content":{"rendered":"<figure id=\"attachment_3789\" aria-describedby=\"caption-attachment-3789\" style=\"width: 680px\" class=\"wp-caption alignnone\"><img loading=\"lazy\" decoding=\"async\" class=\"size-medium wp-image-3789\" src=\"http:\/\/develop.safety-plus.ch\/wp-content\/uploads\/2019\/02\/Depositphotos_Kuzmafoto.jpg\" alt=\"\" width=\"680\" height=\"453\" \/><figcaption id=\"caption-attachment-3789\" class=\"wp-caption-text\">The award highlights ways to be proactive and effective in dealing with challenges around occupational safety and health. \u00a9Depositphotos\/Kuzmafoto<\/figcaption><\/figure>\n<p>The German Occupational Safety and Health Award recognizes companies of all sizes and sectors based in Germany, as well as individuals, who show a particular commitment to safety and health at work. The award shows ways to deal proactively and effectively with the challenges around <a href=\"https:\/\/news.save.ch\/en\/arbeitssicherheit-und-gesundheitsschutz-in-betrieben-der-fleischwirtschaft\/\" target=\"_blank\" rel=\"noopener\">Safety and health<\/a> at work. The focus is on the message that systematic occupational safety and health protection pay off. They protect employees and thus secure the company's competitiveness. In 2019, exemplary solutions that have been developed and implemented will be honored in five categories: From far-reaching management solutions to creative and innovative solutions at the plant level, from behavior- and relationship-changing measures to measures that address the protection, safety and health of individuals. One start-up company will receive an additional foundation award from Messe D\u00fcsseldorf.<\/p>\n<p>The German Occupational Safety and Health Award 2019 will be presented at a festive award ceremony on November 5, 2019 at the <a href=\"https:\/\/news.save.ch\/en\/von-profi-zu-profi\/\" target=\"_blank\" rel=\"noopener\">Trade fair<\/a> A+A in D\u00fcsseldorf (Germany). The entries will be judged by an independent jury of experts comprising personalities from business, politics, associations and science. In total, there is prize money worth 50,000 euros up for grabs.<\/p>\n<p>The German Occupational Safety Award is part of the Joint German Occupational Safety Strategy <a href=\"http:\/\/www.gda-portal.de\/DE\/Home\/Home_node.html\" target=\"_blank\" rel=\"noopener\">(GDA)<\/a>. Within the GDA, the German Federal Ministry of Labor and Social Affairs <a href=\"https:\/\/www.bmas.de\/DE\/Startseite\/start.html\" target=\"_blank\" rel=\"noopener\">(BMAS)<\/a>, the L\u00e4nder Committee for Occupational Health and Safety and Safety Technology <a href=\"https:\/\/www.lasi-info.com\/start\/?no_cache=1\" target=\"_blank\" rel=\"noopener\">(LASI)<\/a> and the German Social Accident Insurance <a href=\"https:\/\/www.dguv.de\/de\/index.jsp\" target=\"_blank\" rel=\"noopener\">(DGUV)<\/a> their activities in the field of occupational safety and health. They jointly organize the German Occupational Safety Award.<\/p>\n<p>The official media partner of the German Occupational Safety and Health Award is Messe D\u00fcsseldorf. As a long-standing organizer of A+A, Messe D\u00fcsseldorf supports the objectives of the organizers in the area of award and event communication around the topic of safety and health at work.<\/p>\n<p>&nbsp;<\/p>\n<p><strong>More info<\/strong><\/p>\n<p><a href=\"http:\/\/www.deutscher-arbeitsschutzpreis.de\/\">www.deutscher-arbeitsschutzpreis.de<\/a><\/p>","protected":false},"excerpt":{"rendered":"<p>Der Deutsche Arbeitsschutzpreis zeichnet in Deutschland ans\u00e4ssige Unternehmen aller Gr\u00f6ssen und Branchen sowie Einzelpersonen aus, die sich in besonderem Masse f\u00fcr Sicherheit und Gesundheit bei der Arbeit engagieren. Der Preis zeigt Wege auf, vorausschauend und effektiv mit den Herausforderungen rund um Sicherheit und Gesundheit bei der Arbeit umzugehen. Im Mittelpunkt steht die Botschaft, dass sich [&hellip;]<\/p>\n","protected":false},"author":1,"featured_media":3789,"comment_status":"open","ping_status":"open","sticky":false,"template":"","format":"standard","meta":{"_acf_changed":false,"pgc_sgb_lightbox_settings":"","footnotes":""},"categories":[1,3314],"tags":[1664,172,1678,759,2159,2710,65,160,3248],"class_list":["post-3786","post","type-post","status-publish","format-standard","has-post-thumbnail","hentry","category-allgemein","category-health-safety","tag-arbeitsschutz","tag-arbeitssicherheit","tag-arbeitszeit","tag-fachmesse","tag-gesundheit","tag-preisverleihungszeremonie","tag-unternehmen","tag-veranstaltungen","tag-wettbewerb"],"acf":[],"hkrextid":null,"publication":null,"issue":null,"workflow":null,"startPage":null,"spitzmarke":null,"_posts_by_tag_page_fields":{"widget_title":"","widget_tags":""},"_at_widget":"1","_yoast_wpseo_primary_category":"1","_yoast_wpseo_focuskw_text_input":"Der Deutsche Arbeitsschutzpreis 2019","_yoast_wpseo_opengraph-image":null,"_yoast_wpseo_opengraph-description":null,"_yoast_wpseo_opengraph-title":null,"enclosure":null,"_yoast_wpseo_twitter-title":null,"_yoast_wpseo_twitter-description":null,"_yoast_wpseo_twitter-image":null,"_wp_old_slug":null,"_yoast_wpseo_title":null,"_yoast_wpseo_canonical":null,"yoast_head":"<!-- This site is optimized with the Yoast SEO plugin v27.5 - https:\/\/yoast.com\/product\/yoast-seo-wordpress\/ -->\n<title>Neue Vorbilder in Sachen Sicherheit und Gesundheit bei der Arbeit gesucht - Save<\/title>\n<meta name=\"description\" content=\"Der Preis zeigt Wege auf, vorausschauend und effektiv mit den Herausforderungen rund um Sicherheit und Gesundheit bei der Arbeit umzugehen.\" \/>\n<meta name=\"robots\" content=\"index, follow, max-snippet:-1, max-image-preview:large, max-video-preview:-1\" \/>\n<link rel=\"canonical\" href=\"https:\/\/news.save.ch\/en\/neue-vorbilder-in-sachen-sicherheit-und-gesundheit-bei-der-arbeit-gesucht\/\" \/>\n<meta property=\"og:locale\" content=\"en_US\" \/>\n<meta property=\"og:type\" content=\"article\" \/>\n<meta property=\"og:title\" content=\"Neue Vorbilder in Sachen Sicherheit und Gesundheit bei der Arbeit gesucht - Save\" \/>\n<meta property=\"og:description\" content=\"Der Preis zeigt Wege auf, vorausschauend und effektiv mit den Herausforderungen rund um Sicherheit und Gesundheit bei der Arbeit umzugehen.\" \/>\n<meta property=\"og:url\" content=\"https:\/\/news.save.ch\/en\/neue-vorbilder-in-sachen-sicherheit-und-gesundheit-bei-der-arbeit-gesucht\/\" \/>\n<meta property=\"og:site_name\" content=\"Save\" \/>\n<meta property=\"article:published_time\" content=\"2019-02-19T07:00:25+00:00\" \/>\n<meta property=\"article:modified_time\" content=\"2023-03-14T08:04:04+00:00\" \/>\n<meta property=\"og:image\" content=\"https:\/\/news.save.ch\/wp-content\/uploads\/2019\/02\/Depositphotos_Kuzmafoto-scaled-1.jpg\" \/>\n\t<meta property=\"og:image:width\" content=\"1200\" \/>\n\t<meta property=\"og:image:height\" content=\"800\" \/>\n\t<meta property=\"og:image:type\" content=\"image\/jpeg\" \/>\n<meta name=\"author\" content=\"admin\" \/>\n<meta name=\"twitter:card\" content=\"summary_large_image\" \/>\n<meta name=\"twitter:label1\" content=\"Written by\" \/>\n\t<meta name=\"twitter:data1\" content=\"admin\" \/>\n\t<meta name=\"twitter:label2\" content=\"Est. reading time\" \/>\n\t<meta name=\"twitter:data2\" content=\"2 minutes\" \/>\n<script type=\"application\/ld+json\" class=\"yoast-schema-graph\">{\"@context\":\"https:\\\/\\\/schema.org\",\"@graph\":[{\"@type\":\"Article\",\"@id\":\"https:\\\/\\\/news.save.ch\\\/neue-vorbilder-in-sachen-sicherheit-und-gesundheit-bei-der-arbeit-gesucht\\\/#article\",\"isPartOf\":{\"@id\":\"https:\\\/\\\/news.save.ch\\\/neue-vorbilder-in-sachen-sicherheit-und-gesundheit-bei-der-arbeit-gesucht\\\/\"},\"author\":{\"name\":\"admin\",\"@id\":\"https:\\\/\\\/news.save.ch\\\/de\\\/#\\\/schema\\\/person\\\/d49e199490bad7c70d64b9ab51142f2b\"},\"headline\":\"Neue Vorbilder in Sachen Sicherheit und Gesundheit bei der Arbeit gesucht\",\"datePublished\":\"2019-02-19T07:00:25+00:00\",\"dateModified\":\"2023-03-14T08:04:04+00:00\",\"mainEntityOfPage\":{\"@id\":\"https:\\\/\\\/news.save.ch\\\/neue-vorbilder-in-sachen-sicherheit-und-gesundheit-bei-der-arbeit-gesucht\\\/\"},\"wordCount\":334,\"commentCount\":0,\"publisher\":{\"@id\":\"https:\\\/\\\/news.save.ch\\\/de\\\/#organization\"},\"image\":{\"@id\":\"https:\\\/\\\/news.save.ch\\\/neue-vorbilder-in-sachen-sicherheit-und-gesundheit-bei-der-arbeit-gesucht\\\/#primaryimage\"},\"thumbnailUrl\":\"https:\\\/\\\/news.save.ch\\\/wp-content\\\/uploads\\\/2019\\\/02\\\/Depositphotos_Kuzmafoto-scaled-1.jpg\",\"keywords\":[\"Arbeitsschutz\",\"Arbeitssicherheit\",\"Arbeitszeit\",\"Fachmesse\",\"Gesundheit\",\"Preisverleihungszeremonie\",\"Unternehmen\",\"Veranstaltungen\",\"Wettbewerb\"],\"articleSection\":[\"ALLGEMEIN\",\"HEALTH &amp; SAFETY\"],\"inLanguage\":\"en-US\"},{\"@type\":\"WebPage\",\"@id\":\"https:\\\/\\\/news.save.ch\\\/neue-vorbilder-in-sachen-sicherheit-und-gesundheit-bei-der-arbeit-gesucht\\\/\",\"url\":\"https:\\\/\\\/news.save.ch\\\/neue-vorbilder-in-sachen-sicherheit-und-gesundheit-bei-der-arbeit-gesucht\\\/\",\"name\":\"Neue Vorbilder in Sachen Sicherheit und Gesundheit bei der Arbeit gesucht - Save\",\"isPartOf\":{\"@id\":\"https:\\\/\\\/news.save.ch\\\/de\\\/#website\"},\"primaryImageOfPage\":{\"@id\":\"https:\\\/\\\/news.save.ch\\\/neue-vorbilder-in-sachen-sicherheit-und-gesundheit-bei-der-arbeit-gesucht\\\/#primaryimage\"},\"image\":{\"@id\":\"https:\\\/\\\/news.save.ch\\\/neue-vorbilder-in-sachen-sicherheit-und-gesundheit-bei-der-arbeit-gesucht\\\/#primaryimage\"},\"thumbnailUrl\":\"https:\\\/\\\/news.save.ch\\\/wp-content\\\/uploads\\\/2019\\\/02\\\/Depositphotos_Kuzmafoto-scaled-1.jpg\",\"datePublished\":\"2019-02-19T07:00:25+00:00\",\"dateModified\":\"2023-03-14T08:04:04+00:00\",\"description\":\"Der Preis zeigt Wege auf, vorausschauend und effektiv mit den Herausforderungen rund um Sicherheit und Gesundheit bei der Arbeit umzugehen.\",\"breadcrumb\":{\"@id\":\"https:\\\/\\\/news.save.ch\\\/neue-vorbilder-in-sachen-sicherheit-und-gesundheit-bei-der-arbeit-gesucht\\\/#breadcrumb\"},\"inLanguage\":\"en-US\",\"potentialAction\":[{\"@type\":\"ReadAction\",\"target\":[\"https:\\\/\\\/news.save.ch\\\/neue-vorbilder-in-sachen-sicherheit-und-gesundheit-bei-der-arbeit-gesucht\\\/\"]}]},{\"@type\":\"ImageObject\",\"inLanguage\":\"en-US\",\"@id\":\"https:\\\/\\\/news.save.ch\\\/neue-vorbilder-in-sachen-sicherheit-und-gesundheit-bei-der-arbeit-gesucht\\\/#primaryimage\",\"url\":\"https:\\\/\\\/news.save.ch\\\/wp-content\\\/uploads\\\/2019\\\/02\\\/Depositphotos_Kuzmafoto-scaled-1.jpg\",\"contentUrl\":\"https:\\\/\\\/news.save.ch\\\/wp-content\\\/uploads\\\/2019\\\/02\\\/Depositphotos_Kuzmafoto-scaled-1.jpg\",\"width\":1200,\"height\":800,\"caption\":\"Der Preis zeigt Wege auf, vorausschauend und effektiv mit den Herausforderungen rund um Sicherheit und Gesundheit bei der Arbeit umzugehen. \u00a9Depositphotos\\\/Kuzmafoto\"},{\"@type\":\"BreadcrumbList\",\"@id\":\"https:\\\/\\\/news.save.ch\\\/neue-vorbilder-in-sachen-sicherheit-und-gesundheit-bei-der-arbeit-gesucht\\\/#breadcrumb\",\"itemListElement\":[{\"@type\":\"ListItem\",\"position\":1,\"name\":\"Home\",\"item\":\"https:\\\/\\\/news.save.ch\\\/de\\\/\"},{\"@type\":\"ListItem\",\"position\":2,\"name\":\"Neue Vorbilder in Sachen Sicherheit und Gesundheit bei der Arbeit gesucht\"}]},{\"@type\":\"WebSite\",\"@id\":\"https:\\\/\\\/news.save.ch\\\/de\\\/#website\",\"url\":\"https:\\\/\\\/news.save.ch\\\/de\\\/\",\"name\":\"Save\",\"description\":\"Schweizer Fachzeitschrift f\u00fcr Sicherheit\",\"publisher\":{\"@id\":\"https:\\\/\\\/news.save.ch\\\/de\\\/#organization\"},\"potentialAction\":[{\"@type\":\"SearchAction\",\"target\":{\"@type\":\"EntryPoint\",\"urlTemplate\":\"https:\\\/\\\/news.save.ch\\\/de\\\/?s={search_term_string}\"},\"query-input\":{\"@type\":\"PropertyValueSpecification\",\"valueRequired\":true,\"valueName\":\"search_term_string\"}}],\"inLanguage\":\"en-US\"},{\"@type\":\"Organization\",\"@id\":\"https:\\\/\\\/news.save.ch\\\/de\\\/#organization\",\"name\":\"Sicherheitsforum\",\"url\":\"https:\\\/\\\/news.save.ch\\\/de\\\/\",\"logo\":{\"@type\":\"ImageObject\",\"inLanguage\":\"en-US\",\"@id\":\"https:\\\/\\\/news.save.ch\\\/de\\\/#\\\/schema\\\/logo\\\/image\\\/\",\"url\":\"https:\\\/\\\/news.save.ch\\\/wp-content\\\/uploads\\\/2022\\\/06\\\/Logo_SF_2012.png\",\"contentUrl\":\"https:\\\/\\\/news.save.ch\\\/wp-content\\\/uploads\\\/2022\\\/06\\\/Logo_SF_2012.png\",\"width\":1100,\"height\":91,\"caption\":\"Sicherheitsforum\"},\"image\":{\"@id\":\"https:\\\/\\\/news.save.ch\\\/de\\\/#\\\/schema\\\/logo\\\/image\\\/\"}},{\"@type\":\"Person\",\"@id\":\"https:\\\/\\\/news.save.ch\\\/de\\\/#\\\/schema\\\/person\\\/d49e199490bad7c70d64b9ab51142f2b\",\"name\":\"admin\",\"image\":{\"@type\":\"ImageObject\",\"inLanguage\":\"en-US\",\"@id\":\"https:\\\/\\\/secure.gravatar.com\\\/avatar\\\/ae2f4d718e6c49043e314ce431e7e645d646302a24a5ef5a8bc8e3f5a032e319?s=96&d=mm&r=g\",\"url\":\"https:\\\/\\\/secure.gravatar.com\\\/avatar\\\/ae2f4d718e6c49043e314ce431e7e645d646302a24a5ef5a8bc8e3f5a032e319?s=96&d=mm&r=g\",\"contentUrl\":\"https:\\\/\\\/secure.gravatar.com\\\/avatar\\\/ae2f4d718e6c49043e314ce431e7e645d646302a24a5ef5a8bc8e3f5a032e319?s=96&d=mm&r=g\",\"caption\":\"admin\"},\"sameAs\":[\"https:\\\/\\\/develop.organisator.galledia.ch\"],\"url\":\"https:\\\/\\\/news.save.ch\\\/en\\\/author\\\/admin\\\/\"}]}<\/script>\n<!-- \/ Yoast SEO plugin. -->","yoast_head_json":{"title":"New role models sought in occupational safety and health - Save","description":"The award highlights ways to proactively and effectively deal with the challenges around occupational safety and health.","robots":{"index":"index","follow":"follow","max-snippet":"max-snippet:-1","max-image-preview":"max-image-preview:large","max-video-preview":"max-video-preview:-1"},"canonical":"https:\/\/news.save.ch\/en\/neue-vorbilder-in-sachen-sicherheit-und-gesundheit-bei-der-arbeit-gesucht\/","og_locale":"en_US","og_type":"article","og_title":"Neue Vorbilder in Sachen Sicherheit und Gesundheit bei der Arbeit gesucht - Save","og_description":"Der Preis zeigt Wege auf, vorausschauend und effektiv mit den Herausforderungen rund um Sicherheit und Gesundheit bei der Arbeit umzugehen.","og_url":"https:\/\/news.save.ch\/en\/neue-vorbilder-in-sachen-sicherheit-und-gesundheit-bei-der-arbeit-gesucht\/","og_site_name":"Save","article_published_time":"2019-02-19T07:00:25+00:00","article_modified_time":"2023-03-14T08:04:04+00:00","og_image":[{"width":1200,"height":800,"url":"https:\/\/news.save.ch\/wp-content\/uploads\/2019\/02\/Depositphotos_Kuzmafoto-scaled-1.jpg","type":"image\/jpeg"}],"author":"admin","twitter_card":"summary_large_image","twitter_misc":{"Written by":"admin","Est. reading time":"2 minutes"},"schema":{"@context":"https:\/\/schema.org","@graph":[{"@type":"Article","@id":"https:\/\/news.save.ch\/neue-vorbilder-in-sachen-sicherheit-und-gesundheit-bei-der-arbeit-gesucht\/#article","isPartOf":{"@id":"https:\/\/news.save.ch\/neue-vorbilder-in-sachen-sicherheit-und-gesundheit-bei-der-arbeit-gesucht\/"},"author":{"name":"admin","@id":"https:\/\/news.save.ch\/de\/#\/schema\/person\/d49e199490bad7c70d64b9ab51142f2b"},"headline":"Neue Vorbilder in Sachen Sicherheit und Gesundheit bei der Arbeit gesucht","datePublished":"2019-02-19T07:00:25+00:00","dateModified":"2023-03-14T08:04:04+00:00","mainEntityOfPage":{"@id":"https:\/\/news.save.ch\/neue-vorbilder-in-sachen-sicherheit-und-gesundheit-bei-der-arbeit-gesucht\/"},"wordCount":334,"commentCount":0,"publisher":{"@id":"https:\/\/news.save.ch\/de\/#organization"},"image":{"@id":"https:\/\/news.save.ch\/neue-vorbilder-in-sachen-sicherheit-und-gesundheit-bei-der-arbeit-gesucht\/#primaryimage"},"thumbnailUrl":"https:\/\/news.save.ch\/wp-content\/uploads\/2019\/02\/Depositphotos_Kuzmafoto-scaled-1.jpg","keywords":["Arbeitsschutz","Arbeitssicherheit","Arbeitszeit","Fachmesse","Gesundheit","Preisverleihungszeremonie","Unternehmen","Veranstaltungen","Wettbewerb"],"articleSection":["ALLGEMEIN","HEALTH &amp; SAFETY"],"inLanguage":"en-US"},{"@type":"WebPage","@id":"https:\/\/news.save.ch\/neue-vorbilder-in-sachen-sicherheit-und-gesundheit-bei-der-arbeit-gesucht\/","url":"https:\/\/news.save.ch\/neue-vorbilder-in-sachen-sicherheit-und-gesundheit-bei-der-arbeit-gesucht\/","name":"New role models sought in occupational safety and health - Save","isPartOf":{"@id":"https:\/\/news.save.ch\/de\/#website"},"primaryImageOfPage":{"@id":"https:\/\/news.save.ch\/neue-vorbilder-in-sachen-sicherheit-und-gesundheit-bei-der-arbeit-gesucht\/#primaryimage"},"image":{"@id":"https:\/\/news.save.ch\/neue-vorbilder-in-sachen-sicherheit-und-gesundheit-bei-der-arbeit-gesucht\/#primaryimage"},"thumbnailUrl":"https:\/\/news.save.ch\/wp-content\/uploads\/2019\/02\/Depositphotos_Kuzmafoto-scaled-1.jpg","datePublished":"2019-02-19T07:00:25+00:00","dateModified":"2023-03-14T08:04:04+00:00","description":"The award highlights ways to proactively and effectively deal with the challenges around occupational safety and health.","breadcrumb":{"@id":"https:\/\/news.save.ch\/neue-vorbilder-in-sachen-sicherheit-und-gesundheit-bei-der-arbeit-gesucht\/#breadcrumb"},"inLanguage":"en-US","potentialAction":[{"@type":"ReadAction","target":["https:\/\/news.save.ch\/neue-vorbilder-in-sachen-sicherheit-und-gesundheit-bei-der-arbeit-gesucht\/"]}]},{"@type":"ImageObject","inLanguage":"en-US","@id":"https:\/\/news.save.ch\/neue-vorbilder-in-sachen-sicherheit-und-gesundheit-bei-der-arbeit-gesucht\/#primaryimage","url":"https:\/\/news.save.ch\/wp-content\/uploads\/2019\/02\/Depositphotos_Kuzmafoto-scaled-1.jpg","contentUrl":"https:\/\/news.save.ch\/wp-content\/uploads\/2019\/02\/Depositphotos_Kuzmafoto-scaled-1.jpg","width":1200,"height":800,"caption":"Der Preis zeigt Wege auf, vorausschauend und effektiv mit den Herausforderungen rund um Sicherheit und Gesundheit bei der Arbeit umzugehen. \u00a9Depositphotos\/Kuzmafoto"},{"@type":"BreadcrumbList","@id":"https:\/\/news.save.ch\/neue-vorbilder-in-sachen-sicherheit-und-gesundheit-bei-der-arbeit-gesucht\/#breadcrumb","itemListElement":[{"@type":"ListItem","position":1,"name":"Home","item":"https:\/\/news.save.ch\/de\/"},{"@type":"ListItem","position":2,"name":"Neue Vorbilder in Sachen Sicherheit und Gesundheit bei der Arbeit gesucht"}]},{"@type":"WebSite","@id":"https:\/\/news.save.ch\/de\/#website","url":"https:\/\/news.save.ch\/de\/","name":"Save","description":"Swiss trade journal for safety","publisher":{"@id":"https:\/\/news.save.ch\/de\/#organization"},"potentialAction":[{"@type":"SearchAction","target":{"@type":"EntryPoint","urlTemplate":"https:\/\/news.save.ch\/de\/?s={search_term_string}"},"query-input":{"@type":"PropertyValueSpecification","valueRequired":true,"valueName":"search_term_string"}}],"inLanguage":"en-US"},{"@type":"Organization","@id":"https:\/\/news.save.ch\/de\/#organization","name":"Security Forum","url":"https:\/\/news.save.ch\/de\/","logo":{"@type":"ImageObject","inLanguage":"en-US","@id":"https:\/\/news.save.ch\/de\/#\/schema\/logo\/image\/","url":"https:\/\/news.save.ch\/wp-content\/uploads\/2022\/06\/Logo_SF_2012.png","contentUrl":"https:\/\/news.save.ch\/wp-content\/uploads\/2022\/06\/Logo_SF_2012.png","width":1100,"height":91,"caption":"Sicherheitsforum"},"image":{"@id":"https:\/\/news.save.ch\/de\/#\/schema\/logo\/image\/"}},{"@type":"Person","@id":"https:\/\/news.save.ch\/de\/#\/schema\/person\/d49e199490bad7c70d64b9ab51142f2b","name":"admin","image":{"@type":"ImageObject","inLanguage":"en-US","@id":"https:\/\/secure.gravatar.com\/avatar\/ae2f4d718e6c49043e314ce431e7e645d646302a24a5ef5a8bc8e3f5a032e319?s=96&d=mm&r=g","url":"https:\/\/secure.gravatar.com\/avatar\/ae2f4d718e6c49043e314ce431e7e645d646302a24a5ef5a8bc8e3f5a032e319?s=96&d=mm&r=g","contentUrl":"https:\/\/secure.gravatar.com\/avatar\/ae2f4d718e6c49043e314ce431e7e645d646302a24a5ef5a8bc8e3f5a032e319?s=96&d=mm&r=g","caption":"admin"},"sameAs":["https:\/\/develop.organisator.galledia.ch"],"url":"https:\/\/news.save.ch\/en\/author\/admin\/"}]}},"_links":{"self":[{"href":"https:\/\/news.save.ch\/en\/wp-json\/wp\/v2\/posts\/3786","targetHints":{"allow":["GET"]}}],"collection":[{"href":"https:\/\/news.save.ch\/en\/wp-json\/wp\/v2\/posts"}],"about":[{"href":"https:\/\/news.save.ch\/en\/wp-json\/wp\/v2\/types\/post"}],"author":[{"embeddable":true,"href":"https:\/\/news.save.ch\/en\/wp-json\/wp\/v2\/users\/1"}],"replies":[{"embeddable":true,"href":"https:\/\/news.save.ch\/en\/wp-json\/wp\/v2\/comments?post=3786"}],"version-history":[{"count":1,"href":"https:\/\/news.save.ch\/en\/wp-json\/wp\/v2\/posts\/3786\/revisions"}],"predecessor-version":[{"id":18272,"href":"https:\/\/news.save.ch\/en\/wp-json\/wp\/v2\/posts\/3786\/revisions\/18272"}],"wp:featuredmedia":[{"embeddable":true,"href":"https:\/\/news.save.ch\/en\/wp-json\/wp\/v2\/media\/3789"}],"wp:attachment":[{"href":"https:\/\/news.save.ch\/en\/wp-json\/wp\/v2\/media?parent=3786"}],"wp:term":[{"taxonomy":"category","embeddable":true,"href":"https:\/\/news.save.ch\/en\/wp-json\/wp\/v2\/categories?post=3786"},{"taxonomy":"post_tag","embeddable":true,"href":"https:\/\/news.save.ch\/en\/wp-json\/wp\/v2\/tags?post=3786"}],"curies":[{"name":"wp","href":"https:\/\/api.w.org\/{rel}","templated":true}]}}