{"id":3875,"date":"2019-03-09T08:00:06","date_gmt":"2019-03-09T07:00:06","guid":{"rendered":"https:\/\/news.save.ch\/?p=3875"},"modified":"2023-03-14T09:04:03","modified_gmt":"2023-03-14T08:04:03","slug":"hoehere-unfallzahlen-durch-aussergewoehnlich-schoenes-wetter","status":null,"type":"post","link":"https:\/\/news.save.ch\/en\/hoehere-unfallzahlen-durch-aussergewoehnlich-schoenes-wetter\/","title":{"rendered":"Higher accident figures due to exceptionally fine weather"},"content":{"rendered":"<figure id=\"attachment_3877\" aria-describedby=\"caption-attachment-3877\" style=\"width: 680px\" class=\"wp-caption alignnone\"><img loading=\"lazy\" decoding=\"async\" class=\"size-medium wp-image-3877\" src=\"http:\/\/develop.safety-plus.ch\/wp-content\/uploads\/2019\/03\/Depositphotos_mihtiander.jpg\" alt=\"\" width=\"680\" height=\"453\" \/><figcaption id=\"caption-attachment-3877\" class=\"wp-caption-text\">According to MeteoSwiss, it was the fourth year in a row with well above-average temperatures. \u00a9 Depositphotos\/mihtiander<\/figcaption><\/figure>\n<p>In 2018, the <a href=\"https:\/\/news.save.ch\/en\/100-jahre-suva\/\" target=\"_blank\" rel=\"noopener\">Suva<\/a> over 474,000 accidents among its insured. This is 2.0 percent more than in the previous year. The number of occupational accidents rose by 1.9 percent, which is in line with the increase in the number of employees according to the Swiss Federal Statistical Office (BSF). The number of non-occupational accidents, on the other hand, recorded an increase of 2.7 percent and is higher than the increase in the number of employees. The reason for this is likely to be the exceptionally beautiful and warm summer of 2018. The <a href=\"https:\/\/news.save.ch\/en\/bfu-will-anzahl-sportunfaelle-verringern\/\" target=\"_blank\" rel=\"noopener\">Accidents<\/a> in persons registered as unemployed decreased by 6.9 percent compared with the previous year. This can be attributed to the good economic situation and the decline in the unemployment rate.<\/p>\n<p><strong>More accidents due to exceptionally nice weather<\/strong><\/p>\n<p>Snowy in winter and extremely dry, warm and sunny in summer - that was the picture of 2018 in Switzerland. According to MeteoSwiss, it was the fourth year in a row with well above-average temperatures.<\/p>\n<p>In contrast to the <a href=\"https:\/\/news.save.ch\/en\/neuer-direktor-beim-bfu-ab-2019\/\" target=\"_blank\" rel=\"noopener\">Occupational accidents<\/a> the number of leisure accidents has increased in recent years. Today, around 60 percent of accidents occur during leisure time and 40 percent at work. With 276,317 non-work accidents among its insured, Suva recorded a significant increase compared to the previous year (+ 2.7 percent). \"Due to the nice weather, people spent more time outdoors - be it on hiking trails, bike trails or on the ski slopes,\" says Peter Andermatt, Suva's statistician. \"Accordingly, more accidents also happened.\"<\/p>\n<p><strong>More info <\/strong><\/p>\n<p><a href=\"https:\/\/www.suva.ch\/de-ch\/die-suva\/news-und-medien\/medien\/2019\/01\/30\/unfallzahlen-2018\" target=\"_blank\" rel=\"noopener\"><strong>www.suva.ch<\/strong> <\/a><\/p>","protected":false},"excerpt":{"rendered":"<p>2018 registrierte die Suva \u00fcber 474 000 Unf\u00e4lle bei ihren Versicherten. Das sind 2,0 Prozent mehr als im Vorjahr. Die Zahl der Berufsunf\u00e4lle stieg um 1,9 Prozent, was sich mit der Zunahme der Anzahl Besch\u00e4ftigten gem\u00e4ss Bundesamt f\u00fcr Statistik (BSF) deckt. Die Zahl der Nichtberufsunf\u00e4lle hingegen verzeichnete einen Anstieg um 2,7 Prozent und ist h\u00f6her [&hellip;]<\/p>\n","protected":false},"author":1,"featured_media":3877,"comment_status":"open","ping_status":"open","sticky":false,"template":"","format":"standard","meta":{"_acf_changed":false,"pgc_sgb_lightbox_settings":"","footnotes":""},"categories":[1,3314],"tags":[120,149,175,2855,2945,176,167,181],"class_list":["post-3875","post","type-post","status-publish","format-standard","has-post-thumbnail","hentry","category-allgemein","category-health-safety","tag-bundesamt","tag-gesundheitsschutz","tag-nichtberufsunfaelle","tag-schoenes-wetter","tag-sommer","tag-sportunfaelle","tag-suva","tag-versicherung"],"acf":[],"hkrextid":null,"publication":null,"issue":null,"workflow":null,"startPage":null,"spitzmarke":null,"_posts_by_tag_page_fields":{"widget_title":"","widget_tags":""},"_at_widget":"1","_yoast_wpseo_primary_category":"1","_yoast_wpseo_focuskw_text_input":"Unf\u00e4lle","_yoast_wpseo_opengraph-image":null,"_yoast_wpseo_opengraph-description":null,"_yoast_wpseo_opengraph-title":null,"enclosure":null,"_yoast_wpseo_twitter-title":null,"_yoast_wpseo_twitter-description":null,"_yoast_wpseo_twitter-image":null,"_wp_old_slug":null,"_yoast_wpseo_title":null,"_yoast_wpseo_canonical":null,"yoast_head":"<!-- This site is optimized with the Yoast SEO plugin v27.5 - https:\/\/yoast.com\/product\/yoast-seo-wordpress\/ -->\n<title>H\u00f6here Unfallzahlen durch aussergew\u00f6hnlich sch\u00f6nes Wetter - Save<\/title>\n<meta name=\"description\" content=\"2018 verunfallten deutlich mehr Versicherte der Suva beim Biken und Velofahren sowie beim Wandern und Spazieren.\" \/>\n<meta name=\"robots\" content=\"index, follow, max-snippet:-1, max-image-preview:large, max-video-preview:-1\" \/>\n<link rel=\"canonical\" href=\"https:\/\/news.save.ch\/en\/hoehere-unfallzahlen-durch-aussergewoehnlich-schoenes-wetter\/\" \/>\n<meta property=\"og:locale\" content=\"en_US\" \/>\n<meta property=\"og:type\" content=\"article\" \/>\n<meta property=\"og:title\" content=\"H\u00f6here Unfallzahlen durch aussergew\u00f6hnlich sch\u00f6nes Wetter - Save\" \/>\n<meta property=\"og:description\" content=\"2018 verunfallten deutlich mehr Versicherte der Suva beim Biken und Velofahren sowie beim Wandern und Spazieren.\" \/>\n<meta property=\"og:url\" content=\"https:\/\/news.save.ch\/en\/hoehere-unfallzahlen-durch-aussergewoehnlich-schoenes-wetter\/\" \/>\n<meta property=\"og:site_name\" content=\"Save\" \/>\n<meta property=\"article:published_time\" content=\"2019-03-09T07:00:06+00:00\" \/>\n<meta property=\"article:modified_time\" content=\"2023-03-14T08:04:03+00:00\" \/>\n<meta property=\"og:image\" content=\"https:\/\/news.save.ch\/wp-content\/uploads\/2019\/03\/Depositphotos_mihtiander-scaled-1.jpg\" \/>\n\t<meta property=\"og:image:width\" content=\"1200\" \/>\n\t<meta property=\"og:image:height\" content=\"800\" \/>\n\t<meta property=\"og:image:type\" content=\"image\/jpeg\" \/>\n<meta name=\"author\" content=\"admin\" \/>\n<meta name=\"twitter:card\" content=\"summary_large_image\" \/>\n<meta name=\"twitter:label1\" content=\"Written by\" \/>\n\t<meta name=\"twitter:data1\" content=\"admin\" \/>\n\t<meta name=\"twitter:label2\" content=\"Est. reading time\" \/>\n\t<meta name=\"twitter:data2\" content=\"1 minute\" \/>\n<script type=\"application\/ld+json\" class=\"yoast-schema-graph\">{\"@context\":\"https:\\\/\\\/schema.org\",\"@graph\":[{\"@type\":\"Article\",\"@id\":\"https:\\\/\\\/news.save.ch\\\/hoehere-unfallzahlen-durch-aussergewoehnlich-schoenes-wetter\\\/#article\",\"isPartOf\":{\"@id\":\"https:\\\/\\\/news.save.ch\\\/hoehere-unfallzahlen-durch-aussergewoehnlich-schoenes-wetter\\\/\"},\"author\":{\"name\":\"admin\",\"@id\":\"https:\\\/\\\/news.save.ch\\\/de\\\/#\\\/schema\\\/person\\\/d49e199490bad7c70d64b9ab51142f2b\"},\"headline\":\"H\u00f6here Unfallzahlen durch aussergew\u00f6hnlich sch\u00f6nes Wetter\",\"datePublished\":\"2019-03-09T07:00:06+00:00\",\"dateModified\":\"2023-03-14T08:04:03+00:00\",\"mainEntityOfPage\":{\"@id\":\"https:\\\/\\\/news.save.ch\\\/hoehere-unfallzahlen-durch-aussergewoehnlich-schoenes-wetter\\\/\"},\"wordCount\":272,\"commentCount\":0,\"publisher\":{\"@id\":\"https:\\\/\\\/news.save.ch\\\/de\\\/#organization\"},\"image\":{\"@id\":\"https:\\\/\\\/news.save.ch\\\/hoehere-unfallzahlen-durch-aussergewoehnlich-schoenes-wetter\\\/#primaryimage\"},\"thumbnailUrl\":\"https:\\\/\\\/news.save.ch\\\/wp-content\\\/uploads\\\/2019\\\/03\\\/Depositphotos_mihtiander-scaled-1.jpg\",\"keywords\":[\"Bundesamt\",\"Gesundheitsschutz\",\"Nichtberufsunf\u00e4lle\",\"sch\u00f6nes Wetter\",\"Sommer\",\"Sportunf\u00e4lle\",\"SUVA\",\"Versicherung\"],\"articleSection\":[\"ALLGEMEIN\",\"HEALTH &amp; SAFETY\"],\"inLanguage\":\"en-US\"},{\"@type\":\"WebPage\",\"@id\":\"https:\\\/\\\/news.save.ch\\\/hoehere-unfallzahlen-durch-aussergewoehnlich-schoenes-wetter\\\/\",\"url\":\"https:\\\/\\\/news.save.ch\\\/hoehere-unfallzahlen-durch-aussergewoehnlich-schoenes-wetter\\\/\",\"name\":\"H\u00f6here Unfallzahlen durch aussergew\u00f6hnlich sch\u00f6nes Wetter - Save\",\"isPartOf\":{\"@id\":\"https:\\\/\\\/news.save.ch\\\/de\\\/#website\"},\"primaryImageOfPage\":{\"@id\":\"https:\\\/\\\/news.save.ch\\\/hoehere-unfallzahlen-durch-aussergewoehnlich-schoenes-wetter\\\/#primaryimage\"},\"image\":{\"@id\":\"https:\\\/\\\/news.save.ch\\\/hoehere-unfallzahlen-durch-aussergewoehnlich-schoenes-wetter\\\/#primaryimage\"},\"thumbnailUrl\":\"https:\\\/\\\/news.save.ch\\\/wp-content\\\/uploads\\\/2019\\\/03\\\/Depositphotos_mihtiander-scaled-1.jpg\",\"datePublished\":\"2019-03-09T07:00:06+00:00\",\"dateModified\":\"2023-03-14T08:04:03+00:00\",\"description\":\"2018 verunfallten deutlich mehr Versicherte der Suva beim Biken und Velofahren sowie beim Wandern und Spazieren.\",\"breadcrumb\":{\"@id\":\"https:\\\/\\\/news.save.ch\\\/hoehere-unfallzahlen-durch-aussergewoehnlich-schoenes-wetter\\\/#breadcrumb\"},\"inLanguage\":\"en-US\",\"potentialAction\":[{\"@type\":\"ReadAction\",\"target\":[\"https:\\\/\\\/news.save.ch\\\/hoehere-unfallzahlen-durch-aussergewoehnlich-schoenes-wetter\\\/\"]}]},{\"@type\":\"ImageObject\",\"inLanguage\":\"en-US\",\"@id\":\"https:\\\/\\\/news.save.ch\\\/hoehere-unfallzahlen-durch-aussergewoehnlich-schoenes-wetter\\\/#primaryimage\",\"url\":\"https:\\\/\\\/news.save.ch\\\/wp-content\\\/uploads\\\/2019\\\/03\\\/Depositphotos_mihtiander-scaled-1.jpg\",\"contentUrl\":\"https:\\\/\\\/news.save.ch\\\/wp-content\\\/uploads\\\/2019\\\/03\\\/Depositphotos_mihtiander-scaled-1.jpg\",\"width\":1200,\"height\":800,\"caption\":\"Gem\u00e4ss MeteoSchweiz war es das vierte Jahr in kurzer Folge mit weit \u00fcberdurchschnittlicher Temperatur. \u00a9 Depositphotos\\\/mihtiander\"},{\"@type\":\"BreadcrumbList\",\"@id\":\"https:\\\/\\\/news.save.ch\\\/hoehere-unfallzahlen-durch-aussergewoehnlich-schoenes-wetter\\\/#breadcrumb\",\"itemListElement\":[{\"@type\":\"ListItem\",\"position\":1,\"name\":\"Home\",\"item\":\"https:\\\/\\\/news.save.ch\\\/de\\\/\"},{\"@type\":\"ListItem\",\"position\":2,\"name\":\"H\u00f6here Unfallzahlen durch aussergew\u00f6hnlich sch\u00f6nes Wetter\"}]},{\"@type\":\"WebSite\",\"@id\":\"https:\\\/\\\/news.save.ch\\\/de\\\/#website\",\"url\":\"https:\\\/\\\/news.save.ch\\\/de\\\/\",\"name\":\"Save\",\"description\":\"Schweizer Fachzeitschrift f\u00fcr Sicherheit\",\"publisher\":{\"@id\":\"https:\\\/\\\/news.save.ch\\\/de\\\/#organization\"},\"potentialAction\":[{\"@type\":\"SearchAction\",\"target\":{\"@type\":\"EntryPoint\",\"urlTemplate\":\"https:\\\/\\\/news.save.ch\\\/de\\\/?s={search_term_string}\"},\"query-input\":{\"@type\":\"PropertyValueSpecification\",\"valueRequired\":true,\"valueName\":\"search_term_string\"}}],\"inLanguage\":\"en-US\"},{\"@type\":\"Organization\",\"@id\":\"https:\\\/\\\/news.save.ch\\\/de\\\/#organization\",\"name\":\"Sicherheitsforum\",\"url\":\"https:\\\/\\\/news.save.ch\\\/de\\\/\",\"logo\":{\"@type\":\"ImageObject\",\"inLanguage\":\"en-US\",\"@id\":\"https:\\\/\\\/news.save.ch\\\/de\\\/#\\\/schema\\\/logo\\\/image\\\/\",\"url\":\"https:\\\/\\\/news.save.ch\\\/wp-content\\\/uploads\\\/2022\\\/06\\\/Logo_SF_2012.png\",\"contentUrl\":\"https:\\\/\\\/news.save.ch\\\/wp-content\\\/uploads\\\/2022\\\/06\\\/Logo_SF_2012.png\",\"width\":1100,\"height\":91,\"caption\":\"Sicherheitsforum\"},\"image\":{\"@id\":\"https:\\\/\\\/news.save.ch\\\/de\\\/#\\\/schema\\\/logo\\\/image\\\/\"}},{\"@type\":\"Person\",\"@id\":\"https:\\\/\\\/news.save.ch\\\/de\\\/#\\\/schema\\\/person\\\/d49e199490bad7c70d64b9ab51142f2b\",\"name\":\"admin\",\"image\":{\"@type\":\"ImageObject\",\"inLanguage\":\"en-US\",\"@id\":\"https:\\\/\\\/secure.gravatar.com\\\/avatar\\\/ae2f4d718e6c49043e314ce431e7e645d646302a24a5ef5a8bc8e3f5a032e319?s=96&d=mm&r=g\",\"url\":\"https:\\\/\\\/secure.gravatar.com\\\/avatar\\\/ae2f4d718e6c49043e314ce431e7e645d646302a24a5ef5a8bc8e3f5a032e319?s=96&d=mm&r=g\",\"contentUrl\":\"https:\\\/\\\/secure.gravatar.com\\\/avatar\\\/ae2f4d718e6c49043e314ce431e7e645d646302a24a5ef5a8bc8e3f5a032e319?s=96&d=mm&r=g\",\"caption\":\"admin\"},\"sameAs\":[\"https:\\\/\\\/develop.organisator.galledia.ch\"],\"url\":\"https:\\\/\\\/news.save.ch\\\/en\\\/author\\\/admin\\\/\"}]}<\/script>\n<!-- \/ Yoast SEO plugin. -->","yoast_head_json":{"title":"Higher number of accidents due to exceptionally nice weather - Save","description":"In 2018, significantly more Suva insureds had accidents while biking and cycling as well as hiking and walking.","robots":{"index":"index","follow":"follow","max-snippet":"max-snippet:-1","max-image-preview":"max-image-preview:large","max-video-preview":"max-video-preview:-1"},"canonical":"https:\/\/news.save.ch\/en\/hoehere-unfallzahlen-durch-aussergewoehnlich-schoenes-wetter\/","og_locale":"en_US","og_type":"article","og_title":"H\u00f6here Unfallzahlen durch aussergew\u00f6hnlich sch\u00f6nes Wetter - Save","og_description":"2018 verunfallten deutlich mehr Versicherte der Suva beim Biken und Velofahren sowie beim Wandern und Spazieren.","og_url":"https:\/\/news.save.ch\/en\/hoehere-unfallzahlen-durch-aussergewoehnlich-schoenes-wetter\/","og_site_name":"Save","article_published_time":"2019-03-09T07:00:06+00:00","article_modified_time":"2023-03-14T08:04:03+00:00","og_image":[{"width":1200,"height":800,"url":"https:\/\/news.save.ch\/wp-content\/uploads\/2019\/03\/Depositphotos_mihtiander-scaled-1.jpg","type":"image\/jpeg"}],"author":"admin","twitter_card":"summary_large_image","twitter_misc":{"Written by":"admin","Est. reading time":"1 minute"},"schema":{"@context":"https:\/\/schema.org","@graph":[{"@type":"Article","@id":"https:\/\/news.save.ch\/hoehere-unfallzahlen-durch-aussergewoehnlich-schoenes-wetter\/#article","isPartOf":{"@id":"https:\/\/news.save.ch\/hoehere-unfallzahlen-durch-aussergewoehnlich-schoenes-wetter\/"},"author":{"name":"admin","@id":"https:\/\/news.save.ch\/de\/#\/schema\/person\/d49e199490bad7c70d64b9ab51142f2b"},"headline":"H\u00f6here Unfallzahlen durch aussergew\u00f6hnlich sch\u00f6nes Wetter","datePublished":"2019-03-09T07:00:06+00:00","dateModified":"2023-03-14T08:04:03+00:00","mainEntityOfPage":{"@id":"https:\/\/news.save.ch\/hoehere-unfallzahlen-durch-aussergewoehnlich-schoenes-wetter\/"},"wordCount":272,"commentCount":0,"publisher":{"@id":"https:\/\/news.save.ch\/de\/#organization"},"image":{"@id":"https:\/\/news.save.ch\/hoehere-unfallzahlen-durch-aussergewoehnlich-schoenes-wetter\/#primaryimage"},"thumbnailUrl":"https:\/\/news.save.ch\/wp-content\/uploads\/2019\/03\/Depositphotos_mihtiander-scaled-1.jpg","keywords":["Bundesamt","Gesundheitsschutz","Nichtberufsunf\u00e4lle","sch\u00f6nes Wetter","Sommer","Sportunf\u00e4lle","SUVA","Versicherung"],"articleSection":["ALLGEMEIN","HEALTH &amp; SAFETY"],"inLanguage":"en-US"},{"@type":"WebPage","@id":"https:\/\/news.save.ch\/hoehere-unfallzahlen-durch-aussergewoehnlich-schoenes-wetter\/","url":"https:\/\/news.save.ch\/hoehere-unfallzahlen-durch-aussergewoehnlich-schoenes-wetter\/","name":"Higher number of accidents due to exceptionally nice weather - Save","isPartOf":{"@id":"https:\/\/news.save.ch\/de\/#website"},"primaryImageOfPage":{"@id":"https:\/\/news.save.ch\/hoehere-unfallzahlen-durch-aussergewoehnlich-schoenes-wetter\/#primaryimage"},"image":{"@id":"https:\/\/news.save.ch\/hoehere-unfallzahlen-durch-aussergewoehnlich-schoenes-wetter\/#primaryimage"},"thumbnailUrl":"https:\/\/news.save.ch\/wp-content\/uploads\/2019\/03\/Depositphotos_mihtiander-scaled-1.jpg","datePublished":"2019-03-09T07:00:06+00:00","dateModified":"2023-03-14T08:04:03+00:00","description":"In 2018, significantly more Suva insureds had accidents while biking and cycling as well as hiking and walking.","breadcrumb":{"@id":"https:\/\/news.save.ch\/hoehere-unfallzahlen-durch-aussergewoehnlich-schoenes-wetter\/#breadcrumb"},"inLanguage":"en-US","potentialAction":[{"@type":"ReadAction","target":["https:\/\/news.save.ch\/hoehere-unfallzahlen-durch-aussergewoehnlich-schoenes-wetter\/"]}]},{"@type":"ImageObject","inLanguage":"en-US","@id":"https:\/\/news.save.ch\/hoehere-unfallzahlen-durch-aussergewoehnlich-schoenes-wetter\/#primaryimage","url":"https:\/\/news.save.ch\/wp-content\/uploads\/2019\/03\/Depositphotos_mihtiander-scaled-1.jpg","contentUrl":"https:\/\/news.save.ch\/wp-content\/uploads\/2019\/03\/Depositphotos_mihtiander-scaled-1.jpg","width":1200,"height":800,"caption":"Gem\u00e4ss MeteoSchweiz war es das vierte Jahr in kurzer Folge mit weit \u00fcberdurchschnittlicher Temperatur. \u00a9 Depositphotos\/mihtiander"},{"@type":"BreadcrumbList","@id":"https:\/\/news.save.ch\/hoehere-unfallzahlen-durch-aussergewoehnlich-schoenes-wetter\/#breadcrumb","itemListElement":[{"@type":"ListItem","position":1,"name":"Home","item":"https:\/\/news.save.ch\/de\/"},{"@type":"ListItem","position":2,"name":"H\u00f6here Unfallzahlen durch aussergew\u00f6hnlich sch\u00f6nes Wetter"}]},{"@type":"WebSite","@id":"https:\/\/news.save.ch\/de\/#website","url":"https:\/\/news.save.ch\/de\/","name":"Save","description":"Swiss trade journal for safety","publisher":{"@id":"https:\/\/news.save.ch\/de\/#organization"},"potentialAction":[{"@type":"SearchAction","target":{"@type":"EntryPoint","urlTemplate":"https:\/\/news.save.ch\/de\/?s={search_term_string}"},"query-input":{"@type":"PropertyValueSpecification","valueRequired":true,"valueName":"search_term_string"}}],"inLanguage":"en-US"},{"@type":"Organization","@id":"https:\/\/news.save.ch\/de\/#organization","name":"Security Forum","url":"https:\/\/news.save.ch\/de\/","logo":{"@type":"ImageObject","inLanguage":"en-US","@id":"https:\/\/news.save.ch\/de\/#\/schema\/logo\/image\/","url":"https:\/\/news.save.ch\/wp-content\/uploads\/2022\/06\/Logo_SF_2012.png","contentUrl":"https:\/\/news.save.ch\/wp-content\/uploads\/2022\/06\/Logo_SF_2012.png","width":1100,"height":91,"caption":"Sicherheitsforum"},"image":{"@id":"https:\/\/news.save.ch\/de\/#\/schema\/logo\/image\/"}},{"@type":"Person","@id":"https:\/\/news.save.ch\/de\/#\/schema\/person\/d49e199490bad7c70d64b9ab51142f2b","name":"admin","image":{"@type":"ImageObject","inLanguage":"en-US","@id":"https:\/\/secure.gravatar.com\/avatar\/ae2f4d718e6c49043e314ce431e7e645d646302a24a5ef5a8bc8e3f5a032e319?s=96&d=mm&r=g","url":"https:\/\/secure.gravatar.com\/avatar\/ae2f4d718e6c49043e314ce431e7e645d646302a24a5ef5a8bc8e3f5a032e319?s=96&d=mm&r=g","contentUrl":"https:\/\/secure.gravatar.com\/avatar\/ae2f4d718e6c49043e314ce431e7e645d646302a24a5ef5a8bc8e3f5a032e319?s=96&d=mm&r=g","caption":"admin"},"sameAs":["https:\/\/develop.organisator.galledia.ch"],"url":"https:\/\/news.save.ch\/en\/author\/admin\/"}]}},"_links":{"self":[{"href":"https:\/\/news.save.ch\/en\/wp-json\/wp\/v2\/posts\/3875","targetHints":{"allow":["GET"]}}],"collection":[{"href":"https:\/\/news.save.ch\/en\/wp-json\/wp\/v2\/posts"}],"about":[{"href":"https:\/\/news.save.ch\/en\/wp-json\/wp\/v2\/types\/post"}],"author":[{"embeddable":true,"href":"https:\/\/news.save.ch\/en\/wp-json\/wp\/v2\/users\/1"}],"replies":[{"embeddable":true,"href":"https:\/\/news.save.ch\/en\/wp-json\/wp\/v2\/comments?post=3875"}],"version-history":[{"count":1,"href":"https:\/\/news.save.ch\/en\/wp-json\/wp\/v2\/posts\/3875\/revisions"}],"predecessor-version":[{"id":18674,"href":"https:\/\/news.save.ch\/en\/wp-json\/wp\/v2\/posts\/3875\/revisions\/18674"}],"wp:featuredmedia":[{"embeddable":true,"href":"https:\/\/news.save.ch\/en\/wp-json\/wp\/v2\/media\/3877"}],"wp:attachment":[{"href":"https:\/\/news.save.ch\/en\/wp-json\/wp\/v2\/media?parent=3875"}],"wp:term":[{"taxonomy":"category","embeddable":true,"href":"https:\/\/news.save.ch\/en\/wp-json\/wp\/v2\/categories?post=3875"},{"taxonomy":"post_tag","embeddable":true,"href":"https:\/\/news.save.ch\/en\/wp-json\/wp\/v2\/tags?post=3875"}],"curies":[{"name":"wp","href":"https:\/\/api.w.org\/{rel}","templated":true}]}}