{"id":3887,"date":"2019-03-18T08:00:51","date_gmt":"2019-03-18T07:00:51","guid":{"rendered":"https:\/\/news.save.ch\/?p=3887"},"modified":"2023-03-14T09:05:33","modified_gmt":"2023-03-14T08:05:33","slug":"nationale-schmerztagung-am-18-mai-2019","status":null,"type":"post","link":"https:\/\/news.save.ch\/en\/nationale-schmerztagung-am-18-mai-2019\/","title":{"rendered":"National Pain Conference"},"content":{"rendered":"<figure id=\"attachment_3889\" aria-describedby=\"caption-attachment-3889\" style=\"width: 680px\" class=\"wp-caption alignnone\"><img loading=\"lazy\" decoding=\"async\" class=\"size-medium wp-image-3889\" src=\"http:\/\/develop.safety-plus.ch\/wp-content\/uploads\/2019\/03\/Depositphotos_monkeybusiness.jpg\" alt=\"\" width=\"680\" height=\"453\" \/><figcaption id=\"caption-attachment-3889\" class=\"wp-caption-text\">With every hour we give ourselves, we experience deep relaxation.<br \/>\u00a9 Depositphotos\/monkeybusiness<\/figcaption><\/figure>\n<p>However, sleep problems can be improved in many cases with tricks and behavioral measures. It will be shown how psyche and <a href=\"https:\/\/news.save.ch\/en\/schlafapnoe-kampagne-will-unfaelle-verhindern\/\" target=\"_blank\" rel=\"noopener\">Sleep<\/a> You will get an overview of the process and functions of sleep and the changes in different phases of life. Particular attention is paid to what is happening at the moment in the <a href=\"https:\/\/news.save.ch\/en\/neue-erkenntnisse-ueber-morbus-bechterew\/\" target=\"_blank\" rel=\"noopener\">Body<\/a> great attention. The 2019 Pain Conference will focus on various ways that mindfulness and relaxation can help pain patients achieve more vital energy and healthy sleep.<\/p>\n<p><strong>Appointment:<\/strong>\u00a0Saturday, May 18, 2019, from 10.00 a.m.<\/p>\n<p><strong>Location:<\/strong>\u00a0Cantonal Hospital Olten, Baslerstrasse 150, 4600 Olten<\/p>\n<p><a href=\"https:\/\/www.rheumaliga.ch\/assets\/doc\/ZH_Dokumente\/Veranstaltungen\/FlyerSchmerztagung_neu_3.pdf\" target=\"_blank\" rel=\"noopener\"><strong>Directly to the program<\/strong><\/a><\/p>\n<p><a href=\"https:\/\/www.rheumaliga.ch\/zh\/blog\/2019\/schmerztagung\" target=\"_blank\" rel=\"noopener\">www.rheumaliga.ch<\/a><\/p>","protected":false},"excerpt":{"rendered":"<p>Schlafprobleme k\u00f6nnen jedoch in vielen F\u00e4llen mit Tricks und Verhaltensmassnahmen verbessert werden. Es wird aufgezeigt, wie Psyche und Schlaf zusammenh\u00e4ngen, Sie erhalten einen \u00dcberblick, \u00fcber den Ablauf und die Funktionen des Schlafes und die Ver\u00e4nderungen in verschiedenen Lebensphasen. Dabei wird besonders der Achtsamkeit auf das momentane Geschehen im K\u00f6rper grosse Aufmerksamkeit geschenkt. Die Schmerztagung 2019 [&hellip;]<\/p>\n","protected":false},"author":1,"featured_media":3889,"comment_status":"open","ping_status":"open","sticky":false,"template":"","format":"standard","meta":{"_acf_changed":false,"pgc_sgb_lightbox_settings":"","footnotes":""},"categories":[1,3314],"tags":[1775,1979,2165,149,2594,2726,2729,2840,3089],"class_list":["post-3887","post","type-post","status-publish","format-standard","has-post-thumbnail","hentry","category-allgemein","category-health-safety","tag-betriebliches-gesundheitsmanagement","tag-entspannung","tag-gesundheitsfoerderung","tag-gesundheitsschutz","tag-nationale-schmerztagung","tag-psyche","tag-psychische-gesundheit","tag-schlafprobleme","tag-therapie"],"acf":[],"hkrextid":null,"publication":null,"issue":null,"workflow":null,"startPage":null,"spitzmarke":null,"_posts_by_tag_page_fields":{"widget_title":"","widget_tags":""},"_at_widget":"1","_yoast_wpseo_primary_category":"1","_yoast_wpseo_focuskw_text_input":"Nationale Schmerztagung","_yoast_wpseo_opengraph-image":null,"_yoast_wpseo_opengraph-description":null,"_yoast_wpseo_opengraph-title":null,"enclosure":null,"_yoast_wpseo_twitter-title":null,"_yoast_wpseo_twitter-description":null,"_yoast_wpseo_twitter-image":null,"_wp_old_slug":null,"_yoast_wpseo_title":null,"_yoast_wpseo_canonical":null,"yoast_head":"<!-- This site is optimized with the Yoast SEO plugin v27.4 - https:\/\/yoast.com\/product\/yoast-seo-wordpress\/ -->\n<title>Nationale Schmerztagung - Save<\/title>\n<meta name=\"description\" content=\"Entspannt einschlafen und schnell einschlafen - wer w\u00fcnscht sich das nicht? Oftmals sind es gerade n\u00e4chtliche Schmerzen, die um den Schlaf bringen.\" \/>\n<meta name=\"robots\" content=\"index, follow, max-snippet:-1, max-image-preview:large, max-video-preview:-1\" \/>\n<link rel=\"canonical\" href=\"https:\/\/news.save.ch\/en\/nationale-schmerztagung-am-18-mai-2019\/\" \/>\n<meta property=\"og:locale\" content=\"en_US\" \/>\n<meta property=\"og:type\" content=\"article\" \/>\n<meta property=\"og:title\" content=\"Nationale Schmerztagung - Save\" \/>\n<meta property=\"og:description\" content=\"Entspannt einschlafen und schnell einschlafen - wer w\u00fcnscht sich das nicht? Oftmals sind es gerade n\u00e4chtliche Schmerzen, die um den Schlaf bringen.\" \/>\n<meta property=\"og:url\" content=\"https:\/\/news.save.ch\/en\/nationale-schmerztagung-am-18-mai-2019\/\" \/>\n<meta property=\"og:site_name\" content=\"Save\" \/>\n<meta property=\"article:published_time\" content=\"2019-03-18T07:00:51+00:00\" \/>\n<meta property=\"article:modified_time\" content=\"2023-03-14T08:05:33+00:00\" \/>\n<meta property=\"og:image\" content=\"https:\/\/news.save.ch\/wp-content\/uploads\/2019\/03\/Depositphotos_monkeybusiness-scaled-1.jpg\" \/>\n\t<meta property=\"og:image:width\" content=\"1200\" \/>\n\t<meta property=\"og:image:height\" content=\"800\" \/>\n\t<meta property=\"og:image:type\" content=\"image\/jpeg\" \/>\n<meta name=\"author\" content=\"admin\" \/>\n<meta name=\"twitter:card\" content=\"summary_large_image\" \/>\n<meta name=\"twitter:label1\" content=\"Written by\" \/>\n\t<meta name=\"twitter:data1\" content=\"admin\" \/>\n\t<meta name=\"twitter:label2\" content=\"Est. reading time\" \/>\n\t<meta name=\"twitter:data2\" content=\"1 minute\" \/>\n<script type=\"application\/ld+json\" class=\"yoast-schema-graph\">{\"@context\":\"https:\\\/\\\/schema.org\",\"@graph\":[{\"@type\":\"Article\",\"@id\":\"https:\\\/\\\/news.save.ch\\\/nationale-schmerztagung-am-18-mai-2019\\\/#article\",\"isPartOf\":{\"@id\":\"https:\\\/\\\/news.save.ch\\\/nationale-schmerztagung-am-18-mai-2019\\\/\"},\"author\":{\"name\":\"admin\",\"@id\":\"https:\\\/\\\/news.save.ch\\\/de\\\/#\\\/schema\\\/person\\\/d49e199490bad7c70d64b9ab51142f2b\"},\"headline\":\"Nationale Schmerztagung\",\"datePublished\":\"2019-03-18T07:00:51+00:00\",\"dateModified\":\"2023-03-14T08:05:33+00:00\",\"mainEntityOfPage\":{\"@id\":\"https:\\\/\\\/news.save.ch\\\/nationale-schmerztagung-am-18-mai-2019\\\/\"},\"wordCount\":121,\"commentCount\":0,\"publisher\":{\"@id\":\"https:\\\/\\\/news.save.ch\\\/de\\\/#organization\"},\"image\":{\"@id\":\"https:\\\/\\\/news.save.ch\\\/nationale-schmerztagung-am-18-mai-2019\\\/#primaryimage\"},\"thumbnailUrl\":\"https:\\\/\\\/news.save.ch\\\/wp-content\\\/uploads\\\/2019\\\/03\\\/Depositphotos_monkeybusiness-scaled-1.jpg\",\"keywords\":[\"Betriebliches Gesundheitsmanagement\",\"Entspannung\",\"Gesundheitsf\u00f6rderung\",\"Gesundheitsschutz\",\"Nationale Schmerztagung\",\"Psyche\",\"Psychische Gesundheit\",\"Schlafprobleme\",\"Therapie\"],\"articleSection\":[\"ALLGEMEIN\",\"HEALTH &amp; SAFETY\"],\"inLanguage\":\"en-US\"},{\"@type\":\"WebPage\",\"@id\":\"https:\\\/\\\/news.save.ch\\\/nationale-schmerztagung-am-18-mai-2019\\\/\",\"url\":\"https:\\\/\\\/news.save.ch\\\/nationale-schmerztagung-am-18-mai-2019\\\/\",\"name\":\"Nationale Schmerztagung - Save\",\"isPartOf\":{\"@id\":\"https:\\\/\\\/news.save.ch\\\/de\\\/#website\"},\"primaryImageOfPage\":{\"@id\":\"https:\\\/\\\/news.save.ch\\\/nationale-schmerztagung-am-18-mai-2019\\\/#primaryimage\"},\"image\":{\"@id\":\"https:\\\/\\\/news.save.ch\\\/nationale-schmerztagung-am-18-mai-2019\\\/#primaryimage\"},\"thumbnailUrl\":\"https:\\\/\\\/news.save.ch\\\/wp-content\\\/uploads\\\/2019\\\/03\\\/Depositphotos_monkeybusiness-scaled-1.jpg\",\"datePublished\":\"2019-03-18T07:00:51+00:00\",\"dateModified\":\"2023-03-14T08:05:33+00:00\",\"description\":\"Entspannt einschlafen und schnell einschlafen - wer w\u00fcnscht sich das nicht? Oftmals sind es gerade n\u00e4chtliche Schmerzen, die um den Schlaf bringen.\",\"breadcrumb\":{\"@id\":\"https:\\\/\\\/news.save.ch\\\/nationale-schmerztagung-am-18-mai-2019\\\/#breadcrumb\"},\"inLanguage\":\"en-US\",\"potentialAction\":[{\"@type\":\"ReadAction\",\"target\":[\"https:\\\/\\\/news.save.ch\\\/nationale-schmerztagung-am-18-mai-2019\\\/\"]}]},{\"@type\":\"ImageObject\",\"inLanguage\":\"en-US\",\"@id\":\"https:\\\/\\\/news.save.ch\\\/nationale-schmerztagung-am-18-mai-2019\\\/#primaryimage\",\"url\":\"https:\\\/\\\/news.save.ch\\\/wp-content\\\/uploads\\\/2019\\\/03\\\/Depositphotos_monkeybusiness-scaled-1.jpg\",\"contentUrl\":\"https:\\\/\\\/news.save.ch\\\/wp-content\\\/uploads\\\/2019\\\/03\\\/Depositphotos_monkeybusiness-scaled-1.jpg\",\"width\":1200,\"height\":800,\"caption\":\"Mit jeder Stunde, die wir uns schenken, erleben wir tiefe Entspannung. \u00a9 Depositphotos\\\/monkeybusiness\"},{\"@type\":\"BreadcrumbList\",\"@id\":\"https:\\\/\\\/news.save.ch\\\/nationale-schmerztagung-am-18-mai-2019\\\/#breadcrumb\",\"itemListElement\":[{\"@type\":\"ListItem\",\"position\":1,\"name\":\"Home\",\"item\":\"https:\\\/\\\/news.save.ch\\\/de\\\/\"},{\"@type\":\"ListItem\",\"position\":2,\"name\":\"Nationale Schmerztagung\"}]},{\"@type\":\"WebSite\",\"@id\":\"https:\\\/\\\/news.save.ch\\\/de\\\/#website\",\"url\":\"https:\\\/\\\/news.save.ch\\\/de\\\/\",\"name\":\"Save\",\"description\":\"Schweizer Fachzeitschrift f\u00fcr Sicherheit\",\"publisher\":{\"@id\":\"https:\\\/\\\/news.save.ch\\\/de\\\/#organization\"},\"potentialAction\":[{\"@type\":\"SearchAction\",\"target\":{\"@type\":\"EntryPoint\",\"urlTemplate\":\"https:\\\/\\\/news.save.ch\\\/de\\\/?s={search_term_string}\"},\"query-input\":{\"@type\":\"PropertyValueSpecification\",\"valueRequired\":true,\"valueName\":\"search_term_string\"}}],\"inLanguage\":\"en-US\"},{\"@type\":\"Organization\",\"@id\":\"https:\\\/\\\/news.save.ch\\\/de\\\/#organization\",\"name\":\"Sicherheitsforum\",\"url\":\"https:\\\/\\\/news.save.ch\\\/de\\\/\",\"logo\":{\"@type\":\"ImageObject\",\"inLanguage\":\"en-US\",\"@id\":\"https:\\\/\\\/news.save.ch\\\/de\\\/#\\\/schema\\\/logo\\\/image\\\/\",\"url\":\"https:\\\/\\\/news.save.ch\\\/wp-content\\\/uploads\\\/2022\\\/06\\\/Logo_SF_2012.png\",\"contentUrl\":\"https:\\\/\\\/news.save.ch\\\/wp-content\\\/uploads\\\/2022\\\/06\\\/Logo_SF_2012.png\",\"width\":1100,\"height\":91,\"caption\":\"Sicherheitsforum\"},\"image\":{\"@id\":\"https:\\\/\\\/news.save.ch\\\/de\\\/#\\\/schema\\\/logo\\\/image\\\/\"}},{\"@type\":\"Person\",\"@id\":\"https:\\\/\\\/news.save.ch\\\/de\\\/#\\\/schema\\\/person\\\/d49e199490bad7c70d64b9ab51142f2b\",\"name\":\"admin\",\"image\":{\"@type\":\"ImageObject\",\"inLanguage\":\"en-US\",\"@id\":\"https:\\\/\\\/secure.gravatar.com\\\/avatar\\\/ae2f4d718e6c49043e314ce431e7e645d646302a24a5ef5a8bc8e3f5a032e319?s=96&d=mm&r=g\",\"url\":\"https:\\\/\\\/secure.gravatar.com\\\/avatar\\\/ae2f4d718e6c49043e314ce431e7e645d646302a24a5ef5a8bc8e3f5a032e319?s=96&d=mm&r=g\",\"contentUrl\":\"https:\\\/\\\/secure.gravatar.com\\\/avatar\\\/ae2f4d718e6c49043e314ce431e7e645d646302a24a5ef5a8bc8e3f5a032e319?s=96&d=mm&r=g\",\"caption\":\"admin\"},\"sameAs\":[\"https:\\\/\\\/develop.organisator.galledia.ch\"],\"url\":\"https:\\\/\\\/news.save.ch\\\/en\\\/author\\\/admin\\\/\"}]}<\/script>\n<!-- \/ Yoast SEO plugin. -->","yoast_head_json":{"title":"National Pain Conference - Save","description":"Falling asleep relaxed and fast - who doesn't wish for that? Often it is nightly pain that deprives us of sleep.","robots":{"index":"index","follow":"follow","max-snippet":"max-snippet:-1","max-image-preview":"max-image-preview:large","max-video-preview":"max-video-preview:-1"},"canonical":"https:\/\/news.save.ch\/en\/nationale-schmerztagung-am-18-mai-2019\/","og_locale":"en_US","og_type":"article","og_title":"Nationale Schmerztagung - Save","og_description":"Entspannt einschlafen und schnell einschlafen - wer w\u00fcnscht sich das nicht? Oftmals sind es gerade n\u00e4chtliche Schmerzen, die um den Schlaf bringen.","og_url":"https:\/\/news.save.ch\/en\/nationale-schmerztagung-am-18-mai-2019\/","og_site_name":"Save","article_published_time":"2019-03-18T07:00:51+00:00","article_modified_time":"2023-03-14T08:05:33+00:00","og_image":[{"width":1200,"height":800,"url":"https:\/\/news.save.ch\/wp-content\/uploads\/2019\/03\/Depositphotos_monkeybusiness-scaled-1.jpg","type":"image\/jpeg"}],"author":"admin","twitter_card":"summary_large_image","twitter_misc":{"Written by":"admin","Est. reading time":"1 minute"},"schema":{"@context":"https:\/\/schema.org","@graph":[{"@type":"Article","@id":"https:\/\/news.save.ch\/nationale-schmerztagung-am-18-mai-2019\/#article","isPartOf":{"@id":"https:\/\/news.save.ch\/nationale-schmerztagung-am-18-mai-2019\/"},"author":{"name":"admin","@id":"https:\/\/news.save.ch\/de\/#\/schema\/person\/d49e199490bad7c70d64b9ab51142f2b"},"headline":"Nationale Schmerztagung","datePublished":"2019-03-18T07:00:51+00:00","dateModified":"2023-03-14T08:05:33+00:00","mainEntityOfPage":{"@id":"https:\/\/news.save.ch\/nationale-schmerztagung-am-18-mai-2019\/"},"wordCount":121,"commentCount":0,"publisher":{"@id":"https:\/\/news.save.ch\/de\/#organization"},"image":{"@id":"https:\/\/news.save.ch\/nationale-schmerztagung-am-18-mai-2019\/#primaryimage"},"thumbnailUrl":"https:\/\/news.save.ch\/wp-content\/uploads\/2019\/03\/Depositphotos_monkeybusiness-scaled-1.jpg","keywords":["Betriebliches Gesundheitsmanagement","Entspannung","Gesundheitsf\u00f6rderung","Gesundheitsschutz","Nationale Schmerztagung","Psyche","Psychische Gesundheit","Schlafprobleme","Therapie"],"articleSection":["ALLGEMEIN","HEALTH &amp; SAFETY"],"inLanguage":"en-US"},{"@type":"WebPage","@id":"https:\/\/news.save.ch\/nationale-schmerztagung-am-18-mai-2019\/","url":"https:\/\/news.save.ch\/nationale-schmerztagung-am-18-mai-2019\/","name":"National Pain Conference - Save","isPartOf":{"@id":"https:\/\/news.save.ch\/de\/#website"},"primaryImageOfPage":{"@id":"https:\/\/news.save.ch\/nationale-schmerztagung-am-18-mai-2019\/#primaryimage"},"image":{"@id":"https:\/\/news.save.ch\/nationale-schmerztagung-am-18-mai-2019\/#primaryimage"},"thumbnailUrl":"https:\/\/news.save.ch\/wp-content\/uploads\/2019\/03\/Depositphotos_monkeybusiness-scaled-1.jpg","datePublished":"2019-03-18T07:00:51+00:00","dateModified":"2023-03-14T08:05:33+00:00","description":"Falling asleep relaxed and fast - who doesn't wish for that? Often it is nightly pain that deprives us of sleep.","breadcrumb":{"@id":"https:\/\/news.save.ch\/nationale-schmerztagung-am-18-mai-2019\/#breadcrumb"},"inLanguage":"en-US","potentialAction":[{"@type":"ReadAction","target":["https:\/\/news.save.ch\/nationale-schmerztagung-am-18-mai-2019\/"]}]},{"@type":"ImageObject","inLanguage":"en-US","@id":"https:\/\/news.save.ch\/nationale-schmerztagung-am-18-mai-2019\/#primaryimage","url":"https:\/\/news.save.ch\/wp-content\/uploads\/2019\/03\/Depositphotos_monkeybusiness-scaled-1.jpg","contentUrl":"https:\/\/news.save.ch\/wp-content\/uploads\/2019\/03\/Depositphotos_monkeybusiness-scaled-1.jpg","width":1200,"height":800,"caption":"Mit jeder Stunde, die wir uns schenken, erleben wir tiefe Entspannung. \u00a9 Depositphotos\/monkeybusiness"},{"@type":"BreadcrumbList","@id":"https:\/\/news.save.ch\/nationale-schmerztagung-am-18-mai-2019\/#breadcrumb","itemListElement":[{"@type":"ListItem","position":1,"name":"Home","item":"https:\/\/news.save.ch\/de\/"},{"@type":"ListItem","position":2,"name":"Nationale Schmerztagung"}]},{"@type":"WebSite","@id":"https:\/\/news.save.ch\/de\/#website","url":"https:\/\/news.save.ch\/de\/","name":"Save","description":"Swiss trade journal for safety","publisher":{"@id":"https:\/\/news.save.ch\/de\/#organization"},"potentialAction":[{"@type":"SearchAction","target":{"@type":"EntryPoint","urlTemplate":"https:\/\/news.save.ch\/de\/?s={search_term_string}"},"query-input":{"@type":"PropertyValueSpecification","valueRequired":true,"valueName":"search_term_string"}}],"inLanguage":"en-US"},{"@type":"Organization","@id":"https:\/\/news.save.ch\/de\/#organization","name":"Security Forum","url":"https:\/\/news.save.ch\/de\/","logo":{"@type":"ImageObject","inLanguage":"en-US","@id":"https:\/\/news.save.ch\/de\/#\/schema\/logo\/image\/","url":"https:\/\/news.save.ch\/wp-content\/uploads\/2022\/06\/Logo_SF_2012.png","contentUrl":"https:\/\/news.save.ch\/wp-content\/uploads\/2022\/06\/Logo_SF_2012.png","width":1100,"height":91,"caption":"Sicherheitsforum"},"image":{"@id":"https:\/\/news.save.ch\/de\/#\/schema\/logo\/image\/"}},{"@type":"Person","@id":"https:\/\/news.save.ch\/de\/#\/schema\/person\/d49e199490bad7c70d64b9ab51142f2b","name":"admin","image":{"@type":"ImageObject","inLanguage":"en-US","@id":"https:\/\/secure.gravatar.com\/avatar\/ae2f4d718e6c49043e314ce431e7e645d646302a24a5ef5a8bc8e3f5a032e319?s=96&d=mm&r=g","url":"https:\/\/secure.gravatar.com\/avatar\/ae2f4d718e6c49043e314ce431e7e645d646302a24a5ef5a8bc8e3f5a032e319?s=96&d=mm&r=g","contentUrl":"https:\/\/secure.gravatar.com\/avatar\/ae2f4d718e6c49043e314ce431e7e645d646302a24a5ef5a8bc8e3f5a032e319?s=96&d=mm&r=g","caption":"admin"},"sameAs":["https:\/\/develop.organisator.galledia.ch"],"url":"https:\/\/news.save.ch\/en\/author\/admin\/"}]}},"_links":{"self":[{"href":"https:\/\/news.save.ch\/en\/wp-json\/wp\/v2\/posts\/3887","targetHints":{"allow":["GET"]}}],"collection":[{"href":"https:\/\/news.save.ch\/en\/wp-json\/wp\/v2\/posts"}],"about":[{"href":"https:\/\/news.save.ch\/en\/wp-json\/wp\/v2\/types\/post"}],"author":[{"embeddable":true,"href":"https:\/\/news.save.ch\/en\/wp-json\/wp\/v2\/users\/1"}],"replies":[{"embeddable":true,"href":"https:\/\/news.save.ch\/en\/wp-json\/wp\/v2\/comments?post=3887"}],"version-history":[{"count":1,"href":"https:\/\/news.save.ch\/en\/wp-json\/wp\/v2\/posts\/3887\/revisions"}],"predecessor-version":[{"id":18672,"href":"https:\/\/news.save.ch\/en\/wp-json\/wp\/v2\/posts\/3887\/revisions\/18672"}],"wp:featuredmedia":[{"embeddable":true,"href":"https:\/\/news.save.ch\/en\/wp-json\/wp\/v2\/media\/3889"}],"wp:attachment":[{"href":"https:\/\/news.save.ch\/en\/wp-json\/wp\/v2\/media?parent=3887"}],"wp:term":[{"taxonomy":"category","embeddable":true,"href":"https:\/\/news.save.ch\/en\/wp-json\/wp\/v2\/categories?post=3887"},{"taxonomy":"post_tag","embeddable":true,"href":"https:\/\/news.save.ch\/en\/wp-json\/wp\/v2\/tags?post=3887"}],"curies":[{"name":"wp","href":"https:\/\/api.w.org\/{rel}","templated":true}]}}