{"id":406,"date":"2015-05-21T10:55:24","date_gmt":"2015-05-21T08:55:24","guid":{"rendered":"https:\/\/dev.sicherheitsforum.ch\/?p=406"},"modified":"2023-03-14T08:57:40","modified_gmt":"2023-03-14T07:57:40","slug":"es-droht-ein-wettbewerbsnachteil","status":null,"type":"post","link":"https:\/\/news.save.ch\/en\/es-droht-ein-wettbewerbsnachteil\/","title":{"rendered":"There is a threat of a competitive disadvantage"},"content":{"rendered":"<figure id=\"attachment_407\" aria-describedby=\"caption-attachment-407\" style=\"width: 680px\" class=\"wp-caption alignnone\"><img loading=\"lazy\" decoding=\"async\" class=\"size-medium wp-image-407\" src=\"https:\/\/sicherheitsforum.ch\/wp-content\/uploads\/2016\/12\/Es-droht-ein-Wettbewerbsnachteil-it-security.jpg\" alt=\"Will it soon no longer be possible without mobile IT solutions?\" width=\"680\" height=\"655\" \/><figcaption id=\"caption-attachment-407\" class=\"wp-caption-text\">Will it soon no longer be possible without mobile IT solutions?<\/figcaption><\/figure>\n<p>Mobile IT solutions will become increasingly important for medium-sized companies in Germany and will significantly shape the work in the companies in the next few years. This is the result of the latest survey by the Frankfurt IT and web experts from <a title=\"Company link\" href=\"https:\/\/www.diomega.de\" target=\"_blank\" data-cke-saved-href=\"https:\/\/www.diomega.de\" rel=\"noopener\">DiOmega<\/a>\u00a0highlights. Two-thirds of the professionals surveyed (69%) agree that \"mobile\" will gain strongly in importance, according to the media release. The survey also concludes that despite the wiretapping scandals, demand for cloud or hybrid solutions will continue to grow this year (57% agree). Because SMEs that do not rely on the \"third platform\" (cloud, big data, mobile) in the medium term will miss out on a decisive competitive advantage, 58% of the experts assume.<\/p>\n<p><strong>Classic business models have had their day<\/strong><\/p>\n<p>54% of the IT experts surveyed are convinced that SaaS (Software as a Service) and cloud services will replace traditional business models by 2020. Even if, according to a TecChannel survey, only around one third of SMEs are currently using services from the cloud, the positive trend is continuing. A recent study by the consulting firm IDC, for example, shows that the topic of mobility is at the top of the list for 60% of IT decision-makers in SMEs. \"Classic licensing models for software are becoming increasingly unattractive for more and more companies. Inflexible, costly and often not very transparent are particularly disadvantageous features,\" emphasizes DiOmega CEO Dominique B\u00f6s.<\/p>\n<p><strong>Wiretapping scandals: short-term obstacle<\/strong><\/p>\n<p>B\u00f6s sees the PRISM, Echelon and other eavesdropping scandals as a serious obstacle to more growth in SaaS and cloud services in the short term. This means that a\u00a0<a href=\"https:\/\/www.digitalbusiness-cloud.de\/studie-der-nifis-deutsche-wirtschaft-ist-bei-cloud-unsicher\" target=\"_blank\" data-cke-saved-href=\"https:\/\/www.digitalbusiness-cloud.de\/studie-der-nifis-deutsche-wirtschaft-ist-bei-cloud-unsicher\" rel=\"noopener\">current study <\/a>of the National Initiative for Information and Internet Security e.V. (NIFIS) concluded that 84% of companies in Germany are very uncertain about whether their data is still safe in the \"digital cloud\". According to the report, loss of control over one's own data (73%), internal and external hacker attacks (71%) and one's own ignorance of the existing risks (89%) are currently the main dangers for German businesses in cloud computing, the provider writes. \"When SMEs are more certain about what happens to their data in the IT cloud, their willingness to use mobile solutions increases again,\" explains CEO B\u00f6s.<\/p>","protected":false},"excerpt":{"rendered":"<p>Mobile IT-L\u00f6sungen werden f\u00fcr mittelst\u00e4ndische Unternehmen in Deutschland immer wichtiger und die Arbeit in den Betrieben in den n\u00e4chsten Jahren massgeblich pr\u00e4gen. Dies geht aus der aktuellen Umfrage der Frankfurter IT- und Web-Experten von DiOmega\u00a0hervor. Zwei Drittel der befragten Fachleute (69%) stimmen \u00fcberein, dass \u201eMobile\u201c stark an Bedeutung gewinnen wird, wie es in der Medienmitteilung [&hellip;]<\/p>\n","protected":false},"author":1,"featured_media":407,"comment_status":"open","ping_status":"open","sticky":false,"template":"","format":"standard","meta":{"_acf_changed":false,"pgc_sgb_lightbox_settings":"","footnotes":""},"categories":[3313],"tags":[62,63],"class_list":["post-406","post","type-post","status-publish","format-standard","has-post-thumbnail","hentry","category-digitalisierung","tag-ict-sicherheit","tag-it-security"],"acf":[],"hkrextid":null,"publication":null,"issue":null,"workflow":null,"startPage":null,"spitzmarke":null,"_posts_by_tag_page_fields":{"widget_title":"","widget_tags":""},"_at_widget":"1","_yoast_wpseo_primary_category":"2","_yoast_wpseo_focuskw_text_input":"IT-L\u00f6sungen","_yoast_wpseo_opengraph-image":"https:\/\/sicherheitsforum.ch\/wp-content\/uploads\/2016\/12\/Es-droht-ein-Wettbewerbsnachteil-it-security.jpg","_yoast_wpseo_opengraph-description":"Der Report \u201eCloud, SaaS und mobile IT-L\u00f6sungen im Mittelstand 2015\u201c zeigt, dass ohne mobile IT-L\u00f6sungen Wettbewerbsnachteile drohen.","_yoast_wpseo_opengraph-title":"Es droht ein Wettbewerbsnachteil","enclosure":null,"_yoast_wpseo_twitter-title":null,"_yoast_wpseo_twitter-description":null,"_yoast_wpseo_twitter-image":null,"_wp_old_slug":null,"_yoast_wpseo_title":null,"_yoast_wpseo_canonical":null,"yoast_head":"<!-- This site is optimized with the Yoast SEO plugin v27.5 - https:\/\/yoast.com\/product\/yoast-seo-wordpress\/ -->\n<title>Es droht ein Wettbewerbsnachteil - Save<\/title>\n<meta name=\"description\" content=\"Der Report \u201eCloud, SaaS und mobile IT-L\u00f6sungen im Mittelstand 2015\u201c zeigt, dass ohne mobile IT-L\u00f6sungen Wettbewerbsnachteile drohen.\" \/>\n<meta name=\"robots\" content=\"index, follow, max-snippet:-1, max-image-preview:large, max-video-preview:-1\" \/>\n<link rel=\"canonical\" href=\"https:\/\/news.save.ch\/en\/es-droht-ein-wettbewerbsnachteil\/\" \/>\n<meta property=\"og:locale\" content=\"en_US\" \/>\n<meta property=\"og:type\" content=\"article\" \/>\n<meta property=\"og:title\" content=\"Es droht ein Wettbewerbsnachteil\" \/>\n<meta property=\"og:description\" content=\"Der Report \u201eCloud, SaaS und mobile IT-L\u00f6sungen im Mittelstand 2015\u201c zeigt, dass ohne mobile IT-L\u00f6sungen Wettbewerbsnachteile drohen.\" \/>\n<meta property=\"og:url\" content=\"https:\/\/news.save.ch\/en\/es-droht-ein-wettbewerbsnachteil\/\" \/>\n<meta property=\"og:site_name\" content=\"Save\" \/>\n<meta property=\"article:published_time\" content=\"2015-05-21T08:55:24+00:00\" \/>\n<meta property=\"article:modified_time\" content=\"2023-03-14T07:57:40+00:00\" \/>\n<meta property=\"og:image\" content=\"https:\/\/sicherheitsforum.ch\/wp-content\/uploads\/2016\/12\/Es-droht-ein-Wettbewerbsnachteil-it-security.jpg\" \/>\n<meta name=\"author\" content=\"admin\" \/>\n<meta name=\"twitter:card\" content=\"summary_large_image\" \/>\n<meta name=\"twitter:label1\" content=\"Written by\" \/>\n\t<meta name=\"twitter:data1\" content=\"admin\" \/>\n\t<meta name=\"twitter:label2\" content=\"Est. reading time\" \/>\n\t<meta name=\"twitter:data2\" content=\"2 minutes\" \/>\n<script type=\"application\/ld+json\" class=\"yoast-schema-graph\">{\"@context\":\"https:\\\/\\\/schema.org\",\"@graph\":[{\"@type\":\"Article\",\"@id\":\"https:\\\/\\\/news.save.ch\\\/es-droht-ein-wettbewerbsnachteil\\\/#article\",\"isPartOf\":{\"@id\":\"https:\\\/\\\/news.save.ch\\\/es-droht-ein-wettbewerbsnachteil\\\/\"},\"author\":{\"name\":\"admin\",\"@id\":\"https:\\\/\\\/news.save.ch\\\/de\\\/#\\\/schema\\\/person\\\/d49e199490bad7c70d64b9ab51142f2b\"},\"headline\":\"Es droht ein Wettbewerbsnachteil\",\"datePublished\":\"2015-05-21T08:55:24+00:00\",\"dateModified\":\"2023-03-14T07:57:40+00:00\",\"mainEntityOfPage\":{\"@id\":\"https:\\\/\\\/news.save.ch\\\/es-droht-ein-wettbewerbsnachteil\\\/\"},\"wordCount\":373,\"commentCount\":0,\"publisher\":{\"@id\":\"https:\\\/\\\/news.save.ch\\\/de\\\/#organization\"},\"image\":{\"@id\":\"https:\\\/\\\/news.save.ch\\\/es-droht-ein-wettbewerbsnachteil\\\/#primaryimage\"},\"thumbnailUrl\":\"https:\\\/\\\/news.save.ch\\\/wp-content\\\/uploads\\\/2016\\\/12\\\/Es-droht-ein-Wettbewerbsnachteil-it-security-scaled-1-scaled.jpg\",\"keywords\":[\"ICT-Sicherheit\",\"IT-SECURITY\"],\"articleSection\":[\"DIGITALISIERUNG\"],\"inLanguage\":\"en-US\"},{\"@type\":\"WebPage\",\"@id\":\"https:\\\/\\\/news.save.ch\\\/es-droht-ein-wettbewerbsnachteil\\\/\",\"url\":\"https:\\\/\\\/news.save.ch\\\/es-droht-ein-wettbewerbsnachteil\\\/\",\"name\":\"Es droht ein Wettbewerbsnachteil - Save\",\"isPartOf\":{\"@id\":\"https:\\\/\\\/news.save.ch\\\/de\\\/#website\"},\"primaryImageOfPage\":{\"@id\":\"https:\\\/\\\/news.save.ch\\\/es-droht-ein-wettbewerbsnachteil\\\/#primaryimage\"},\"image\":{\"@id\":\"https:\\\/\\\/news.save.ch\\\/es-droht-ein-wettbewerbsnachteil\\\/#primaryimage\"},\"thumbnailUrl\":\"https:\\\/\\\/news.save.ch\\\/wp-content\\\/uploads\\\/2016\\\/12\\\/Es-droht-ein-Wettbewerbsnachteil-it-security-scaled-1-scaled.jpg\",\"datePublished\":\"2015-05-21T08:55:24+00:00\",\"dateModified\":\"2023-03-14T07:57:40+00:00\",\"description\":\"Der Report \u201eCloud, SaaS und mobile IT-L\u00f6sungen im Mittelstand 2015\u201c zeigt, dass ohne mobile IT-L\u00f6sungen Wettbewerbsnachteile drohen.\",\"breadcrumb\":{\"@id\":\"https:\\\/\\\/news.save.ch\\\/es-droht-ein-wettbewerbsnachteil\\\/#breadcrumb\"},\"inLanguage\":\"en-US\",\"potentialAction\":[{\"@type\":\"ReadAction\",\"target\":[\"https:\\\/\\\/news.save.ch\\\/es-droht-ein-wettbewerbsnachteil\\\/\"]}]},{\"@type\":\"ImageObject\",\"inLanguage\":\"en-US\",\"@id\":\"https:\\\/\\\/news.save.ch\\\/es-droht-ein-wettbewerbsnachteil\\\/#primaryimage\",\"url\":\"https:\\\/\\\/news.save.ch\\\/wp-content\\\/uploads\\\/2016\\\/12\\\/Es-droht-ein-Wettbewerbsnachteil-it-security-scaled-1-scaled.jpg\",\"contentUrl\":\"https:\\\/\\\/news.save.ch\\\/wp-content\\\/uploads\\\/2016\\\/12\\\/Es-droht-ein-Wettbewerbsnachteil-it-security-scaled-1-scaled.jpg\",\"width\":1400,\"height\":1350,\"caption\":\"Geht es bald nicht mehr ohne mobile IT-L\u00f6sungen?\"},{\"@type\":\"BreadcrumbList\",\"@id\":\"https:\\\/\\\/news.save.ch\\\/es-droht-ein-wettbewerbsnachteil\\\/#breadcrumb\",\"itemListElement\":[{\"@type\":\"ListItem\",\"position\":1,\"name\":\"Home\",\"item\":\"https:\\\/\\\/news.save.ch\\\/de\\\/\"},{\"@type\":\"ListItem\",\"position\":2,\"name\":\"Es droht ein Wettbewerbsnachteil\"}]},{\"@type\":\"WebSite\",\"@id\":\"https:\\\/\\\/news.save.ch\\\/de\\\/#website\",\"url\":\"https:\\\/\\\/news.save.ch\\\/de\\\/\",\"name\":\"Save\",\"description\":\"Schweizer Fachzeitschrift f\u00fcr Sicherheit\",\"publisher\":{\"@id\":\"https:\\\/\\\/news.save.ch\\\/de\\\/#organization\"},\"potentialAction\":[{\"@type\":\"SearchAction\",\"target\":{\"@type\":\"EntryPoint\",\"urlTemplate\":\"https:\\\/\\\/news.save.ch\\\/de\\\/?s={search_term_string}\"},\"query-input\":{\"@type\":\"PropertyValueSpecification\",\"valueRequired\":true,\"valueName\":\"search_term_string\"}}],\"inLanguage\":\"en-US\"},{\"@type\":\"Organization\",\"@id\":\"https:\\\/\\\/news.save.ch\\\/de\\\/#organization\",\"name\":\"Sicherheitsforum\",\"url\":\"https:\\\/\\\/news.save.ch\\\/de\\\/\",\"logo\":{\"@type\":\"ImageObject\",\"inLanguage\":\"en-US\",\"@id\":\"https:\\\/\\\/news.save.ch\\\/de\\\/#\\\/schema\\\/logo\\\/image\\\/\",\"url\":\"https:\\\/\\\/news.save.ch\\\/wp-content\\\/uploads\\\/2022\\\/06\\\/Logo_SF_2012.png\",\"contentUrl\":\"https:\\\/\\\/news.save.ch\\\/wp-content\\\/uploads\\\/2022\\\/06\\\/Logo_SF_2012.png\",\"width\":1100,\"height\":91,\"caption\":\"Sicherheitsforum\"},\"image\":{\"@id\":\"https:\\\/\\\/news.save.ch\\\/de\\\/#\\\/schema\\\/logo\\\/image\\\/\"}},{\"@type\":\"Person\",\"@id\":\"https:\\\/\\\/news.save.ch\\\/de\\\/#\\\/schema\\\/person\\\/d49e199490bad7c70d64b9ab51142f2b\",\"name\":\"admin\",\"image\":{\"@type\":\"ImageObject\",\"inLanguage\":\"en-US\",\"@id\":\"https:\\\/\\\/secure.gravatar.com\\\/avatar\\\/ae2f4d718e6c49043e314ce431e7e645d646302a24a5ef5a8bc8e3f5a032e319?s=96&d=mm&r=g\",\"url\":\"https:\\\/\\\/secure.gravatar.com\\\/avatar\\\/ae2f4d718e6c49043e314ce431e7e645d646302a24a5ef5a8bc8e3f5a032e319?s=96&d=mm&r=g\",\"contentUrl\":\"https:\\\/\\\/secure.gravatar.com\\\/avatar\\\/ae2f4d718e6c49043e314ce431e7e645d646302a24a5ef5a8bc8e3f5a032e319?s=96&d=mm&r=g\",\"caption\":\"admin\"},\"sameAs\":[\"https:\\\/\\\/develop.organisator.galledia.ch\"],\"url\":\"https:\\\/\\\/news.save.ch\\\/en\\\/author\\\/admin\\\/\"}]}<\/script>\n<!-- \/ Yoast SEO plugin. -->","yoast_head_json":{"title":"There is a threat of a competitive disadvantage - Save","description":"The report \"Cloud, SaaS and mobile IT solutions in SMEs 2015\" shows that without mobile IT solutions, competitive disadvantages are imminent.","robots":{"index":"index","follow":"follow","max-snippet":"max-snippet:-1","max-image-preview":"max-image-preview:large","max-video-preview":"max-video-preview:-1"},"canonical":"https:\/\/news.save.ch\/en\/es-droht-ein-wettbewerbsnachteil\/","og_locale":"en_US","og_type":"article","og_title":"Es droht ein Wettbewerbsnachteil","og_description":"Der Report \u201eCloud, SaaS und mobile IT-L\u00f6sungen im Mittelstand 2015\u201c zeigt, dass ohne mobile IT-L\u00f6sungen Wettbewerbsnachteile drohen.","og_url":"https:\/\/news.save.ch\/en\/es-droht-ein-wettbewerbsnachteil\/","og_site_name":"Save","article_published_time":"2015-05-21T08:55:24+00:00","article_modified_time":"2023-03-14T07:57:40+00:00","og_image":[{"url":"https:\/\/sicherheitsforum.ch\/wp-content\/uploads\/2016\/12\/Es-droht-ein-Wettbewerbsnachteil-it-security.jpg","type":"","width":"","height":""}],"author":"admin","twitter_card":"summary_large_image","twitter_misc":{"Written by":"admin","Est. reading time":"2 minutes"},"schema":{"@context":"https:\/\/schema.org","@graph":[{"@type":"Article","@id":"https:\/\/news.save.ch\/es-droht-ein-wettbewerbsnachteil\/#article","isPartOf":{"@id":"https:\/\/news.save.ch\/es-droht-ein-wettbewerbsnachteil\/"},"author":{"name":"admin","@id":"https:\/\/news.save.ch\/de\/#\/schema\/person\/d49e199490bad7c70d64b9ab51142f2b"},"headline":"Es droht ein Wettbewerbsnachteil","datePublished":"2015-05-21T08:55:24+00:00","dateModified":"2023-03-14T07:57:40+00:00","mainEntityOfPage":{"@id":"https:\/\/news.save.ch\/es-droht-ein-wettbewerbsnachteil\/"},"wordCount":373,"commentCount":0,"publisher":{"@id":"https:\/\/news.save.ch\/de\/#organization"},"image":{"@id":"https:\/\/news.save.ch\/es-droht-ein-wettbewerbsnachteil\/#primaryimage"},"thumbnailUrl":"https:\/\/news.save.ch\/wp-content\/uploads\/2016\/12\/Es-droht-ein-Wettbewerbsnachteil-it-security-scaled-1-scaled.jpg","keywords":["ICT-Sicherheit","IT-SECURITY"],"articleSection":["DIGITALISIERUNG"],"inLanguage":"en-US"},{"@type":"WebPage","@id":"https:\/\/news.save.ch\/es-droht-ein-wettbewerbsnachteil\/","url":"https:\/\/news.save.ch\/es-droht-ein-wettbewerbsnachteil\/","name":"There is a threat of a competitive disadvantage - Save","isPartOf":{"@id":"https:\/\/news.save.ch\/de\/#website"},"primaryImageOfPage":{"@id":"https:\/\/news.save.ch\/es-droht-ein-wettbewerbsnachteil\/#primaryimage"},"image":{"@id":"https:\/\/news.save.ch\/es-droht-ein-wettbewerbsnachteil\/#primaryimage"},"thumbnailUrl":"https:\/\/news.save.ch\/wp-content\/uploads\/2016\/12\/Es-droht-ein-Wettbewerbsnachteil-it-security-scaled-1-scaled.jpg","datePublished":"2015-05-21T08:55:24+00:00","dateModified":"2023-03-14T07:57:40+00:00","description":"The report \"Cloud, SaaS and mobile IT solutions in SMEs 2015\" shows that without mobile IT solutions, competitive disadvantages are imminent.","breadcrumb":{"@id":"https:\/\/news.save.ch\/es-droht-ein-wettbewerbsnachteil\/#breadcrumb"},"inLanguage":"en-US","potentialAction":[{"@type":"ReadAction","target":["https:\/\/news.save.ch\/es-droht-ein-wettbewerbsnachteil\/"]}]},{"@type":"ImageObject","inLanguage":"en-US","@id":"https:\/\/news.save.ch\/es-droht-ein-wettbewerbsnachteil\/#primaryimage","url":"https:\/\/news.save.ch\/wp-content\/uploads\/2016\/12\/Es-droht-ein-Wettbewerbsnachteil-it-security-scaled-1-scaled.jpg","contentUrl":"https:\/\/news.save.ch\/wp-content\/uploads\/2016\/12\/Es-droht-ein-Wettbewerbsnachteil-it-security-scaled-1-scaled.jpg","width":1400,"height":1350,"caption":"Geht es bald nicht mehr ohne mobile IT-L\u00f6sungen?"},{"@type":"BreadcrumbList","@id":"https:\/\/news.save.ch\/es-droht-ein-wettbewerbsnachteil\/#breadcrumb","itemListElement":[{"@type":"ListItem","position":1,"name":"Home","item":"https:\/\/news.save.ch\/de\/"},{"@type":"ListItem","position":2,"name":"Es droht ein Wettbewerbsnachteil"}]},{"@type":"WebSite","@id":"https:\/\/news.save.ch\/de\/#website","url":"https:\/\/news.save.ch\/de\/","name":"Save","description":"Swiss trade journal for safety","publisher":{"@id":"https:\/\/news.save.ch\/de\/#organization"},"potentialAction":[{"@type":"SearchAction","target":{"@type":"EntryPoint","urlTemplate":"https:\/\/news.save.ch\/de\/?s={search_term_string}"},"query-input":{"@type":"PropertyValueSpecification","valueRequired":true,"valueName":"search_term_string"}}],"inLanguage":"en-US"},{"@type":"Organization","@id":"https:\/\/news.save.ch\/de\/#organization","name":"Security Forum","url":"https:\/\/news.save.ch\/de\/","logo":{"@type":"ImageObject","inLanguage":"en-US","@id":"https:\/\/news.save.ch\/de\/#\/schema\/logo\/image\/","url":"https:\/\/news.save.ch\/wp-content\/uploads\/2022\/06\/Logo_SF_2012.png","contentUrl":"https:\/\/news.save.ch\/wp-content\/uploads\/2022\/06\/Logo_SF_2012.png","width":1100,"height":91,"caption":"Sicherheitsforum"},"image":{"@id":"https:\/\/news.save.ch\/de\/#\/schema\/logo\/image\/"}},{"@type":"Person","@id":"https:\/\/news.save.ch\/de\/#\/schema\/person\/d49e199490bad7c70d64b9ab51142f2b","name":"admin","image":{"@type":"ImageObject","inLanguage":"en-US","@id":"https:\/\/secure.gravatar.com\/avatar\/ae2f4d718e6c49043e314ce431e7e645d646302a24a5ef5a8bc8e3f5a032e319?s=96&d=mm&r=g","url":"https:\/\/secure.gravatar.com\/avatar\/ae2f4d718e6c49043e314ce431e7e645d646302a24a5ef5a8bc8e3f5a032e319?s=96&d=mm&r=g","contentUrl":"https:\/\/secure.gravatar.com\/avatar\/ae2f4d718e6c49043e314ce431e7e645d646302a24a5ef5a8bc8e3f5a032e319?s=96&d=mm&r=g","caption":"admin"},"sameAs":["https:\/\/develop.organisator.galledia.ch"],"url":"https:\/\/news.save.ch\/en\/author\/admin\/"}]}},"_links":{"self":[{"href":"https:\/\/news.save.ch\/en\/wp-json\/wp\/v2\/posts\/406","targetHints":{"allow":["GET"]}}],"collection":[{"href":"https:\/\/news.save.ch\/en\/wp-json\/wp\/v2\/posts"}],"about":[{"href":"https:\/\/news.save.ch\/en\/wp-json\/wp\/v2\/types\/post"}],"author":[{"embeddable":true,"href":"https:\/\/news.save.ch\/en\/wp-json\/wp\/v2\/users\/1"}],"replies":[{"embeddable":true,"href":"https:\/\/news.save.ch\/en\/wp-json\/wp\/v2\/comments?post=406"}],"version-history":[{"count":1,"href":"https:\/\/news.save.ch\/en\/wp-json\/wp\/v2\/posts\/406\/revisions"}],"predecessor-version":[{"id":17787,"href":"https:\/\/news.save.ch\/en\/wp-json\/wp\/v2\/posts\/406\/revisions\/17787"}],"wp:featuredmedia":[{"embeddable":true,"href":"https:\/\/news.save.ch\/en\/wp-json\/wp\/v2\/media\/407"}],"wp:attachment":[{"href":"https:\/\/news.save.ch\/en\/wp-json\/wp\/v2\/media?parent=406"}],"wp:term":[{"taxonomy":"category","embeddable":true,"href":"https:\/\/news.save.ch\/en\/wp-json\/wp\/v2\/categories?post=406"},{"taxonomy":"post_tag","embeddable":true,"href":"https:\/\/news.save.ch\/en\/wp-json\/wp\/v2\/tags?post=406"}],"curies":[{"name":"wp","href":"https:\/\/api.w.org\/{rel}","templated":true}]}}