{"id":4295,"date":"2019-07-02T07:30:51","date_gmt":"2019-07-02T05:30:51","guid":{"rendered":"https:\/\/news.save.ch\/?p=4295"},"modified":"2023-03-14T09:05:07","modified_gmt":"2023-03-14T08:05:07","slug":"welcher-arbeitshandschuh-darfs-denn-sein","status":null,"type":"post","link":"https:\/\/news.save.ch\/en\/welcher-arbeitshandschuh-darfs-denn-sein\/","title":{"rendered":"Which work glove would you like?"},"content":{"rendered":"<figure id=\"attachment_4299\" aria-describedby=\"caption-attachment-4299\" style=\"width: 680px\" class=\"wp-caption alignnone\"><img loading=\"lazy\" decoding=\"async\" class=\"size-medium wp-image-4299\" src=\"http:\/\/develop.safety-plus.ch\/wp-content\/uploads\/2019\/07\/02b-Poster.jpg\" alt=\"\" width=\"680\" height=\"476\" \/><figcaption id=\"caption-attachment-4299\" class=\"wp-caption-text\">Injuries are a threat in many occupational activities and the employer has the duty to protect his employees from corresponding dangers. In the DIN A1 poster of the market overview you can see the most important functional performances and possible applications of protective and work gloves. \u00a9 M. Frutig\/SAFETY-PLUS<\/figcaption><\/figure>\n<p>&nbsp;<\/p>\n<p>With the market overview in SAFETY-PLUS No. 2\/19, we provide safety managers and decision-makers with practical and quick information on the subject of work gloves. The important functional performance and possible uses of protective and work gloves, and how best to go about finding the right gloves for the job. <a href=\"https:\/\/www.youtube.com\/watch?v=abVivm40lGs\" target=\"_blank\" rel=\"noopener\">Products<\/a> The editorial team asked Massimo Nicastro, Managing Director of Uvex Switzerland, about how the company can limit its exposure to mechanical, chemical and thermal risks.<\/p>\n<p><strong>Mr. Nicastro, what are the most requested topics and challenges in choosing the right work gloves for corporate buyers and SiBes?<\/strong><\/p>\n<p><strong>Massimo Nicastro: <\/strong>The gloves are classified according to the type of hazard (mechanical, chemical, <a href=\"https:\/\/www.youtube.com\/watch?v=yac8vxh-Buo\" target=\"_blank\" rel=\"noopener\">thermal<\/a>), according to the type of activity (precision, all-round, heavy duty) and the ambient conditions at the workplace (dry, damp, wet\/oily).<\/p>\n<p>For users, the challenge now is to find the appropriate glove for the <a href=\"https:\/\/www.bghm.de\/arbeitsschuetzer\/fachinformationen\/hautschutz\/schutzhandschuhe\/\" target=\"_blank\" rel=\"noopener\">Application and the working environment<\/a> to select. Here, in addition to the required protective function - and thus corresponding certification - ergonomic aspects such as fit, sensitivity and grip safety also play a major role. For example, there are different types of coatings, depending on whether the work area is dry, damp, wet or oily. Choosing the right glove size should also not be underestimated. A glove that does not fit properly can itself become a source of danger in the workplace. All these aspects are very important for the user.<\/p>\n<p><strong>What other aspects need to be considered?<\/strong><\/p>\n<p>Communication plays a special role here. Employees must be informed about the gloves to be used and their correct application - including the necessary check for damage before each use - and the limits of the protective glove \"what does it protect against, what does it not protect against? It is also advisable to have a glove schedule for each workplace, which is visibly posted at the workplace so that the information about which gloves are to be worn is always present. The right <a href=\"https:\/\/www.youtube.com\/watch?v=8YjIlzX58ek\" target=\"_blank\" rel=\"noopener\">Selection<\/a> prevents the wrong application.<\/p>\n<p><strong>According to Suva, there is a \"duty to use PPE where it is necessary\".<\/strong> <strong>Therefore, what is the legal situation for employers and employees in particular?<\/strong><\/p>\n<p>The employer is obliged to identify the hazards in the company. If these hazards cannot be eliminated by organizational or technical measures, he must provide his employees with the necessary personal protective equipment. The employees are obliged to use this protective equipment correctly and may not technically modify it - for example, it is clearly forbidden to cut off the fingertips of a glove in order to obtain better sensitivity. This is regulated in Article 82, Paragraphs 1 and 3 of the Accident Insurance Act.<\/p>\n<p><strong>Read <a href=\"https:\/\/www.uvex-safety.ch\/de\/media\/pressemeldungen\/2019\/interview-safety-plus\/\" target=\"_blank\" rel=\"noopener\">here<\/a> download the whole interview.<\/strong><\/p>\n<p>Informative and clearly presented, the special DIN A1 poster of the market overview shows the most important functional performances and possible applications of protective and work gloves. Order the DIN A1 poster with the market overview of work and safety gloves for only 8.90 CHF nominal fee incl. shipping at:<\/p>\n<p><a href=\"mailto:marktuebersicht.safetyplus@galledia.ch\">marktuebersicht.safetyplus@galledia.ch<\/a><\/p>","protected":false},"excerpt":{"rendered":"<p>&nbsp; Mit der Markt\u00fcbersicht im SAFETY-PLUS Nr. 2\/19 geben wir Sicherheitsverantwortlichen und Entscheidern praktische und schnelle Informationen zum Thema Arbeitshandschuh an die Hand. Welche wichtigen Funktionsleistungen und Einsatzm\u00f6glichkeiten es bei Schutz- und Arbeitshandschuhen gibt und wie man am besten vorgeht, die richtigen Produkte gegen mechanische, chemische und thermische Risiken einzugrenzen, dazu befragte die Redaktion Massimo [&hellip;]<\/p>\n","protected":false},"author":1,"featured_media":4300,"comment_status":"open","ping_status":"open","sticky":false,"template":"","format":"standard","meta":{"_acf_changed":false,"pgc_sgb_lightbox_settings":"","footnotes":""},"categories":[1,3314],"tags":[1656,183,172,1845,286,149,2275,2501,2502,2512,175,2669,141,2867,1071,3090,3161],"class_list":["post-4295","post","type-post","status-publish","format-standard","has-post-thumbnail","hentry","category-allgemein","category-health-safety","tag-arbeitshandschuh","tag-arbeitsplatzgestaltung","tag-arbeitssicherheit","tag-chemische-risiken","tag-fachinformationen","tag-gesundheitsschutz","tag-hygiene","tag-marktuebersicht","tag-marktuebersicht-zu-arbeits-und-sicherheitshandschuhen","tag-mechanische-risiken","tag-nichtberufsunfaelle","tag-persoenliche-schutzausruestung-psa","tag-praevention","tag-schutzhandschuh","tag-sibe","tag-thermische-risiken","tag-uvex"],"acf":[],"hkrextid":null,"publication":null,"issue":null,"workflow":null,"startPage":null,"spitzmarke":null,"_posts_by_tag_page_fields":{"widget_title":"","widget_tags":""},"_at_widget":"1","_yoast_wpseo_primary_category":"1","_yoast_wpseo_focuskw_text_input":"Markt\u00fcbersicht","_yoast_wpseo_opengraph-image":null,"_yoast_wpseo_opengraph-description":null,"_yoast_wpseo_opengraph-title":null,"enclosure":null,"_yoast_wpseo_twitter-title":null,"_yoast_wpseo_twitter-description":null,"_yoast_wpseo_twitter-image":null,"_wp_old_slug":null,"_yoast_wpseo_title":null,"_yoast_wpseo_canonical":null,"yoast_head":"<!-- This site is optimized with the Yoast SEO plugin v27.5 - https:\/\/yoast.com\/product\/yoast-seo-wordpress\/ -->\n<title>Welcher Arbeitshandschuh darf`s denn sein? - Save<\/title>\n<meta name=\"description\" content=\"Mit der Markt\u00fcbersicht im SAFETY-PLUS Nr. 2\/19 geben wir SiBes und Entscheidern praktische Informationen zum Thema Arbeitshandschuh an die Hand.\" \/>\n<meta name=\"robots\" content=\"index, follow, max-snippet:-1, max-image-preview:large, max-video-preview:-1\" \/>\n<link rel=\"canonical\" href=\"https:\/\/news.save.ch\/en\/welcher-arbeitshandschuh-darfs-denn-sein\/\" \/>\n<meta property=\"og:locale\" content=\"en_US\" \/>\n<meta property=\"og:type\" content=\"article\" \/>\n<meta property=\"og:title\" content=\"Welcher Arbeitshandschuh darf`s denn sein? - Save\" \/>\n<meta property=\"og:description\" content=\"Mit der Markt\u00fcbersicht im SAFETY-PLUS Nr. 2\/19 geben wir SiBes und Entscheidern praktische Informationen zum Thema Arbeitshandschuh an die Hand.\" \/>\n<meta property=\"og:url\" content=\"https:\/\/news.save.ch\/en\/welcher-arbeitshandschuh-darfs-denn-sein\/\" \/>\n<meta property=\"og:site_name\" content=\"Save\" \/>\n<meta property=\"article:published_time\" content=\"2019-07-02T05:30:51+00:00\" \/>\n<meta property=\"article:modified_time\" content=\"2023-03-14T08:05:07+00:00\" \/>\n<meta property=\"og:image\" content=\"https:\/\/news.save.ch\/wp-content\/uploads\/2019\/07\/14a_Interview-uvex_B01-scaled-1.jpg\" \/>\n\t<meta property=\"og:image:width\" content=\"1200\" \/>\n\t<meta property=\"og:image:height\" content=\"801\" \/>\n\t<meta property=\"og:image:type\" content=\"image\/jpeg\" \/>\n<meta name=\"author\" content=\"admin\" \/>\n<meta name=\"twitter:card\" content=\"summary_large_image\" \/>\n<meta name=\"twitter:label1\" content=\"Written by\" \/>\n\t<meta name=\"twitter:data1\" content=\"admin\" \/>\n\t<meta name=\"twitter:label2\" content=\"Est. reading time\" \/>\n\t<meta name=\"twitter:data2\" content=\"3 minutes\" \/>\n<script type=\"application\/ld+json\" class=\"yoast-schema-graph\">{\"@context\":\"https:\\\/\\\/schema.org\",\"@graph\":[{\"@type\":\"Article\",\"@id\":\"https:\\\/\\\/news.save.ch\\\/welcher-arbeitshandschuh-darfs-denn-sein\\\/#article\",\"isPartOf\":{\"@id\":\"https:\\\/\\\/news.save.ch\\\/welcher-arbeitshandschuh-darfs-denn-sein\\\/\"},\"author\":{\"name\":\"admin\",\"@id\":\"https:\\\/\\\/news.save.ch\\\/de\\\/#\\\/schema\\\/person\\\/d49e199490bad7c70d64b9ab51142f2b\"},\"headline\":\"Welcher Arbeitshandschuh darf`s denn sein?\",\"datePublished\":\"2019-07-02T05:30:51+00:00\",\"dateModified\":\"2023-03-14T08:05:07+00:00\",\"mainEntityOfPage\":{\"@id\":\"https:\\\/\\\/news.save.ch\\\/welcher-arbeitshandschuh-darfs-denn-sein\\\/\"},\"wordCount\":536,\"commentCount\":0,\"publisher\":{\"@id\":\"https:\\\/\\\/news.save.ch\\\/de\\\/#organization\"},\"image\":{\"@id\":\"https:\\\/\\\/news.save.ch\\\/welcher-arbeitshandschuh-darfs-denn-sein\\\/#primaryimage\"},\"thumbnailUrl\":\"https:\\\/\\\/news.save.ch\\\/wp-content\\\/uploads\\\/2019\\\/07\\\/14a_Interview-uvex_B01-scaled-1.jpg\",\"keywords\":[\"Arbeitshandschuh\",\"Arbeitsplatzgestaltung\",\"Arbeitssicherheit\",\"chemische Risiken\",\"Fachinformationen\",\"Gesundheitsschutz\",\"Hygiene\",\"Markt\u00fcbersicht\",\"Markt\u00fcbersicht zu Arbeits- und Sicherheitshandschuhen\",\"mechanische Risiken\",\"Nichtberufsunf\u00e4lle\",\"Pers\u00f6nliche Schutzausr\u00fcstung (PSA)\",\"Pr\u00e4vention\",\"Schutzhandschuh\",\"SiBe\",\"thermische Risiken\",\"uvex\"],\"articleSection\":[\"ALLGEMEIN\",\"HEALTH &amp; SAFETY\"],\"inLanguage\":\"en-US\"},{\"@type\":\"WebPage\",\"@id\":\"https:\\\/\\\/news.save.ch\\\/welcher-arbeitshandschuh-darfs-denn-sein\\\/\",\"url\":\"https:\\\/\\\/news.save.ch\\\/welcher-arbeitshandschuh-darfs-denn-sein\\\/\",\"name\":\"Welcher Arbeitshandschuh darf`s denn sein? - Save\",\"isPartOf\":{\"@id\":\"https:\\\/\\\/news.save.ch\\\/de\\\/#website\"},\"primaryImageOfPage\":{\"@id\":\"https:\\\/\\\/news.save.ch\\\/welcher-arbeitshandschuh-darfs-denn-sein\\\/#primaryimage\"},\"image\":{\"@id\":\"https:\\\/\\\/news.save.ch\\\/welcher-arbeitshandschuh-darfs-denn-sein\\\/#primaryimage\"},\"thumbnailUrl\":\"https:\\\/\\\/news.save.ch\\\/wp-content\\\/uploads\\\/2019\\\/07\\\/14a_Interview-uvex_B01-scaled-1.jpg\",\"datePublished\":\"2019-07-02T05:30:51+00:00\",\"dateModified\":\"2023-03-14T08:05:07+00:00\",\"description\":\"Mit der Markt\u00fcbersicht im SAFETY-PLUS Nr. 2\\\/19 geben wir SiBes und Entscheidern praktische Informationen zum Thema Arbeitshandschuh an die Hand.\",\"breadcrumb\":{\"@id\":\"https:\\\/\\\/news.save.ch\\\/welcher-arbeitshandschuh-darfs-denn-sein\\\/#breadcrumb\"},\"inLanguage\":\"en-US\",\"potentialAction\":[{\"@type\":\"ReadAction\",\"target\":[\"https:\\\/\\\/news.save.ch\\\/welcher-arbeitshandschuh-darfs-denn-sein\\\/\"]}]},{\"@type\":\"ImageObject\",\"inLanguage\":\"en-US\",\"@id\":\"https:\\\/\\\/news.save.ch\\\/welcher-arbeitshandschuh-darfs-denn-sein\\\/#primaryimage\",\"url\":\"https:\\\/\\\/news.save.ch\\\/wp-content\\\/uploads\\\/2019\\\/07\\\/14a_Interview-uvex_B01-scaled-1.jpg\",\"contentUrl\":\"https:\\\/\\\/news.save.ch\\\/wp-content\\\/uploads\\\/2019\\\/07\\\/14a_Interview-uvex_B01-scaled-1.jpg\",\"width\":1200,\"height\":801},{\"@type\":\"BreadcrumbList\",\"@id\":\"https:\\\/\\\/news.save.ch\\\/welcher-arbeitshandschuh-darfs-denn-sein\\\/#breadcrumb\",\"itemListElement\":[{\"@type\":\"ListItem\",\"position\":1,\"name\":\"Home\",\"item\":\"https:\\\/\\\/news.save.ch\\\/de\\\/\"},{\"@type\":\"ListItem\",\"position\":2,\"name\":\"Welcher Arbeitshandschuh darf`s denn sein?\"}]},{\"@type\":\"WebSite\",\"@id\":\"https:\\\/\\\/news.save.ch\\\/de\\\/#website\",\"url\":\"https:\\\/\\\/news.save.ch\\\/de\\\/\",\"name\":\"Save\",\"description\":\"Schweizer Fachzeitschrift f\u00fcr Sicherheit\",\"publisher\":{\"@id\":\"https:\\\/\\\/news.save.ch\\\/de\\\/#organization\"},\"potentialAction\":[{\"@type\":\"SearchAction\",\"target\":{\"@type\":\"EntryPoint\",\"urlTemplate\":\"https:\\\/\\\/news.save.ch\\\/de\\\/?s={search_term_string}\"},\"query-input\":{\"@type\":\"PropertyValueSpecification\",\"valueRequired\":true,\"valueName\":\"search_term_string\"}}],\"inLanguage\":\"en-US\"},{\"@type\":\"Organization\",\"@id\":\"https:\\\/\\\/news.save.ch\\\/de\\\/#organization\",\"name\":\"Sicherheitsforum\",\"url\":\"https:\\\/\\\/news.save.ch\\\/de\\\/\",\"logo\":{\"@type\":\"ImageObject\",\"inLanguage\":\"en-US\",\"@id\":\"https:\\\/\\\/news.save.ch\\\/de\\\/#\\\/schema\\\/logo\\\/image\\\/\",\"url\":\"https:\\\/\\\/news.save.ch\\\/wp-content\\\/uploads\\\/2022\\\/06\\\/Logo_SF_2012.png\",\"contentUrl\":\"https:\\\/\\\/news.save.ch\\\/wp-content\\\/uploads\\\/2022\\\/06\\\/Logo_SF_2012.png\",\"width\":1100,\"height\":91,\"caption\":\"Sicherheitsforum\"},\"image\":{\"@id\":\"https:\\\/\\\/news.save.ch\\\/de\\\/#\\\/schema\\\/logo\\\/image\\\/\"}},{\"@type\":\"Person\",\"@id\":\"https:\\\/\\\/news.save.ch\\\/de\\\/#\\\/schema\\\/person\\\/d49e199490bad7c70d64b9ab51142f2b\",\"name\":\"admin\",\"image\":{\"@type\":\"ImageObject\",\"inLanguage\":\"en-US\",\"@id\":\"https:\\\/\\\/secure.gravatar.com\\\/avatar\\\/ae2f4d718e6c49043e314ce431e7e645d646302a24a5ef5a8bc8e3f5a032e319?s=96&d=mm&r=g\",\"url\":\"https:\\\/\\\/secure.gravatar.com\\\/avatar\\\/ae2f4d718e6c49043e314ce431e7e645d646302a24a5ef5a8bc8e3f5a032e319?s=96&d=mm&r=g\",\"contentUrl\":\"https:\\\/\\\/secure.gravatar.com\\\/avatar\\\/ae2f4d718e6c49043e314ce431e7e645d646302a24a5ef5a8bc8e3f5a032e319?s=96&d=mm&r=g\",\"caption\":\"admin\"},\"sameAs\":[\"https:\\\/\\\/develop.organisator.galledia.ch\"],\"url\":\"https:\\\/\\\/news.save.ch\\\/en\\\/author\\\/admin\\\/\"}]}<\/script>\n<!-- \/ Yoast SEO plugin. -->","yoast_head_json":{"title":"Which work glove would you like? - Save","description":"With the market overview in SAFETY-PLUS No. 2\/19, we provide SiBes and decision-makers with practical information on the subject of work gloves.","robots":{"index":"index","follow":"follow","max-snippet":"max-snippet:-1","max-image-preview":"max-image-preview:large","max-video-preview":"max-video-preview:-1"},"canonical":"https:\/\/news.save.ch\/en\/welcher-arbeitshandschuh-darfs-denn-sein\/","og_locale":"en_US","og_type":"article","og_title":"Welcher Arbeitshandschuh darf`s denn sein? - Save","og_description":"Mit der Markt\u00fcbersicht im SAFETY-PLUS Nr. 2\/19 geben wir SiBes und Entscheidern praktische Informationen zum Thema Arbeitshandschuh an die Hand.","og_url":"https:\/\/news.save.ch\/en\/welcher-arbeitshandschuh-darfs-denn-sein\/","og_site_name":"Save","article_published_time":"2019-07-02T05:30:51+00:00","article_modified_time":"2023-03-14T08:05:07+00:00","og_image":[{"width":1200,"height":801,"url":"https:\/\/news.save.ch\/wp-content\/uploads\/2019\/07\/14a_Interview-uvex_B01-scaled-1.jpg","type":"image\/jpeg"}],"author":"admin","twitter_card":"summary_large_image","twitter_misc":{"Written by":"admin","Est. reading time":"3 minutes"},"schema":{"@context":"https:\/\/schema.org","@graph":[{"@type":"Article","@id":"https:\/\/news.save.ch\/welcher-arbeitshandschuh-darfs-denn-sein\/#article","isPartOf":{"@id":"https:\/\/news.save.ch\/welcher-arbeitshandschuh-darfs-denn-sein\/"},"author":{"name":"admin","@id":"https:\/\/news.save.ch\/de\/#\/schema\/person\/d49e199490bad7c70d64b9ab51142f2b"},"headline":"Welcher Arbeitshandschuh darf`s denn sein?","datePublished":"2019-07-02T05:30:51+00:00","dateModified":"2023-03-14T08:05:07+00:00","mainEntityOfPage":{"@id":"https:\/\/news.save.ch\/welcher-arbeitshandschuh-darfs-denn-sein\/"},"wordCount":536,"commentCount":0,"publisher":{"@id":"https:\/\/news.save.ch\/de\/#organization"},"image":{"@id":"https:\/\/news.save.ch\/welcher-arbeitshandschuh-darfs-denn-sein\/#primaryimage"},"thumbnailUrl":"https:\/\/news.save.ch\/wp-content\/uploads\/2019\/07\/14a_Interview-uvex_B01-scaled-1.jpg","keywords":["Arbeitshandschuh","Arbeitsplatzgestaltung","Arbeitssicherheit","chemische Risiken","Fachinformationen","Gesundheitsschutz","Hygiene","Markt\u00fcbersicht","Markt\u00fcbersicht zu Arbeits- und Sicherheitshandschuhen","mechanische Risiken","Nichtberufsunf\u00e4lle","Pers\u00f6nliche Schutzausr\u00fcstung (PSA)","Pr\u00e4vention","Schutzhandschuh","SiBe","thermische Risiken","uvex"],"articleSection":["ALLGEMEIN","HEALTH &amp; SAFETY"],"inLanguage":"en-US"},{"@type":"WebPage","@id":"https:\/\/news.save.ch\/welcher-arbeitshandschuh-darfs-denn-sein\/","url":"https:\/\/news.save.ch\/welcher-arbeitshandschuh-darfs-denn-sein\/","name":"Which work glove would you like? - Save","isPartOf":{"@id":"https:\/\/news.save.ch\/de\/#website"},"primaryImageOfPage":{"@id":"https:\/\/news.save.ch\/welcher-arbeitshandschuh-darfs-denn-sein\/#primaryimage"},"image":{"@id":"https:\/\/news.save.ch\/welcher-arbeitshandschuh-darfs-denn-sein\/#primaryimage"},"thumbnailUrl":"https:\/\/news.save.ch\/wp-content\/uploads\/2019\/07\/14a_Interview-uvex_B01-scaled-1.jpg","datePublished":"2019-07-02T05:30:51+00:00","dateModified":"2023-03-14T08:05:07+00:00","description":"With the market overview in SAFETY-PLUS No. 2\/19, we provide SiBes and decision-makers with practical information on the subject of work gloves.","breadcrumb":{"@id":"https:\/\/news.save.ch\/welcher-arbeitshandschuh-darfs-denn-sein\/#breadcrumb"},"inLanguage":"en-US","potentialAction":[{"@type":"ReadAction","target":["https:\/\/news.save.ch\/welcher-arbeitshandschuh-darfs-denn-sein\/"]}]},{"@type":"ImageObject","inLanguage":"en-US","@id":"https:\/\/news.save.ch\/welcher-arbeitshandschuh-darfs-denn-sein\/#primaryimage","url":"https:\/\/news.save.ch\/wp-content\/uploads\/2019\/07\/14a_Interview-uvex_B01-scaled-1.jpg","contentUrl":"https:\/\/news.save.ch\/wp-content\/uploads\/2019\/07\/14a_Interview-uvex_B01-scaled-1.jpg","width":1200,"height":801},{"@type":"BreadcrumbList","@id":"https:\/\/news.save.ch\/welcher-arbeitshandschuh-darfs-denn-sein\/#breadcrumb","itemListElement":[{"@type":"ListItem","position":1,"name":"Home","item":"https:\/\/news.save.ch\/de\/"},{"@type":"ListItem","position":2,"name":"Welcher Arbeitshandschuh darf`s denn sein?"}]},{"@type":"WebSite","@id":"https:\/\/news.save.ch\/de\/#website","url":"https:\/\/news.save.ch\/de\/","name":"Save","description":"Swiss trade journal for safety","publisher":{"@id":"https:\/\/news.save.ch\/de\/#organization"},"potentialAction":[{"@type":"SearchAction","target":{"@type":"EntryPoint","urlTemplate":"https:\/\/news.save.ch\/de\/?s={search_term_string}"},"query-input":{"@type":"PropertyValueSpecification","valueRequired":true,"valueName":"search_term_string"}}],"inLanguage":"en-US"},{"@type":"Organization","@id":"https:\/\/news.save.ch\/de\/#organization","name":"Security Forum","url":"https:\/\/news.save.ch\/de\/","logo":{"@type":"ImageObject","inLanguage":"en-US","@id":"https:\/\/news.save.ch\/de\/#\/schema\/logo\/image\/","url":"https:\/\/news.save.ch\/wp-content\/uploads\/2022\/06\/Logo_SF_2012.png","contentUrl":"https:\/\/news.save.ch\/wp-content\/uploads\/2022\/06\/Logo_SF_2012.png","width":1100,"height":91,"caption":"Sicherheitsforum"},"image":{"@id":"https:\/\/news.save.ch\/de\/#\/schema\/logo\/image\/"}},{"@type":"Person","@id":"https:\/\/news.save.ch\/de\/#\/schema\/person\/d49e199490bad7c70d64b9ab51142f2b","name":"admin","image":{"@type":"ImageObject","inLanguage":"en-US","@id":"https:\/\/secure.gravatar.com\/avatar\/ae2f4d718e6c49043e314ce431e7e645d646302a24a5ef5a8bc8e3f5a032e319?s=96&d=mm&r=g","url":"https:\/\/secure.gravatar.com\/avatar\/ae2f4d718e6c49043e314ce431e7e645d646302a24a5ef5a8bc8e3f5a032e319?s=96&d=mm&r=g","contentUrl":"https:\/\/secure.gravatar.com\/avatar\/ae2f4d718e6c49043e314ce431e7e645d646302a24a5ef5a8bc8e3f5a032e319?s=96&d=mm&r=g","caption":"admin"},"sameAs":["https:\/\/develop.organisator.galledia.ch"],"url":"https:\/\/news.save.ch\/en\/author\/admin\/"}]}},"_links":{"self":[{"href":"https:\/\/news.save.ch\/en\/wp-json\/wp\/v2\/posts\/4295","targetHints":{"allow":["GET"]}}],"collection":[{"href":"https:\/\/news.save.ch\/en\/wp-json\/wp\/v2\/posts"}],"about":[{"href":"https:\/\/news.save.ch\/en\/wp-json\/wp\/v2\/types\/post"}],"author":[{"embeddable":true,"href":"https:\/\/news.save.ch\/en\/wp-json\/wp\/v2\/users\/1"}],"replies":[{"embeddable":true,"href":"https:\/\/news.save.ch\/en\/wp-json\/wp\/v2\/comments?post=4295"}],"version-history":[{"count":1,"href":"https:\/\/news.save.ch\/en\/wp-json\/wp\/v2\/posts\/4295\/revisions"}],"predecessor-version":[{"id":18251,"href":"https:\/\/news.save.ch\/en\/wp-json\/wp\/v2\/posts\/4295\/revisions\/18251"}],"wp:featuredmedia":[{"embeddable":true,"href":"https:\/\/news.save.ch\/en\/wp-json\/wp\/v2\/media\/4300"}],"wp:attachment":[{"href":"https:\/\/news.save.ch\/en\/wp-json\/wp\/v2\/media?parent=4295"}],"wp:term":[{"taxonomy":"category","embeddable":true,"href":"https:\/\/news.save.ch\/en\/wp-json\/wp\/v2\/categories?post=4295"},{"taxonomy":"post_tag","embeddable":true,"href":"https:\/\/news.save.ch\/en\/wp-json\/wp\/v2\/tags?post=4295"}],"curies":[{"name":"wp","href":"https:\/\/api.w.org\/{rel}","templated":true}]}}