{"id":4305,"date":"2019-09-09T10:58:33","date_gmt":"2019-09-09T08:58:33","guid":{"rendered":"https:\/\/news.save.ch\/?p=4305"},"modified":"2023-03-14T09:03:57","modified_gmt":"2023-03-14T08:03:57","slug":"sgig-fachtagung-bei-regent","status":null,"type":"post","link":"https:\/\/news.save.ch\/en\/sgig-fachtagung-bei-regent\/","title":{"rendered":"SGIG symposium at Regent"},"content":{"rendered":"<figure id=\"attachment_4306\" aria-describedby=\"caption-attachment-4306\" style=\"width: 680px\" class=\"wp-caption alignnone\"><img loading=\"lazy\" decoding=\"async\" class=\"size-medium wp-image-4306\" src=\"http:\/\/develop.safety-plus.ch\/wp-content\/uploads\/2019\/07\/REGENT.jpg\" alt=\"Through its holistic expertise, Regent provides orientation in the luminaire market, which offers many opportunities through LED and the use of forward-looking digital technologies. \u00a9 REGENT\" width=\"680\" height=\"452\" \/><figcaption id=\"caption-attachment-4306\" class=\"wp-caption-text\">Through its holistic expertise, Regent provides orientation in the luminaire market, which offers many opportunities through LED and the use of forward-looking digital technologies.<br \/>\u00a9 REGENT<\/figcaption><\/figure>\n<p>Regent, based in Basel, employs around 600 people in six countries, is the market leader in Switzerland and one of the leading luminaire manufacturers in Europe. Its products are sold internationally in 35 countries via distribution partners.<\/p>\n<p>At this SGIG symposium, participants can expand their knowledge on the topic of <a href=\"https:\/\/www.regent.ch\/unternehmen\/regent-lighting-center\/basel\/\" target=\"_blank\" rel=\"noopener\">Light and lighting<\/a> and they will learn about possible solutions for the <a href=\"https:\/\/news.save.ch\/en\/daemmerlicht-fuehrt-zur-verdummung\/\" target=\"_blank\" rel=\"noopener\">Lighting<\/a> in industry and commerce, in administration and in sales.<\/p>\n<p><strong>Program<\/strong><\/p>\n<p>After the welcome by the president of SGIG and a representative of the management of Regent Beleuchtungsk\u00f6rper AG, the following daily schedule is planned:<\/p>\n<ul>\n<li>Presentation of the company by Marcel Brodbeck, Lighting Consultant.<br \/>\nThis will be followed by the following presentations by specialists from Regent Beleuchtungsk\u00f6rper AG:<\/li>\n<li>Technical presentation by the head of the laboratory<\/li>\n<li>Lighting in the workplace \"TunableWhite\" by Product Management<\/li>\n<li>New technologies, such as \"Mydata Analysis\", \"Mydata Position\", \"LIFI\".<\/li>\n<\/ul>\n<p>In the afternoon the following program items are scheduled:<\/p>\n<ul>\n<li>Plant tour alternating with<\/li>\n<li>Case studies and demonstrations of the areas of administration - industry - sales in the company's own premises.<\/li>\n<li>Technical presentation \"Artificial lighting in the daily routine\".<\/li>\n<\/ul>\n<p>Further information and the registration form for this symposium are available directly on the association website. The registration deadline is Friday, September 20, 2019.<\/p>\n<p>Study Group for Health Protection in Industry, Service and Trade (SGIG)<\/p>\n<p><a href=\"http:\/\/www.sgig.ch\" target=\"_blank\" rel=\"noopener\">www.sgig.ch<\/a><\/p>","protected":false},"excerpt":{"rendered":"<p>Die Firma Regent mit Sitz in Basel besch\u00e4ftigt rund 600 Mitarbeiter in sechs L\u00e4ndern, ist Marktf\u00fchrer in der Schweiz und einer der f\u00fchrenden Leuchtenhersteller in Europa. \u00dcber Distributionspartner werden ihre Produkte international in 35 L\u00e4ndern vertrieben. An dieser SGIG Fachtagung k\u00f6nnen die Teilnehmenden ihr Wissen zum Thema Licht und Beleuchtung vertiefen und es werden ihnen [&hellip;]<\/p>\n","protected":false},"author":1,"featured_media":4306,"comment_status":"open","ping_status":"open","sticky":false,"template":"","format":"standard","meta":{"_acf_changed":false,"pgc_sgb_lightbox_settings":"","footnotes":""},"categories":[1,3314],"tags":[183,172,1779,2223,2417,2467,2775,2900,2901,3115,160],"class_list":["post-4305","post","type-post","status-publish","format-standard","has-post-thumbnail","hentry","category-allgemein","category-health-safety","tag-arbeitsplatzgestaltung","tag-arbeitssicherheit","tag-betriebsrundgang","tag-hcl","tag-kuenstliche-beleuchtung","tag-lifi","tag-regent","tag-sgig","tag-sgig-fachtagung","tag-tunable-white","tag-veranstaltungen"],"acf":[],"hkrextid":null,"publication":null,"issue":null,"workflow":null,"startPage":null,"spitzmarke":null,"_posts_by_tag_page_fields":{"widget_title":"","widget_tags":""},"_at_widget":"1","_yoast_wpseo_primary_category":"4","_yoast_wpseo_focuskw_text_input":"SGIG Fachtagung","_yoast_wpseo_opengraph-image":null,"_yoast_wpseo_opengraph-description":null,"_yoast_wpseo_opengraph-title":null,"enclosure":null,"_yoast_wpseo_twitter-title":null,"_yoast_wpseo_twitter-description":null,"_yoast_wpseo_twitter-image":null,"_wp_old_slug":null,"_yoast_wpseo_title":null,"_yoast_wpseo_canonical":null,"yoast_head":"<!-- This site is optimized with the Yoast SEO plugin v27.5 - https:\/\/yoast.com\/product\/yoast-seo-wordpress\/ -->\n<title>SGIG Fachtagung bei Regent - Save<\/title>\n<meta name=\"description\" content=\"SGIG-Fachtagung zum Thema Beleuchtung in Theorie und Praxis bei Regent Lighting.\" \/>\n<meta name=\"robots\" content=\"index, follow, max-snippet:-1, max-image-preview:large, max-video-preview:-1\" \/>\n<link rel=\"canonical\" href=\"https:\/\/news.save.ch\/en\/sgig-fachtagung-bei-regent\/\" \/>\n<meta property=\"og:locale\" content=\"en_US\" \/>\n<meta property=\"og:type\" content=\"article\" \/>\n<meta property=\"og:title\" content=\"SGIG Fachtagung bei Regent - Save\" \/>\n<meta property=\"og:description\" content=\"SGIG-Fachtagung zum Thema Beleuchtung in Theorie und Praxis bei Regent Lighting.\" \/>\n<meta property=\"og:url\" content=\"https:\/\/news.save.ch\/en\/sgig-fachtagung-bei-regent\/\" \/>\n<meta property=\"og:site_name\" content=\"Save\" \/>\n<meta property=\"article:published_time\" content=\"2019-09-09T08:58:33+00:00\" \/>\n<meta property=\"article:modified_time\" content=\"2023-03-14T08:03:57+00:00\" \/>\n<meta property=\"og:image\" content=\"https:\/\/news.save.ch\/wp-content\/uploads\/2019\/07\/REGENT-scaled-1.jpg\" \/>\n\t<meta property=\"og:image:width\" content=\"1200\" \/>\n\t<meta property=\"og:image:height\" content=\"799\" \/>\n\t<meta property=\"og:image:type\" content=\"image\/jpeg\" \/>\n<meta name=\"author\" content=\"admin\" \/>\n<meta name=\"twitter:card\" content=\"summary_large_image\" \/>\n<meta name=\"twitter:label1\" content=\"Written by\" \/>\n\t<meta name=\"twitter:data1\" content=\"admin\" \/>\n\t<meta name=\"twitter:label2\" content=\"Est. reading time\" \/>\n\t<meta name=\"twitter:data2\" content=\"1 minute\" \/>\n<script type=\"application\/ld+json\" class=\"yoast-schema-graph\">{\"@context\":\"https:\\\/\\\/schema.org\",\"@graph\":[{\"@type\":\"Article\",\"@id\":\"https:\\\/\\\/news.save.ch\\\/sgig-fachtagung-bei-regent\\\/#article\",\"isPartOf\":{\"@id\":\"https:\\\/\\\/news.save.ch\\\/sgig-fachtagung-bei-regent\\\/\"},\"author\":{\"name\":\"admin\",\"@id\":\"https:\\\/\\\/news.save.ch\\\/de\\\/#\\\/schema\\\/person\\\/d49e199490bad7c70d64b9ab51142f2b\"},\"headline\":\"SGIG Fachtagung bei Regent\",\"datePublished\":\"2019-09-09T08:58:33+00:00\",\"dateModified\":\"2023-03-14T08:03:57+00:00\",\"mainEntityOfPage\":{\"@id\":\"https:\\\/\\\/news.save.ch\\\/sgig-fachtagung-bei-regent\\\/\"},\"wordCount\":241,\"commentCount\":0,\"publisher\":{\"@id\":\"https:\\\/\\\/news.save.ch\\\/de\\\/#organization\"},\"image\":{\"@id\":\"https:\\\/\\\/news.save.ch\\\/sgig-fachtagung-bei-regent\\\/#primaryimage\"},\"thumbnailUrl\":\"https:\\\/\\\/news.save.ch\\\/wp-content\\\/uploads\\\/2019\\\/07\\\/REGENT-scaled-1.jpg\",\"keywords\":[\"Arbeitsplatzgestaltung\",\"Arbeitssicherheit\",\"Betriebsrundgang\",\"HCL\",\"K\u00fcnstliche Beleuchtung\",\"LIFI\",\"Regent\",\"SGIG\",\"SGIG Fachtagung\",\"tunable white\",\"Veranstaltungen\"],\"articleSection\":[\"ALLGEMEIN\",\"HEALTH &amp; SAFETY\"],\"inLanguage\":\"en-US\"},{\"@type\":\"WebPage\",\"@id\":\"https:\\\/\\\/news.save.ch\\\/sgig-fachtagung-bei-regent\\\/\",\"url\":\"https:\\\/\\\/news.save.ch\\\/sgig-fachtagung-bei-regent\\\/\",\"name\":\"SGIG Fachtagung bei Regent - Save\",\"isPartOf\":{\"@id\":\"https:\\\/\\\/news.save.ch\\\/de\\\/#website\"},\"primaryImageOfPage\":{\"@id\":\"https:\\\/\\\/news.save.ch\\\/sgig-fachtagung-bei-regent\\\/#primaryimage\"},\"image\":{\"@id\":\"https:\\\/\\\/news.save.ch\\\/sgig-fachtagung-bei-regent\\\/#primaryimage\"},\"thumbnailUrl\":\"https:\\\/\\\/news.save.ch\\\/wp-content\\\/uploads\\\/2019\\\/07\\\/REGENT-scaled-1.jpg\",\"datePublished\":\"2019-09-09T08:58:33+00:00\",\"dateModified\":\"2023-03-14T08:03:57+00:00\",\"description\":\"SGIG-Fachtagung zum Thema Beleuchtung in Theorie und Praxis bei Regent Lighting.\",\"breadcrumb\":{\"@id\":\"https:\\\/\\\/news.save.ch\\\/sgig-fachtagung-bei-regent\\\/#breadcrumb\"},\"inLanguage\":\"en-US\",\"potentialAction\":[{\"@type\":\"ReadAction\",\"target\":[\"https:\\\/\\\/news.save.ch\\\/sgig-fachtagung-bei-regent\\\/\"]}]},{\"@type\":\"ImageObject\",\"inLanguage\":\"en-US\",\"@id\":\"https:\\\/\\\/news.save.ch\\\/sgig-fachtagung-bei-regent\\\/#primaryimage\",\"url\":\"https:\\\/\\\/news.save.ch\\\/wp-content\\\/uploads\\\/2019\\\/07\\\/REGENT-scaled-1.jpg\",\"contentUrl\":\"https:\\\/\\\/news.save.ch\\\/wp-content\\\/uploads\\\/2019\\\/07\\\/REGENT-scaled-1.jpg\",\"width\":1200,\"height\":799,\"caption\":\"Durch ihre ganzheitliche Kompetenz bietet Regent Orientierung im Leuchtenmarkt, der durch LED und den Einsatz von zukunftsweisenden digitalen Technologien viele Chancen bietet. \u00a9 REGENT\"},{\"@type\":\"BreadcrumbList\",\"@id\":\"https:\\\/\\\/news.save.ch\\\/sgig-fachtagung-bei-regent\\\/#breadcrumb\",\"itemListElement\":[{\"@type\":\"ListItem\",\"position\":1,\"name\":\"Home\",\"item\":\"https:\\\/\\\/news.save.ch\\\/de\\\/\"},{\"@type\":\"ListItem\",\"position\":2,\"name\":\"SGIG Fachtagung bei Regent\"}]},{\"@type\":\"WebSite\",\"@id\":\"https:\\\/\\\/news.save.ch\\\/de\\\/#website\",\"url\":\"https:\\\/\\\/news.save.ch\\\/de\\\/\",\"name\":\"Save\",\"description\":\"Schweizer Fachzeitschrift f\u00fcr Sicherheit\",\"publisher\":{\"@id\":\"https:\\\/\\\/news.save.ch\\\/de\\\/#organization\"},\"potentialAction\":[{\"@type\":\"SearchAction\",\"target\":{\"@type\":\"EntryPoint\",\"urlTemplate\":\"https:\\\/\\\/news.save.ch\\\/de\\\/?s={search_term_string}\"},\"query-input\":{\"@type\":\"PropertyValueSpecification\",\"valueRequired\":true,\"valueName\":\"search_term_string\"}}],\"inLanguage\":\"en-US\"},{\"@type\":\"Organization\",\"@id\":\"https:\\\/\\\/news.save.ch\\\/de\\\/#organization\",\"name\":\"Sicherheitsforum\",\"url\":\"https:\\\/\\\/news.save.ch\\\/de\\\/\",\"logo\":{\"@type\":\"ImageObject\",\"inLanguage\":\"en-US\",\"@id\":\"https:\\\/\\\/news.save.ch\\\/de\\\/#\\\/schema\\\/logo\\\/image\\\/\",\"url\":\"https:\\\/\\\/news.save.ch\\\/wp-content\\\/uploads\\\/2022\\\/06\\\/Logo_SF_2012.png\",\"contentUrl\":\"https:\\\/\\\/news.save.ch\\\/wp-content\\\/uploads\\\/2022\\\/06\\\/Logo_SF_2012.png\",\"width\":1100,\"height\":91,\"caption\":\"Sicherheitsforum\"},\"image\":{\"@id\":\"https:\\\/\\\/news.save.ch\\\/de\\\/#\\\/schema\\\/logo\\\/image\\\/\"}},{\"@type\":\"Person\",\"@id\":\"https:\\\/\\\/news.save.ch\\\/de\\\/#\\\/schema\\\/person\\\/d49e199490bad7c70d64b9ab51142f2b\",\"name\":\"admin\",\"image\":{\"@type\":\"ImageObject\",\"inLanguage\":\"en-US\",\"@id\":\"https:\\\/\\\/secure.gravatar.com\\\/avatar\\\/ae2f4d718e6c49043e314ce431e7e645d646302a24a5ef5a8bc8e3f5a032e319?s=96&d=mm&r=g\",\"url\":\"https:\\\/\\\/secure.gravatar.com\\\/avatar\\\/ae2f4d718e6c49043e314ce431e7e645d646302a24a5ef5a8bc8e3f5a032e319?s=96&d=mm&r=g\",\"contentUrl\":\"https:\\\/\\\/secure.gravatar.com\\\/avatar\\\/ae2f4d718e6c49043e314ce431e7e645d646302a24a5ef5a8bc8e3f5a032e319?s=96&d=mm&r=g\",\"caption\":\"admin\"},\"sameAs\":[\"https:\\\/\\\/develop.organisator.galledia.ch\"],\"url\":\"https:\\\/\\\/news.save.ch\\\/en\\\/author\\\/admin\\\/\"}]}<\/script>\n<!-- \/ Yoast SEO plugin. -->","yoast_head_json":{"title":"SGIG symposium at Regent - Save","description":"SGIG symposium on lighting theory and practice at Regent Lighting.","robots":{"index":"index","follow":"follow","max-snippet":"max-snippet:-1","max-image-preview":"max-image-preview:large","max-video-preview":"max-video-preview:-1"},"canonical":"https:\/\/news.save.ch\/en\/sgig-fachtagung-bei-regent\/","og_locale":"en_US","og_type":"article","og_title":"SGIG Fachtagung bei Regent - Save","og_description":"SGIG-Fachtagung zum Thema Beleuchtung in Theorie und Praxis bei Regent Lighting.","og_url":"https:\/\/news.save.ch\/en\/sgig-fachtagung-bei-regent\/","og_site_name":"Save","article_published_time":"2019-09-09T08:58:33+00:00","article_modified_time":"2023-03-14T08:03:57+00:00","og_image":[{"width":1200,"height":799,"url":"https:\/\/news.save.ch\/wp-content\/uploads\/2019\/07\/REGENT-scaled-1.jpg","type":"image\/jpeg"}],"author":"admin","twitter_card":"summary_large_image","twitter_misc":{"Written by":"admin","Est. reading time":"1 minute"},"schema":{"@context":"https:\/\/schema.org","@graph":[{"@type":"Article","@id":"https:\/\/news.save.ch\/sgig-fachtagung-bei-regent\/#article","isPartOf":{"@id":"https:\/\/news.save.ch\/sgig-fachtagung-bei-regent\/"},"author":{"name":"admin","@id":"https:\/\/news.save.ch\/de\/#\/schema\/person\/d49e199490bad7c70d64b9ab51142f2b"},"headline":"SGIG Fachtagung bei Regent","datePublished":"2019-09-09T08:58:33+00:00","dateModified":"2023-03-14T08:03:57+00:00","mainEntityOfPage":{"@id":"https:\/\/news.save.ch\/sgig-fachtagung-bei-regent\/"},"wordCount":241,"commentCount":0,"publisher":{"@id":"https:\/\/news.save.ch\/de\/#organization"},"image":{"@id":"https:\/\/news.save.ch\/sgig-fachtagung-bei-regent\/#primaryimage"},"thumbnailUrl":"https:\/\/news.save.ch\/wp-content\/uploads\/2019\/07\/REGENT-scaled-1.jpg","keywords":["Arbeitsplatzgestaltung","Arbeitssicherheit","Betriebsrundgang","HCL","K\u00fcnstliche Beleuchtung","LIFI","Regent","SGIG","SGIG Fachtagung","tunable white","Veranstaltungen"],"articleSection":["ALLGEMEIN","HEALTH &amp; SAFETY"],"inLanguage":"en-US"},{"@type":"WebPage","@id":"https:\/\/news.save.ch\/sgig-fachtagung-bei-regent\/","url":"https:\/\/news.save.ch\/sgig-fachtagung-bei-regent\/","name":"SGIG symposium at Regent - Save","isPartOf":{"@id":"https:\/\/news.save.ch\/de\/#website"},"primaryImageOfPage":{"@id":"https:\/\/news.save.ch\/sgig-fachtagung-bei-regent\/#primaryimage"},"image":{"@id":"https:\/\/news.save.ch\/sgig-fachtagung-bei-regent\/#primaryimage"},"thumbnailUrl":"https:\/\/news.save.ch\/wp-content\/uploads\/2019\/07\/REGENT-scaled-1.jpg","datePublished":"2019-09-09T08:58:33+00:00","dateModified":"2023-03-14T08:03:57+00:00","description":"SGIG symposium on lighting theory and practice at Regent Lighting.","breadcrumb":{"@id":"https:\/\/news.save.ch\/sgig-fachtagung-bei-regent\/#breadcrumb"},"inLanguage":"en-US","potentialAction":[{"@type":"ReadAction","target":["https:\/\/news.save.ch\/sgig-fachtagung-bei-regent\/"]}]},{"@type":"ImageObject","inLanguage":"en-US","@id":"https:\/\/news.save.ch\/sgig-fachtagung-bei-regent\/#primaryimage","url":"https:\/\/news.save.ch\/wp-content\/uploads\/2019\/07\/REGENT-scaled-1.jpg","contentUrl":"https:\/\/news.save.ch\/wp-content\/uploads\/2019\/07\/REGENT-scaled-1.jpg","width":1200,"height":799,"caption":"Durch ihre ganzheitliche Kompetenz bietet Regent Orientierung im Leuchtenmarkt, der durch LED und den Einsatz von zukunftsweisenden digitalen Technologien viele Chancen bietet. \u00a9 REGENT"},{"@type":"BreadcrumbList","@id":"https:\/\/news.save.ch\/sgig-fachtagung-bei-regent\/#breadcrumb","itemListElement":[{"@type":"ListItem","position":1,"name":"Home","item":"https:\/\/news.save.ch\/de\/"},{"@type":"ListItem","position":2,"name":"SGIG Fachtagung bei Regent"}]},{"@type":"WebSite","@id":"https:\/\/news.save.ch\/de\/#website","url":"https:\/\/news.save.ch\/de\/","name":"Save","description":"Swiss trade journal for safety","publisher":{"@id":"https:\/\/news.save.ch\/de\/#organization"},"potentialAction":[{"@type":"SearchAction","target":{"@type":"EntryPoint","urlTemplate":"https:\/\/news.save.ch\/de\/?s={search_term_string}"},"query-input":{"@type":"PropertyValueSpecification","valueRequired":true,"valueName":"search_term_string"}}],"inLanguage":"en-US"},{"@type":"Organization","@id":"https:\/\/news.save.ch\/de\/#organization","name":"Security Forum","url":"https:\/\/news.save.ch\/de\/","logo":{"@type":"ImageObject","inLanguage":"en-US","@id":"https:\/\/news.save.ch\/de\/#\/schema\/logo\/image\/","url":"https:\/\/news.save.ch\/wp-content\/uploads\/2022\/06\/Logo_SF_2012.png","contentUrl":"https:\/\/news.save.ch\/wp-content\/uploads\/2022\/06\/Logo_SF_2012.png","width":1100,"height":91,"caption":"Sicherheitsforum"},"image":{"@id":"https:\/\/news.save.ch\/de\/#\/schema\/logo\/image\/"}},{"@type":"Person","@id":"https:\/\/news.save.ch\/de\/#\/schema\/person\/d49e199490bad7c70d64b9ab51142f2b","name":"admin","image":{"@type":"ImageObject","inLanguage":"en-US","@id":"https:\/\/secure.gravatar.com\/avatar\/ae2f4d718e6c49043e314ce431e7e645d646302a24a5ef5a8bc8e3f5a032e319?s=96&d=mm&r=g","url":"https:\/\/secure.gravatar.com\/avatar\/ae2f4d718e6c49043e314ce431e7e645d646302a24a5ef5a8bc8e3f5a032e319?s=96&d=mm&r=g","contentUrl":"https:\/\/secure.gravatar.com\/avatar\/ae2f4d718e6c49043e314ce431e7e645d646302a24a5ef5a8bc8e3f5a032e319?s=96&d=mm&r=g","caption":"admin"},"sameAs":["https:\/\/develop.organisator.galledia.ch"],"url":"https:\/\/news.save.ch\/en\/author\/admin\/"}]}},"_links":{"self":[{"href":"https:\/\/news.save.ch\/en\/wp-json\/wp\/v2\/posts\/4305","targetHints":{"allow":["GET"]}}],"collection":[{"href":"https:\/\/news.save.ch\/en\/wp-json\/wp\/v2\/posts"}],"about":[{"href":"https:\/\/news.save.ch\/en\/wp-json\/wp\/v2\/types\/post"}],"author":[{"embeddable":true,"href":"https:\/\/news.save.ch\/en\/wp-json\/wp\/v2\/users\/1"}],"replies":[{"embeddable":true,"href":"https:\/\/news.save.ch\/en\/wp-json\/wp\/v2\/comments?post=4305"}],"version-history":[{"count":1,"href":"https:\/\/news.save.ch\/en\/wp-json\/wp\/v2\/posts\/4305\/revisions"}],"predecessor-version":[{"id":18639,"href":"https:\/\/news.save.ch\/en\/wp-json\/wp\/v2\/posts\/4305\/revisions\/18639"}],"wp:featuredmedia":[{"embeddable":true,"href":"https:\/\/news.save.ch\/en\/wp-json\/wp\/v2\/media\/4306"}],"wp:attachment":[{"href":"https:\/\/news.save.ch\/en\/wp-json\/wp\/v2\/media?parent=4305"}],"wp:term":[{"taxonomy":"category","embeddable":true,"href":"https:\/\/news.save.ch\/en\/wp-json\/wp\/v2\/categories?post=4305"},{"taxonomy":"post_tag","embeddable":true,"href":"https:\/\/news.save.ch\/en\/wp-json\/wp\/v2\/tags?post=4305"}],"curies":[{"name":"wp","href":"https:\/\/api.w.org\/{rel}","templated":true}]}}