{"id":4351,"date":"2019-07-31T06:50:09","date_gmt":"2019-07-31T04:50:09","guid":{"rendered":"https:\/\/news.save.ch\/?p=4351"},"modified":"2023-08-16T05:40:55","modified_gmt":"2023-08-16T03:40:55","slug":"150-vereinsversammlung-des-schweizerischer-verein-fuer-technische-inspektionen","status":null,"type":"post","link":"https:\/\/news.save.ch\/en\/150-vereinsversammlung-des-schweizerischer-verein-fuer-technische-inspektionen\/","title":{"rendered":"150th Association Meeting of the SVTI"},"content":{"rendered":"<p><img loading=\"lazy\" decoding=\"async\" class=\"alignnone wp-image-4448 size-full\" src=\"https:\/\/news.save.ch\/wp-content\/uploads\/2019\/07\/SVTI-2.jpg\" alt=\"SVTI\" width=\"266\" height=\"185\" srcset=\"https:\/\/news.save.ch\/wp-content\/uploads\/2019\/07\/SVTI-2.jpg 266w, https:\/\/news.save.ch\/wp-content\/uploads\/2019\/07\/SVTI-2-18x12.jpg 18w\" sizes=\"auto, (max-width: 266px) 100vw, 266px\" \/><\/p>\n<p>The SVTI enjoyed a successful business performance in the 2018 reporting year. The stable economic conditions in the industrial environment contributed to this. All inspectorates recorded a significant volume of activities and achieved solid results. Swiss Safety Center AG, which was formed at the beginning of 2018 from the merger of the previous subsidiaries, also achieved pleasing figures in its first year of operation and has already successfully positioned itself in the market. The strengthened management structure of Swiss Safety Center AG in the course of the merger had a positive impact on operations and employee satisfaction.<\/p>\n<p>On January 1, 2019, Dr. Raffael Schubiger took office as Director and Chairman of the Executive Board of the SVTI. His predecessor Dr. Herbert Egolf will continue to support the SVTI in a reduced workload. In May 2019, the <a href=\"https:\/\/news.save.ch\/en\/open-house-der-svti-gruppe\/\" target=\"_blank\" rel=\"noopener\">SVTI Group<\/a> its modern extension building at the headquarters in Wallisellen into operation.<\/p>\n<p><strong>Anniversary celebrations <\/strong><\/p>\n<p>This year, the SVTI Group celebrates its 150th anniversary. The <a href=\"https:\/\/news.save.ch\/en\/svti-gestaerktes-kompetenzzentrum-fuer-technische-sicherheit-und-risikomanagement\/\" target=\"_blank\" rel=\"noopener\">SVTI<\/a> uses the anniversary to make itself and its activities more widely known to the public. At <a href=\"https:\/\/news.save.ch\/en\/open-house-der-svti-gruppe\/\" target=\"_blank\" rel=\"noopener\">Inauguration and open house day<\/a> of the extension building in May 2019, more than 500 people were able to gain an insight into the daily work of the employees.<\/p>\n<p><strong>More info<\/strong><\/p>\n<p><a href=\"https:\/\/www.svti.ch\/de\/\" target=\"_blank\" rel=\"noopener\">www.svti.ch<\/a><\/p>","protected":false},"excerpt":{"rendered":"<p>Der SVTI durfte sich im Berichtsjahr 2018 eines erfolgreichen Gesch\u00e4ftsgangs erfreuen. Dazu trugen die stabilen wirtschaftlichen Verh\u00e4ltnisse im industriellen Umfeld bei. Alle Inspektorate verzeichneten einen erheblichen Umfang der T\u00e4tigkeiten und erzielten solide Ergebnisse. Auch die Swiss Safety Center AG, die Anfang 2018 aus dem Zusammenschluss der bisherigen Tochtergesellschaften hervorgegangen war, erreichte im ersten Betriebsjahr erfreuliche [&hellip;]<\/p>\n","protected":false},"author":1,"featured_media":4448,"comment_status":"closed","ping_status":"closed","sticky":false,"template":"","format":"standard","meta":{"_acf_changed":false,"pgc_sgb_lightbox_settings":"","footnotes":""},"categories":[1,3314],"tags":[84,487,2341,446,596,6286],"class_list":["post-4351","post","type-post","status-publish","format-standard","has-post-thumbnail","hentry","category-allgemein","category-health-safety","tag-fachkongressfachmesse","tag-inspektionen","tag-jubilaeum","tag-svti","tag-veranstaltung","tag-vereinsversammlung"],"acf":[],"hkrextid":null,"publication":null,"issue":null,"workflow":null,"startPage":null,"spitzmarke":null,"_posts_by_tag_page_fields":{"widget_title":"","widget_tags":""},"_at_widget":"1","_yoast_wpseo_primary_category":"1","_yoast_wpseo_focuskw_text_input":"SVTI","_yoast_wpseo_opengraph-image":null,"_yoast_wpseo_opengraph-description":null,"_yoast_wpseo_opengraph-title":null,"enclosure":null,"_yoast_wpseo_twitter-title":null,"_yoast_wpseo_twitter-description":null,"_yoast_wpseo_twitter-image":null,"_wp_old_slug":null,"_yoast_wpseo_title":null,"_yoast_wpseo_canonical":null,"yoast_head":"<!-- This site is optimized with the Yoast SEO plugin v27.5 - https:\/\/yoast.com\/product\/yoast-seo-wordpress\/ -->\n<title>150. Vereinsversammlung des SVTI - Save<\/title>\n<meta name=\"description\" content=\"An der 150. Vereinsversammlung des SVTI Ende Juni 2019 konnte der neue Direktor Dr. Raffael Schubiger auf ein erfolgreiches Betriebsjahr 2018 zur\u00fcckblicken. Alle Inspektorate verzeichneten ein grosses T\u00e4tigkeitsvolumen. An der feierlichen Jubil\u00e4umsvereinsversammlung in Bern nahmen rund 280 Personen teil.\" \/>\n<meta name=\"robots\" content=\"index, follow, max-snippet:-1, max-image-preview:large, max-video-preview:-1\" \/>\n<link rel=\"canonical\" href=\"https:\/\/news.save.ch\/en\/150-vereinsversammlung-des-schweizerischer-verein-fuer-technische-inspektionen\/\" \/>\n<meta property=\"og:locale\" content=\"en_US\" \/>\n<meta property=\"og:type\" content=\"article\" \/>\n<meta property=\"og:title\" content=\"150. Vereinsversammlung des SVTI - Save\" \/>\n<meta property=\"og:description\" content=\"An der 150. Vereinsversammlung des SVTI Ende Juni 2019 konnte der neue Direktor Dr. Raffael Schubiger auf ein erfolgreiches Betriebsjahr 2018 zur\u00fcckblicken. Alle Inspektorate verzeichneten ein grosses T\u00e4tigkeitsvolumen. An der feierlichen Jubil\u00e4umsvereinsversammlung in Bern nahmen rund 280 Personen teil.\" \/>\n<meta property=\"og:url\" content=\"https:\/\/news.save.ch\/en\/150-vereinsversammlung-des-schweizerischer-verein-fuer-technische-inspektionen\/\" \/>\n<meta property=\"og:site_name\" content=\"Save\" \/>\n<meta property=\"article:published_time\" content=\"2019-07-31T04:50:09+00:00\" \/>\n<meta property=\"article:modified_time\" content=\"2023-08-16T03:40:55+00:00\" \/>\n<meta property=\"og:image\" content=\"https:\/\/news.save.ch\/wp-content\/uploads\/2019\/07\/SVTI-2.jpg\" \/>\n\t<meta property=\"og:image:width\" content=\"266\" \/>\n\t<meta property=\"og:image:height\" content=\"185\" \/>\n\t<meta property=\"og:image:type\" content=\"image\/jpeg\" \/>\n<meta name=\"author\" content=\"admin\" \/>\n<meta name=\"twitter:card\" content=\"summary_large_image\" \/>\n<meta name=\"twitter:label1\" content=\"Written by\" \/>\n\t<meta name=\"twitter:data1\" content=\"admin\" \/>\n\t<meta name=\"twitter:label2\" content=\"Est. reading time\" \/>\n\t<meta name=\"twitter:data2\" content=\"2 minutes\" \/>\n<script type=\"application\/ld+json\" class=\"yoast-schema-graph\">{\"@context\":\"https:\\\/\\\/schema.org\",\"@graph\":[{\"@type\":\"Article\",\"@id\":\"https:\\\/\\\/news.save.ch\\\/150-vereinsversammlung-des-schweizerischer-verein-fuer-technische-inspektionen\\\/#article\",\"isPartOf\":{\"@id\":\"https:\\\/\\\/news.save.ch\\\/150-vereinsversammlung-des-schweizerischer-verein-fuer-technische-inspektionen\\\/\"},\"author\":{\"name\":\"admin\",\"@id\":\"https:\\\/\\\/news.save.ch\\\/de\\\/#\\\/schema\\\/person\\\/d49e199490bad7c70d64b9ab51142f2b\"},\"headline\":\"150. Vereinsversammlung des SVTI\",\"datePublished\":\"2019-07-31T04:50:09+00:00\",\"dateModified\":\"2023-08-16T03:40:55+00:00\",\"mainEntityOfPage\":{\"@id\":\"https:\\\/\\\/news.save.ch\\\/150-vereinsversammlung-des-schweizerischer-verein-fuer-technische-inspektionen\\\/\"},\"wordCount\":208,\"publisher\":{\"@id\":\"https:\\\/\\\/news.save.ch\\\/de\\\/#organization\"},\"image\":{\"@id\":\"https:\\\/\\\/news.save.ch\\\/150-vereinsversammlung-des-schweizerischer-verein-fuer-technische-inspektionen\\\/#primaryimage\"},\"thumbnailUrl\":\"https:\\\/\\\/news.save.ch\\\/wp-content\\\/uploads\\\/2019\\\/07\\\/SVTI-2.jpg\",\"keywords\":[\"Fachkongress\\\/Fachmesse\",\"Inspektionen\",\"Jubil\u00e4um\",\"SVTI\",\"Veranstaltung\",\"Vereinsversammlung\"],\"articleSection\":[\"ALLGEMEIN\",\"HEALTH &amp; SAFETY\"],\"inLanguage\":\"en-US\"},{\"@type\":\"WebPage\",\"@id\":\"https:\\\/\\\/news.save.ch\\\/150-vereinsversammlung-des-schweizerischer-verein-fuer-technische-inspektionen\\\/\",\"url\":\"https:\\\/\\\/news.save.ch\\\/150-vereinsversammlung-des-schweizerischer-verein-fuer-technische-inspektionen\\\/\",\"name\":\"150. Vereinsversammlung des SVTI - Save\",\"isPartOf\":{\"@id\":\"https:\\\/\\\/news.save.ch\\\/de\\\/#website\"},\"primaryImageOfPage\":{\"@id\":\"https:\\\/\\\/news.save.ch\\\/150-vereinsversammlung-des-schweizerischer-verein-fuer-technische-inspektionen\\\/#primaryimage\"},\"image\":{\"@id\":\"https:\\\/\\\/news.save.ch\\\/150-vereinsversammlung-des-schweizerischer-verein-fuer-technische-inspektionen\\\/#primaryimage\"},\"thumbnailUrl\":\"https:\\\/\\\/news.save.ch\\\/wp-content\\\/uploads\\\/2019\\\/07\\\/SVTI-2.jpg\",\"datePublished\":\"2019-07-31T04:50:09+00:00\",\"dateModified\":\"2023-08-16T03:40:55+00:00\",\"description\":\"An der 150. Vereinsversammlung des SVTI Ende Juni 2019 konnte der neue Direktor Dr. Raffael Schubiger auf ein erfolgreiches Betriebsjahr 2018 zur\u00fcckblicken. Alle Inspektorate verzeichneten ein grosses T\u00e4tigkeitsvolumen. An der feierlichen Jubil\u00e4umsvereinsversammlung in Bern nahmen rund 280 Personen teil.\",\"breadcrumb\":{\"@id\":\"https:\\\/\\\/news.save.ch\\\/150-vereinsversammlung-des-schweizerischer-verein-fuer-technische-inspektionen\\\/#breadcrumb\"},\"inLanguage\":\"en-US\",\"potentialAction\":[{\"@type\":\"ReadAction\",\"target\":[\"https:\\\/\\\/news.save.ch\\\/150-vereinsversammlung-des-schweizerischer-verein-fuer-technische-inspektionen\\\/\"]}]},{\"@type\":\"ImageObject\",\"inLanguage\":\"en-US\",\"@id\":\"https:\\\/\\\/news.save.ch\\\/150-vereinsversammlung-des-schweizerischer-verein-fuer-technische-inspektionen\\\/#primaryimage\",\"url\":\"https:\\\/\\\/news.save.ch\\\/wp-content\\\/uploads\\\/2019\\\/07\\\/SVTI-2.jpg\",\"contentUrl\":\"https:\\\/\\\/news.save.ch\\\/wp-content\\\/uploads\\\/2019\\\/07\\\/SVTI-2.jpg\",\"width\":266,\"height\":185},{\"@type\":\"BreadcrumbList\",\"@id\":\"https:\\\/\\\/news.save.ch\\\/150-vereinsversammlung-des-schweizerischer-verein-fuer-technische-inspektionen\\\/#breadcrumb\",\"itemListElement\":[{\"@type\":\"ListItem\",\"position\":1,\"name\":\"Home\",\"item\":\"https:\\\/\\\/news.save.ch\\\/de\\\/\"},{\"@type\":\"ListItem\",\"position\":2,\"name\":\"150. Vereinsversammlung des SVTI\"}]},{\"@type\":\"WebSite\",\"@id\":\"https:\\\/\\\/news.save.ch\\\/de\\\/#website\",\"url\":\"https:\\\/\\\/news.save.ch\\\/de\\\/\",\"name\":\"Save\",\"description\":\"Schweizer Fachzeitschrift f\u00fcr Sicherheit\",\"publisher\":{\"@id\":\"https:\\\/\\\/news.save.ch\\\/de\\\/#organization\"},\"potentialAction\":[{\"@type\":\"SearchAction\",\"target\":{\"@type\":\"EntryPoint\",\"urlTemplate\":\"https:\\\/\\\/news.save.ch\\\/de\\\/?s={search_term_string}\"},\"query-input\":{\"@type\":\"PropertyValueSpecification\",\"valueRequired\":true,\"valueName\":\"search_term_string\"}}],\"inLanguage\":\"en-US\"},{\"@type\":\"Organization\",\"@id\":\"https:\\\/\\\/news.save.ch\\\/de\\\/#organization\",\"name\":\"Sicherheitsforum\",\"url\":\"https:\\\/\\\/news.save.ch\\\/de\\\/\",\"logo\":{\"@type\":\"ImageObject\",\"inLanguage\":\"en-US\",\"@id\":\"https:\\\/\\\/news.save.ch\\\/de\\\/#\\\/schema\\\/logo\\\/image\\\/\",\"url\":\"https:\\\/\\\/news.save.ch\\\/wp-content\\\/uploads\\\/2022\\\/06\\\/Logo_SF_2012.png\",\"contentUrl\":\"https:\\\/\\\/news.save.ch\\\/wp-content\\\/uploads\\\/2022\\\/06\\\/Logo_SF_2012.png\",\"width\":1100,\"height\":91,\"caption\":\"Sicherheitsforum\"},\"image\":{\"@id\":\"https:\\\/\\\/news.save.ch\\\/de\\\/#\\\/schema\\\/logo\\\/image\\\/\"}},{\"@type\":\"Person\",\"@id\":\"https:\\\/\\\/news.save.ch\\\/de\\\/#\\\/schema\\\/person\\\/d49e199490bad7c70d64b9ab51142f2b\",\"name\":\"admin\",\"image\":{\"@type\":\"ImageObject\",\"inLanguage\":\"en-US\",\"@id\":\"https:\\\/\\\/secure.gravatar.com\\\/avatar\\\/ae2f4d718e6c49043e314ce431e7e645d646302a24a5ef5a8bc8e3f5a032e319?s=96&d=mm&r=g\",\"url\":\"https:\\\/\\\/secure.gravatar.com\\\/avatar\\\/ae2f4d718e6c49043e314ce431e7e645d646302a24a5ef5a8bc8e3f5a032e319?s=96&d=mm&r=g\",\"contentUrl\":\"https:\\\/\\\/secure.gravatar.com\\\/avatar\\\/ae2f4d718e6c49043e314ce431e7e645d646302a24a5ef5a8bc8e3f5a032e319?s=96&d=mm&r=g\",\"caption\":\"admin\"},\"sameAs\":[\"https:\\\/\\\/develop.organisator.galledia.ch\"],\"url\":\"https:\\\/\\\/news.save.ch\\\/en\\\/author\\\/admin\\\/\"}]}<\/script>\n<!-- \/ Yoast SEO plugin. -->","yoast_head_json":{"title":"150th Association Meeting of the SVTI - Save","description":"At the 150th SVTI association meeting at the end of June 2019, the new director Dr. Raffael Schubiger was able to look back on a successful 2018 operating year. All inspectorates recorded a large volume of activity. Around 280 people attended the festive anniversary association meeting in Bern.","robots":{"index":"index","follow":"follow","max-snippet":"max-snippet:-1","max-image-preview":"max-image-preview:large","max-video-preview":"max-video-preview:-1"},"canonical":"https:\/\/news.save.ch\/en\/150-vereinsversammlung-des-schweizerischer-verein-fuer-technische-inspektionen\/","og_locale":"en_US","og_type":"article","og_title":"150. Vereinsversammlung des SVTI - Save","og_description":"An der 150. Vereinsversammlung des SVTI Ende Juni 2019 konnte der neue Direktor Dr. Raffael Schubiger auf ein erfolgreiches Betriebsjahr 2018 zur\u00fcckblicken. Alle Inspektorate verzeichneten ein grosses T\u00e4tigkeitsvolumen. An der feierlichen Jubil\u00e4umsvereinsversammlung in Bern nahmen rund 280 Personen teil.","og_url":"https:\/\/news.save.ch\/en\/150-vereinsversammlung-des-schweizerischer-verein-fuer-technische-inspektionen\/","og_site_name":"Save","article_published_time":"2019-07-31T04:50:09+00:00","article_modified_time":"2023-08-16T03:40:55+00:00","og_image":[{"width":266,"height":185,"url":"https:\/\/news.save.ch\/wp-content\/uploads\/2019\/07\/SVTI-2.jpg","type":"image\/jpeg"}],"author":"admin","twitter_card":"summary_large_image","twitter_misc":{"Written by":"admin","Est. reading time":"2 minutes"},"schema":{"@context":"https:\/\/schema.org","@graph":[{"@type":"Article","@id":"https:\/\/news.save.ch\/150-vereinsversammlung-des-schweizerischer-verein-fuer-technische-inspektionen\/#article","isPartOf":{"@id":"https:\/\/news.save.ch\/150-vereinsversammlung-des-schweizerischer-verein-fuer-technische-inspektionen\/"},"author":{"name":"admin","@id":"https:\/\/news.save.ch\/de\/#\/schema\/person\/d49e199490bad7c70d64b9ab51142f2b"},"headline":"150. Vereinsversammlung des SVTI","datePublished":"2019-07-31T04:50:09+00:00","dateModified":"2023-08-16T03:40:55+00:00","mainEntityOfPage":{"@id":"https:\/\/news.save.ch\/150-vereinsversammlung-des-schweizerischer-verein-fuer-technische-inspektionen\/"},"wordCount":208,"publisher":{"@id":"https:\/\/news.save.ch\/de\/#organization"},"image":{"@id":"https:\/\/news.save.ch\/150-vereinsversammlung-des-schweizerischer-verein-fuer-technische-inspektionen\/#primaryimage"},"thumbnailUrl":"https:\/\/news.save.ch\/wp-content\/uploads\/2019\/07\/SVTI-2.jpg","keywords":["Fachkongress\/Fachmesse","Inspektionen","Jubil\u00e4um","SVTI","Veranstaltung","Vereinsversammlung"],"articleSection":["ALLGEMEIN","HEALTH &amp; SAFETY"],"inLanguage":"en-US"},{"@type":"WebPage","@id":"https:\/\/news.save.ch\/150-vereinsversammlung-des-schweizerischer-verein-fuer-technische-inspektionen\/","url":"https:\/\/news.save.ch\/150-vereinsversammlung-des-schweizerischer-verein-fuer-technische-inspektionen\/","name":"150th Association Meeting of the SVTI - Save","isPartOf":{"@id":"https:\/\/news.save.ch\/de\/#website"},"primaryImageOfPage":{"@id":"https:\/\/news.save.ch\/150-vereinsversammlung-des-schweizerischer-verein-fuer-technische-inspektionen\/#primaryimage"},"image":{"@id":"https:\/\/news.save.ch\/150-vereinsversammlung-des-schweizerischer-verein-fuer-technische-inspektionen\/#primaryimage"},"thumbnailUrl":"https:\/\/news.save.ch\/wp-content\/uploads\/2019\/07\/SVTI-2.jpg","datePublished":"2019-07-31T04:50:09+00:00","dateModified":"2023-08-16T03:40:55+00:00","description":"At the 150th SVTI association meeting at the end of June 2019, the new director Dr. Raffael Schubiger was able to look back on a successful 2018 operating year. All inspectorates recorded a large volume of activity. Around 280 people attended the festive anniversary association meeting in Bern.","breadcrumb":{"@id":"https:\/\/news.save.ch\/150-vereinsversammlung-des-schweizerischer-verein-fuer-technische-inspektionen\/#breadcrumb"},"inLanguage":"en-US","potentialAction":[{"@type":"ReadAction","target":["https:\/\/news.save.ch\/150-vereinsversammlung-des-schweizerischer-verein-fuer-technische-inspektionen\/"]}]},{"@type":"ImageObject","inLanguage":"en-US","@id":"https:\/\/news.save.ch\/150-vereinsversammlung-des-schweizerischer-verein-fuer-technische-inspektionen\/#primaryimage","url":"https:\/\/news.save.ch\/wp-content\/uploads\/2019\/07\/SVTI-2.jpg","contentUrl":"https:\/\/news.save.ch\/wp-content\/uploads\/2019\/07\/SVTI-2.jpg","width":266,"height":185},{"@type":"BreadcrumbList","@id":"https:\/\/news.save.ch\/150-vereinsversammlung-des-schweizerischer-verein-fuer-technische-inspektionen\/#breadcrumb","itemListElement":[{"@type":"ListItem","position":1,"name":"Home","item":"https:\/\/news.save.ch\/de\/"},{"@type":"ListItem","position":2,"name":"150. Vereinsversammlung des SVTI"}]},{"@type":"WebSite","@id":"https:\/\/news.save.ch\/de\/#website","url":"https:\/\/news.save.ch\/de\/","name":"Save","description":"Swiss trade journal for safety","publisher":{"@id":"https:\/\/news.save.ch\/de\/#organization"},"potentialAction":[{"@type":"SearchAction","target":{"@type":"EntryPoint","urlTemplate":"https:\/\/news.save.ch\/de\/?s={search_term_string}"},"query-input":{"@type":"PropertyValueSpecification","valueRequired":true,"valueName":"search_term_string"}}],"inLanguage":"en-US"},{"@type":"Organization","@id":"https:\/\/news.save.ch\/de\/#organization","name":"Security Forum","url":"https:\/\/news.save.ch\/de\/","logo":{"@type":"ImageObject","inLanguage":"en-US","@id":"https:\/\/news.save.ch\/de\/#\/schema\/logo\/image\/","url":"https:\/\/news.save.ch\/wp-content\/uploads\/2022\/06\/Logo_SF_2012.png","contentUrl":"https:\/\/news.save.ch\/wp-content\/uploads\/2022\/06\/Logo_SF_2012.png","width":1100,"height":91,"caption":"Sicherheitsforum"},"image":{"@id":"https:\/\/news.save.ch\/de\/#\/schema\/logo\/image\/"}},{"@type":"Person","@id":"https:\/\/news.save.ch\/de\/#\/schema\/person\/d49e199490bad7c70d64b9ab51142f2b","name":"admin","image":{"@type":"ImageObject","inLanguage":"en-US","@id":"https:\/\/secure.gravatar.com\/avatar\/ae2f4d718e6c49043e314ce431e7e645d646302a24a5ef5a8bc8e3f5a032e319?s=96&d=mm&r=g","url":"https:\/\/secure.gravatar.com\/avatar\/ae2f4d718e6c49043e314ce431e7e645d646302a24a5ef5a8bc8e3f5a032e319?s=96&d=mm&r=g","contentUrl":"https:\/\/secure.gravatar.com\/avatar\/ae2f4d718e6c49043e314ce431e7e645d646302a24a5ef5a8bc8e3f5a032e319?s=96&d=mm&r=g","caption":"admin"},"sameAs":["https:\/\/develop.organisator.galledia.ch"],"url":"https:\/\/news.save.ch\/en\/author\/admin\/"}]}},"_links":{"self":[{"href":"https:\/\/news.save.ch\/en\/wp-json\/wp\/v2\/posts\/4351","targetHints":{"allow":["GET"]}}],"collection":[{"href":"https:\/\/news.save.ch\/en\/wp-json\/wp\/v2\/posts"}],"about":[{"href":"https:\/\/news.save.ch\/en\/wp-json\/wp\/v2\/types\/post"}],"author":[{"embeddable":true,"href":"https:\/\/news.save.ch\/en\/wp-json\/wp\/v2\/users\/1"}],"replies":[{"embeddable":true,"href":"https:\/\/news.save.ch\/en\/wp-json\/wp\/v2\/comments?post=4351"}],"version-history":[{"count":4,"href":"https:\/\/news.save.ch\/en\/wp-json\/wp\/v2\/posts\/4351\/revisions"}],"predecessor-version":[{"id":21877,"href":"https:\/\/news.save.ch\/en\/wp-json\/wp\/v2\/posts\/4351\/revisions\/21877"}],"wp:featuredmedia":[{"embeddable":true,"href":"https:\/\/news.save.ch\/en\/wp-json\/wp\/v2\/media\/4448"}],"wp:attachment":[{"href":"https:\/\/news.save.ch\/en\/wp-json\/wp\/v2\/media?parent=4351"}],"wp:term":[{"taxonomy":"category","embeddable":true,"href":"https:\/\/news.save.ch\/en\/wp-json\/wp\/v2\/categories?post=4351"},{"taxonomy":"post_tag","embeddable":true,"href":"https:\/\/news.save.ch\/en\/wp-json\/wp\/v2\/tags?post=4351"}],"curies":[{"name":"wp","href":"https:\/\/api.w.org\/{rel}","templated":true}]}}