{"id":436,"date":"2015-06-08T11:15:35","date_gmt":"2015-06-08T09:15:35","guid":{"rendered":"https:\/\/dev.sicherheitsforum.ch\/?p=436"},"modified":"2023-03-14T08:57:39","modified_gmt":"2023-03-14T07:57:39","slug":"wechsel-zu-abraxas","status":null,"type":"post","link":"https:\/\/news.save.ch\/en\/wechsel-zu-abraxas\/","title":{"rendered":"Change to Abraxas"},"content":{"rendered":"<figure id=\"attachment_437\" aria-describedby=\"caption-attachment-437\" style=\"width: 680px\" class=\"wp-caption alignnone\"><img loading=\"lazy\" decoding=\"async\" class=\"wp-image-437 size-medium\" src=\"https:\/\/news.save.ch\/wp-content\/uploads\/2016\/12\/Wechsel-zu-Abraxas_Markus-Zollinger-it-security.jpg\" alt=\"Markus Zollinger\" width=\"680\" height=\"875\" srcset=\"https:\/\/news.save.ch\/wp-content\/uploads\/2016\/12\/Wechsel-zu-Abraxas_Markus-Zollinger-it-security.jpg 918w, https:\/\/news.save.ch\/wp-content\/uploads\/2016\/12\/Wechsel-zu-Abraxas_Markus-Zollinger-it-security-233x300.jpg 233w\" sizes=\"auto, (max-width: 680px) 100vw, 680px\" \/><figcaption id=\"caption-attachment-437\" class=\"wp-caption-text\">Markus Zollinger<\/figcaption><\/figure>\n<p>\"The strategic initiative decided by the Board of Directors to strengthen and realign sales is finally getting its face with our new colleague,\" says a delighted <a href=\"https:\/\/news.save.ch\/en\/abraxas-gutmann-wird-neuer-ceo\/\">CEO<\/a> F\u00e9lix Mauron. \"Markus Zollinger brings with him a wealth of experience. With new impulses in the areas of market development and account management, he will make a major contribution to the successful further development of the <a href=\"https:\/\/www.abraxas.ch\" target=\"_blank\" rel=\"noopener\" data-cke-saved-href=\"https:\/\/www.abraxas.ch\">Abraxas<\/a> afford.\"<\/p>\n<p>In his more than 20 years in the IT industry, Zollinger has gained extensive experience in building and managing strategic business units in various senior management positions, according to the company.<\/p>\n<p><em>Press release Abraxas<\/em><\/p>","protected":false},"excerpt":{"rendered":"<p>&#8222;Die vom Verwaltungsrat beschlossene, strategische Initiative zur St\u00e4rkung und Neuausrichtung des Verkaufs bekommt mit unserem neuen Kollegen endlich auch ihr Gesicht&#8220;, freut sich CEO F\u00e9lix Mauron. &#8222;Markus Zollinger bringt einen reichen Erfahrungsschatz mit. Er wird mit neuen Impulsen in den Bereichen Marktbearbeitung und Account-Management einen grossen Beitrag zur erfolgreichen Weiterentwicklung der Abraxas leisten.&#8220; In seiner [&hellip;]<\/p>\n","protected":false},"author":1,"featured_media":437,"comment_status":"open","ping_status":"open","sticky":false,"template":"","format":"standard","meta":{"_acf_changed":false,"pgc_sgb_lightbox_settings":"","footnotes":""},"categories":[3313],"tags":[144,65],"class_list":["post-436","post","type-post","status-publish","format-standard","has-post-thumbnail","hentry","category-digitalisierung","tag-personalien","tag-unternehmen"],"acf":[],"hkrextid":null,"publication":null,"issue":null,"workflow":null,"startPage":null,"spitzmarke":null,"_posts_by_tag_page_fields":{"widget_title":"","widget_tags":""},"_at_widget":"1","_yoast_wpseo_primary_category":"2","_yoast_wpseo_focuskw_text_input":"Abraxas Informatik","_yoast_wpseo_opengraph-image":"https:\/\/news.save.ch\/wp-content\/uploads\/2016\/12\/Wechsel-zu-Abraxas_Markus-Zollinger-it-security.jpg","_yoast_wpseo_opengraph-description":"Der IT-Manager Markus Zollinger wechselt per 1. September 2015 von IBM zu Abraxas Informatik AG und wird als Mitglied der Gesch\u00e4ftsleitung den Gesch\u00e4ftsbereich Verkauf und Business Development f\u00fchren.","_yoast_wpseo_opengraph-title":"Wechsel zu Abraxas","enclosure":null,"_yoast_wpseo_twitter-title":null,"_yoast_wpseo_twitter-description":null,"_yoast_wpseo_twitter-image":null,"_wp_old_slug":null,"_yoast_wpseo_title":null,"_yoast_wpseo_canonical":null,"yoast_head":"<!-- This site is optimized with the Yoast SEO plugin v27.4 - https:\/\/yoast.com\/product\/yoast-seo-wordpress\/ -->\n<title>Wechsel zu Abraxas - Save<\/title>\n<meta name=\"description\" content=\"Der IT-Manager Markus Zollinger wechselt per 1. September 2015 von IBM zu Abraxas Informatik AG.\" \/>\n<meta name=\"robots\" content=\"index, follow, max-snippet:-1, max-image-preview:large, max-video-preview:-1\" \/>\n<link rel=\"canonical\" href=\"https:\/\/news.save.ch\/en\/wechsel-zu-abraxas\/\" \/>\n<meta property=\"og:locale\" content=\"en_US\" \/>\n<meta property=\"og:type\" content=\"article\" \/>\n<meta property=\"og:title\" content=\"Wechsel zu Abraxas\" \/>\n<meta property=\"og:description\" content=\"Der IT-Manager Markus Zollinger wechselt per 1. September 2015 von IBM zu Abraxas Informatik AG und wird als Mitglied der Gesch\u00e4ftsleitung den Gesch\u00e4ftsbereich Verkauf und Business Development f\u00fchren.\" \/>\n<meta property=\"og:url\" content=\"https:\/\/news.save.ch\/en\/wechsel-zu-abraxas\/\" \/>\n<meta property=\"og:site_name\" content=\"Save\" \/>\n<meta property=\"article:published_time\" content=\"2015-06-08T09:15:35+00:00\" \/>\n<meta property=\"article:modified_time\" content=\"2023-03-14T07:57:39+00:00\" \/>\n<meta property=\"og:image\" content=\"https:\/\/news.save.ch\/wp-content\/uploads\/2016\/12\/Wechsel-zu-Abraxas_Markus-Zollinger-it-security.jpg\" \/>\n<meta name=\"author\" content=\"admin\" \/>\n<meta name=\"twitter:card\" content=\"summary_large_image\" \/>\n<meta name=\"twitter:label1\" content=\"Written by\" \/>\n\t<meta name=\"twitter:data1\" content=\"admin\" \/>\n<script type=\"application\/ld+json\" class=\"yoast-schema-graph\">{\"@context\":\"https:\\\/\\\/schema.org\",\"@graph\":[{\"@type\":\"Article\",\"@id\":\"https:\\\/\\\/news.save.ch\\\/wechsel-zu-abraxas\\\/#article\",\"isPartOf\":{\"@id\":\"https:\\\/\\\/news.save.ch\\\/wechsel-zu-abraxas\\\/\"},\"author\":{\"name\":\"admin\",\"@id\":\"https:\\\/\\\/news.save.ch\\\/de\\\/#\\\/schema\\\/person\\\/d49e199490bad7c70d64b9ab51142f2b\"},\"headline\":\"Wechsel zu Abraxas\",\"datePublished\":\"2015-06-08T09:15:35+00:00\",\"dateModified\":\"2023-03-14T07:57:39+00:00\",\"mainEntityOfPage\":{\"@id\":\"https:\\\/\\\/news.save.ch\\\/wechsel-zu-abraxas\\\/\"},\"wordCount\":99,\"commentCount\":0,\"publisher\":{\"@id\":\"https:\\\/\\\/news.save.ch\\\/de\\\/#organization\"},\"image\":{\"@id\":\"https:\\\/\\\/news.save.ch\\\/wechsel-zu-abraxas\\\/#primaryimage\"},\"thumbnailUrl\":\"https:\\\/\\\/news.save.ch\\\/wp-content\\\/uploads\\\/2016\\\/12\\\/Wechsel-zu-Abraxas_Markus-Zollinger-it-security.jpg\",\"keywords\":[\"Personalien\",\"Unternehmen\"],\"articleSection\":[\"DIGITALISIERUNG\"],\"inLanguage\":\"en-US\"},{\"@type\":\"WebPage\",\"@id\":\"https:\\\/\\\/news.save.ch\\\/wechsel-zu-abraxas\\\/\",\"url\":\"https:\\\/\\\/news.save.ch\\\/wechsel-zu-abraxas\\\/\",\"name\":\"Wechsel zu Abraxas - Save\",\"isPartOf\":{\"@id\":\"https:\\\/\\\/news.save.ch\\\/de\\\/#website\"},\"primaryImageOfPage\":{\"@id\":\"https:\\\/\\\/news.save.ch\\\/wechsel-zu-abraxas\\\/#primaryimage\"},\"image\":{\"@id\":\"https:\\\/\\\/news.save.ch\\\/wechsel-zu-abraxas\\\/#primaryimage\"},\"thumbnailUrl\":\"https:\\\/\\\/news.save.ch\\\/wp-content\\\/uploads\\\/2016\\\/12\\\/Wechsel-zu-Abraxas_Markus-Zollinger-it-security.jpg\",\"datePublished\":\"2015-06-08T09:15:35+00:00\",\"dateModified\":\"2023-03-14T07:57:39+00:00\",\"description\":\"Der IT-Manager Markus Zollinger wechselt per 1. September 2015 von IBM zu Abraxas Informatik AG.\",\"breadcrumb\":{\"@id\":\"https:\\\/\\\/news.save.ch\\\/wechsel-zu-abraxas\\\/#breadcrumb\"},\"inLanguage\":\"en-US\",\"potentialAction\":[{\"@type\":\"ReadAction\",\"target\":[\"https:\\\/\\\/news.save.ch\\\/wechsel-zu-abraxas\\\/\"]}]},{\"@type\":\"ImageObject\",\"inLanguage\":\"en-US\",\"@id\":\"https:\\\/\\\/news.save.ch\\\/wechsel-zu-abraxas\\\/#primaryimage\",\"url\":\"https:\\\/\\\/news.save.ch\\\/wp-content\\\/uploads\\\/2016\\\/12\\\/Wechsel-zu-Abraxas_Markus-Zollinger-it-security.jpg\",\"contentUrl\":\"https:\\\/\\\/news.save.ch\\\/wp-content\\\/uploads\\\/2016\\\/12\\\/Wechsel-zu-Abraxas_Markus-Zollinger-it-security.jpg\",\"width\":918,\"height\":1181,\"caption\":\"Markus Zollinger\"},{\"@type\":\"BreadcrumbList\",\"@id\":\"https:\\\/\\\/news.save.ch\\\/wechsel-zu-abraxas\\\/#breadcrumb\",\"itemListElement\":[{\"@type\":\"ListItem\",\"position\":1,\"name\":\"Home\",\"item\":\"https:\\\/\\\/news.save.ch\\\/de\\\/\"},{\"@type\":\"ListItem\",\"position\":2,\"name\":\"Wechsel zu Abraxas\"}]},{\"@type\":\"WebSite\",\"@id\":\"https:\\\/\\\/news.save.ch\\\/de\\\/#website\",\"url\":\"https:\\\/\\\/news.save.ch\\\/de\\\/\",\"name\":\"Save\",\"description\":\"Schweizer Fachzeitschrift f\u00fcr Sicherheit\",\"publisher\":{\"@id\":\"https:\\\/\\\/news.save.ch\\\/de\\\/#organization\"},\"potentialAction\":[{\"@type\":\"SearchAction\",\"target\":{\"@type\":\"EntryPoint\",\"urlTemplate\":\"https:\\\/\\\/news.save.ch\\\/de\\\/?s={search_term_string}\"},\"query-input\":{\"@type\":\"PropertyValueSpecification\",\"valueRequired\":true,\"valueName\":\"search_term_string\"}}],\"inLanguage\":\"en-US\"},{\"@type\":\"Organization\",\"@id\":\"https:\\\/\\\/news.save.ch\\\/de\\\/#organization\",\"name\":\"Sicherheitsforum\",\"url\":\"https:\\\/\\\/news.save.ch\\\/de\\\/\",\"logo\":{\"@type\":\"ImageObject\",\"inLanguage\":\"en-US\",\"@id\":\"https:\\\/\\\/news.save.ch\\\/de\\\/#\\\/schema\\\/logo\\\/image\\\/\",\"url\":\"https:\\\/\\\/news.save.ch\\\/wp-content\\\/uploads\\\/2022\\\/06\\\/Logo_SF_2012.png\",\"contentUrl\":\"https:\\\/\\\/news.save.ch\\\/wp-content\\\/uploads\\\/2022\\\/06\\\/Logo_SF_2012.png\",\"width\":1100,\"height\":91,\"caption\":\"Sicherheitsforum\"},\"image\":{\"@id\":\"https:\\\/\\\/news.save.ch\\\/de\\\/#\\\/schema\\\/logo\\\/image\\\/\"}},{\"@type\":\"Person\",\"@id\":\"https:\\\/\\\/news.save.ch\\\/de\\\/#\\\/schema\\\/person\\\/d49e199490bad7c70d64b9ab51142f2b\",\"name\":\"admin\",\"image\":{\"@type\":\"ImageObject\",\"inLanguage\":\"en-US\",\"@id\":\"https:\\\/\\\/secure.gravatar.com\\\/avatar\\\/ae2f4d718e6c49043e314ce431e7e645d646302a24a5ef5a8bc8e3f5a032e319?s=96&d=mm&r=g\",\"url\":\"https:\\\/\\\/secure.gravatar.com\\\/avatar\\\/ae2f4d718e6c49043e314ce431e7e645d646302a24a5ef5a8bc8e3f5a032e319?s=96&d=mm&r=g\",\"contentUrl\":\"https:\\\/\\\/secure.gravatar.com\\\/avatar\\\/ae2f4d718e6c49043e314ce431e7e645d646302a24a5ef5a8bc8e3f5a032e319?s=96&d=mm&r=g\",\"caption\":\"admin\"},\"sameAs\":[\"https:\\\/\\\/develop.organisator.galledia.ch\"],\"url\":\"https:\\\/\\\/news.save.ch\\\/en\\\/author\\\/admin\\\/\"}]}<\/script>\n<!-- \/ Yoast SEO plugin. -->","yoast_head_json":{"title":"Change to Abraxas - Save","description":"The IT manager Markus Zollinger is moving from IBM to Abraxas Informatik AG as of September 1, 2015.","robots":{"index":"index","follow":"follow","max-snippet":"max-snippet:-1","max-image-preview":"max-image-preview:large","max-video-preview":"max-video-preview:-1"},"canonical":"https:\/\/news.save.ch\/en\/wechsel-zu-abraxas\/","og_locale":"en_US","og_type":"article","og_title":"Wechsel zu Abraxas","og_description":"Der IT-Manager Markus Zollinger wechselt per 1. September 2015 von IBM zu Abraxas Informatik AG und wird als Mitglied der Gesch\u00e4ftsleitung den Gesch\u00e4ftsbereich Verkauf und Business Development f\u00fchren.","og_url":"https:\/\/news.save.ch\/en\/wechsel-zu-abraxas\/","og_site_name":"Save","article_published_time":"2015-06-08T09:15:35+00:00","article_modified_time":"2023-03-14T07:57:39+00:00","og_image":[{"url":"https:\/\/news.save.ch\/wp-content\/uploads\/2016\/12\/Wechsel-zu-Abraxas_Markus-Zollinger-it-security.jpg","type":"","width":"","height":""}],"author":"admin","twitter_card":"summary_large_image","twitter_misc":{"Written by":"admin"},"schema":{"@context":"https:\/\/schema.org","@graph":[{"@type":"Article","@id":"https:\/\/news.save.ch\/wechsel-zu-abraxas\/#article","isPartOf":{"@id":"https:\/\/news.save.ch\/wechsel-zu-abraxas\/"},"author":{"name":"admin","@id":"https:\/\/news.save.ch\/de\/#\/schema\/person\/d49e199490bad7c70d64b9ab51142f2b"},"headline":"Wechsel zu Abraxas","datePublished":"2015-06-08T09:15:35+00:00","dateModified":"2023-03-14T07:57:39+00:00","mainEntityOfPage":{"@id":"https:\/\/news.save.ch\/wechsel-zu-abraxas\/"},"wordCount":99,"commentCount":0,"publisher":{"@id":"https:\/\/news.save.ch\/de\/#organization"},"image":{"@id":"https:\/\/news.save.ch\/wechsel-zu-abraxas\/#primaryimage"},"thumbnailUrl":"https:\/\/news.save.ch\/wp-content\/uploads\/2016\/12\/Wechsel-zu-Abraxas_Markus-Zollinger-it-security.jpg","keywords":["Personalien","Unternehmen"],"articleSection":["DIGITALISIERUNG"],"inLanguage":"en-US"},{"@type":"WebPage","@id":"https:\/\/news.save.ch\/wechsel-zu-abraxas\/","url":"https:\/\/news.save.ch\/wechsel-zu-abraxas\/","name":"Change to Abraxas - Save","isPartOf":{"@id":"https:\/\/news.save.ch\/de\/#website"},"primaryImageOfPage":{"@id":"https:\/\/news.save.ch\/wechsel-zu-abraxas\/#primaryimage"},"image":{"@id":"https:\/\/news.save.ch\/wechsel-zu-abraxas\/#primaryimage"},"thumbnailUrl":"https:\/\/news.save.ch\/wp-content\/uploads\/2016\/12\/Wechsel-zu-Abraxas_Markus-Zollinger-it-security.jpg","datePublished":"2015-06-08T09:15:35+00:00","dateModified":"2023-03-14T07:57:39+00:00","description":"The IT manager Markus Zollinger is moving from IBM to Abraxas Informatik AG as of September 1, 2015.","breadcrumb":{"@id":"https:\/\/news.save.ch\/wechsel-zu-abraxas\/#breadcrumb"},"inLanguage":"en-US","potentialAction":[{"@type":"ReadAction","target":["https:\/\/news.save.ch\/wechsel-zu-abraxas\/"]}]},{"@type":"ImageObject","inLanguage":"en-US","@id":"https:\/\/news.save.ch\/wechsel-zu-abraxas\/#primaryimage","url":"https:\/\/news.save.ch\/wp-content\/uploads\/2016\/12\/Wechsel-zu-Abraxas_Markus-Zollinger-it-security.jpg","contentUrl":"https:\/\/news.save.ch\/wp-content\/uploads\/2016\/12\/Wechsel-zu-Abraxas_Markus-Zollinger-it-security.jpg","width":918,"height":1181,"caption":"Markus Zollinger"},{"@type":"BreadcrumbList","@id":"https:\/\/news.save.ch\/wechsel-zu-abraxas\/#breadcrumb","itemListElement":[{"@type":"ListItem","position":1,"name":"Home","item":"https:\/\/news.save.ch\/de\/"},{"@type":"ListItem","position":2,"name":"Wechsel zu Abraxas"}]},{"@type":"WebSite","@id":"https:\/\/news.save.ch\/de\/#website","url":"https:\/\/news.save.ch\/de\/","name":"Save","description":"Swiss trade journal for safety","publisher":{"@id":"https:\/\/news.save.ch\/de\/#organization"},"potentialAction":[{"@type":"SearchAction","target":{"@type":"EntryPoint","urlTemplate":"https:\/\/news.save.ch\/de\/?s={search_term_string}"},"query-input":{"@type":"PropertyValueSpecification","valueRequired":true,"valueName":"search_term_string"}}],"inLanguage":"en-US"},{"@type":"Organization","@id":"https:\/\/news.save.ch\/de\/#organization","name":"Security Forum","url":"https:\/\/news.save.ch\/de\/","logo":{"@type":"ImageObject","inLanguage":"en-US","@id":"https:\/\/news.save.ch\/de\/#\/schema\/logo\/image\/","url":"https:\/\/news.save.ch\/wp-content\/uploads\/2022\/06\/Logo_SF_2012.png","contentUrl":"https:\/\/news.save.ch\/wp-content\/uploads\/2022\/06\/Logo_SF_2012.png","width":1100,"height":91,"caption":"Sicherheitsforum"},"image":{"@id":"https:\/\/news.save.ch\/de\/#\/schema\/logo\/image\/"}},{"@type":"Person","@id":"https:\/\/news.save.ch\/de\/#\/schema\/person\/d49e199490bad7c70d64b9ab51142f2b","name":"admin","image":{"@type":"ImageObject","inLanguage":"en-US","@id":"https:\/\/secure.gravatar.com\/avatar\/ae2f4d718e6c49043e314ce431e7e645d646302a24a5ef5a8bc8e3f5a032e319?s=96&d=mm&r=g","url":"https:\/\/secure.gravatar.com\/avatar\/ae2f4d718e6c49043e314ce431e7e645d646302a24a5ef5a8bc8e3f5a032e319?s=96&d=mm&r=g","contentUrl":"https:\/\/secure.gravatar.com\/avatar\/ae2f4d718e6c49043e314ce431e7e645d646302a24a5ef5a8bc8e3f5a032e319?s=96&d=mm&r=g","caption":"admin"},"sameAs":["https:\/\/develop.organisator.galledia.ch"],"url":"https:\/\/news.save.ch\/en\/author\/admin\/"}]}},"_links":{"self":[{"href":"https:\/\/news.save.ch\/en\/wp-json\/wp\/v2\/posts\/436","targetHints":{"allow":["GET"]}}],"collection":[{"href":"https:\/\/news.save.ch\/en\/wp-json\/wp\/v2\/posts"}],"about":[{"href":"https:\/\/news.save.ch\/en\/wp-json\/wp\/v2\/types\/post"}],"author":[{"embeddable":true,"href":"https:\/\/news.save.ch\/en\/wp-json\/wp\/v2\/users\/1"}],"replies":[{"embeddable":true,"href":"https:\/\/news.save.ch\/en\/wp-json\/wp\/v2\/comments?post=436"}],"version-history":[{"count":1,"href":"https:\/\/news.save.ch\/en\/wp-json\/wp\/v2\/posts\/436\/revisions"}],"predecessor-version":[{"id":17780,"href":"https:\/\/news.save.ch\/en\/wp-json\/wp\/v2\/posts\/436\/revisions\/17780"}],"wp:featuredmedia":[{"embeddable":true,"href":"https:\/\/news.save.ch\/en\/wp-json\/wp\/v2\/media\/437"}],"wp:attachment":[{"href":"https:\/\/news.save.ch\/en\/wp-json\/wp\/v2\/media?parent=436"}],"wp:term":[{"taxonomy":"category","embeddable":true,"href":"https:\/\/news.save.ch\/en\/wp-json\/wp\/v2\/categories?post=436"},{"taxonomy":"post_tag","embeddable":true,"href":"https:\/\/news.save.ch\/en\/wp-json\/wp\/v2\/tags?post=436"}],"curies":[{"name":"wp","href":"https:\/\/api.w.org\/{rel}","templated":true}]}}