{"id":4368,"date":"2019-07-15T11:05:24","date_gmt":"2019-07-15T09:05:24","guid":{"rendered":"https:\/\/news.save.ch\/?p=4368"},"modified":"2023-07-23T03:09:42","modified_gmt":"2023-07-23T01:09:42","slug":"swissphone-zukunftsorientierte-nachfolgeregelung-und-50-jahre-jubilaeum","status":null,"type":"post","link":"https:\/\/news.save.ch\/en\/swissphone-zukunftsorientierte-nachfolgeregelung-und-50-jahre-jubilaeum\/","title":{"rendered":"Swissphone: Future-oriented succession plan and 50-year anniversary"},"content":{"rendered":"<figure id=\"attachment_4373\" aria-describedby=\"caption-attachment-4373\" style=\"width: 680px\" class=\"wp-caption alignnone\"><img loading=\"lazy\" decoding=\"async\" class=\"wp-image-4373 size-medium\" src=\"https:\/\/news.save.ch\/wp-content\/uploads\/2019\/07\/Angelo_Walter_Saccoccia_2-680x607.jpg\" alt=\"Swissphone\" width=\"680\" height=\"607\" srcset=\"https:\/\/news.save.ch\/wp-content\/uploads\/2019\/07\/Angelo_Walter_Saccoccia_2-680x607.jpg 680w, https:\/\/news.save.ch\/wp-content\/uploads\/2019\/07\/Angelo_Walter_Saccoccia_2-1024x915.jpg 1024w, https:\/\/news.save.ch\/wp-content\/uploads\/2019\/07\/Angelo_Walter_Saccoccia_2-768x686.jpg 768w, https:\/\/news.save.ch\/wp-content\/uploads\/2019\/07\/Angelo_Walter_Saccoccia_2-13x12.jpg 13w, https:\/\/news.save.ch\/wp-content\/uploads\/2019\/07\/Angelo_Walter_Saccoccia_2-336x300.jpg 336w, https:\/\/news.save.ch\/wp-content\/uploads\/2019\/07\/Angelo_Walter_Saccoccia_2-392x350.jpg 392w, https:\/\/news.save.ch\/wp-content\/uploads\/2019\/07\/Angelo_Walter_Saccoccia_2-896x800.jpg 896w, https:\/\/news.save.ch\/wp-content\/uploads\/2019\/07\/Angelo_Walter_Saccoccia_2.jpg 1200w\" sizes=\"auto, (max-width: 680px) 100vw, 680px\" \/><figcaption id=\"caption-attachment-4373\" class=\"wp-caption-text\">Angelo Saccoccia has been CEO since the end of 2015 and has already worked for the company for 13 years.<br \/>\u00a9 obs\/Swissphone\/Michael Buchner, Swissphone<\/figcaption><\/figure>\n<p>The founding family and previous owner of Swissphone Wireless AG (\"Swissphone\"), the K\u00f6chler family, has sold the company as part of a succession plan to the members of the management of Swissphone Wireless AG and to a group of renowned Swiss and German entrepreneurs - advised by Rigeto Unternehmerkapital GmbH - effective immediately. With this setting of the course with regard to sustainable succession planning, a further and extremely important milestone has been reached in 2019. Because in 2019, Swissphone will also celebrate its 50th company anniversary. In 1969, Helmut and Erika K\u00f6chler - active on the Board of Directors until the end - founded the company and successfully developed it into the leading international provider of solutions in the areas of <a href=\"https:\/\/news.save.ch\/en\/die-securite-lausanne-2018\/\" target=\"_blank\" rel=\"noopener\">Alerting<\/a> and Critical Messaging.<\/p>\n<p><strong>Consolidate good development sustainably<\/strong><\/p>\n<p>Swissphone will continue under the existing management, the parent company in Samstagern, Switzerland, as well as the subsidiaries in Germany, Austria, France and the United States of America will be represented by the existing managers, and there will be no changes for customers and staff. The Swissphone Group has developed well in recent years, winning important projects and implementing innovations.<\/p>\n<p>CEO Angelo Saccoccia explains on the realized succession plan: \"Through the commitment of the investors from the German-speaking region, in combination with the existing and successful management, the sustainable continuity of the company could be ensured. We have created the conditions to continue to consolidate the national and international market and product leadership in the future and to further advance the existing growth strategy.\"<\/p>\n<p>Text: <a href=\"https:\/\/newsroom.swissphone.com\/#\" target=\"_blank\" rel=\"noopener\">Swissphone<\/a><\/p>","protected":false},"excerpt":{"rendered":"<p>Die Gr\u00fcnderfamilie und bisherige Eigent\u00fcmerin der Swissphone Wireless AG (\u00abSwissphone\u00bb), die Familie K\u00f6chler, hat das Unternehmen im Rahmen einer Nachfolgeregelung an die Gesch\u00e4ftsleitungsmitglieder der Swissphone Wireless AG sowie an eine Gruppe renommierter Schweizer und Deutscher Unternehmern \u2013 beraten von der Rigeto Unternehmerkapital GmbH \u2013 per sofort verkauft. Mit dieser Weichenstellung hinsichtlich der nachhaltigen Nachfolgeregelung ist [&hellip;]<\/p>\n","protected":false},"author":1,"featured_media":4371,"comment_status":"closed","ping_status":"closed","sticky":false,"template":"","format":"standard","meta":{"_acf_changed":false,"pgc_sgb_lightbox_settings":"","footnotes":""},"categories":[1,3314],"tags":[151,1632,172,512,6013,2341,3719,2500,6012,141,310,3416,3060],"class_list":["post-4368","post","type-post","status-publish","format-standard","has-post-thumbnail","hentry","category-allgemein","category-health-safety","tag-alarmierung","tag-angelo-saccoccia","tag-arbeitssicherheit","tag-critical-messaging","tag-investoren","tag-jubilaeum","tag-management","tag-management-und-unternehmensfuehrung","tag-nachfolgeregelung","tag-praevention","tag-sicherheit","tag-swissphone","tag-swissphone-wireless-ag"],"acf":[],"hkrextid":null,"publication":null,"issue":null,"workflow":null,"startPage":null,"spitzmarke":null,"_posts_by_tag_page_fields":{"widget_title":"","widget_tags":""},"_at_widget":"1","_yoast_wpseo_primary_category":"","_yoast_wpseo_focuskw_text_input":null,"_yoast_wpseo_opengraph-image":null,"_yoast_wpseo_opengraph-description":null,"_yoast_wpseo_opengraph-title":null,"enclosure":null,"_yoast_wpseo_twitter-title":null,"_yoast_wpseo_twitter-description":null,"_yoast_wpseo_twitter-image":null,"_wp_old_slug":null,"_yoast_wpseo_title":null,"_yoast_wpseo_canonical":null,"yoast_head":"<!-- This site is optimized with the Yoast SEO plugin v27.5 - https:\/\/yoast.com\/product\/yoast-seo-wordpress\/ -->\n<title>Swissphone: Zukunftsorientierte Nachfolgeregelung und 50-Jahre-Jubil\u00e4um - Save<\/title>\n<meta name=\"description\" content=\"Das bestehende Management sowie eine Gruppe von Unternehmern aus der Schweiz und Deutschland per sofort die Gesch\u00e4ftsanteile von Swissphone.\" \/>\n<meta name=\"robots\" content=\"index, follow, max-snippet:-1, max-image-preview:large, max-video-preview:-1\" \/>\n<link rel=\"canonical\" href=\"https:\/\/news.save.ch\/en\/swissphone-zukunftsorientierte-nachfolgeregelung-und-50-jahre-jubilaeum\/\" \/>\n<meta property=\"og:locale\" content=\"en_US\" \/>\n<meta property=\"og:type\" content=\"article\" \/>\n<meta property=\"og:title\" content=\"Swissphone: Zukunftsorientierte Nachfolgeregelung und 50-Jahre-Jubil\u00e4um - Save\" \/>\n<meta property=\"og:description\" content=\"Das bestehende Management sowie eine Gruppe von Unternehmern aus der Schweiz und Deutschland per sofort die Gesch\u00e4ftsanteile von Swissphone.\" \/>\n<meta property=\"og:url\" content=\"https:\/\/news.save.ch\/en\/swissphone-zukunftsorientierte-nachfolgeregelung-und-50-jahre-jubilaeum\/\" \/>\n<meta property=\"og:site_name\" content=\"Save\" \/>\n<meta property=\"article:published_time\" content=\"2019-07-15T09:05:24+00:00\" \/>\n<meta property=\"article:modified_time\" content=\"2023-07-23T01:09:42+00:00\" \/>\n<meta property=\"og:image\" content=\"https:\/\/news.save.ch\/wp-content\/uploads\/2019\/07\/36_Interview-SWISSPHONE_B02-113a-scaled-1.jpg\" \/>\n\t<meta property=\"og:image:width\" content=\"1200\" \/>\n\t<meta property=\"og:image:height\" content=\"795\" \/>\n\t<meta property=\"og:image:type\" content=\"image\/jpeg\" \/>\n<meta name=\"author\" content=\"admin\" \/>\n<meta name=\"twitter:card\" content=\"summary_large_image\" \/>\n<meta name=\"twitter:label1\" content=\"Written by\" \/>\n\t<meta name=\"twitter:data1\" content=\"admin\" \/>\n\t<meta name=\"twitter:label2\" content=\"Est. reading time\" \/>\n\t<meta name=\"twitter:data2\" content=\"2 minutes\" \/>\n<script type=\"application\/ld+json\" class=\"yoast-schema-graph\">{\"@context\":\"https:\\\/\\\/schema.org\",\"@graph\":[{\"@type\":\"Article\",\"@id\":\"https:\\\/\\\/news.save.ch\\\/swissphone-zukunftsorientierte-nachfolgeregelung-und-50-jahre-jubilaeum\\\/#article\",\"isPartOf\":{\"@id\":\"https:\\\/\\\/news.save.ch\\\/swissphone-zukunftsorientierte-nachfolgeregelung-und-50-jahre-jubilaeum\\\/\"},\"author\":{\"name\":\"admin\",\"@id\":\"https:\\\/\\\/news.save.ch\\\/de\\\/#\\\/schema\\\/person\\\/d49e199490bad7c70d64b9ab51142f2b\"},\"headline\":\"Swissphone: Zukunftsorientierte Nachfolgeregelung und 50-Jahre-Jubil\u00e4um\",\"datePublished\":\"2019-07-15T09:05:24+00:00\",\"dateModified\":\"2023-07-23T01:09:42+00:00\",\"mainEntityOfPage\":{\"@id\":\"https:\\\/\\\/news.save.ch\\\/swissphone-zukunftsorientierte-nachfolgeregelung-und-50-jahre-jubilaeum\\\/\"},\"wordCount\":267,\"publisher\":{\"@id\":\"https:\\\/\\\/news.save.ch\\\/de\\\/#organization\"},\"image\":{\"@id\":\"https:\\\/\\\/news.save.ch\\\/swissphone-zukunftsorientierte-nachfolgeregelung-und-50-jahre-jubilaeum\\\/#primaryimage\"},\"thumbnailUrl\":\"https:\\\/\\\/news.save.ch\\\/wp-content\\\/uploads\\\/2019\\\/07\\\/36_Interview-SWISSPHONE_B02-113a-scaled-1.jpg\",\"keywords\":[\"Alarmierung\",\"Angelo Saccoccia\",\"Arbeitssicherheit\",\"Critical Messaging\",\"Investoren\",\"Jubil\u00e4um\",\"Management\",\"Management und Unternehmensf\u00fchrung\",\"Nachfolgeregelung\",\"Pr\u00e4vention\",\"Sicherheit\",\"Swissphone\",\"Swissphone Wireless AG\"],\"articleSection\":[\"ALLGEMEIN\",\"HEALTH &amp; SAFETY\"],\"inLanguage\":\"en-US\"},{\"@type\":\"WebPage\",\"@id\":\"https:\\\/\\\/news.save.ch\\\/swissphone-zukunftsorientierte-nachfolgeregelung-und-50-jahre-jubilaeum\\\/\",\"url\":\"https:\\\/\\\/news.save.ch\\\/swissphone-zukunftsorientierte-nachfolgeregelung-und-50-jahre-jubilaeum\\\/\",\"name\":\"Swissphone: Zukunftsorientierte Nachfolgeregelung und 50-Jahre-Jubil\u00e4um - Save\",\"isPartOf\":{\"@id\":\"https:\\\/\\\/news.save.ch\\\/de\\\/#website\"},\"primaryImageOfPage\":{\"@id\":\"https:\\\/\\\/news.save.ch\\\/swissphone-zukunftsorientierte-nachfolgeregelung-und-50-jahre-jubilaeum\\\/#primaryimage\"},\"image\":{\"@id\":\"https:\\\/\\\/news.save.ch\\\/swissphone-zukunftsorientierte-nachfolgeregelung-und-50-jahre-jubilaeum\\\/#primaryimage\"},\"thumbnailUrl\":\"https:\\\/\\\/news.save.ch\\\/wp-content\\\/uploads\\\/2019\\\/07\\\/36_Interview-SWISSPHONE_B02-113a-scaled-1.jpg\",\"datePublished\":\"2019-07-15T09:05:24+00:00\",\"dateModified\":\"2023-07-23T01:09:42+00:00\",\"description\":\"Das bestehende Management sowie eine Gruppe von Unternehmern aus der Schweiz und Deutschland per sofort die Gesch\u00e4ftsanteile von Swissphone.\",\"breadcrumb\":{\"@id\":\"https:\\\/\\\/news.save.ch\\\/swissphone-zukunftsorientierte-nachfolgeregelung-und-50-jahre-jubilaeum\\\/#breadcrumb\"},\"inLanguage\":\"en-US\",\"potentialAction\":[{\"@type\":\"ReadAction\",\"target\":[\"https:\\\/\\\/news.save.ch\\\/swissphone-zukunftsorientierte-nachfolgeregelung-und-50-jahre-jubilaeum\\\/\"]}]},{\"@type\":\"ImageObject\",\"inLanguage\":\"en-US\",\"@id\":\"https:\\\/\\\/news.save.ch\\\/swissphone-zukunftsorientierte-nachfolgeregelung-und-50-jahre-jubilaeum\\\/#primaryimage\",\"url\":\"https:\\\/\\\/news.save.ch\\\/wp-content\\\/uploads\\\/2019\\\/07\\\/36_Interview-SWISSPHONE_B02-113a-scaled-1.jpg\",\"contentUrl\":\"https:\\\/\\\/news.save.ch\\\/wp-content\\\/uploads\\\/2019\\\/07\\\/36_Interview-SWISSPHONE_B02-113a-scaled-1.jpg\",\"width\":1200,\"height\":795,\"caption\":\"SWISSPHONE\"},{\"@type\":\"BreadcrumbList\",\"@id\":\"https:\\\/\\\/news.save.ch\\\/swissphone-zukunftsorientierte-nachfolgeregelung-und-50-jahre-jubilaeum\\\/#breadcrumb\",\"itemListElement\":[{\"@type\":\"ListItem\",\"position\":1,\"name\":\"Home\",\"item\":\"https:\\\/\\\/news.save.ch\\\/de\\\/\"},{\"@type\":\"ListItem\",\"position\":2,\"name\":\"Swissphone: Zukunftsorientierte Nachfolgeregelung und 50-Jahre-Jubil\u00e4um\"}]},{\"@type\":\"WebSite\",\"@id\":\"https:\\\/\\\/news.save.ch\\\/de\\\/#website\",\"url\":\"https:\\\/\\\/news.save.ch\\\/de\\\/\",\"name\":\"Save\",\"description\":\"Schweizer Fachzeitschrift f\u00fcr Sicherheit\",\"publisher\":{\"@id\":\"https:\\\/\\\/news.save.ch\\\/de\\\/#organization\"},\"potentialAction\":[{\"@type\":\"SearchAction\",\"target\":{\"@type\":\"EntryPoint\",\"urlTemplate\":\"https:\\\/\\\/news.save.ch\\\/de\\\/?s={search_term_string}\"},\"query-input\":{\"@type\":\"PropertyValueSpecification\",\"valueRequired\":true,\"valueName\":\"search_term_string\"}}],\"inLanguage\":\"en-US\"},{\"@type\":\"Organization\",\"@id\":\"https:\\\/\\\/news.save.ch\\\/de\\\/#organization\",\"name\":\"Sicherheitsforum\",\"url\":\"https:\\\/\\\/news.save.ch\\\/de\\\/\",\"logo\":{\"@type\":\"ImageObject\",\"inLanguage\":\"en-US\",\"@id\":\"https:\\\/\\\/news.save.ch\\\/de\\\/#\\\/schema\\\/logo\\\/image\\\/\",\"url\":\"https:\\\/\\\/news.save.ch\\\/wp-content\\\/uploads\\\/2022\\\/06\\\/Logo_SF_2012.png\",\"contentUrl\":\"https:\\\/\\\/news.save.ch\\\/wp-content\\\/uploads\\\/2022\\\/06\\\/Logo_SF_2012.png\",\"width\":1100,\"height\":91,\"caption\":\"Sicherheitsforum\"},\"image\":{\"@id\":\"https:\\\/\\\/news.save.ch\\\/de\\\/#\\\/schema\\\/logo\\\/image\\\/\"}},{\"@type\":\"Person\",\"@id\":\"https:\\\/\\\/news.save.ch\\\/de\\\/#\\\/schema\\\/person\\\/d49e199490bad7c70d64b9ab51142f2b\",\"name\":\"admin\",\"image\":{\"@type\":\"ImageObject\",\"inLanguage\":\"en-US\",\"@id\":\"https:\\\/\\\/secure.gravatar.com\\\/avatar\\\/ae2f4d718e6c49043e314ce431e7e645d646302a24a5ef5a8bc8e3f5a032e319?s=96&d=mm&r=g\",\"url\":\"https:\\\/\\\/secure.gravatar.com\\\/avatar\\\/ae2f4d718e6c49043e314ce431e7e645d646302a24a5ef5a8bc8e3f5a032e319?s=96&d=mm&r=g\",\"contentUrl\":\"https:\\\/\\\/secure.gravatar.com\\\/avatar\\\/ae2f4d718e6c49043e314ce431e7e645d646302a24a5ef5a8bc8e3f5a032e319?s=96&d=mm&r=g\",\"caption\":\"admin\"},\"sameAs\":[\"https:\\\/\\\/develop.organisator.galledia.ch\"],\"url\":\"https:\\\/\\\/news.save.ch\\\/en\\\/author\\\/admin\\\/\"}]}<\/script>\n<!-- \/ Yoast SEO plugin. -->","yoast_head_json":{"title":"Swissphone: Future-oriented succession planning and 50th anniversary - Save","description":"The existing management as well as a group of entrepreneurs from Switzerland and Germany with immediate effect the business shares of Swissphone.","robots":{"index":"index","follow":"follow","max-snippet":"max-snippet:-1","max-image-preview":"max-image-preview:large","max-video-preview":"max-video-preview:-1"},"canonical":"https:\/\/news.save.ch\/en\/swissphone-zukunftsorientierte-nachfolgeregelung-und-50-jahre-jubilaeum\/","og_locale":"en_US","og_type":"article","og_title":"Swissphone: Zukunftsorientierte Nachfolgeregelung und 50-Jahre-Jubil\u00e4um - Save","og_description":"Das bestehende Management sowie eine Gruppe von Unternehmern aus der Schweiz und Deutschland per sofort die Gesch\u00e4ftsanteile von Swissphone.","og_url":"https:\/\/news.save.ch\/en\/swissphone-zukunftsorientierte-nachfolgeregelung-und-50-jahre-jubilaeum\/","og_site_name":"Save","article_published_time":"2019-07-15T09:05:24+00:00","article_modified_time":"2023-07-23T01:09:42+00:00","og_image":[{"width":1200,"height":795,"url":"https:\/\/news.save.ch\/wp-content\/uploads\/2019\/07\/36_Interview-SWISSPHONE_B02-113a-scaled-1.jpg","type":"image\/jpeg"}],"author":"admin","twitter_card":"summary_large_image","twitter_misc":{"Written by":"admin","Est. reading time":"2 minutes"},"schema":{"@context":"https:\/\/schema.org","@graph":[{"@type":"Article","@id":"https:\/\/news.save.ch\/swissphone-zukunftsorientierte-nachfolgeregelung-und-50-jahre-jubilaeum\/#article","isPartOf":{"@id":"https:\/\/news.save.ch\/swissphone-zukunftsorientierte-nachfolgeregelung-und-50-jahre-jubilaeum\/"},"author":{"name":"admin","@id":"https:\/\/news.save.ch\/de\/#\/schema\/person\/d49e199490bad7c70d64b9ab51142f2b"},"headline":"Swissphone: Zukunftsorientierte Nachfolgeregelung und 50-Jahre-Jubil\u00e4um","datePublished":"2019-07-15T09:05:24+00:00","dateModified":"2023-07-23T01:09:42+00:00","mainEntityOfPage":{"@id":"https:\/\/news.save.ch\/swissphone-zukunftsorientierte-nachfolgeregelung-und-50-jahre-jubilaeum\/"},"wordCount":267,"publisher":{"@id":"https:\/\/news.save.ch\/de\/#organization"},"image":{"@id":"https:\/\/news.save.ch\/swissphone-zukunftsorientierte-nachfolgeregelung-und-50-jahre-jubilaeum\/#primaryimage"},"thumbnailUrl":"https:\/\/news.save.ch\/wp-content\/uploads\/2019\/07\/36_Interview-SWISSPHONE_B02-113a-scaled-1.jpg","keywords":["Alarmierung","Angelo Saccoccia","Arbeitssicherheit","Critical Messaging","Investoren","Jubil\u00e4um","Management","Management und Unternehmensf\u00fchrung","Nachfolgeregelung","Pr\u00e4vention","Sicherheit","Swissphone","Swissphone Wireless AG"],"articleSection":["ALLGEMEIN","HEALTH &amp; SAFETY"],"inLanguage":"en-US"},{"@type":"WebPage","@id":"https:\/\/news.save.ch\/swissphone-zukunftsorientierte-nachfolgeregelung-und-50-jahre-jubilaeum\/","url":"https:\/\/news.save.ch\/swissphone-zukunftsorientierte-nachfolgeregelung-und-50-jahre-jubilaeum\/","name":"Swissphone: Future-oriented succession planning and 50th anniversary - Save","isPartOf":{"@id":"https:\/\/news.save.ch\/de\/#website"},"primaryImageOfPage":{"@id":"https:\/\/news.save.ch\/swissphone-zukunftsorientierte-nachfolgeregelung-und-50-jahre-jubilaeum\/#primaryimage"},"image":{"@id":"https:\/\/news.save.ch\/swissphone-zukunftsorientierte-nachfolgeregelung-und-50-jahre-jubilaeum\/#primaryimage"},"thumbnailUrl":"https:\/\/news.save.ch\/wp-content\/uploads\/2019\/07\/36_Interview-SWISSPHONE_B02-113a-scaled-1.jpg","datePublished":"2019-07-15T09:05:24+00:00","dateModified":"2023-07-23T01:09:42+00:00","description":"The existing management as well as a group of entrepreneurs from Switzerland and Germany with immediate effect the business shares of Swissphone.","breadcrumb":{"@id":"https:\/\/news.save.ch\/swissphone-zukunftsorientierte-nachfolgeregelung-und-50-jahre-jubilaeum\/#breadcrumb"},"inLanguage":"en-US","potentialAction":[{"@type":"ReadAction","target":["https:\/\/news.save.ch\/swissphone-zukunftsorientierte-nachfolgeregelung-und-50-jahre-jubilaeum\/"]}]},{"@type":"ImageObject","inLanguage":"en-US","@id":"https:\/\/news.save.ch\/swissphone-zukunftsorientierte-nachfolgeregelung-und-50-jahre-jubilaeum\/#primaryimage","url":"https:\/\/news.save.ch\/wp-content\/uploads\/2019\/07\/36_Interview-SWISSPHONE_B02-113a-scaled-1.jpg","contentUrl":"https:\/\/news.save.ch\/wp-content\/uploads\/2019\/07\/36_Interview-SWISSPHONE_B02-113a-scaled-1.jpg","width":1200,"height":795,"caption":"SWISSPHONE"},{"@type":"BreadcrumbList","@id":"https:\/\/news.save.ch\/swissphone-zukunftsorientierte-nachfolgeregelung-und-50-jahre-jubilaeum\/#breadcrumb","itemListElement":[{"@type":"ListItem","position":1,"name":"Home","item":"https:\/\/news.save.ch\/de\/"},{"@type":"ListItem","position":2,"name":"Swissphone: Zukunftsorientierte Nachfolgeregelung und 50-Jahre-Jubil\u00e4um"}]},{"@type":"WebSite","@id":"https:\/\/news.save.ch\/de\/#website","url":"https:\/\/news.save.ch\/de\/","name":"Save","description":"Swiss trade journal for safety","publisher":{"@id":"https:\/\/news.save.ch\/de\/#organization"},"potentialAction":[{"@type":"SearchAction","target":{"@type":"EntryPoint","urlTemplate":"https:\/\/news.save.ch\/de\/?s={search_term_string}"},"query-input":{"@type":"PropertyValueSpecification","valueRequired":true,"valueName":"search_term_string"}}],"inLanguage":"en-US"},{"@type":"Organization","@id":"https:\/\/news.save.ch\/de\/#organization","name":"Security Forum","url":"https:\/\/news.save.ch\/de\/","logo":{"@type":"ImageObject","inLanguage":"en-US","@id":"https:\/\/news.save.ch\/de\/#\/schema\/logo\/image\/","url":"https:\/\/news.save.ch\/wp-content\/uploads\/2022\/06\/Logo_SF_2012.png","contentUrl":"https:\/\/news.save.ch\/wp-content\/uploads\/2022\/06\/Logo_SF_2012.png","width":1100,"height":91,"caption":"Sicherheitsforum"},"image":{"@id":"https:\/\/news.save.ch\/de\/#\/schema\/logo\/image\/"}},{"@type":"Person","@id":"https:\/\/news.save.ch\/de\/#\/schema\/person\/d49e199490bad7c70d64b9ab51142f2b","name":"admin","image":{"@type":"ImageObject","inLanguage":"en-US","@id":"https:\/\/secure.gravatar.com\/avatar\/ae2f4d718e6c49043e314ce431e7e645d646302a24a5ef5a8bc8e3f5a032e319?s=96&d=mm&r=g","url":"https:\/\/secure.gravatar.com\/avatar\/ae2f4d718e6c49043e314ce431e7e645d646302a24a5ef5a8bc8e3f5a032e319?s=96&d=mm&r=g","contentUrl":"https:\/\/secure.gravatar.com\/avatar\/ae2f4d718e6c49043e314ce431e7e645d646302a24a5ef5a8bc8e3f5a032e319?s=96&d=mm&r=g","caption":"admin"},"sameAs":["https:\/\/develop.organisator.galledia.ch"],"url":"https:\/\/news.save.ch\/en\/author\/admin\/"}]}},"_links":{"self":[{"href":"https:\/\/news.save.ch\/en\/wp-json\/wp\/v2\/posts\/4368","targetHints":{"allow":["GET"]}}],"collection":[{"href":"https:\/\/news.save.ch\/en\/wp-json\/wp\/v2\/posts"}],"about":[{"href":"https:\/\/news.save.ch\/en\/wp-json\/wp\/v2\/types\/post"}],"author":[{"embeddable":true,"href":"https:\/\/news.save.ch\/en\/wp-json\/wp\/v2\/users\/1"}],"replies":[{"embeddable":true,"href":"https:\/\/news.save.ch\/en\/wp-json\/wp\/v2\/comments?post=4368"}],"version-history":[{"count":2,"href":"https:\/\/news.save.ch\/en\/wp-json\/wp\/v2\/posts\/4368\/revisions"}],"predecessor-version":[{"id":21346,"href":"https:\/\/news.save.ch\/en\/wp-json\/wp\/v2\/posts\/4368\/revisions\/21346"}],"wp:featuredmedia":[{"embeddable":true,"href":"https:\/\/news.save.ch\/en\/wp-json\/wp\/v2\/media\/4371"}],"wp:attachment":[{"href":"https:\/\/news.save.ch\/en\/wp-json\/wp\/v2\/media?parent=4368"}],"wp:term":[{"taxonomy":"category","embeddable":true,"href":"https:\/\/news.save.ch\/en\/wp-json\/wp\/v2\/categories?post=4368"},{"taxonomy":"post_tag","embeddable":true,"href":"https:\/\/news.save.ch\/en\/wp-json\/wp\/v2\/tags?post=4368"}],"curies":[{"name":"wp","href":"https:\/\/api.w.org\/{rel}","templated":true}]}}