{"id":4510,"date":"2017-03-20T16:33:10","date_gmt":"2017-03-20T15:33:10","guid":{"rendered":"https:\/\/news.save.ch\/?p=4510"},"modified":"2023-03-14T08:59:22","modified_gmt":"2023-03-14T07:59:22","slug":"sbb-transportpolizei-testet-bodycams","status":null,"type":"post","link":"https:\/\/news.save.ch\/en\/sbb-transportpolizei-testet-bodycams\/","title":{"rendered":"SBB transport police test bodycams"},"content":{"rendered":"<figure id=\"attachment_4511\" aria-describedby=\"caption-attachment-4511\" style=\"width: 680px\" class=\"wp-caption aligncenter\"><img loading=\"lazy\" decoding=\"async\" class=\"size-medium wp-image-4511\" src=\"https:\/\/news.save.ch\/wp-content\/uploads\/2017\/03\/Bild-SBB-Bodycam-scaled-1.jpg\" alt=\"\" width=\"680\" height=\"454\" \/><figcaption id=\"caption-attachment-4511\" class=\"wp-caption-text\">A transport police officer equipped with a body camera. Photo: SBB, Christian Beutler<\/figcaption><\/figure>\n<p>The SBB Transport Police (TPO) ensures security and order in Swiss railroad stations and public transport vehicles of various Swiss transport companies. In doing so, it works closely with the police corps and the relevant authorities of the cantons and cities. In this context, it is conducting a pilot with bodycams in parallel with the Zurich city police, SBB announced today. To ensure national coverage, two cameras per location will be tested at the Zurich and Lausanne bases from March 20, 2017.<\/p>\n<p><strong>TPO is marked<\/strong><br \/>\nTransport police officers who are equipped with a body camera must be appropriately marked and recognizable. In addition, those affected must be able to recognize a running recording. The transport police officers use the bodycam at their own discretion and primarily for self-protection and, if necessary, to preserve evidence, according to the statement.<br \/>\nThe 30-week pilot test with commercially available cameras will be scientifically monitored, as is the case with the Zurich city police. The TPO will submit an evaluation report to the Federal Data Protection and Information Commissioner after the pilot phase.<br \/>\nThe security situation around the station has not changed fundamentally in recent years, according to SBB. Passengers still feel safe. However, in recent years there have been repeated attacks or unjustified accusations against transport police officers, train staff, SBB employees and other security bodies in public transport. According to the railroad company, one of the aims of the trial is to show whether the use of body cams can reduce the number of assaults.<\/p>\n<p><strong>SBB security strategy: Video surveillance is also part of it<\/strong><\/p>\n<p>SBB has been pursuing a \"prevention-dissuasion-repression\" strategy for years. In the area of prevention, the \"<a href=\"https:\/\/www.sbb.ch\/sbb-konzern\/ueber-die-sbb\/die-sbb-bewegt-die-schweiz\/die-sbb-und-ihre-kunden\/die-sbb-und-die-sicherheit\/railfair.html\">RailFair<\/a>\"The company's focus is on \"prevention through mediation of conflicts\". The dissuasion consists of uniformed presence, plus video surveillance as a technical tool, emphasizes the railroad company. The transport police form the repression. The professional forces intervene in the event of criminal acts and ensure that the necessary legal steps are taken, as the company concludes.<\/p>","protected":false},"excerpt":{"rendered":"<p>Die Transportpolizei der SBB (TPO) sorgt in Schweizer Bahnh\u00f6fen und \u00f6ffentlichen Verkehrsmitteln verschiedener Schweizer Transportunternehmungen f\u00fcr Sicherheit und Ordnung. Dabei arbeitet sie eng mit den Polizeikorps und den zust\u00e4ndigen Beh\u00f6rden der Kantone und St\u00e4dte zusammen. In diesem Zusammenhang f\u00fchrt sie parallel zur Stadtpolizei Z\u00fcrich einen Pilot mit Bodycams durch, wie die SBB heute mitgeteilt haben. [&hellip;]<\/p>\n","protected":false},"author":8,"featured_media":4512,"comment_status":"open","ping_status":"open","sticky":false,"template":"","format":"standard","meta":{"_acf_changed":false,"pgc_sgb_lightbox_settings":"","footnotes":""},"categories":[3312],"tags":[69,78],"class_list":["post-4510","post","type-post","status-publish","format-standard","has-post-thumbnail","hentry","category-sicherheit","tag-justiz-polizei","tag-videoueberwachung"],"acf":[],"hkrextid":null,"publication":null,"issue":null,"workflow":null,"startPage":null,"spitzmarke":null,"_posts_by_tag_page_fields":{"widget_title":"","widget_tags":""},"_at_widget":"1","_yoast_wpseo_primary_category":"529","_yoast_wpseo_focuskw_text_input":"Bodycams","_yoast_wpseo_opengraph-image":null,"_yoast_wpseo_opengraph-description":null,"_yoast_wpseo_opengraph-title":null,"enclosure":null,"_yoast_wpseo_twitter-title":null,"_yoast_wpseo_twitter-description":null,"_yoast_wpseo_twitter-image":null,"_wp_old_slug":null,"_yoast_wpseo_title":null,"_yoast_wpseo_canonical":null,"yoast_head":"<!-- This site is optimized with the Yoast SEO plugin v27.5 - https:\/\/yoast.com\/product\/yoast-seo-wordpress\/ -->\n<title>SBB-Transportpolizei testet Bodycams - Save<\/title>\n<meta name=\"description\" content=\"Auch die Transportpolizei SBB testet in den n\u00e4chsten Monaten in Z\u00fcrich und Lausanne den Einsatz von Bodycams. Es handelt sich um einen Pilotversuch.\" \/>\n<meta name=\"robots\" content=\"index, follow, max-snippet:-1, max-image-preview:large, max-video-preview:-1\" \/>\n<link rel=\"canonical\" href=\"https:\/\/news.save.ch\/en\/sbb-transportpolizei-testet-bodycams\/\" \/>\n<meta property=\"og:locale\" content=\"en_US\" \/>\n<meta property=\"og:type\" content=\"article\" \/>\n<meta property=\"og:title\" content=\"SBB-Transportpolizei testet Bodycams - Save\" \/>\n<meta property=\"og:description\" content=\"Auch die Transportpolizei SBB testet in den n\u00e4chsten Monaten in Z\u00fcrich und Lausanne den Einsatz von Bodycams. Es handelt sich um einen Pilotversuch.\" \/>\n<meta property=\"og:url\" content=\"https:\/\/news.save.ch\/en\/sbb-transportpolizei-testet-bodycams\/\" \/>\n<meta property=\"og:site_name\" content=\"Save\" \/>\n<meta property=\"article:published_time\" content=\"2017-03-20T15:33:10+00:00\" \/>\n<meta property=\"article:modified_time\" content=\"2023-03-14T07:59:22+00:00\" \/>\n<meta property=\"og:image\" content=\"https:\/\/news.save.ch\/wp-content\/uploads\/2017\/03\/sbb-video-scaled-1-scaled.jpg\" \/>\n\t<meta property=\"og:image:width\" content=\"1400\" \/>\n\t<meta property=\"og:image:height\" content=\"935\" \/>\n\t<meta property=\"og:image:type\" content=\"image\/jpeg\" \/>\n<meta name=\"author\" content=\"Roger Str\u00e4ssle\" \/>\n<meta name=\"twitter:card\" content=\"summary_large_image\" \/>\n<meta name=\"twitter:label1\" content=\"Written by\" \/>\n\t<meta name=\"twitter:data1\" content=\"Roger Str\u00e4ssle\" \/>\n\t<meta name=\"twitter:label2\" content=\"Est. reading time\" \/>\n\t<meta name=\"twitter:data2\" content=\"2 minutes\" \/>\n<script type=\"application\/ld+json\" class=\"yoast-schema-graph\">{\"@context\":\"https:\\\/\\\/schema.org\",\"@graph\":[{\"@type\":\"Article\",\"@id\":\"https:\\\/\\\/news.save.ch\\\/sbb-transportpolizei-testet-bodycams\\\/#article\",\"isPartOf\":{\"@id\":\"https:\\\/\\\/news.save.ch\\\/sbb-transportpolizei-testet-bodycams\\\/\"},\"author\":{\"name\":\"Roger Str\u00e4ssle\",\"@id\":\"https:\\\/\\\/news.save.ch\\\/de\\\/#\\\/schema\\\/person\\\/d5022db048e0e2b9785c50e5b24da5aa\"},\"headline\":\"SBB-Transportpolizei testet Bodycams\",\"datePublished\":\"2017-03-20T15:33:10+00:00\",\"dateModified\":\"2023-03-14T07:59:22+00:00\",\"mainEntityOfPage\":{\"@id\":\"https:\\\/\\\/news.save.ch\\\/sbb-transportpolizei-testet-bodycams\\\/\"},\"wordCount\":347,\"commentCount\":0,\"publisher\":{\"@id\":\"https:\\\/\\\/news.save.ch\\\/de\\\/#organization\"},\"image\":{\"@id\":\"https:\\\/\\\/news.save.ch\\\/sbb-transportpolizei-testet-bodycams\\\/#primaryimage\"},\"thumbnailUrl\":\"https:\\\/\\\/news.save.ch\\\/wp-content\\\/uploads\\\/2017\\\/03\\\/sbb-video-scaled-1-scaled.jpg\",\"keywords\":[\"Justiz &amp; Polizei\",\"Video\u00fcberwachung\"],\"articleSection\":[\"SICHERHEIT\"],\"inLanguage\":\"en-US\"},{\"@type\":\"WebPage\",\"@id\":\"https:\\\/\\\/news.save.ch\\\/sbb-transportpolizei-testet-bodycams\\\/\",\"url\":\"https:\\\/\\\/news.save.ch\\\/sbb-transportpolizei-testet-bodycams\\\/\",\"name\":\"SBB-Transportpolizei testet Bodycams - Save\",\"isPartOf\":{\"@id\":\"https:\\\/\\\/news.save.ch\\\/de\\\/#website\"},\"primaryImageOfPage\":{\"@id\":\"https:\\\/\\\/news.save.ch\\\/sbb-transportpolizei-testet-bodycams\\\/#primaryimage\"},\"image\":{\"@id\":\"https:\\\/\\\/news.save.ch\\\/sbb-transportpolizei-testet-bodycams\\\/#primaryimage\"},\"thumbnailUrl\":\"https:\\\/\\\/news.save.ch\\\/wp-content\\\/uploads\\\/2017\\\/03\\\/sbb-video-scaled-1-scaled.jpg\",\"datePublished\":\"2017-03-20T15:33:10+00:00\",\"dateModified\":\"2023-03-14T07:59:22+00:00\",\"description\":\"Auch die Transportpolizei SBB testet in den n\u00e4chsten Monaten in Z\u00fcrich und Lausanne den Einsatz von Bodycams. Es handelt sich um einen Pilotversuch.\",\"breadcrumb\":{\"@id\":\"https:\\\/\\\/news.save.ch\\\/sbb-transportpolizei-testet-bodycams\\\/#breadcrumb\"},\"inLanguage\":\"en-US\",\"potentialAction\":[{\"@type\":\"ReadAction\",\"target\":[\"https:\\\/\\\/news.save.ch\\\/sbb-transportpolizei-testet-bodycams\\\/\"]}]},{\"@type\":\"ImageObject\",\"inLanguage\":\"en-US\",\"@id\":\"https:\\\/\\\/news.save.ch\\\/sbb-transportpolizei-testet-bodycams\\\/#primaryimage\",\"url\":\"https:\\\/\\\/news.save.ch\\\/wp-content\\\/uploads\\\/2017\\\/03\\\/sbb-video-scaled-1-scaled.jpg\",\"contentUrl\":\"https:\\\/\\\/news.save.ch\\\/wp-content\\\/uploads\\\/2017\\\/03\\\/sbb-video-scaled-1-scaled.jpg\",\"width\":1400,\"height\":935,\"caption\":\"Foto: SBB, Christian Beutler)\"},{\"@type\":\"BreadcrumbList\",\"@id\":\"https:\\\/\\\/news.save.ch\\\/sbb-transportpolizei-testet-bodycams\\\/#breadcrumb\",\"itemListElement\":[{\"@type\":\"ListItem\",\"position\":1,\"name\":\"Home\",\"item\":\"https:\\\/\\\/news.save.ch\\\/de\\\/\"},{\"@type\":\"ListItem\",\"position\":2,\"name\":\"SBB-Transportpolizei testet Bodycams\"}]},{\"@type\":\"WebSite\",\"@id\":\"https:\\\/\\\/news.save.ch\\\/de\\\/#website\",\"url\":\"https:\\\/\\\/news.save.ch\\\/de\\\/\",\"name\":\"Save\",\"description\":\"Schweizer Fachzeitschrift f\u00fcr Sicherheit\",\"publisher\":{\"@id\":\"https:\\\/\\\/news.save.ch\\\/de\\\/#organization\"},\"potentialAction\":[{\"@type\":\"SearchAction\",\"target\":{\"@type\":\"EntryPoint\",\"urlTemplate\":\"https:\\\/\\\/news.save.ch\\\/de\\\/?s={search_term_string}\"},\"query-input\":{\"@type\":\"PropertyValueSpecification\",\"valueRequired\":true,\"valueName\":\"search_term_string\"}}],\"inLanguage\":\"en-US\"},{\"@type\":\"Organization\",\"@id\":\"https:\\\/\\\/news.save.ch\\\/de\\\/#organization\",\"name\":\"Sicherheitsforum\",\"url\":\"https:\\\/\\\/news.save.ch\\\/de\\\/\",\"logo\":{\"@type\":\"ImageObject\",\"inLanguage\":\"en-US\",\"@id\":\"https:\\\/\\\/news.save.ch\\\/de\\\/#\\\/schema\\\/logo\\\/image\\\/\",\"url\":\"https:\\\/\\\/news.save.ch\\\/wp-content\\\/uploads\\\/2022\\\/06\\\/Logo_SF_2012.png\",\"contentUrl\":\"https:\\\/\\\/news.save.ch\\\/wp-content\\\/uploads\\\/2022\\\/06\\\/Logo_SF_2012.png\",\"width\":1100,\"height\":91,\"caption\":\"Sicherheitsforum\"},\"image\":{\"@id\":\"https:\\\/\\\/news.save.ch\\\/de\\\/#\\\/schema\\\/logo\\\/image\\\/\"}},{\"@type\":\"Person\",\"@id\":\"https:\\\/\\\/news.save.ch\\\/de\\\/#\\\/schema\\\/person\\\/d5022db048e0e2b9785c50e5b24da5aa\",\"name\":\"Roger Str\u00e4ssle\",\"image\":{\"@type\":\"ImageObject\",\"inLanguage\":\"en-US\",\"@id\":\"https:\\\/\\\/secure.gravatar.com\\\/avatar\\\/862a5569d087de48e5856e32f45d719a03804c891d6deb8d4f71a660e79e4a47?s=96&d=mm&r=g\",\"url\":\"https:\\\/\\\/secure.gravatar.com\\\/avatar\\\/862a5569d087de48e5856e32f45d719a03804c891d6deb8d4f71a660e79e4a47?s=96&d=mm&r=g\",\"contentUrl\":\"https:\\\/\\\/secure.gravatar.com\\\/avatar\\\/862a5569d087de48e5856e32f45d719a03804c891d6deb8d4f71a660e79e4a47?s=96&d=mm&r=g\",\"caption\":\"Roger Str\u00e4ssle\"},\"url\":\"https:\\\/\\\/news.save.ch\\\/en\\\/author\\\/roger-straessle\\\/\"}]}<\/script>\n<!-- \/ Yoast SEO plugin. -->","yoast_head_json":{"title":"SBB transport police test bodycams - Save","description":"The SBB transport police are also testing the use of body cameras in Zurich and Lausanne over the next few months. This is a pilot test.","robots":{"index":"index","follow":"follow","max-snippet":"max-snippet:-1","max-image-preview":"max-image-preview:large","max-video-preview":"max-video-preview:-1"},"canonical":"https:\/\/news.save.ch\/en\/sbb-transportpolizei-testet-bodycams\/","og_locale":"en_US","og_type":"article","og_title":"SBB-Transportpolizei testet Bodycams - Save","og_description":"Auch die Transportpolizei SBB testet in den n\u00e4chsten Monaten in Z\u00fcrich und Lausanne den Einsatz von Bodycams. Es handelt sich um einen Pilotversuch.","og_url":"https:\/\/news.save.ch\/en\/sbb-transportpolizei-testet-bodycams\/","og_site_name":"Save","article_published_time":"2017-03-20T15:33:10+00:00","article_modified_time":"2023-03-14T07:59:22+00:00","og_image":[{"width":1400,"height":935,"url":"https:\/\/news.save.ch\/wp-content\/uploads\/2017\/03\/sbb-video-scaled-1-scaled.jpg","type":"image\/jpeg"}],"author":"Roger Str\u00e4ssle","twitter_card":"summary_large_image","twitter_misc":{"Written by":"Roger Str\u00e4ssle","Est. reading time":"2 minutes"},"schema":{"@context":"https:\/\/schema.org","@graph":[{"@type":"Article","@id":"https:\/\/news.save.ch\/sbb-transportpolizei-testet-bodycams\/#article","isPartOf":{"@id":"https:\/\/news.save.ch\/sbb-transportpolizei-testet-bodycams\/"},"author":{"name":"Roger Str\u00e4ssle","@id":"https:\/\/news.save.ch\/de\/#\/schema\/person\/d5022db048e0e2b9785c50e5b24da5aa"},"headline":"SBB-Transportpolizei testet Bodycams","datePublished":"2017-03-20T15:33:10+00:00","dateModified":"2023-03-14T07:59:22+00:00","mainEntityOfPage":{"@id":"https:\/\/news.save.ch\/sbb-transportpolizei-testet-bodycams\/"},"wordCount":347,"commentCount":0,"publisher":{"@id":"https:\/\/news.save.ch\/de\/#organization"},"image":{"@id":"https:\/\/news.save.ch\/sbb-transportpolizei-testet-bodycams\/#primaryimage"},"thumbnailUrl":"https:\/\/news.save.ch\/wp-content\/uploads\/2017\/03\/sbb-video-scaled-1-scaled.jpg","keywords":["Justiz &amp; Polizei","Video\u00fcberwachung"],"articleSection":["SICHERHEIT"],"inLanguage":"en-US"},{"@type":"WebPage","@id":"https:\/\/news.save.ch\/sbb-transportpolizei-testet-bodycams\/","url":"https:\/\/news.save.ch\/sbb-transportpolizei-testet-bodycams\/","name":"SBB transport police test bodycams - Save","isPartOf":{"@id":"https:\/\/news.save.ch\/de\/#website"},"primaryImageOfPage":{"@id":"https:\/\/news.save.ch\/sbb-transportpolizei-testet-bodycams\/#primaryimage"},"image":{"@id":"https:\/\/news.save.ch\/sbb-transportpolizei-testet-bodycams\/#primaryimage"},"thumbnailUrl":"https:\/\/news.save.ch\/wp-content\/uploads\/2017\/03\/sbb-video-scaled-1-scaled.jpg","datePublished":"2017-03-20T15:33:10+00:00","dateModified":"2023-03-14T07:59:22+00:00","description":"The SBB transport police are also testing the use of body cameras in Zurich and Lausanne over the next few months. This is a pilot test.","breadcrumb":{"@id":"https:\/\/news.save.ch\/sbb-transportpolizei-testet-bodycams\/#breadcrumb"},"inLanguage":"en-US","potentialAction":[{"@type":"ReadAction","target":["https:\/\/news.save.ch\/sbb-transportpolizei-testet-bodycams\/"]}]},{"@type":"ImageObject","inLanguage":"en-US","@id":"https:\/\/news.save.ch\/sbb-transportpolizei-testet-bodycams\/#primaryimage","url":"https:\/\/news.save.ch\/wp-content\/uploads\/2017\/03\/sbb-video-scaled-1-scaled.jpg","contentUrl":"https:\/\/news.save.ch\/wp-content\/uploads\/2017\/03\/sbb-video-scaled-1-scaled.jpg","width":1400,"height":935,"caption":"Foto: SBB, Christian Beutler)"},{"@type":"BreadcrumbList","@id":"https:\/\/news.save.ch\/sbb-transportpolizei-testet-bodycams\/#breadcrumb","itemListElement":[{"@type":"ListItem","position":1,"name":"Home","item":"https:\/\/news.save.ch\/de\/"},{"@type":"ListItem","position":2,"name":"SBB-Transportpolizei testet Bodycams"}]},{"@type":"WebSite","@id":"https:\/\/news.save.ch\/de\/#website","url":"https:\/\/news.save.ch\/de\/","name":"Save","description":"Swiss trade journal for safety","publisher":{"@id":"https:\/\/news.save.ch\/de\/#organization"},"potentialAction":[{"@type":"SearchAction","target":{"@type":"EntryPoint","urlTemplate":"https:\/\/news.save.ch\/de\/?s={search_term_string}"},"query-input":{"@type":"PropertyValueSpecification","valueRequired":true,"valueName":"search_term_string"}}],"inLanguage":"en-US"},{"@type":"Organization","@id":"https:\/\/news.save.ch\/de\/#organization","name":"Security Forum","url":"https:\/\/news.save.ch\/de\/","logo":{"@type":"ImageObject","inLanguage":"en-US","@id":"https:\/\/news.save.ch\/de\/#\/schema\/logo\/image\/","url":"https:\/\/news.save.ch\/wp-content\/uploads\/2022\/06\/Logo_SF_2012.png","contentUrl":"https:\/\/news.save.ch\/wp-content\/uploads\/2022\/06\/Logo_SF_2012.png","width":1100,"height":91,"caption":"Sicherheitsforum"},"image":{"@id":"https:\/\/news.save.ch\/de\/#\/schema\/logo\/image\/"}},{"@type":"Person","@id":"https:\/\/news.save.ch\/de\/#\/schema\/person\/d5022db048e0e2b9785c50e5b24da5aa","name":"Roger Str\u00e4ssle","image":{"@type":"ImageObject","inLanguage":"en-US","@id":"https:\/\/secure.gravatar.com\/avatar\/862a5569d087de48e5856e32f45d719a03804c891d6deb8d4f71a660e79e4a47?s=96&d=mm&r=g","url":"https:\/\/secure.gravatar.com\/avatar\/862a5569d087de48e5856e32f45d719a03804c891d6deb8d4f71a660e79e4a47?s=96&d=mm&r=g","contentUrl":"https:\/\/secure.gravatar.com\/avatar\/862a5569d087de48e5856e32f45d719a03804c891d6deb8d4f71a660e79e4a47?s=96&d=mm&r=g","caption":"Roger Str\u00e4ssle"},"url":"https:\/\/news.save.ch\/en\/author\/roger-straessle\/"}]}},"_links":{"self":[{"href":"https:\/\/news.save.ch\/en\/wp-json\/wp\/v2\/posts\/4510","targetHints":{"allow":["GET"]}}],"collection":[{"href":"https:\/\/news.save.ch\/en\/wp-json\/wp\/v2\/posts"}],"about":[{"href":"https:\/\/news.save.ch\/en\/wp-json\/wp\/v2\/types\/post"}],"author":[{"embeddable":true,"href":"https:\/\/news.save.ch\/en\/wp-json\/wp\/v2\/users\/8"}],"replies":[{"embeddable":true,"href":"https:\/\/news.save.ch\/en\/wp-json\/wp\/v2\/comments?post=4510"}],"version-history":[{"count":1,"href":"https:\/\/news.save.ch\/en\/wp-json\/wp\/v2\/posts\/4510\/revisions"}],"predecessor-version":[{"id":17939,"href":"https:\/\/news.save.ch\/en\/wp-json\/wp\/v2\/posts\/4510\/revisions\/17939"}],"wp:featuredmedia":[{"embeddable":true,"href":"https:\/\/news.save.ch\/en\/wp-json\/wp\/v2\/media\/4512"}],"wp:attachment":[{"href":"https:\/\/news.save.ch\/en\/wp-json\/wp\/v2\/media?parent=4510"}],"wp:term":[{"taxonomy":"category","embeddable":true,"href":"https:\/\/news.save.ch\/en\/wp-json\/wp\/v2\/categories?post=4510"},{"taxonomy":"post_tag","embeddable":true,"href":"https:\/\/news.save.ch\/en\/wp-json\/wp\/v2\/tags?post=4510"}],"curies":[{"name":"wp","href":"https:\/\/api.w.org\/{rel}","templated":true}]}}