{"id":4553,"date":"2019-09-20T08:00:08","date_gmt":"2019-09-20T06:00:08","guid":{"rendered":"https:\/\/news.save.ch\/?p=4553"},"modified":"2023-03-14T09:03:56","modified_gmt":"2023-03-14T08:03:56","slug":"schweiz-reagiert-auf-buergerproteste-gegen-5g","status":null,"type":"post","link":"https:\/\/news.save.ch\/en\/schweiz-reagiert-auf-buergerproteste-gegen-5g\/","title":{"rendered":"Switzerland responds to citizen protests against 5G"},"content":{"rendered":"<figure id=\"attachment_4555\" aria-describedby=\"caption-attachment-4555\" style=\"width: 680px\" class=\"wp-caption alignnone\"><img loading=\"lazy\" decoding=\"async\" class=\"size-medium wp-image-4555\" src=\"http:\/\/develop.safety-plus.ch\/wp-content\/uploads\/2019\/09\/Depositphotos_sangoiri.jpg\" alt=\"\" width=\"680\" height=\"680\" \/><figcaption id=\"caption-attachment-4555\" class=\"wp-caption-text\">In all of this, a \"moratorium\" on 5G (even more towers, even more radiation, and even of radiation with effects that have not yet been studied!) \u00a9 Depositphotos\/sangoiri<\/figcaption><\/figure>\n<p>diagnose:funk asked a lawyer to interpret the Swiss government's letter to all cantons, including its consequences for Germany.<\/p>\n<p>A <a href=\"https:\/\/news.save.ch\/en\/stop-5g-am-10-mai-in-bern\/\" target=\"_blank\" rel=\"noopener\">Moratorium<\/a> for <a href=\"https:\/\/news.save.ch\/en\/fakten-und-hypothesen-zu-5g\/\" target=\"_blank\" rel=\"noopener\">5G<\/a> is justified:<\/p>\n<p>1 In detail, the \"Information to the cantons. Mobile radio and <a href=\"https:\/\/news.save.ch\/en\/besserer-schutz-vor-gefaehrlicher-strahlung-geplant\/\" target=\"_blank\" rel=\"noopener\">Radiation<\/a>: Deployment of 5G networks in Switzerland\" on April 17, 2019 regarding the state of research:<\/p>\n<p>\"From research, there are observations of varying degrees of certainty that there are other biological effects that cannot be attributed to warming.<\/p>\n<p>According to scientific criteria, an influence on brain waves has been sufficiently proven.<\/p>\n<p>Limited evidence exists for an effect on brain blood flow, impaired sperm quality, destabilization of genetic information, and effects on gene expression, programmed cell death, and oxidative cell stress.<\/p>\n<p>It is not known whether there are any health effects associated with this, nor whether there are any thresholds regarding the intensity and duration of the radiation.\"<\/p>\n<p>This evaluation of the <a href=\"https:\/\/www.bafu.admin.ch\/bafu\/de\/home.html\" target=\"_blank\" rel=\"noopener\">FOEN<\/a> dates back to 2013 and, in the opinion of the FOEN, fully confirmed the need for precaution: \"From a scientific point of view, the application of the precautionary principle in the regulation of this radiation is thus still indicated, as is practiced with the precautionary installation limits in Switzerland.\" (Letter 7.2., p.4)<\/p>\n<p><strong>More info<\/strong><\/p>\n<p><a href=\"https:\/\/www.diagnose-funk.org\/publikationen\/artikel\/detail?newsid=1443\" target=\"_blank\" rel=\"noopener\">www. diagnose-funk.org<\/a><\/p>","protected":false},"excerpt":{"rendered":"<p>diagnose:funk hat einen Juristen gebeten, das Schreiben der Schweizer Regierung an alle Kantone zu interpretieren, auch auf seine Konsequenzen f\u00fcr Deutschland. Ein Moratorium f\u00fcr 5G ist begr\u00fcndet: 1. Im Einzelnen heisst es in der &#8222;Information an die Kantone. Mobilfunk und Strahlung:\u00a0Aufbau der 5G-Netze\u00a0in der Schweiz&#8220; vom 17.04.2019 zum\u00a0Stand der Forschung: &#8222;Aus der Forschung liegen unterschiedlich [&hellip;]<\/p>\n","protected":false},"author":1,"featured_media":4555,"comment_status":"open","ping_status":"open","sticky":false,"template":"","format":"standard","meta":{"_acf_changed":false,"pgc_sgb_lightbox_settings":"","footnotes":""},"categories":[1,3314],"tags":[1775,120,168,127,2165,149,141,310],"class_list":["post-4553","post","type-post","status-publish","format-standard","has-post-thumbnail","hentry","category-allgemein","category-health-safety","tag-betriebliches-gesundheitsmanagement","tag-bundesamt","tag-bundesrat","tag-gefaehrliche-stoffe","tag-gesundheitsfoerderung","tag-gesundheitsschutz","tag-praevention","tag-sicherheit"],"acf":[],"hkrextid":null,"publication":null,"issue":null,"workflow":null,"startPage":null,"spitzmarke":null,"_posts_by_tag_page_fields":{"widget_title":"","widget_tags":""},"_at_widget":"1","_yoast_wpseo_primary_category":"1","_yoast_wpseo_focuskw_text_input":"5-G-Netz","_yoast_wpseo_opengraph-image":null,"_yoast_wpseo_opengraph-description":null,"_yoast_wpseo_opengraph-title":null,"enclosure":null,"_yoast_wpseo_twitter-title":null,"_yoast_wpseo_twitter-description":null,"_yoast_wpseo_twitter-image":null,"_wp_old_slug":null,"_yoast_wpseo_title":null,"_yoast_wpseo_canonical":null,"yoast_head":"<!-- This site is optimized with the Yoast SEO plugin v27.5 - https:\/\/yoast.com\/product\/yoast-seo-wordpress\/ -->\n<title>Schweiz reagiert auf B\u00fcrgerproteste gegen 5G - Save<\/title>\n<meta name=\"description\" content=\"Starke Proteste in der Schweizer Bev\u00f6lkerung veranlassten bekanntlich einige St\u00e4dte und Kantone, 5G vor\u00acl\u00e4ufig nicht einzuf\u00fchren\" \/>\n<meta name=\"robots\" content=\"index, follow, max-snippet:-1, max-image-preview:large, max-video-preview:-1\" \/>\n<link rel=\"canonical\" href=\"https:\/\/news.save.ch\/en\/schweiz-reagiert-auf-buergerproteste-gegen-5g\/\" \/>\n<meta property=\"og:locale\" content=\"en_US\" \/>\n<meta property=\"og:type\" content=\"article\" \/>\n<meta property=\"og:title\" content=\"Schweiz reagiert auf B\u00fcrgerproteste gegen 5G - Save\" \/>\n<meta property=\"og:description\" content=\"Starke Proteste in der Schweizer Bev\u00f6lkerung veranlassten bekanntlich einige St\u00e4dte und Kantone, 5G vor\u00acl\u00e4ufig nicht einzuf\u00fchren\" \/>\n<meta property=\"og:url\" content=\"https:\/\/news.save.ch\/en\/schweiz-reagiert-auf-buergerproteste-gegen-5g\/\" \/>\n<meta property=\"og:site_name\" content=\"Save\" \/>\n<meta property=\"article:published_time\" content=\"2019-09-20T06:00:08+00:00\" \/>\n<meta property=\"article:modified_time\" content=\"2023-03-14T08:03:56+00:00\" \/>\n<meta property=\"og:image\" content=\"https:\/\/news.save.ch\/wp-content\/uploads\/2019\/09\/Depositphotos_sangoiri-scaled-1.jpg\" \/>\n\t<meta property=\"og:image:width\" content=\"1200\" \/>\n\t<meta property=\"og:image:height\" content=\"1200\" \/>\n\t<meta property=\"og:image:type\" content=\"image\/jpeg\" \/>\n<meta name=\"author\" content=\"admin\" \/>\n<meta name=\"twitter:card\" content=\"summary_large_image\" \/>\n<meta name=\"twitter:label1\" content=\"Written by\" \/>\n\t<meta name=\"twitter:data1\" content=\"admin\" \/>\n\t<meta name=\"twitter:label2\" content=\"Est. reading time\" \/>\n\t<meta name=\"twitter:data2\" content=\"1 minute\" \/>\n<script type=\"application\/ld+json\" class=\"yoast-schema-graph\">{\"@context\":\"https:\\\/\\\/schema.org\",\"@graph\":[{\"@type\":\"Article\",\"@id\":\"https:\\\/\\\/news.save.ch\\\/schweiz-reagiert-auf-buergerproteste-gegen-5g\\\/#article\",\"isPartOf\":{\"@id\":\"https:\\\/\\\/news.save.ch\\\/schweiz-reagiert-auf-buergerproteste-gegen-5g\\\/\"},\"author\":{\"name\":\"admin\",\"@id\":\"https:\\\/\\\/news.save.ch\\\/de\\\/#\\\/schema\\\/person\\\/d49e199490bad7c70d64b9ab51142f2b\"},\"headline\":\"Schweiz reagiert auf B\u00fcrgerproteste gegen 5G\",\"datePublished\":\"2019-09-20T06:00:08+00:00\",\"dateModified\":\"2023-03-14T08:03:56+00:00\",\"mainEntityOfPage\":{\"@id\":\"https:\\\/\\\/news.save.ch\\\/schweiz-reagiert-auf-buergerproteste-gegen-5g\\\/\"},\"wordCount\":260,\"commentCount\":0,\"publisher\":{\"@id\":\"https:\\\/\\\/news.save.ch\\\/de\\\/#organization\"},\"image\":{\"@id\":\"https:\\\/\\\/news.save.ch\\\/schweiz-reagiert-auf-buergerproteste-gegen-5g\\\/#primaryimage\"},\"thumbnailUrl\":\"https:\\\/\\\/news.save.ch\\\/wp-content\\\/uploads\\\/2019\\\/09\\\/Depositphotos_sangoiri-scaled-1.jpg\",\"keywords\":[\"Betriebliches Gesundheitsmanagement\",\"Bundesamt\",\"Bundesrat\",\"Gef\u00e4hrliche Stoffe\",\"Gesundheitsf\u00f6rderung\",\"Gesundheitsschutz\",\"Pr\u00e4vention\",\"Sicherheit\"],\"articleSection\":[\"ALLGEMEIN\",\"HEALTH &amp; SAFETY\"],\"inLanguage\":\"en-US\"},{\"@type\":\"WebPage\",\"@id\":\"https:\\\/\\\/news.save.ch\\\/schweiz-reagiert-auf-buergerproteste-gegen-5g\\\/\",\"url\":\"https:\\\/\\\/news.save.ch\\\/schweiz-reagiert-auf-buergerproteste-gegen-5g\\\/\",\"name\":\"Schweiz reagiert auf B\u00fcrgerproteste gegen 5G - Save\",\"isPartOf\":{\"@id\":\"https:\\\/\\\/news.save.ch\\\/de\\\/#website\"},\"primaryImageOfPage\":{\"@id\":\"https:\\\/\\\/news.save.ch\\\/schweiz-reagiert-auf-buergerproteste-gegen-5g\\\/#primaryimage\"},\"image\":{\"@id\":\"https:\\\/\\\/news.save.ch\\\/schweiz-reagiert-auf-buergerproteste-gegen-5g\\\/#primaryimage\"},\"thumbnailUrl\":\"https:\\\/\\\/news.save.ch\\\/wp-content\\\/uploads\\\/2019\\\/09\\\/Depositphotos_sangoiri-scaled-1.jpg\",\"datePublished\":\"2019-09-20T06:00:08+00:00\",\"dateModified\":\"2023-03-14T08:03:56+00:00\",\"description\":\"Starke Proteste in der Schweizer Bev\u00f6lkerung veranlassten bekanntlich einige St\u00e4dte und Kantone, 5G vor\u00acl\u00e4ufig nicht einzuf\u00fchren\",\"breadcrumb\":{\"@id\":\"https:\\\/\\\/news.save.ch\\\/schweiz-reagiert-auf-buergerproteste-gegen-5g\\\/#breadcrumb\"},\"inLanguage\":\"en-US\",\"potentialAction\":[{\"@type\":\"ReadAction\",\"target\":[\"https:\\\/\\\/news.save.ch\\\/schweiz-reagiert-auf-buergerproteste-gegen-5g\\\/\"]}]},{\"@type\":\"ImageObject\",\"inLanguage\":\"en-US\",\"@id\":\"https:\\\/\\\/news.save.ch\\\/schweiz-reagiert-auf-buergerproteste-gegen-5g\\\/#primaryimage\",\"url\":\"https:\\\/\\\/news.save.ch\\\/wp-content\\\/uploads\\\/2019\\\/09\\\/Depositphotos_sangoiri-scaled-1.jpg\",\"contentUrl\":\"https:\\\/\\\/news.save.ch\\\/wp-content\\\/uploads\\\/2019\\\/09\\\/Depositphotos_sangoiri-scaled-1.jpg\",\"width\":1200,\"height\":1200,\"caption\":\"Bei all dem ist ein \\\"Moratorium\\\" f\u00fcr 5G (noch mehr Masten, noch mehr Strahlung und sogar von Strahlung mit noch nicht erforschten Auswirkungen!) \u00a9 Depositphotos\\\/sangoiri\"},{\"@type\":\"BreadcrumbList\",\"@id\":\"https:\\\/\\\/news.save.ch\\\/schweiz-reagiert-auf-buergerproteste-gegen-5g\\\/#breadcrumb\",\"itemListElement\":[{\"@type\":\"ListItem\",\"position\":1,\"name\":\"Home\",\"item\":\"https:\\\/\\\/news.save.ch\\\/de\\\/\"},{\"@type\":\"ListItem\",\"position\":2,\"name\":\"Schweiz reagiert auf B\u00fcrgerproteste gegen 5G\"}]},{\"@type\":\"WebSite\",\"@id\":\"https:\\\/\\\/news.save.ch\\\/de\\\/#website\",\"url\":\"https:\\\/\\\/news.save.ch\\\/de\\\/\",\"name\":\"Save\",\"description\":\"Schweizer Fachzeitschrift f\u00fcr Sicherheit\",\"publisher\":{\"@id\":\"https:\\\/\\\/news.save.ch\\\/de\\\/#organization\"},\"potentialAction\":[{\"@type\":\"SearchAction\",\"target\":{\"@type\":\"EntryPoint\",\"urlTemplate\":\"https:\\\/\\\/news.save.ch\\\/de\\\/?s={search_term_string}\"},\"query-input\":{\"@type\":\"PropertyValueSpecification\",\"valueRequired\":true,\"valueName\":\"search_term_string\"}}],\"inLanguage\":\"en-US\"},{\"@type\":\"Organization\",\"@id\":\"https:\\\/\\\/news.save.ch\\\/de\\\/#organization\",\"name\":\"Sicherheitsforum\",\"url\":\"https:\\\/\\\/news.save.ch\\\/de\\\/\",\"logo\":{\"@type\":\"ImageObject\",\"inLanguage\":\"en-US\",\"@id\":\"https:\\\/\\\/news.save.ch\\\/de\\\/#\\\/schema\\\/logo\\\/image\\\/\",\"url\":\"https:\\\/\\\/news.save.ch\\\/wp-content\\\/uploads\\\/2022\\\/06\\\/Logo_SF_2012.png\",\"contentUrl\":\"https:\\\/\\\/news.save.ch\\\/wp-content\\\/uploads\\\/2022\\\/06\\\/Logo_SF_2012.png\",\"width\":1100,\"height\":91,\"caption\":\"Sicherheitsforum\"},\"image\":{\"@id\":\"https:\\\/\\\/news.save.ch\\\/de\\\/#\\\/schema\\\/logo\\\/image\\\/\"}},{\"@type\":\"Person\",\"@id\":\"https:\\\/\\\/news.save.ch\\\/de\\\/#\\\/schema\\\/person\\\/d49e199490bad7c70d64b9ab51142f2b\",\"name\":\"admin\",\"image\":{\"@type\":\"ImageObject\",\"inLanguage\":\"en-US\",\"@id\":\"https:\\\/\\\/secure.gravatar.com\\\/avatar\\\/ae2f4d718e6c49043e314ce431e7e645d646302a24a5ef5a8bc8e3f5a032e319?s=96&d=mm&r=g\",\"url\":\"https:\\\/\\\/secure.gravatar.com\\\/avatar\\\/ae2f4d718e6c49043e314ce431e7e645d646302a24a5ef5a8bc8e3f5a032e319?s=96&d=mm&r=g\",\"contentUrl\":\"https:\\\/\\\/secure.gravatar.com\\\/avatar\\\/ae2f4d718e6c49043e314ce431e7e645d646302a24a5ef5a8bc8e3f5a032e319?s=96&d=mm&r=g\",\"caption\":\"admin\"},\"sameAs\":[\"https:\\\/\\\/develop.organisator.galledia.ch\"],\"url\":\"https:\\\/\\\/news.save.ch\\\/en\\\/author\\\/admin\\\/\"}]}<\/script>\n<!-- \/ Yoast SEO plugin. -->","yoast_head_json":{"title":"Switzerland responds to citizen protests against 5G - Save","description":"As is well known, strong protests by the Swiss population caused some cities and cantons not to introduce 5G for the time being.","robots":{"index":"index","follow":"follow","max-snippet":"max-snippet:-1","max-image-preview":"max-image-preview:large","max-video-preview":"max-video-preview:-1"},"canonical":"https:\/\/news.save.ch\/en\/schweiz-reagiert-auf-buergerproteste-gegen-5g\/","og_locale":"en_US","og_type":"article","og_title":"Schweiz reagiert auf B\u00fcrgerproteste gegen 5G - Save","og_description":"Starke Proteste in der Schweizer Bev\u00f6lkerung veranlassten bekanntlich einige St\u00e4dte und Kantone, 5G vor\u00acl\u00e4ufig nicht einzuf\u00fchren","og_url":"https:\/\/news.save.ch\/en\/schweiz-reagiert-auf-buergerproteste-gegen-5g\/","og_site_name":"Save","article_published_time":"2019-09-20T06:00:08+00:00","article_modified_time":"2023-03-14T08:03:56+00:00","og_image":[{"width":1200,"height":1200,"url":"https:\/\/news.save.ch\/wp-content\/uploads\/2019\/09\/Depositphotos_sangoiri-scaled-1.jpg","type":"image\/jpeg"}],"author":"admin","twitter_card":"summary_large_image","twitter_misc":{"Written by":"admin","Est. reading time":"1 minute"},"schema":{"@context":"https:\/\/schema.org","@graph":[{"@type":"Article","@id":"https:\/\/news.save.ch\/schweiz-reagiert-auf-buergerproteste-gegen-5g\/#article","isPartOf":{"@id":"https:\/\/news.save.ch\/schweiz-reagiert-auf-buergerproteste-gegen-5g\/"},"author":{"name":"admin","@id":"https:\/\/news.save.ch\/de\/#\/schema\/person\/d49e199490bad7c70d64b9ab51142f2b"},"headline":"Schweiz reagiert auf B\u00fcrgerproteste gegen 5G","datePublished":"2019-09-20T06:00:08+00:00","dateModified":"2023-03-14T08:03:56+00:00","mainEntityOfPage":{"@id":"https:\/\/news.save.ch\/schweiz-reagiert-auf-buergerproteste-gegen-5g\/"},"wordCount":260,"commentCount":0,"publisher":{"@id":"https:\/\/news.save.ch\/de\/#organization"},"image":{"@id":"https:\/\/news.save.ch\/schweiz-reagiert-auf-buergerproteste-gegen-5g\/#primaryimage"},"thumbnailUrl":"https:\/\/news.save.ch\/wp-content\/uploads\/2019\/09\/Depositphotos_sangoiri-scaled-1.jpg","keywords":["Betriebliches Gesundheitsmanagement","Bundesamt","Bundesrat","Gef\u00e4hrliche Stoffe","Gesundheitsf\u00f6rderung","Gesundheitsschutz","Pr\u00e4vention","Sicherheit"],"articleSection":["ALLGEMEIN","HEALTH &amp; SAFETY"],"inLanguage":"en-US"},{"@type":"WebPage","@id":"https:\/\/news.save.ch\/schweiz-reagiert-auf-buergerproteste-gegen-5g\/","url":"https:\/\/news.save.ch\/schweiz-reagiert-auf-buergerproteste-gegen-5g\/","name":"Switzerland responds to citizen protests against 5G - Save","isPartOf":{"@id":"https:\/\/news.save.ch\/de\/#website"},"primaryImageOfPage":{"@id":"https:\/\/news.save.ch\/schweiz-reagiert-auf-buergerproteste-gegen-5g\/#primaryimage"},"image":{"@id":"https:\/\/news.save.ch\/schweiz-reagiert-auf-buergerproteste-gegen-5g\/#primaryimage"},"thumbnailUrl":"https:\/\/news.save.ch\/wp-content\/uploads\/2019\/09\/Depositphotos_sangoiri-scaled-1.jpg","datePublished":"2019-09-20T06:00:08+00:00","dateModified":"2023-03-14T08:03:56+00:00","description":"As is well known, strong protests by the Swiss population caused some cities and cantons not to introduce 5G for the time being.","breadcrumb":{"@id":"https:\/\/news.save.ch\/schweiz-reagiert-auf-buergerproteste-gegen-5g\/#breadcrumb"},"inLanguage":"en-US","potentialAction":[{"@type":"ReadAction","target":["https:\/\/news.save.ch\/schweiz-reagiert-auf-buergerproteste-gegen-5g\/"]}]},{"@type":"ImageObject","inLanguage":"en-US","@id":"https:\/\/news.save.ch\/schweiz-reagiert-auf-buergerproteste-gegen-5g\/#primaryimage","url":"https:\/\/news.save.ch\/wp-content\/uploads\/2019\/09\/Depositphotos_sangoiri-scaled-1.jpg","contentUrl":"https:\/\/news.save.ch\/wp-content\/uploads\/2019\/09\/Depositphotos_sangoiri-scaled-1.jpg","width":1200,"height":1200,"caption":"Bei all dem ist ein \"Moratorium\" f\u00fcr 5G (noch mehr Masten, noch mehr Strahlung und sogar von Strahlung mit noch nicht erforschten Auswirkungen!) \u00a9 Depositphotos\/sangoiri"},{"@type":"BreadcrumbList","@id":"https:\/\/news.save.ch\/schweiz-reagiert-auf-buergerproteste-gegen-5g\/#breadcrumb","itemListElement":[{"@type":"ListItem","position":1,"name":"Home","item":"https:\/\/news.save.ch\/de\/"},{"@type":"ListItem","position":2,"name":"Schweiz reagiert auf B\u00fcrgerproteste gegen 5G"}]},{"@type":"WebSite","@id":"https:\/\/news.save.ch\/de\/#website","url":"https:\/\/news.save.ch\/de\/","name":"Save","description":"Swiss trade journal for safety","publisher":{"@id":"https:\/\/news.save.ch\/de\/#organization"},"potentialAction":[{"@type":"SearchAction","target":{"@type":"EntryPoint","urlTemplate":"https:\/\/news.save.ch\/de\/?s={search_term_string}"},"query-input":{"@type":"PropertyValueSpecification","valueRequired":true,"valueName":"search_term_string"}}],"inLanguage":"en-US"},{"@type":"Organization","@id":"https:\/\/news.save.ch\/de\/#organization","name":"Security Forum","url":"https:\/\/news.save.ch\/de\/","logo":{"@type":"ImageObject","inLanguage":"en-US","@id":"https:\/\/news.save.ch\/de\/#\/schema\/logo\/image\/","url":"https:\/\/news.save.ch\/wp-content\/uploads\/2022\/06\/Logo_SF_2012.png","contentUrl":"https:\/\/news.save.ch\/wp-content\/uploads\/2022\/06\/Logo_SF_2012.png","width":1100,"height":91,"caption":"Sicherheitsforum"},"image":{"@id":"https:\/\/news.save.ch\/de\/#\/schema\/logo\/image\/"}},{"@type":"Person","@id":"https:\/\/news.save.ch\/de\/#\/schema\/person\/d49e199490bad7c70d64b9ab51142f2b","name":"admin","image":{"@type":"ImageObject","inLanguage":"en-US","@id":"https:\/\/secure.gravatar.com\/avatar\/ae2f4d718e6c49043e314ce431e7e645d646302a24a5ef5a8bc8e3f5a032e319?s=96&d=mm&r=g","url":"https:\/\/secure.gravatar.com\/avatar\/ae2f4d718e6c49043e314ce431e7e645d646302a24a5ef5a8bc8e3f5a032e319?s=96&d=mm&r=g","contentUrl":"https:\/\/secure.gravatar.com\/avatar\/ae2f4d718e6c49043e314ce431e7e645d646302a24a5ef5a8bc8e3f5a032e319?s=96&d=mm&r=g","caption":"admin"},"sameAs":["https:\/\/develop.organisator.galledia.ch"],"url":"https:\/\/news.save.ch\/en\/author\/admin\/"}]}},"_links":{"self":[{"href":"https:\/\/news.save.ch\/en\/wp-json\/wp\/v2\/posts\/4553","targetHints":{"allow":["GET"]}}],"collection":[{"href":"https:\/\/news.save.ch\/en\/wp-json\/wp\/v2\/posts"}],"about":[{"href":"https:\/\/news.save.ch\/en\/wp-json\/wp\/v2\/types\/post"}],"author":[{"embeddable":true,"href":"https:\/\/news.save.ch\/en\/wp-json\/wp\/v2\/users\/1"}],"replies":[{"embeddable":true,"href":"https:\/\/news.save.ch\/en\/wp-json\/wp\/v2\/comments?post=4553"}],"version-history":[{"count":1,"href":"https:\/\/news.save.ch\/en\/wp-json\/wp\/v2\/posts\/4553\/revisions"}],"predecessor-version":[{"id":18921,"href":"https:\/\/news.save.ch\/en\/wp-json\/wp\/v2\/posts\/4553\/revisions\/18921"}],"wp:featuredmedia":[{"embeddable":true,"href":"https:\/\/news.save.ch\/en\/wp-json\/wp\/v2\/media\/4555"}],"wp:attachment":[{"href":"https:\/\/news.save.ch\/en\/wp-json\/wp\/v2\/media?parent=4553"}],"wp:term":[{"taxonomy":"category","embeddable":true,"href":"https:\/\/news.save.ch\/en\/wp-json\/wp\/v2\/categories?post=4553"},{"taxonomy":"post_tag","embeddable":true,"href":"https:\/\/news.save.ch\/en\/wp-json\/wp\/v2\/tags?post=4553"}],"curies":[{"name":"wp","href":"https:\/\/api.w.org\/{rel}","templated":true}]}}