{"id":4558,"date":"2017-03-27T16:25:58","date_gmt":"2017-03-27T14:25:58","guid":{"rendered":"https:\/\/news.save.ch\/?p=4558"},"modified":"2023-03-14T08:57:05","modified_gmt":"2023-03-14T07:57:05","slug":"neues-diplom-ict-security-expert","status":null,"type":"post","link":"https:\/\/news.save.ch\/en\/neues-diplom-ict-security-expert\/","title":{"rendered":"New diploma \"ICT Security Expert"},"content":{"rendered":"<figure id=\"attachment_3675\" aria-describedby=\"caption-attachment-3675\" style=\"width: 680px\" class=\"wp-caption aligncenter\"><img loading=\"lazy\" decoding=\"async\" class=\"size-medium wp-image-3675\" src=\"https:\/\/news.save.ch\/wp-content\/uploads\/2017\/01\/Depositphotos_6257601_m-2015.jpg\" alt=\"\" width=\"680\" height=\"500\" srcset=\"https:\/\/news.save.ch\/wp-content\/uploads\/2017\/01\/Depositphotos_6257601_m-2015.jpg 1000w, https:\/\/news.save.ch\/wp-content\/uploads\/2017\/01\/Depositphotos_6257601_m-2015-375x276.jpg 375w\" sizes=\"auto, (max-width: 680px) 100vw, 680px\" \/><figcaption id=\"caption-attachment-3675\" class=\"wp-caption-text\">\u00a9 depositphotos<\/figcaption><\/figure>\n<p>&nbsp;<\/p>\n<p>Protection against cyberattacks on corporate and administrative networks is a crucial success factor for companies and administrations. Finding suitable specialist personnel is not easy. <a href=\"https:\/\/www.ict-berufsbildung.ch\/\">ICT Vocational Training Switzerland<\/a> is therefore creating a recognized diploma qualification in the form of the \"ICT Security Expert\". ICT Security Experts reduce the organization's information security risk, identify any gaps in the security strategy and develop measures to close these gaps.<\/p>\n<p><strong>Education partner offers preparation course<\/strong><br \/>\nDigicomp is an education partner of ICT-Berufsbildung Schweiz and offers a modularly structured intensive course of about 20 days. It is a preparatory course for the federal diploma examination \"ICT Security Expert\". The first exams will take place in 2018.<\/p>\n<p><strong>Information evenings<\/strong><br \/>\nAt the end of May and in June 2017, Digicomp in Zurich and Bern will host <a href=\"https:\/\/www2.digicomp.ch\/security-expert-diplom\">Information evenings<\/a> to the new course took place.<\/p>","protected":false},"excerpt":{"rendered":"<p>&nbsp; Der Schutz vor Cyberattacken auf Firmen- und Verwaltungsnetze ist ein entscheidender Erfolgsfaktor f\u00fcr Unternehmen und Verwaltungen. Geeignetes Fachpersonal zu finden, ist nicht einfach. ICT-Berufsbildung Schweiz schafft deshalb mit dem \u00abICT Security Expert\u00bb einen anerkannten Diplomabschluss. ICT Security Experts reduzieren das Informationssicherheitsrisiko der Organisation, erkennen allf\u00e4llige L\u00fccken in der Sicherheitsstrategie und erarbeiten Massnahmen, mit denen [&hellip;]<\/p>\n","protected":false},"author":8,"featured_media":3675,"comment_status":"open","ping_status":"open","sticky":false,"template":"","format":"standard","meta":{"_acf_changed":false,"pgc_sgb_lightbox_settings":"","footnotes":""},"categories":[3313],"tags":[109,62],"class_list":["post-4558","post","type-post","status-publish","format-standard","has-post-thumbnail","hentry","category-digitalisierung","tag-aus-und-weiterbildung","tag-ict-sicherheit"],"acf":[],"hkrextid":null,"publication":null,"issue":null,"workflow":null,"startPage":null,"spitzmarke":null,"_posts_by_tag_page_fields":{"widget_title":"","widget_tags":""},"_at_widget":"1","_yoast_wpseo_primary_category":"2","_yoast_wpseo_focuskw_text_input":"ICT Security Expert","_yoast_wpseo_opengraph-image":null,"_yoast_wpseo_opengraph-description":null,"_yoast_wpseo_opengraph-title":null,"enclosure":null,"_yoast_wpseo_twitter-title":null,"_yoast_wpseo_twitter-description":null,"_yoast_wpseo_twitter-image":null,"_wp_old_slug":null,"_yoast_wpseo_title":null,"_yoast_wpseo_canonical":null,"yoast_head":"<!-- This site is optimized with the Yoast SEO plugin v27.5 - https:\/\/yoast.com\/product\/yoast-seo-wordpress\/ -->\n<title>Neues Diplom \u00abICT Security Expert\u00bb - Save<\/title>\n<meta name=\"description\" content=\"Interessierte k\u00f6nnen sich das R\u00fcstzeug f\u00fcr das eidg. Diplom ICT Security Expert erarbeiten. Digicomp f\u00fchrt dazu am 17. Mai 2017 einen Infoabend durch.\" \/>\n<meta name=\"robots\" content=\"index, follow, max-snippet:-1, max-image-preview:large, max-video-preview:-1\" \/>\n<link rel=\"canonical\" href=\"https:\/\/news.save.ch\/en\/neues-diplom-ict-security-expert\/\" \/>\n<meta property=\"og:locale\" content=\"en_US\" \/>\n<meta property=\"og:type\" content=\"article\" \/>\n<meta property=\"og:title\" content=\"Neues Diplom \u00abICT Security Expert\u00bb - Save\" \/>\n<meta property=\"og:description\" content=\"Interessierte k\u00f6nnen sich das R\u00fcstzeug f\u00fcr das eidg. Diplom ICT Security Expert erarbeiten. Digicomp f\u00fchrt dazu am 17. Mai 2017 einen Infoabend durch.\" \/>\n<meta property=\"og:url\" content=\"https:\/\/news.save.ch\/en\/neues-diplom-ict-security-expert\/\" \/>\n<meta property=\"og:site_name\" content=\"Save\" \/>\n<meta property=\"article:published_time\" content=\"2017-03-27T14:25:58+00:00\" \/>\n<meta property=\"article:modified_time\" content=\"2023-03-14T07:57:05+00:00\" \/>\n<meta property=\"og:image\" content=\"https:\/\/news.save.ch\/wp-content\/uploads\/2017\/01\/Depositphotos_6257601_m-2015.jpg\" \/>\n\t<meta property=\"og:image:width\" content=\"1000\" \/>\n\t<meta property=\"og:image:height\" content=\"735\" \/>\n\t<meta property=\"og:image:type\" content=\"image\/jpeg\" \/>\n<meta name=\"author\" content=\"Roger Str\u00e4ssle\" \/>\n<meta name=\"twitter:card\" content=\"summary_large_image\" \/>\n<meta name=\"twitter:label1\" content=\"Written by\" \/>\n\t<meta name=\"twitter:data1\" content=\"Roger Str\u00e4ssle\" \/>\n\t<meta name=\"twitter:label2\" content=\"Est. reading time\" \/>\n\t<meta name=\"twitter:data2\" content=\"1 minute\" \/>\n<script type=\"application\/ld+json\" class=\"yoast-schema-graph\">{\"@context\":\"https:\\\/\\\/schema.org\",\"@graph\":[{\"@type\":\"Article\",\"@id\":\"https:\\\/\\\/news.save.ch\\\/neues-diplom-ict-security-expert\\\/#article\",\"isPartOf\":{\"@id\":\"https:\\\/\\\/news.save.ch\\\/neues-diplom-ict-security-expert\\\/\"},\"author\":{\"name\":\"Roger Str\u00e4ssle\",\"@id\":\"https:\\\/\\\/news.save.ch\\\/de\\\/#\\\/schema\\\/person\\\/d5022db048e0e2b9785c50e5b24da5aa\"},\"headline\":\"Neues Diplom \u00abICT Security Expert\u00bb\",\"datePublished\":\"2017-03-27T14:25:58+00:00\",\"dateModified\":\"2023-03-14T07:57:05+00:00\",\"mainEntityOfPage\":{\"@id\":\"https:\\\/\\\/news.save.ch\\\/neues-diplom-ict-security-expert\\\/\"},\"wordCount\":136,\"commentCount\":0,\"publisher\":{\"@id\":\"https:\\\/\\\/news.save.ch\\\/de\\\/#organization\"},\"image\":{\"@id\":\"https:\\\/\\\/news.save.ch\\\/neues-diplom-ict-security-expert\\\/#primaryimage\"},\"thumbnailUrl\":\"https:\\\/\\\/news.save.ch\\\/wp-content\\\/uploads\\\/2017\\\/01\\\/Depositphotos_6257601_m-2015.jpg\",\"keywords\":[\"Aus- und Weiterbildung\",\"ICT-Sicherheit\"],\"articleSection\":[\"DIGITALISIERUNG\"],\"inLanguage\":\"en-US\"},{\"@type\":\"WebPage\",\"@id\":\"https:\\\/\\\/news.save.ch\\\/neues-diplom-ict-security-expert\\\/\",\"url\":\"https:\\\/\\\/news.save.ch\\\/neues-diplom-ict-security-expert\\\/\",\"name\":\"Neues Diplom \u00abICT Security Expert\u00bb - Save\",\"isPartOf\":{\"@id\":\"https:\\\/\\\/news.save.ch\\\/de\\\/#website\"},\"primaryImageOfPage\":{\"@id\":\"https:\\\/\\\/news.save.ch\\\/neues-diplom-ict-security-expert\\\/#primaryimage\"},\"image\":{\"@id\":\"https:\\\/\\\/news.save.ch\\\/neues-diplom-ict-security-expert\\\/#primaryimage\"},\"thumbnailUrl\":\"https:\\\/\\\/news.save.ch\\\/wp-content\\\/uploads\\\/2017\\\/01\\\/Depositphotos_6257601_m-2015.jpg\",\"datePublished\":\"2017-03-27T14:25:58+00:00\",\"dateModified\":\"2023-03-14T07:57:05+00:00\",\"description\":\"Interessierte k\u00f6nnen sich das R\u00fcstzeug f\u00fcr das eidg. Diplom ICT Security Expert erarbeiten. Digicomp f\u00fchrt dazu am 17. Mai 2017 einen Infoabend durch.\",\"breadcrumb\":{\"@id\":\"https:\\\/\\\/news.save.ch\\\/neues-diplom-ict-security-expert\\\/#breadcrumb\"},\"inLanguage\":\"en-US\",\"potentialAction\":[{\"@type\":\"ReadAction\",\"target\":[\"https:\\\/\\\/news.save.ch\\\/neues-diplom-ict-security-expert\\\/\"]}]},{\"@type\":\"ImageObject\",\"inLanguage\":\"en-US\",\"@id\":\"https:\\\/\\\/news.save.ch\\\/neues-diplom-ict-security-expert\\\/#primaryimage\",\"url\":\"https:\\\/\\\/news.save.ch\\\/wp-content\\\/uploads\\\/2017\\\/01\\\/Depositphotos_6257601_m-2015.jpg\",\"contentUrl\":\"https:\\\/\\\/news.save.ch\\\/wp-content\\\/uploads\\\/2017\\\/01\\\/Depositphotos_6257601_m-2015.jpg\",\"width\":1000,\"height\":735,\"caption\":\"\u00a9 depositphotos\"},{\"@type\":\"BreadcrumbList\",\"@id\":\"https:\\\/\\\/news.save.ch\\\/neues-diplom-ict-security-expert\\\/#breadcrumb\",\"itemListElement\":[{\"@type\":\"ListItem\",\"position\":1,\"name\":\"Home\",\"item\":\"https:\\\/\\\/news.save.ch\\\/de\\\/\"},{\"@type\":\"ListItem\",\"position\":2,\"name\":\"Neues Diplom \u00abICT Security Expert\u00bb\"}]},{\"@type\":\"WebSite\",\"@id\":\"https:\\\/\\\/news.save.ch\\\/de\\\/#website\",\"url\":\"https:\\\/\\\/news.save.ch\\\/de\\\/\",\"name\":\"Save\",\"description\":\"Schweizer Fachzeitschrift f\u00fcr Sicherheit\",\"publisher\":{\"@id\":\"https:\\\/\\\/news.save.ch\\\/de\\\/#organization\"},\"potentialAction\":[{\"@type\":\"SearchAction\",\"target\":{\"@type\":\"EntryPoint\",\"urlTemplate\":\"https:\\\/\\\/news.save.ch\\\/de\\\/?s={search_term_string}\"},\"query-input\":{\"@type\":\"PropertyValueSpecification\",\"valueRequired\":true,\"valueName\":\"search_term_string\"}}],\"inLanguage\":\"en-US\"},{\"@type\":\"Organization\",\"@id\":\"https:\\\/\\\/news.save.ch\\\/de\\\/#organization\",\"name\":\"Sicherheitsforum\",\"url\":\"https:\\\/\\\/news.save.ch\\\/de\\\/\",\"logo\":{\"@type\":\"ImageObject\",\"inLanguage\":\"en-US\",\"@id\":\"https:\\\/\\\/news.save.ch\\\/de\\\/#\\\/schema\\\/logo\\\/image\\\/\",\"url\":\"https:\\\/\\\/news.save.ch\\\/wp-content\\\/uploads\\\/2022\\\/06\\\/Logo_SF_2012.png\",\"contentUrl\":\"https:\\\/\\\/news.save.ch\\\/wp-content\\\/uploads\\\/2022\\\/06\\\/Logo_SF_2012.png\",\"width\":1100,\"height\":91,\"caption\":\"Sicherheitsforum\"},\"image\":{\"@id\":\"https:\\\/\\\/news.save.ch\\\/de\\\/#\\\/schema\\\/logo\\\/image\\\/\"}},{\"@type\":\"Person\",\"@id\":\"https:\\\/\\\/news.save.ch\\\/de\\\/#\\\/schema\\\/person\\\/d5022db048e0e2b9785c50e5b24da5aa\",\"name\":\"Roger Str\u00e4ssle\",\"image\":{\"@type\":\"ImageObject\",\"inLanguage\":\"en-US\",\"@id\":\"https:\\\/\\\/secure.gravatar.com\\\/avatar\\\/862a5569d087de48e5856e32f45d719a03804c891d6deb8d4f71a660e79e4a47?s=96&d=mm&r=g\",\"url\":\"https:\\\/\\\/secure.gravatar.com\\\/avatar\\\/862a5569d087de48e5856e32f45d719a03804c891d6deb8d4f71a660e79e4a47?s=96&d=mm&r=g\",\"contentUrl\":\"https:\\\/\\\/secure.gravatar.com\\\/avatar\\\/862a5569d087de48e5856e32f45d719a03804c891d6deb8d4f71a660e79e4a47?s=96&d=mm&r=g\",\"caption\":\"Roger Str\u00e4ssle\"},\"url\":\"https:\\\/\\\/news.save.ch\\\/en\\\/author\\\/roger-straessle\\\/\"}]}<\/script>\n<!-- \/ Yoast SEO plugin. -->","yoast_head_json":{"title":"New diploma \"ICT Security Expert\" - Save","description":"Interested parties can acquire the tools for the federal diploma ICT Security Expert. Digicomp will be holding an information evening on 17 May 2017.","robots":{"index":"index","follow":"follow","max-snippet":"max-snippet:-1","max-image-preview":"max-image-preview:large","max-video-preview":"max-video-preview:-1"},"canonical":"https:\/\/news.save.ch\/en\/neues-diplom-ict-security-expert\/","og_locale":"en_US","og_type":"article","og_title":"Neues Diplom \u00abICT Security Expert\u00bb - Save","og_description":"Interessierte k\u00f6nnen sich das R\u00fcstzeug f\u00fcr das eidg. Diplom ICT Security Expert erarbeiten. Digicomp f\u00fchrt dazu am 17. Mai 2017 einen Infoabend durch.","og_url":"https:\/\/news.save.ch\/en\/neues-diplom-ict-security-expert\/","og_site_name":"Save","article_published_time":"2017-03-27T14:25:58+00:00","article_modified_time":"2023-03-14T07:57:05+00:00","og_image":[{"width":1000,"height":735,"url":"https:\/\/news.save.ch\/wp-content\/uploads\/2017\/01\/Depositphotos_6257601_m-2015.jpg","type":"image\/jpeg"}],"author":"Roger Str\u00e4ssle","twitter_card":"summary_large_image","twitter_misc":{"Written by":"Roger Str\u00e4ssle","Est. reading time":"1 minute"},"schema":{"@context":"https:\/\/schema.org","@graph":[{"@type":"Article","@id":"https:\/\/news.save.ch\/neues-diplom-ict-security-expert\/#article","isPartOf":{"@id":"https:\/\/news.save.ch\/neues-diplom-ict-security-expert\/"},"author":{"name":"Roger Str\u00e4ssle","@id":"https:\/\/news.save.ch\/de\/#\/schema\/person\/d5022db048e0e2b9785c50e5b24da5aa"},"headline":"Neues Diplom \u00abICT Security Expert\u00bb","datePublished":"2017-03-27T14:25:58+00:00","dateModified":"2023-03-14T07:57:05+00:00","mainEntityOfPage":{"@id":"https:\/\/news.save.ch\/neues-diplom-ict-security-expert\/"},"wordCount":136,"commentCount":0,"publisher":{"@id":"https:\/\/news.save.ch\/de\/#organization"},"image":{"@id":"https:\/\/news.save.ch\/neues-diplom-ict-security-expert\/#primaryimage"},"thumbnailUrl":"https:\/\/news.save.ch\/wp-content\/uploads\/2017\/01\/Depositphotos_6257601_m-2015.jpg","keywords":["Aus- und Weiterbildung","ICT-Sicherheit"],"articleSection":["DIGITALISIERUNG"],"inLanguage":"en-US"},{"@type":"WebPage","@id":"https:\/\/news.save.ch\/neues-diplom-ict-security-expert\/","url":"https:\/\/news.save.ch\/neues-diplom-ict-security-expert\/","name":"New diploma \"ICT Security Expert\" - Save","isPartOf":{"@id":"https:\/\/news.save.ch\/de\/#website"},"primaryImageOfPage":{"@id":"https:\/\/news.save.ch\/neues-diplom-ict-security-expert\/#primaryimage"},"image":{"@id":"https:\/\/news.save.ch\/neues-diplom-ict-security-expert\/#primaryimage"},"thumbnailUrl":"https:\/\/news.save.ch\/wp-content\/uploads\/2017\/01\/Depositphotos_6257601_m-2015.jpg","datePublished":"2017-03-27T14:25:58+00:00","dateModified":"2023-03-14T07:57:05+00:00","description":"Interested parties can acquire the tools for the federal diploma ICT Security Expert. Digicomp will be holding an information evening on 17 May 2017.","breadcrumb":{"@id":"https:\/\/news.save.ch\/neues-diplom-ict-security-expert\/#breadcrumb"},"inLanguage":"en-US","potentialAction":[{"@type":"ReadAction","target":["https:\/\/news.save.ch\/neues-diplom-ict-security-expert\/"]}]},{"@type":"ImageObject","inLanguage":"en-US","@id":"https:\/\/news.save.ch\/neues-diplom-ict-security-expert\/#primaryimage","url":"https:\/\/news.save.ch\/wp-content\/uploads\/2017\/01\/Depositphotos_6257601_m-2015.jpg","contentUrl":"https:\/\/news.save.ch\/wp-content\/uploads\/2017\/01\/Depositphotos_6257601_m-2015.jpg","width":1000,"height":735,"caption":"\u00a9 depositphotos"},{"@type":"BreadcrumbList","@id":"https:\/\/news.save.ch\/neues-diplom-ict-security-expert\/#breadcrumb","itemListElement":[{"@type":"ListItem","position":1,"name":"Home","item":"https:\/\/news.save.ch\/de\/"},{"@type":"ListItem","position":2,"name":"Neues Diplom \u00abICT Security Expert\u00bb"}]},{"@type":"WebSite","@id":"https:\/\/news.save.ch\/de\/#website","url":"https:\/\/news.save.ch\/de\/","name":"Save","description":"Swiss trade journal for safety","publisher":{"@id":"https:\/\/news.save.ch\/de\/#organization"},"potentialAction":[{"@type":"SearchAction","target":{"@type":"EntryPoint","urlTemplate":"https:\/\/news.save.ch\/de\/?s={search_term_string}"},"query-input":{"@type":"PropertyValueSpecification","valueRequired":true,"valueName":"search_term_string"}}],"inLanguage":"en-US"},{"@type":"Organization","@id":"https:\/\/news.save.ch\/de\/#organization","name":"Security Forum","url":"https:\/\/news.save.ch\/de\/","logo":{"@type":"ImageObject","inLanguage":"en-US","@id":"https:\/\/news.save.ch\/de\/#\/schema\/logo\/image\/","url":"https:\/\/news.save.ch\/wp-content\/uploads\/2022\/06\/Logo_SF_2012.png","contentUrl":"https:\/\/news.save.ch\/wp-content\/uploads\/2022\/06\/Logo_SF_2012.png","width":1100,"height":91,"caption":"Sicherheitsforum"},"image":{"@id":"https:\/\/news.save.ch\/de\/#\/schema\/logo\/image\/"}},{"@type":"Person","@id":"https:\/\/news.save.ch\/de\/#\/schema\/person\/d5022db048e0e2b9785c50e5b24da5aa","name":"Roger Str\u00e4ssle","image":{"@type":"ImageObject","inLanguage":"en-US","@id":"https:\/\/secure.gravatar.com\/avatar\/862a5569d087de48e5856e32f45d719a03804c891d6deb8d4f71a660e79e4a47?s=96&d=mm&r=g","url":"https:\/\/secure.gravatar.com\/avatar\/862a5569d087de48e5856e32f45d719a03804c891d6deb8d4f71a660e79e4a47?s=96&d=mm&r=g","contentUrl":"https:\/\/secure.gravatar.com\/avatar\/862a5569d087de48e5856e32f45d719a03804c891d6deb8d4f71a660e79e4a47?s=96&d=mm&r=g","caption":"Roger Str\u00e4ssle"},"url":"https:\/\/news.save.ch\/en\/author\/roger-straessle\/"}]}},"_links":{"self":[{"href":"https:\/\/news.save.ch\/en\/wp-json\/wp\/v2\/posts\/4558","targetHints":{"allow":["GET"]}}],"collection":[{"href":"https:\/\/news.save.ch\/en\/wp-json\/wp\/v2\/posts"}],"about":[{"href":"https:\/\/news.save.ch\/en\/wp-json\/wp\/v2\/types\/post"}],"author":[{"embeddable":true,"href":"https:\/\/news.save.ch\/en\/wp-json\/wp\/v2\/users\/8"}],"replies":[{"embeddable":true,"href":"https:\/\/news.save.ch\/en\/wp-json\/wp\/v2\/comments?post=4558"}],"version-history":[{"count":1,"href":"https:\/\/news.save.ch\/en\/wp-json\/wp\/v2\/posts\/4558\/revisions"}],"predecessor-version":[{"id":17521,"href":"https:\/\/news.save.ch\/en\/wp-json\/wp\/v2\/posts\/4558\/revisions\/17521"}],"wp:featuredmedia":[{"embeddable":true,"href":"https:\/\/news.save.ch\/en\/wp-json\/wp\/v2\/media\/3675"}],"wp:attachment":[{"href":"https:\/\/news.save.ch\/en\/wp-json\/wp\/v2\/media?parent=4558"}],"wp:term":[{"taxonomy":"category","embeddable":true,"href":"https:\/\/news.save.ch\/en\/wp-json\/wp\/v2\/categories?post=4558"},{"taxonomy":"post_tag","embeddable":true,"href":"https:\/\/news.save.ch\/en\/wp-json\/wp\/v2\/tags?post=4558"}],"curies":[{"name":"wp","href":"https:\/\/api.w.org\/{rel}","templated":true}]}}