{"id":4726,"date":"2017-04-26T12:58:13","date_gmt":"2017-04-26T10:58:13","guid":{"rendered":"https:\/\/news.save.ch\/?p=4726"},"modified":"2023-03-14T08:57:04","modified_gmt":"2023-03-14T07:57:04","slug":"cyber-risiken-bundesrat-gleist-nachfolgestrategie-auf","status":null,"type":"post","link":"https:\/\/news.save.ch\/en\/cyber-risiken-bundesrat-gleist-nachfolgestrategie-auf\/","title":{"rendered":"Cyber risks: Federal Council launches follow-up strategy"},"content":{"rendered":"<figure id=\"attachment_4727\" aria-describedby=\"caption-attachment-4727\" style=\"width: 680px\" class=\"wp-caption aligncenter\"><img loading=\"lazy\" decoding=\"async\" class=\"size-medium wp-image-4727\" src=\"https:\/\/news.save.ch\/wp-content\/uploads\/2017\/04\/Depositphotos-1.jpg\" alt=\"\" width=\"680\" height=\"454\" srcset=\"https:\/\/news.save.ch\/wp-content\/uploads\/2017\/04\/Depositphotos-1.jpg 1000w, https:\/\/news.save.ch\/wp-content\/uploads\/2017\/04\/Depositphotos-1-375x250.jpg 375w\" sizes=\"auto, (max-width: 680px) 100vw, 680px\" \/><figcaption id=\"caption-attachment-4727\" class=\"wp-caption-text\">\u00a9 depositphotos<\/figcaption><\/figure>\n<p>Protection against cyber risks is very important, as the increasing number of incidents at home and abroad clearly shows. In addition to traditional cybercrime, attacks are increasingly directed against states and critical infrastructures. This fact and the fact that cyber attacks are also being used for political purposes mean that the threat to Switzerland from cyber risks will also continue to increase in the future.<\/p>\n<h2>Threat remains<\/h2>\n<p>To counter the threat, the Federal Council adopted the first National Strategy for the Protection of Switzerland against Cyber Risks (NCS) in 2012 for the years 2012-2017. The implementation of this strategy ends on schedule this year. The strategy adopted today by the Federal Council <a href=\"https:\/\/www.newsd.admin.ch\/newsd\/message\/attachments\/48041.pdf\">Annual Report 2016<\/a> on the implementation status of the NCS shows that 15 of the 16 measures have already been successfully completed today.<\/p>\n<p>As a basis for deciding whether and how the NCS will be continued in the future, the Federal Council has conducted a <a href=\"https:\/\/www.newsd.admin.ch\/newsd\/message\/attachments\/48045.pdf\">Effectiveness Review<\/a> of the implementation to date and took note of it today. The results show that the strategic orientation of the NCS was chosen correctly and that the decentralized but closely coordinated implementation of the NCS is working well overall. In all areas, it has been possible to establish functioning processes and structures and to build up the necessary specialist knowledge, so that Switzerland is better prepared for cyber risks today than it was in 2012. At the same time, it is clear that the NCS has only laid a foundation and that protection against cyber risks must be further expanded. The strengthened defense provided by the NCS measures contrasts with an intensified threat situation and increasing networking.<\/p>\n<h2>Succession strategy 2018-2023<\/h2>\n<p>Based on this assessment of the work carried out to date and the analysis of the current threat situation, the Federal Council has commissioned the Federal IT Steering Unit (FITSU) to draw up a successor strategy for 2018-2023 in collaboration with the agencies concerned and to submit it to the Federal Council by the end of the year. It is to use the structures and processes that have been created to strengthen protection against cyber risks in the long term. The Federal Council has decided to extend indefinitely the funding for the previous 30 NCS posts for the continuation and expansion of protection against cyber risks in the various departments.<\/p>\n<p><em>Media release Federal Council<\/em><\/p>\n<p>&nbsp;<\/p>","protected":false},"excerpt":{"rendered":"<p>Der Schutz vor Cyber-Risiken ist sehr wichtig, wie die steigende Zahl an Vorf\u00e4llen im In- und Ausland deutlich aufzeigt. Neben der herk\u00f6mmlichen Cyber-Kriminalit\u00e4t richten sich die Angriffe vermehrt gegen Staaten und kritische Infrastrukturen. Dieser Umstand und die Tatsache, dass Cyber-Angriffe zudem auch zu politischen Zwecken eingesetzt werden, bedeuten, dass auch die Bedrohung der Schweiz durch [&hellip;]<\/p>\n","protected":false},"author":8,"featured_media":4727,"comment_status":"open","ping_status":"open","sticky":false,"template":"","format":"standard","meta":{"_acf_changed":false,"pgc_sgb_lightbox_settings":"","footnotes":""},"categories":[3313],"tags":[96,62],"class_list":["post-4726","post","type-post","status-publish","format-standard","has-post-thumbnail","hentry","category-digitalisierung","tag-cyber-crime","tag-ict-sicherheit"],"acf":[],"hkrextid":null,"publication":null,"issue":null,"workflow":null,"startPage":null,"spitzmarke":null,"_posts_by_tag_page_fields":{"widget_title":"","widget_tags":""},"_at_widget":"1","_yoast_wpseo_primary_category":"2","_yoast_wpseo_focuskw_text_input":"Cyber-Risiken","_yoast_wpseo_opengraph-image":null,"_yoast_wpseo_opengraph-description":null,"_yoast_wpseo_opengraph-title":null,"enclosure":null,"_yoast_wpseo_twitter-title":null,"_yoast_wpseo_twitter-description":null,"_yoast_wpseo_twitter-image":null,"_wp_old_slug":null,"_yoast_wpseo_title":null,"_yoast_wpseo_canonical":null,"yoast_head":"<!-- This site is optimized with the Yoast SEO plugin v27.5 - https:\/\/yoast.com\/product\/yoast-seo-wordpress\/ -->\n<title>Cyber-Risiken: Bundesrat gleist Nachfolgestrategie auf - Save<\/title>\n<meta name=\"description\" content=\"Der Bundesrat hat angesichts der weiterhin zunehmenden Cyber-Bedrohung entschieden, die Ausarbeitung einer Nachfolgestrategie in Auftrag zu geben.\" \/>\n<meta name=\"robots\" content=\"index, follow, max-snippet:-1, max-image-preview:large, max-video-preview:-1\" \/>\n<link rel=\"canonical\" href=\"https:\/\/news.save.ch\/en\/cyber-risiken-bundesrat-gleist-nachfolgestrategie-auf\/\" \/>\n<meta property=\"og:locale\" content=\"en_US\" \/>\n<meta property=\"og:type\" content=\"article\" \/>\n<meta property=\"og:title\" content=\"Cyber-Risiken: Bundesrat gleist Nachfolgestrategie auf - Save\" \/>\n<meta property=\"og:description\" content=\"Der Bundesrat hat angesichts der weiterhin zunehmenden Cyber-Bedrohung entschieden, die Ausarbeitung einer Nachfolgestrategie in Auftrag zu geben.\" \/>\n<meta property=\"og:url\" content=\"https:\/\/news.save.ch\/en\/cyber-risiken-bundesrat-gleist-nachfolgestrategie-auf\/\" \/>\n<meta property=\"og:site_name\" content=\"Save\" \/>\n<meta property=\"article:published_time\" content=\"2017-04-26T10:58:13+00:00\" \/>\n<meta property=\"article:modified_time\" content=\"2023-03-14T07:57:04+00:00\" \/>\n<meta property=\"og:image\" content=\"https:\/\/news.save.ch\/wp-content\/uploads\/2017\/04\/Depositphotos-1.jpg\" \/>\n\t<meta property=\"og:image:width\" content=\"1000\" \/>\n\t<meta property=\"og:image:height\" content=\"667\" \/>\n\t<meta property=\"og:image:type\" content=\"image\/jpeg\" \/>\n<meta name=\"author\" content=\"Roger Str\u00e4ssle\" \/>\n<meta name=\"twitter:card\" content=\"summary_large_image\" \/>\n<meta name=\"twitter:label1\" content=\"Written by\" \/>\n\t<meta name=\"twitter:data1\" content=\"Roger Str\u00e4ssle\" \/>\n\t<meta name=\"twitter:label2\" content=\"Est. reading time\" \/>\n\t<meta name=\"twitter:data2\" content=\"2 minutes\" \/>\n<script type=\"application\/ld+json\" class=\"yoast-schema-graph\">{\"@context\":\"https:\\\/\\\/schema.org\",\"@graph\":[{\"@type\":\"Article\",\"@id\":\"https:\\\/\\\/news.save.ch\\\/cyber-risiken-bundesrat-gleist-nachfolgestrategie-auf\\\/#article\",\"isPartOf\":{\"@id\":\"https:\\\/\\\/news.save.ch\\\/cyber-risiken-bundesrat-gleist-nachfolgestrategie-auf\\\/\"},\"author\":{\"name\":\"Roger Str\u00e4ssle\",\"@id\":\"https:\\\/\\\/news.save.ch\\\/de\\\/#\\\/schema\\\/person\\\/d5022db048e0e2b9785c50e5b24da5aa\"},\"headline\":\"Cyber-Risiken: Bundesrat gleist Nachfolgestrategie auf\",\"datePublished\":\"2017-04-26T10:58:13+00:00\",\"dateModified\":\"2023-03-14T07:57:04+00:00\",\"mainEntityOfPage\":{\"@id\":\"https:\\\/\\\/news.save.ch\\\/cyber-risiken-bundesrat-gleist-nachfolgestrategie-auf\\\/\"},\"wordCount\":357,\"commentCount\":0,\"publisher\":{\"@id\":\"https:\\\/\\\/news.save.ch\\\/de\\\/#organization\"},\"image\":{\"@id\":\"https:\\\/\\\/news.save.ch\\\/cyber-risiken-bundesrat-gleist-nachfolgestrategie-auf\\\/#primaryimage\"},\"thumbnailUrl\":\"https:\\\/\\\/news.save.ch\\\/wp-content\\\/uploads\\\/2017\\\/04\\\/Depositphotos-1.jpg\",\"keywords\":[\"Cyber-Crime\",\"ICT-Sicherheit\"],\"articleSection\":[\"DIGITALISIERUNG\"],\"inLanguage\":\"en-US\"},{\"@type\":\"WebPage\",\"@id\":\"https:\\\/\\\/news.save.ch\\\/cyber-risiken-bundesrat-gleist-nachfolgestrategie-auf\\\/\",\"url\":\"https:\\\/\\\/news.save.ch\\\/cyber-risiken-bundesrat-gleist-nachfolgestrategie-auf\\\/\",\"name\":\"Cyber-Risiken: Bundesrat gleist Nachfolgestrategie auf - Save\",\"isPartOf\":{\"@id\":\"https:\\\/\\\/news.save.ch\\\/de\\\/#website\"},\"primaryImageOfPage\":{\"@id\":\"https:\\\/\\\/news.save.ch\\\/cyber-risiken-bundesrat-gleist-nachfolgestrategie-auf\\\/#primaryimage\"},\"image\":{\"@id\":\"https:\\\/\\\/news.save.ch\\\/cyber-risiken-bundesrat-gleist-nachfolgestrategie-auf\\\/#primaryimage\"},\"thumbnailUrl\":\"https:\\\/\\\/news.save.ch\\\/wp-content\\\/uploads\\\/2017\\\/04\\\/Depositphotos-1.jpg\",\"datePublished\":\"2017-04-26T10:58:13+00:00\",\"dateModified\":\"2023-03-14T07:57:04+00:00\",\"description\":\"Der Bundesrat hat angesichts der weiterhin zunehmenden Cyber-Bedrohung entschieden, die Ausarbeitung einer Nachfolgestrategie in Auftrag zu geben.\",\"breadcrumb\":{\"@id\":\"https:\\\/\\\/news.save.ch\\\/cyber-risiken-bundesrat-gleist-nachfolgestrategie-auf\\\/#breadcrumb\"},\"inLanguage\":\"en-US\",\"potentialAction\":[{\"@type\":\"ReadAction\",\"target\":[\"https:\\\/\\\/news.save.ch\\\/cyber-risiken-bundesrat-gleist-nachfolgestrategie-auf\\\/\"]}]},{\"@type\":\"ImageObject\",\"inLanguage\":\"en-US\",\"@id\":\"https:\\\/\\\/news.save.ch\\\/cyber-risiken-bundesrat-gleist-nachfolgestrategie-auf\\\/#primaryimage\",\"url\":\"https:\\\/\\\/news.save.ch\\\/wp-content\\\/uploads\\\/2017\\\/04\\\/Depositphotos-1.jpg\",\"contentUrl\":\"https:\\\/\\\/news.save.ch\\\/wp-content\\\/uploads\\\/2017\\\/04\\\/Depositphotos-1.jpg\",\"width\":1000,\"height\":667,\"caption\":\"\u00a9 depositphotos\"},{\"@type\":\"BreadcrumbList\",\"@id\":\"https:\\\/\\\/news.save.ch\\\/cyber-risiken-bundesrat-gleist-nachfolgestrategie-auf\\\/#breadcrumb\",\"itemListElement\":[{\"@type\":\"ListItem\",\"position\":1,\"name\":\"Home\",\"item\":\"https:\\\/\\\/news.save.ch\\\/de\\\/\"},{\"@type\":\"ListItem\",\"position\":2,\"name\":\"Cyber-Risiken: Bundesrat gleist Nachfolgestrategie auf\"}]},{\"@type\":\"WebSite\",\"@id\":\"https:\\\/\\\/news.save.ch\\\/de\\\/#website\",\"url\":\"https:\\\/\\\/news.save.ch\\\/de\\\/\",\"name\":\"Save\",\"description\":\"Schweizer Fachzeitschrift f\u00fcr Sicherheit\",\"publisher\":{\"@id\":\"https:\\\/\\\/news.save.ch\\\/de\\\/#organization\"},\"potentialAction\":[{\"@type\":\"SearchAction\",\"target\":{\"@type\":\"EntryPoint\",\"urlTemplate\":\"https:\\\/\\\/news.save.ch\\\/de\\\/?s={search_term_string}\"},\"query-input\":{\"@type\":\"PropertyValueSpecification\",\"valueRequired\":true,\"valueName\":\"search_term_string\"}}],\"inLanguage\":\"en-US\"},{\"@type\":\"Organization\",\"@id\":\"https:\\\/\\\/news.save.ch\\\/de\\\/#organization\",\"name\":\"Sicherheitsforum\",\"url\":\"https:\\\/\\\/news.save.ch\\\/de\\\/\",\"logo\":{\"@type\":\"ImageObject\",\"inLanguage\":\"en-US\",\"@id\":\"https:\\\/\\\/news.save.ch\\\/de\\\/#\\\/schema\\\/logo\\\/image\\\/\",\"url\":\"https:\\\/\\\/news.save.ch\\\/wp-content\\\/uploads\\\/2022\\\/06\\\/Logo_SF_2012.png\",\"contentUrl\":\"https:\\\/\\\/news.save.ch\\\/wp-content\\\/uploads\\\/2022\\\/06\\\/Logo_SF_2012.png\",\"width\":1100,\"height\":91,\"caption\":\"Sicherheitsforum\"},\"image\":{\"@id\":\"https:\\\/\\\/news.save.ch\\\/de\\\/#\\\/schema\\\/logo\\\/image\\\/\"}},{\"@type\":\"Person\",\"@id\":\"https:\\\/\\\/news.save.ch\\\/de\\\/#\\\/schema\\\/person\\\/d5022db048e0e2b9785c50e5b24da5aa\",\"name\":\"Roger Str\u00e4ssle\",\"image\":{\"@type\":\"ImageObject\",\"inLanguage\":\"en-US\",\"@id\":\"https:\\\/\\\/secure.gravatar.com\\\/avatar\\\/862a5569d087de48e5856e32f45d719a03804c891d6deb8d4f71a660e79e4a47?s=96&d=mm&r=g\",\"url\":\"https:\\\/\\\/secure.gravatar.com\\\/avatar\\\/862a5569d087de48e5856e32f45d719a03804c891d6deb8d4f71a660e79e4a47?s=96&d=mm&r=g\",\"contentUrl\":\"https:\\\/\\\/secure.gravatar.com\\\/avatar\\\/862a5569d087de48e5856e32f45d719a03804c891d6deb8d4f71a660e79e4a47?s=96&d=mm&r=g\",\"caption\":\"Roger Str\u00e4ssle\"},\"url\":\"https:\\\/\\\/news.save.ch\\\/en\\\/author\\\/roger-straessle\\\/\"}]}<\/script>\n<!-- \/ Yoast SEO plugin. -->","yoast_head_json":{"title":"Cyber risks: Federal Council launches follow-up strategy - Save","description":"In view of the continuing increase in cyber threats, the Federal Council has decided to commission the development of a follow-up strategy.","robots":{"index":"index","follow":"follow","max-snippet":"max-snippet:-1","max-image-preview":"max-image-preview:large","max-video-preview":"max-video-preview:-1"},"canonical":"https:\/\/news.save.ch\/en\/cyber-risiken-bundesrat-gleist-nachfolgestrategie-auf\/","og_locale":"en_US","og_type":"article","og_title":"Cyber-Risiken: Bundesrat gleist Nachfolgestrategie auf - Save","og_description":"Der Bundesrat hat angesichts der weiterhin zunehmenden Cyber-Bedrohung entschieden, die Ausarbeitung einer Nachfolgestrategie in Auftrag zu geben.","og_url":"https:\/\/news.save.ch\/en\/cyber-risiken-bundesrat-gleist-nachfolgestrategie-auf\/","og_site_name":"Save","article_published_time":"2017-04-26T10:58:13+00:00","article_modified_time":"2023-03-14T07:57:04+00:00","og_image":[{"width":1000,"height":667,"url":"https:\/\/news.save.ch\/wp-content\/uploads\/2017\/04\/Depositphotos-1.jpg","type":"image\/jpeg"}],"author":"Roger Str\u00e4ssle","twitter_card":"summary_large_image","twitter_misc":{"Written by":"Roger Str\u00e4ssle","Est. reading time":"2 minutes"},"schema":{"@context":"https:\/\/schema.org","@graph":[{"@type":"Article","@id":"https:\/\/news.save.ch\/cyber-risiken-bundesrat-gleist-nachfolgestrategie-auf\/#article","isPartOf":{"@id":"https:\/\/news.save.ch\/cyber-risiken-bundesrat-gleist-nachfolgestrategie-auf\/"},"author":{"name":"Roger Str\u00e4ssle","@id":"https:\/\/news.save.ch\/de\/#\/schema\/person\/d5022db048e0e2b9785c50e5b24da5aa"},"headline":"Cyber-Risiken: Bundesrat gleist Nachfolgestrategie auf","datePublished":"2017-04-26T10:58:13+00:00","dateModified":"2023-03-14T07:57:04+00:00","mainEntityOfPage":{"@id":"https:\/\/news.save.ch\/cyber-risiken-bundesrat-gleist-nachfolgestrategie-auf\/"},"wordCount":357,"commentCount":0,"publisher":{"@id":"https:\/\/news.save.ch\/de\/#organization"},"image":{"@id":"https:\/\/news.save.ch\/cyber-risiken-bundesrat-gleist-nachfolgestrategie-auf\/#primaryimage"},"thumbnailUrl":"https:\/\/news.save.ch\/wp-content\/uploads\/2017\/04\/Depositphotos-1.jpg","keywords":["Cyber-Crime","ICT-Sicherheit"],"articleSection":["DIGITALISIERUNG"],"inLanguage":"en-US"},{"@type":"WebPage","@id":"https:\/\/news.save.ch\/cyber-risiken-bundesrat-gleist-nachfolgestrategie-auf\/","url":"https:\/\/news.save.ch\/cyber-risiken-bundesrat-gleist-nachfolgestrategie-auf\/","name":"Cyber risks: Federal Council launches follow-up strategy - Save","isPartOf":{"@id":"https:\/\/news.save.ch\/de\/#website"},"primaryImageOfPage":{"@id":"https:\/\/news.save.ch\/cyber-risiken-bundesrat-gleist-nachfolgestrategie-auf\/#primaryimage"},"image":{"@id":"https:\/\/news.save.ch\/cyber-risiken-bundesrat-gleist-nachfolgestrategie-auf\/#primaryimage"},"thumbnailUrl":"https:\/\/news.save.ch\/wp-content\/uploads\/2017\/04\/Depositphotos-1.jpg","datePublished":"2017-04-26T10:58:13+00:00","dateModified":"2023-03-14T07:57:04+00:00","description":"In view of the continuing increase in cyber threats, the Federal Council has decided to commission the development of a follow-up strategy.","breadcrumb":{"@id":"https:\/\/news.save.ch\/cyber-risiken-bundesrat-gleist-nachfolgestrategie-auf\/#breadcrumb"},"inLanguage":"en-US","potentialAction":[{"@type":"ReadAction","target":["https:\/\/news.save.ch\/cyber-risiken-bundesrat-gleist-nachfolgestrategie-auf\/"]}]},{"@type":"ImageObject","inLanguage":"en-US","@id":"https:\/\/news.save.ch\/cyber-risiken-bundesrat-gleist-nachfolgestrategie-auf\/#primaryimage","url":"https:\/\/news.save.ch\/wp-content\/uploads\/2017\/04\/Depositphotos-1.jpg","contentUrl":"https:\/\/news.save.ch\/wp-content\/uploads\/2017\/04\/Depositphotos-1.jpg","width":1000,"height":667,"caption":"\u00a9 depositphotos"},{"@type":"BreadcrumbList","@id":"https:\/\/news.save.ch\/cyber-risiken-bundesrat-gleist-nachfolgestrategie-auf\/#breadcrumb","itemListElement":[{"@type":"ListItem","position":1,"name":"Home","item":"https:\/\/news.save.ch\/de\/"},{"@type":"ListItem","position":2,"name":"Cyber-Risiken: Bundesrat gleist Nachfolgestrategie auf"}]},{"@type":"WebSite","@id":"https:\/\/news.save.ch\/de\/#website","url":"https:\/\/news.save.ch\/de\/","name":"Save","description":"Swiss trade journal for safety","publisher":{"@id":"https:\/\/news.save.ch\/de\/#organization"},"potentialAction":[{"@type":"SearchAction","target":{"@type":"EntryPoint","urlTemplate":"https:\/\/news.save.ch\/de\/?s={search_term_string}"},"query-input":{"@type":"PropertyValueSpecification","valueRequired":true,"valueName":"search_term_string"}}],"inLanguage":"en-US"},{"@type":"Organization","@id":"https:\/\/news.save.ch\/de\/#organization","name":"Security Forum","url":"https:\/\/news.save.ch\/de\/","logo":{"@type":"ImageObject","inLanguage":"en-US","@id":"https:\/\/news.save.ch\/de\/#\/schema\/logo\/image\/","url":"https:\/\/news.save.ch\/wp-content\/uploads\/2022\/06\/Logo_SF_2012.png","contentUrl":"https:\/\/news.save.ch\/wp-content\/uploads\/2022\/06\/Logo_SF_2012.png","width":1100,"height":91,"caption":"Sicherheitsforum"},"image":{"@id":"https:\/\/news.save.ch\/de\/#\/schema\/logo\/image\/"}},{"@type":"Person","@id":"https:\/\/news.save.ch\/de\/#\/schema\/person\/d5022db048e0e2b9785c50e5b24da5aa","name":"Roger Str\u00e4ssle","image":{"@type":"ImageObject","inLanguage":"en-US","@id":"https:\/\/secure.gravatar.com\/avatar\/862a5569d087de48e5856e32f45d719a03804c891d6deb8d4f71a660e79e4a47?s=96&d=mm&r=g","url":"https:\/\/secure.gravatar.com\/avatar\/862a5569d087de48e5856e32f45d719a03804c891d6deb8d4f71a660e79e4a47?s=96&d=mm&r=g","contentUrl":"https:\/\/secure.gravatar.com\/avatar\/862a5569d087de48e5856e32f45d719a03804c891d6deb8d4f71a660e79e4a47?s=96&d=mm&r=g","caption":"Roger Str\u00e4ssle"},"url":"https:\/\/news.save.ch\/en\/author\/roger-straessle\/"}]}},"_links":{"self":[{"href":"https:\/\/news.save.ch\/en\/wp-json\/wp\/v2\/posts\/4726","targetHints":{"allow":["GET"]}}],"collection":[{"href":"https:\/\/news.save.ch\/en\/wp-json\/wp\/v2\/posts"}],"about":[{"href":"https:\/\/news.save.ch\/en\/wp-json\/wp\/v2\/types\/post"}],"author":[{"embeddable":true,"href":"https:\/\/news.save.ch\/en\/wp-json\/wp\/v2\/users\/8"}],"replies":[{"embeddable":true,"href":"https:\/\/news.save.ch\/en\/wp-json\/wp\/v2\/comments?post=4726"}],"version-history":[{"count":1,"href":"https:\/\/news.save.ch\/en\/wp-json\/wp\/v2\/posts\/4726\/revisions"}],"predecessor-version":[{"id":17513,"href":"https:\/\/news.save.ch\/en\/wp-json\/wp\/v2\/posts\/4726\/revisions\/17513"}],"wp:featuredmedia":[{"embeddable":true,"href":"https:\/\/news.save.ch\/en\/wp-json\/wp\/v2\/media\/4727"}],"wp:attachment":[{"href":"https:\/\/news.save.ch\/en\/wp-json\/wp\/v2\/media?parent=4726"}],"wp:term":[{"taxonomy":"category","embeddable":true,"href":"https:\/\/news.save.ch\/en\/wp-json\/wp\/v2\/categories?post=4726"},{"taxonomy":"post_tag","embeddable":true,"href":"https:\/\/news.save.ch\/en\/wp-json\/wp\/v2\/tags?post=4726"}],"curies":[{"name":"wp","href":"https:\/\/api.w.org\/{rel}","templated":true}]}}