{"id":474,"date":"2015-06-20T11:35:01","date_gmt":"2015-06-20T09:35:01","guid":{"rendered":"https:\/\/dev.sicherheitsforum.ch\/?p=474"},"modified":"2023-03-14T08:57:38","modified_gmt":"2023-03-14T07:57:38","slug":"buepf-swico-wuerde-referendum-unterstuetzen","status":null,"type":"post","link":"https:\/\/news.save.ch\/en\/buepf-swico-wuerde-referendum-unterstuetzen\/","title":{"rendered":"B\u00dcPF: Swico would support referendum"},"content":{"rendered":"<figure id=\"attachment_475\" aria-describedby=\"caption-attachment-475\" style=\"width: 680px\" class=\"wp-caption alignnone\"><img loading=\"lazy\" decoding=\"async\" class=\"size-medium wp-image-475\" src=\"https:\/\/sicherheitsforum.ch\/wp-content\/uploads\/2016\/12\/B\u00dcPF-Swico-w\u00fcrde-Referendum-unterst\u00fctzen-it-security.jpg\" alt=\"Under fire: The Telephone and Telecommunications Surveillance Act\" width=\"680\" height=\"453\" \/><figcaption id=\"caption-attachment-475\" class=\"wp-caption-text\">Under fire: The Telephone and Telecommunications Surveillance Act<\/figcaption><\/figure>\n<p>The National Council, as the second chamber, passed the law concerning <a href=\"https:\/\/www.bj.admin.ch\/bj\/de\/home\/sicherheit\/gesetzgebung\/fernmeldeueberwachung.html\" target=\"_blank\" data-cke-saved-href=\"https:\/\/www.bj.admin.ch\/bj\/de\/home\/sicherheit\/gesetzgebung\/fernmeldeueberwachung.html\" rel=\"noopener\">Telephone and telecommunication surveillance<\/a>B\u00dcPF for short. As in the Council of States, the well-founded criticism and justified objections from youth parties, society and the ICT industry bounced off the parliamentarians, as the <a href=\"https:\/\/www.swico.ch\" target=\"_blank\" data-cke-saved-href=\"https:\/\/www.swico.ch\" rel=\"noopener\">Swico<\/a> writes. The law - if it comes into force - would result in drastic restrictions on civil rights, but also massive cost consequences for the ICT industry, according to the association of ICT providers. The Swico board therefore voted by a large majority to actively support a possible referendum, provided it is carried out on a non-partisan basis.<\/p>\n<p>The fact is that law enforcement agencies must continue to develop their arsenal in order to keep pace with technological progress and respond to new forms of crime. However, such an expansion of the toolkit must always keep in mind the principles of an open and democratic society as well as the individual rights and privacy of citizens. Not everything that would be technically feasible and desirable from the point of view of the law enforcement authorities is compatible with society and citizens, as Swico emphasizes. According to the association, the mandatory introduction of surveillance measures that are not or rarely used in practice is objectionable and burdens the economy, especially the ICT economy.<\/p>\n<p>The bill as a whole is one-sided and excessive in content. It places law enforcement above civil rights and the right to privacy without being able to sufficiently justify their necessity. The message rides on the wave of a diffuse fear of crime of all kinds and the unease of the state authorities about the enormous (positive and negative) potential of the Internet. The twelve-month data retention period, the introduction of state Trojans, and the blanket dragnet via IMSI catchers are hardly effective and at the same time disproportionate and cost-intensive encroachments on our civil liberties, as the association writes in conclusion.<\/p>","protected":false},"excerpt":{"rendered":"<p>Der Nationalrat hat als Zweitrat das Gesetz betreffend Telefon- und Fernmelde\u00fcberwachung, kurz B\u00dcPF,\u00a0behandelt. Wie schon im St\u00e4nderat prallten die fundierte Kritik und die berechtigten Einw\u00e4nde von Jugendparteien, Gesellschaft und ICT-Wirtschaft an den Parlamentarierinnen und Parlamentariern ab, wie der Swico schreibt. Das Gesetz &#8211; so es in Kraft tritt &#8211; w\u00fcrde einschneidende Beschr\u00e4nkungen der B\u00fcrgerrechte, aber [&hellip;]<\/p>\n","protected":false},"author":1,"featured_media":475,"comment_status":"open","ping_status":"open","sticky":false,"template":"","format":"standard","meta":{"_acf_changed":false,"pgc_sgb_lightbox_settings":"","footnotes":""},"categories":[3313],"tags":[62,63,55],"class_list":["post-474","post","type-post","status-publish","format-standard","has-post-thumbnail","hentry","category-digitalisierung","tag-ict-sicherheit","tag-it-security","tag-ueberwachung"],"acf":[],"hkrextid":null,"publication":null,"issue":null,"workflow":null,"startPage":null,"spitzmarke":null,"_posts_by_tag_page_fields":{"widget_title":"","widget_tags":""},"_at_widget":"1","_yoast_wpseo_primary_category":"2","_yoast_wpseo_focuskw_text_input":"B\u00dcPF","_yoast_wpseo_opengraph-image":"https:\/\/sicherheitsforum.ch\/wp-content\/uploads\/2016\/12\/B\u00dcPF-Swico-w\u00fcrde-Referendum-unterst\u00fctzen-it-security.jpg","_yoast_wpseo_opengraph-description":"Der Fachverband der ICT-Anbieter, Swico, will ein allf\u00e4lliges Referendum gegen das Gesetz betreffend Telefon- und Fernmelde\u00fcberwachung unterst\u00fctzen.","_yoast_wpseo_opengraph-title":"B\u00dcPF: Swico w\u00fcrde Referendum unterst\u00fctzen","enclosure":null,"_yoast_wpseo_twitter-title":null,"_yoast_wpseo_twitter-description":null,"_yoast_wpseo_twitter-image":null,"_wp_old_slug":null,"_yoast_wpseo_title":null,"_yoast_wpseo_canonical":null,"yoast_head":"<!-- This site is optimized with the Yoast SEO plugin v27.5 - https:\/\/yoast.com\/product\/yoast-seo-wordpress\/ -->\n<title>B\u00dcPF: Swico w\u00fcrde Referendum unterst\u00fctzen - Save<\/title>\n<meta name=\"description\" content=\"Der Fachverband der ICT-Anbieter, Swico, will ein allf\u00e4lliges Referendum gegen das Gesetz betreffend Telefon- und Fernmelde\u00fcberwachung unterst\u00fctzen.\" \/>\n<meta name=\"robots\" content=\"index, follow, max-snippet:-1, max-image-preview:large, max-video-preview:-1\" \/>\n<link rel=\"canonical\" href=\"https:\/\/news.save.ch\/en\/buepf-swico-wuerde-referendum-unterstuetzen\/\" \/>\n<meta property=\"og:locale\" content=\"en_US\" \/>\n<meta property=\"og:type\" content=\"article\" \/>\n<meta property=\"og:title\" content=\"B\u00dcPF: Swico w\u00fcrde Referendum unterst\u00fctzen\" \/>\n<meta property=\"og:description\" content=\"Der Fachverband der ICT-Anbieter, Swico, will ein allf\u00e4lliges Referendum gegen das Gesetz betreffend Telefon- und Fernmelde\u00fcberwachung unterst\u00fctzen.\" \/>\n<meta property=\"og:url\" content=\"https:\/\/news.save.ch\/en\/buepf-swico-wuerde-referendum-unterstuetzen\/\" \/>\n<meta property=\"og:site_name\" content=\"Save\" \/>\n<meta property=\"article:published_time\" content=\"2015-06-20T09:35:01+00:00\" \/>\n<meta property=\"article:modified_time\" content=\"2023-03-14T07:57:38+00:00\" \/>\n<meta property=\"og:image\" content=\"https:\/\/sicherheitsforum.ch\/wp-content\/uploads\/2016\/12\/B\u00dcPF-Swico-w\u00fcrde-Referendum-unterst\u00fctzen-it-security.jpg\" \/>\n<meta name=\"author\" content=\"admin\" \/>\n<meta name=\"twitter:card\" content=\"summary_large_image\" \/>\n<meta name=\"twitter:label1\" content=\"Written by\" \/>\n\t<meta name=\"twitter:data1\" content=\"admin\" \/>\n\t<meta name=\"twitter:label2\" content=\"Est. reading time\" \/>\n\t<meta name=\"twitter:data2\" content=\"2 minutes\" \/>\n<script type=\"application\/ld+json\" class=\"yoast-schema-graph\">{\"@context\":\"https:\\\/\\\/schema.org\",\"@graph\":[{\"@type\":\"Article\",\"@id\":\"https:\\\/\\\/news.save.ch\\\/buepf-swico-wuerde-referendum-unterstuetzen\\\/#article\",\"isPartOf\":{\"@id\":\"https:\\\/\\\/news.save.ch\\\/buepf-swico-wuerde-referendum-unterstuetzen\\\/\"},\"author\":{\"name\":\"admin\",\"@id\":\"https:\\\/\\\/news.save.ch\\\/de\\\/#\\\/schema\\\/person\\\/d49e199490bad7c70d64b9ab51142f2b\"},\"headline\":\"B\u00dcPF: Swico w\u00fcrde Referendum unterst\u00fctzen\",\"datePublished\":\"2015-06-20T09:35:01+00:00\",\"dateModified\":\"2023-03-14T07:57:38+00:00\",\"mainEntityOfPage\":{\"@id\":\"https:\\\/\\\/news.save.ch\\\/buepf-swico-wuerde-referendum-unterstuetzen\\\/\"},\"wordCount\":343,\"commentCount\":0,\"publisher\":{\"@id\":\"https:\\\/\\\/news.save.ch\\\/de\\\/#organization\"},\"image\":{\"@id\":\"https:\\\/\\\/news.save.ch\\\/buepf-swico-wuerde-referendum-unterstuetzen\\\/#primaryimage\"},\"thumbnailUrl\":\"https:\\\/\\\/news.save.ch\\\/wp-content\\\/uploads\\\/2016\\\/12\\\/BUePF-Swico-wuerde-Referendum-unterstuetzen-it-security-scaled.jpg\",\"keywords\":[\"ICT-Sicherheit\",\"IT-SECURITY\",\"\u00dcberwachung\"],\"articleSection\":[\"DIGITALISIERUNG\"],\"inLanguage\":\"en-US\"},{\"@type\":\"WebPage\",\"@id\":\"https:\\\/\\\/news.save.ch\\\/buepf-swico-wuerde-referendum-unterstuetzen\\\/\",\"url\":\"https:\\\/\\\/news.save.ch\\\/buepf-swico-wuerde-referendum-unterstuetzen\\\/\",\"name\":\"B\u00dcPF: Swico w\u00fcrde Referendum unterst\u00fctzen - Save\",\"isPartOf\":{\"@id\":\"https:\\\/\\\/news.save.ch\\\/de\\\/#website\"},\"primaryImageOfPage\":{\"@id\":\"https:\\\/\\\/news.save.ch\\\/buepf-swico-wuerde-referendum-unterstuetzen\\\/#primaryimage\"},\"image\":{\"@id\":\"https:\\\/\\\/news.save.ch\\\/buepf-swico-wuerde-referendum-unterstuetzen\\\/#primaryimage\"},\"thumbnailUrl\":\"https:\\\/\\\/news.save.ch\\\/wp-content\\\/uploads\\\/2016\\\/12\\\/BUePF-Swico-wuerde-Referendum-unterstuetzen-it-security-scaled.jpg\",\"datePublished\":\"2015-06-20T09:35:01+00:00\",\"dateModified\":\"2023-03-14T07:57:38+00:00\",\"description\":\"Der Fachverband der ICT-Anbieter, Swico, will ein allf\u00e4lliges Referendum gegen das Gesetz betreffend Telefon- und Fernmelde\u00fcberwachung unterst\u00fctzen.\",\"breadcrumb\":{\"@id\":\"https:\\\/\\\/news.save.ch\\\/buepf-swico-wuerde-referendum-unterstuetzen\\\/#breadcrumb\"},\"inLanguage\":\"en-US\",\"potentialAction\":[{\"@type\":\"ReadAction\",\"target\":[\"https:\\\/\\\/news.save.ch\\\/buepf-swico-wuerde-referendum-unterstuetzen\\\/\"]}]},{\"@type\":\"ImageObject\",\"inLanguage\":\"en-US\",\"@id\":\"https:\\\/\\\/news.save.ch\\\/buepf-swico-wuerde-referendum-unterstuetzen\\\/#primaryimage\",\"url\":\"https:\\\/\\\/news.save.ch\\\/wp-content\\\/uploads\\\/2016\\\/12\\\/BUePF-Swico-wuerde-Referendum-unterstuetzen-it-security-scaled.jpg\",\"contentUrl\":\"https:\\\/\\\/news.save.ch\\\/wp-content\\\/uploads\\\/2016\\\/12\\\/BUePF-Swico-wuerde-Referendum-unterstuetzen-it-security-scaled.jpg\",\"width\":1400,\"height\":934,\"caption\":\"Unter Beschuss: Das Gesetz zur Telefon- und Fernmelde\u00fcberwachung\"},{\"@type\":\"BreadcrumbList\",\"@id\":\"https:\\\/\\\/news.save.ch\\\/buepf-swico-wuerde-referendum-unterstuetzen\\\/#breadcrumb\",\"itemListElement\":[{\"@type\":\"ListItem\",\"position\":1,\"name\":\"Home\",\"item\":\"https:\\\/\\\/news.save.ch\\\/de\\\/\"},{\"@type\":\"ListItem\",\"position\":2,\"name\":\"B\u00dcPF: Swico w\u00fcrde Referendum unterst\u00fctzen\"}]},{\"@type\":\"WebSite\",\"@id\":\"https:\\\/\\\/news.save.ch\\\/de\\\/#website\",\"url\":\"https:\\\/\\\/news.save.ch\\\/de\\\/\",\"name\":\"Save\",\"description\":\"Schweizer Fachzeitschrift f\u00fcr Sicherheit\",\"publisher\":{\"@id\":\"https:\\\/\\\/news.save.ch\\\/de\\\/#organization\"},\"potentialAction\":[{\"@type\":\"SearchAction\",\"target\":{\"@type\":\"EntryPoint\",\"urlTemplate\":\"https:\\\/\\\/news.save.ch\\\/de\\\/?s={search_term_string}\"},\"query-input\":{\"@type\":\"PropertyValueSpecification\",\"valueRequired\":true,\"valueName\":\"search_term_string\"}}],\"inLanguage\":\"en-US\"},{\"@type\":\"Organization\",\"@id\":\"https:\\\/\\\/news.save.ch\\\/de\\\/#organization\",\"name\":\"Sicherheitsforum\",\"url\":\"https:\\\/\\\/news.save.ch\\\/de\\\/\",\"logo\":{\"@type\":\"ImageObject\",\"inLanguage\":\"en-US\",\"@id\":\"https:\\\/\\\/news.save.ch\\\/de\\\/#\\\/schema\\\/logo\\\/image\\\/\",\"url\":\"https:\\\/\\\/news.save.ch\\\/wp-content\\\/uploads\\\/2022\\\/06\\\/Logo_SF_2012.png\",\"contentUrl\":\"https:\\\/\\\/news.save.ch\\\/wp-content\\\/uploads\\\/2022\\\/06\\\/Logo_SF_2012.png\",\"width\":1100,\"height\":91,\"caption\":\"Sicherheitsforum\"},\"image\":{\"@id\":\"https:\\\/\\\/news.save.ch\\\/de\\\/#\\\/schema\\\/logo\\\/image\\\/\"}},{\"@type\":\"Person\",\"@id\":\"https:\\\/\\\/news.save.ch\\\/de\\\/#\\\/schema\\\/person\\\/d49e199490bad7c70d64b9ab51142f2b\",\"name\":\"admin\",\"image\":{\"@type\":\"ImageObject\",\"inLanguage\":\"en-US\",\"@id\":\"https:\\\/\\\/secure.gravatar.com\\\/avatar\\\/ae2f4d718e6c49043e314ce431e7e645d646302a24a5ef5a8bc8e3f5a032e319?s=96&d=mm&r=g\",\"url\":\"https:\\\/\\\/secure.gravatar.com\\\/avatar\\\/ae2f4d718e6c49043e314ce431e7e645d646302a24a5ef5a8bc8e3f5a032e319?s=96&d=mm&r=g\",\"contentUrl\":\"https:\\\/\\\/secure.gravatar.com\\\/avatar\\\/ae2f4d718e6c49043e314ce431e7e645d646302a24a5ef5a8bc8e3f5a032e319?s=96&d=mm&r=g\",\"caption\":\"admin\"},\"sameAs\":[\"https:\\\/\\\/develop.organisator.galledia.ch\"],\"url\":\"https:\\\/\\\/news.save.ch\\\/en\\\/author\\\/admin\\\/\"}]}<\/script>\n<!-- \/ Yoast SEO plugin. -->","yoast_head_json":{"title":"B\u00dcPF: Swico would support referendum - Save","description":"The trade association of ICT providers, Swico, intends to support a possible referendum against the law on telephone and telecommunications surveillance.","robots":{"index":"index","follow":"follow","max-snippet":"max-snippet:-1","max-image-preview":"max-image-preview:large","max-video-preview":"max-video-preview:-1"},"canonical":"https:\/\/news.save.ch\/en\/buepf-swico-wuerde-referendum-unterstuetzen\/","og_locale":"en_US","og_type":"article","og_title":"B\u00dcPF: Swico w\u00fcrde Referendum unterst\u00fctzen","og_description":"Der Fachverband der ICT-Anbieter, Swico, will ein allf\u00e4lliges Referendum gegen das Gesetz betreffend Telefon- und Fernmelde\u00fcberwachung unterst\u00fctzen.","og_url":"https:\/\/news.save.ch\/en\/buepf-swico-wuerde-referendum-unterstuetzen\/","og_site_name":"Save","article_published_time":"2015-06-20T09:35:01+00:00","article_modified_time":"2023-03-14T07:57:38+00:00","og_image":[{"url":"https:\/\/sicherheitsforum.ch\/wp-content\/uploads\/2016\/12\/B\u00dcPF-Swico-w\u00fcrde-Referendum-unterst\u00fctzen-it-security.jpg","type":"","width":"","height":""}],"author":"admin","twitter_card":"summary_large_image","twitter_misc":{"Written by":"admin","Est. reading time":"2 minutes"},"schema":{"@context":"https:\/\/schema.org","@graph":[{"@type":"Article","@id":"https:\/\/news.save.ch\/buepf-swico-wuerde-referendum-unterstuetzen\/#article","isPartOf":{"@id":"https:\/\/news.save.ch\/buepf-swico-wuerde-referendum-unterstuetzen\/"},"author":{"name":"admin","@id":"https:\/\/news.save.ch\/de\/#\/schema\/person\/d49e199490bad7c70d64b9ab51142f2b"},"headline":"B\u00dcPF: Swico w\u00fcrde Referendum unterst\u00fctzen","datePublished":"2015-06-20T09:35:01+00:00","dateModified":"2023-03-14T07:57:38+00:00","mainEntityOfPage":{"@id":"https:\/\/news.save.ch\/buepf-swico-wuerde-referendum-unterstuetzen\/"},"wordCount":343,"commentCount":0,"publisher":{"@id":"https:\/\/news.save.ch\/de\/#organization"},"image":{"@id":"https:\/\/news.save.ch\/buepf-swico-wuerde-referendum-unterstuetzen\/#primaryimage"},"thumbnailUrl":"https:\/\/news.save.ch\/wp-content\/uploads\/2016\/12\/BUePF-Swico-wuerde-Referendum-unterstuetzen-it-security-scaled.jpg","keywords":["ICT-Sicherheit","IT-SECURITY","\u00dcberwachung"],"articleSection":["DIGITALISIERUNG"],"inLanguage":"en-US"},{"@type":"WebPage","@id":"https:\/\/news.save.ch\/buepf-swico-wuerde-referendum-unterstuetzen\/","url":"https:\/\/news.save.ch\/buepf-swico-wuerde-referendum-unterstuetzen\/","name":"B\u00dcPF: Swico would support referendum - Save","isPartOf":{"@id":"https:\/\/news.save.ch\/de\/#website"},"primaryImageOfPage":{"@id":"https:\/\/news.save.ch\/buepf-swico-wuerde-referendum-unterstuetzen\/#primaryimage"},"image":{"@id":"https:\/\/news.save.ch\/buepf-swico-wuerde-referendum-unterstuetzen\/#primaryimage"},"thumbnailUrl":"https:\/\/news.save.ch\/wp-content\/uploads\/2016\/12\/BUePF-Swico-wuerde-Referendum-unterstuetzen-it-security-scaled.jpg","datePublished":"2015-06-20T09:35:01+00:00","dateModified":"2023-03-14T07:57:38+00:00","description":"The trade association of ICT providers, Swico, intends to support a possible referendum against the law on telephone and telecommunications surveillance.","breadcrumb":{"@id":"https:\/\/news.save.ch\/buepf-swico-wuerde-referendum-unterstuetzen\/#breadcrumb"},"inLanguage":"en-US","potentialAction":[{"@type":"ReadAction","target":["https:\/\/news.save.ch\/buepf-swico-wuerde-referendum-unterstuetzen\/"]}]},{"@type":"ImageObject","inLanguage":"en-US","@id":"https:\/\/news.save.ch\/buepf-swico-wuerde-referendum-unterstuetzen\/#primaryimage","url":"https:\/\/news.save.ch\/wp-content\/uploads\/2016\/12\/BUePF-Swico-wuerde-Referendum-unterstuetzen-it-security-scaled.jpg","contentUrl":"https:\/\/news.save.ch\/wp-content\/uploads\/2016\/12\/BUePF-Swico-wuerde-Referendum-unterstuetzen-it-security-scaled.jpg","width":1400,"height":934,"caption":"Unter Beschuss: Das Gesetz zur Telefon- und Fernmelde\u00fcberwachung"},{"@type":"BreadcrumbList","@id":"https:\/\/news.save.ch\/buepf-swico-wuerde-referendum-unterstuetzen\/#breadcrumb","itemListElement":[{"@type":"ListItem","position":1,"name":"Home","item":"https:\/\/news.save.ch\/de\/"},{"@type":"ListItem","position":2,"name":"B\u00dcPF: Swico w\u00fcrde Referendum unterst\u00fctzen"}]},{"@type":"WebSite","@id":"https:\/\/news.save.ch\/de\/#website","url":"https:\/\/news.save.ch\/de\/","name":"Save","description":"Swiss trade journal for safety","publisher":{"@id":"https:\/\/news.save.ch\/de\/#organization"},"potentialAction":[{"@type":"SearchAction","target":{"@type":"EntryPoint","urlTemplate":"https:\/\/news.save.ch\/de\/?s={search_term_string}"},"query-input":{"@type":"PropertyValueSpecification","valueRequired":true,"valueName":"search_term_string"}}],"inLanguage":"en-US"},{"@type":"Organization","@id":"https:\/\/news.save.ch\/de\/#organization","name":"Security Forum","url":"https:\/\/news.save.ch\/de\/","logo":{"@type":"ImageObject","inLanguage":"en-US","@id":"https:\/\/news.save.ch\/de\/#\/schema\/logo\/image\/","url":"https:\/\/news.save.ch\/wp-content\/uploads\/2022\/06\/Logo_SF_2012.png","contentUrl":"https:\/\/news.save.ch\/wp-content\/uploads\/2022\/06\/Logo_SF_2012.png","width":1100,"height":91,"caption":"Sicherheitsforum"},"image":{"@id":"https:\/\/news.save.ch\/de\/#\/schema\/logo\/image\/"}},{"@type":"Person","@id":"https:\/\/news.save.ch\/de\/#\/schema\/person\/d49e199490bad7c70d64b9ab51142f2b","name":"admin","image":{"@type":"ImageObject","inLanguage":"en-US","@id":"https:\/\/secure.gravatar.com\/avatar\/ae2f4d718e6c49043e314ce431e7e645d646302a24a5ef5a8bc8e3f5a032e319?s=96&d=mm&r=g","url":"https:\/\/secure.gravatar.com\/avatar\/ae2f4d718e6c49043e314ce431e7e645d646302a24a5ef5a8bc8e3f5a032e319?s=96&d=mm&r=g","contentUrl":"https:\/\/secure.gravatar.com\/avatar\/ae2f4d718e6c49043e314ce431e7e645d646302a24a5ef5a8bc8e3f5a032e319?s=96&d=mm&r=g","caption":"admin"},"sameAs":["https:\/\/develop.organisator.galledia.ch"],"url":"https:\/\/news.save.ch\/en\/author\/admin\/"}]}},"_links":{"self":[{"href":"https:\/\/news.save.ch\/en\/wp-json\/wp\/v2\/posts\/474","targetHints":{"allow":["GET"]}}],"collection":[{"href":"https:\/\/news.save.ch\/en\/wp-json\/wp\/v2\/posts"}],"about":[{"href":"https:\/\/news.save.ch\/en\/wp-json\/wp\/v2\/types\/post"}],"author":[{"embeddable":true,"href":"https:\/\/news.save.ch\/en\/wp-json\/wp\/v2\/users\/1"}],"replies":[{"embeddable":true,"href":"https:\/\/news.save.ch\/en\/wp-json\/wp\/v2\/comments?post=474"}],"version-history":[{"count":1,"href":"https:\/\/news.save.ch\/en\/wp-json\/wp\/v2\/posts\/474\/revisions"}],"predecessor-version":[{"id":17772,"href":"https:\/\/news.save.ch\/en\/wp-json\/wp\/v2\/posts\/474\/revisions\/17772"}],"wp:featuredmedia":[{"embeddable":true,"href":"https:\/\/news.save.ch\/en\/wp-json\/wp\/v2\/media\/475"}],"wp:attachment":[{"href":"https:\/\/news.save.ch\/en\/wp-json\/wp\/v2\/media?parent=474"}],"wp:term":[{"taxonomy":"category","embeddable":true,"href":"https:\/\/news.save.ch\/en\/wp-json\/wp\/v2\/categories?post=474"},{"taxonomy":"post_tag","embeddable":true,"href":"https:\/\/news.save.ch\/en\/wp-json\/wp\/v2\/tags?post=474"}],"curies":[{"name":"wp","href":"https:\/\/api.w.org\/{rel}","templated":true}]}}