{"id":4870,"date":"2019-12-03T10:44:02","date_gmt":"2019-12-03T09:44:02","guid":{"rendered":"https:\/\/news.save.ch\/?p=4870"},"modified":"2023-03-14T09:03:54","modified_gmt":"2023-03-14T08:03:54","slug":"peter-gardo-bei-swiss-safety-center-an-bord","status":null,"type":"post","link":"https:\/\/news.save.ch\/en\/peter-gardo-bei-swiss-safety-center-an-bord\/","title":{"rendered":"Peter Gardo on board at Swiss Safety Center"},"content":{"rendered":"<figure id=\"attachment_4871\" aria-describedby=\"caption-attachment-4871\" style=\"width: 666px\" class=\"wp-caption alignnone\"><img loading=\"lazy\" decoding=\"async\" class=\"size-medium wp-image-4871\" src=\"http:\/\/develop.safety-plus.ch\/wp-content\/uploads\/2019\/12\/Peter-Gardo-HR.jpg\" alt=\"\" width=\"666\" height=\"1000\" \/><figcaption id=\"caption-attachment-4871\" class=\"wp-caption-text\">Peter Gardo strengthens the playground safety division at Swiss Safety Center. \u00a9 Swiss Safety Center AG<\/figcaption><\/figure>\n<p>\"The great art here is to keep an eye on the \"play value\" of the facilities while focusing on safety. A playground without a fun factor makes no sense, neither for operators nor users,\" says Peter Gardo.<\/p>\n<p>Peter Gardo brings playground know-how from his former work at the world's largest playground equipment manufacturer. As a long-standing sales professional and key account manager in various industries, he is used to reconciling even complex safety requirements and customer needs.<\/p>\n<p><strong>Competence Center for Technical Safety and Risk Management<\/strong><\/p>\n<p>Swiss Safety Center AG is a company of the SVTI Group and part of the Competence Center for Technical Safety and Risk Management. The <a href=\"https:\/\/news.save.ch\/en\/swiss-ts-swissi-und-iwt-werden-zur-swiss-safety-center-ag\/\" target=\"_blank\" rel=\"noopener\">Swiss Safety Center<\/a> offers a comprehensive range of services for industry, trade and commerce. These include tests, approvals, inspections, conformity assessments, CE markings and certifications, appraisals, expert opinions, materials testing, damage prevention, and specialist training and continuing education.<\/p>\n<p>The business segment \"<a href=\"https:\/\/news.save.ch\/en\/lernende-verunfallen-doppelt-so-haeufig-in-der-freizeit\/\" target=\"_blank\" rel=\"noopener\">Recreational safety<\/a>\" performs safety inspections of all types of recreational facilities. The range of services includes:<\/p>\n<ul>\n<li>Support in the planning of new plants<\/li>\n<li>Certificate of conformity according to SN EN 1176<\/li>\n<li>Basic inspection of new and existing equipment<\/li>\n<li>Annual main inspection of existing plants<\/li>\n<li>Hazard analysis and risk assessment<\/li>\n<li>Determination of mandatory repair or corrective measures and assessment of residual risks in existing plants.<\/li>\n<li>Assistance for the preparation of the inspection and maintenance concept<\/li>\n<li>HIC measurement (fall protection measurement) according to SN EN 1177:2018<\/li>\n<li>Certificate of conformity according to SN EN 16630 for outdoor fitness equipment for specific locations.<\/li>\n<\/ul>\n<p><a href=\"http:\/\/www.safetycenter.ch\/spielplaetze\" target=\"_blank\" rel=\"noopener\">www.safetycenter.ch\/spielplaetze<\/a><\/p>","protected":false},"excerpt":{"rendered":"<p>\u00abDie grosse Kunst dabei ist, beim Fokus auf die Sicherheit den Blick auf den \u00abSpielwert\u00bb der Anlagen zu bewahren. Ein Spielplatz ohne Spassfaktor macht keinen Sinn, weder f\u00fcr Betreiber noch Nutzer\u00bb, so Peter Gardo. Peter Gardo bringt Spielplatz-Know-how aus seiner vormaligen T\u00e4tigkeit beim weltgr\u00f6ssten Spielger\u00e4tehersteller mit. Als langj\u00e4hriger Verkaufsprofi und Key-Account-Manager in verschiedenen Branchen ist [&hellip;]<\/p>\n","protected":false},"author":1,"featured_media":4871,"comment_status":"open","ping_status":"open","sticky":false,"template":"","format":"standard","meta":{"_acf_changed":false,"pgc_sgb_lightbox_settings":"","footnotes":""},"categories":[1,3314],"tags":[172,540,2214,2500,2672,2904,2912,2935,2936,2963,3045,466],"class_list":["post-4870","post","type-post","status-publish","format-standard","has-post-thumbnail","hentry","category-allgemein","category-health-safety","tag-arbeitssicherheit","tag-ausbildung","tag-hauptinspektion","tag-management-und-unternehmensfuehrung","tag-peter-gardo","tag-sicherheit-in-der-freizeit","tag-sicherheitsnormen","tag-sn-en-11772018","tag-sn-en-16630","tag-spielplatz","tag-svti-gruppe","tag-swiss-safety-center"],"acf":[],"hkrextid":null,"publication":null,"issue":null,"workflow":null,"startPage":null,"spitzmarke":null,"_posts_by_tag_page_fields":{"widget_title":"","widget_tags":""},"_at_widget":"1","_yoast_wpseo_primary_category":"5","_yoast_wpseo_focuskw_text_input":"Peter Gardo","_yoast_wpseo_opengraph-image":null,"_yoast_wpseo_opengraph-description":null,"_yoast_wpseo_opengraph-title":null,"enclosure":null,"_yoast_wpseo_twitter-title":null,"_yoast_wpseo_twitter-description":null,"_yoast_wpseo_twitter-image":null,"_wp_old_slug":null,"_yoast_wpseo_title":null,"_yoast_wpseo_canonical":null,"yoast_head":"<!-- This site is optimized with the Yoast SEO plugin v27.4 - https:\/\/yoast.com\/product\/yoast-seo-wordpress\/ -->\n<title>Peter Gardo bei Swiss Safety Center an Bord - Save<\/title>\n<meta name=\"description\" content=\"Peter Gardo, ein ausgewiesener Kenner der Spielplatzbranche, startete per 1. November 2019 seine T\u00e4tigkeit im Swiss Safety Center.\" \/>\n<meta name=\"robots\" content=\"index, follow, max-snippet:-1, max-image-preview:large, max-video-preview:-1\" \/>\n<link rel=\"canonical\" href=\"https:\/\/news.save.ch\/en\/peter-gardo-bei-swiss-safety-center-an-bord\/\" \/>\n<meta property=\"og:locale\" content=\"en_US\" \/>\n<meta property=\"og:type\" content=\"article\" \/>\n<meta property=\"og:title\" content=\"Peter Gardo bei Swiss Safety Center an Bord - Save\" \/>\n<meta property=\"og:description\" content=\"Peter Gardo, ein ausgewiesener Kenner der Spielplatzbranche, startete per 1. November 2019 seine T\u00e4tigkeit im Swiss Safety Center.\" \/>\n<meta property=\"og:url\" content=\"https:\/\/news.save.ch\/en\/peter-gardo-bei-swiss-safety-center-an-bord\/\" \/>\n<meta property=\"og:site_name\" content=\"Save\" \/>\n<meta property=\"article:published_time\" content=\"2019-12-03T09:44:02+00:00\" \/>\n<meta property=\"article:modified_time\" content=\"2023-03-14T08:03:54+00:00\" \/>\n<meta property=\"og:image\" content=\"https:\/\/news.save.ch\/wp-content\/uploads\/2019\/12\/Peter-Gardo-HR-scaled-1.jpg\" \/>\n\t<meta property=\"og:image:width\" content=\"800\" \/>\n\t<meta property=\"og:image:height\" content=\"1200\" \/>\n\t<meta property=\"og:image:type\" content=\"image\/jpeg\" \/>\n<meta name=\"author\" content=\"admin\" \/>\n<meta name=\"twitter:card\" content=\"summary_large_image\" \/>\n<meta name=\"twitter:label1\" content=\"Written by\" \/>\n\t<meta name=\"twitter:data1\" content=\"admin\" \/>\n\t<meta name=\"twitter:label2\" content=\"Est. reading time\" \/>\n\t<meta name=\"twitter:data2\" content=\"1 minute\" \/>\n<script type=\"application\/ld+json\" class=\"yoast-schema-graph\">{\"@context\":\"https:\\\/\\\/schema.org\",\"@graph\":[{\"@type\":\"Article\",\"@id\":\"https:\\\/\\\/news.save.ch\\\/peter-gardo-bei-swiss-safety-center-an-bord\\\/#article\",\"isPartOf\":{\"@id\":\"https:\\\/\\\/news.save.ch\\\/peter-gardo-bei-swiss-safety-center-an-bord\\\/\"},\"author\":{\"name\":\"admin\",\"@id\":\"https:\\\/\\\/news.save.ch\\\/de\\\/#\\\/schema\\\/person\\\/d49e199490bad7c70d64b9ab51142f2b\"},\"headline\":\"Peter Gardo bei Swiss Safety Center an Bord\",\"datePublished\":\"2019-12-03T09:44:02+00:00\",\"dateModified\":\"2023-03-14T08:03:54+00:00\",\"mainEntityOfPage\":{\"@id\":\"https:\\\/\\\/news.save.ch\\\/peter-gardo-bei-swiss-safety-center-an-bord\\\/\"},\"wordCount\":262,\"commentCount\":0,\"publisher\":{\"@id\":\"https:\\\/\\\/news.save.ch\\\/de\\\/#organization\"},\"image\":{\"@id\":\"https:\\\/\\\/news.save.ch\\\/peter-gardo-bei-swiss-safety-center-an-bord\\\/#primaryimage\"},\"thumbnailUrl\":\"https:\\\/\\\/news.save.ch\\\/wp-content\\\/uploads\\\/2019\\\/12\\\/Peter-Gardo-HR-scaled-1.jpg\",\"keywords\":[\"Arbeitssicherheit\",\"Ausbildung\",\"Hauptinspektion\",\"Management und Unternehmensf\u00fchrung\",\"Peter Gardo\",\"Sicherheit in der Freizeit\",\"Sicherheitsnormen\",\"SN EN 1177:2018\",\"SN EN 16630\",\"Spielplatz\",\"SVTI-Gruppe\",\"Swiss Safety Center\"],\"articleSection\":[\"ALLGEMEIN\",\"HEALTH &amp; SAFETY\"],\"inLanguage\":\"en-US\"},{\"@type\":\"WebPage\",\"@id\":\"https:\\\/\\\/news.save.ch\\\/peter-gardo-bei-swiss-safety-center-an-bord\\\/\",\"url\":\"https:\\\/\\\/news.save.ch\\\/peter-gardo-bei-swiss-safety-center-an-bord\\\/\",\"name\":\"Peter Gardo bei Swiss Safety Center an Bord - Save\",\"isPartOf\":{\"@id\":\"https:\\\/\\\/news.save.ch\\\/de\\\/#website\"},\"primaryImageOfPage\":{\"@id\":\"https:\\\/\\\/news.save.ch\\\/peter-gardo-bei-swiss-safety-center-an-bord\\\/#primaryimage\"},\"image\":{\"@id\":\"https:\\\/\\\/news.save.ch\\\/peter-gardo-bei-swiss-safety-center-an-bord\\\/#primaryimage\"},\"thumbnailUrl\":\"https:\\\/\\\/news.save.ch\\\/wp-content\\\/uploads\\\/2019\\\/12\\\/Peter-Gardo-HR-scaled-1.jpg\",\"datePublished\":\"2019-12-03T09:44:02+00:00\",\"dateModified\":\"2023-03-14T08:03:54+00:00\",\"description\":\"Peter Gardo, ein ausgewiesener Kenner der Spielplatzbranche, startete per 1. November 2019 seine T\u00e4tigkeit im Swiss Safety Center.\",\"breadcrumb\":{\"@id\":\"https:\\\/\\\/news.save.ch\\\/peter-gardo-bei-swiss-safety-center-an-bord\\\/#breadcrumb\"},\"inLanguage\":\"en-US\",\"potentialAction\":[{\"@type\":\"ReadAction\",\"target\":[\"https:\\\/\\\/news.save.ch\\\/peter-gardo-bei-swiss-safety-center-an-bord\\\/\"]}]},{\"@type\":\"ImageObject\",\"inLanguage\":\"en-US\",\"@id\":\"https:\\\/\\\/news.save.ch\\\/peter-gardo-bei-swiss-safety-center-an-bord\\\/#primaryimage\",\"url\":\"https:\\\/\\\/news.save.ch\\\/wp-content\\\/uploads\\\/2019\\\/12\\\/Peter-Gardo-HR-scaled-1.jpg\",\"contentUrl\":\"https:\\\/\\\/news.save.ch\\\/wp-content\\\/uploads\\\/2019\\\/12\\\/Peter-Gardo-HR-scaled-1.jpg\",\"width\":800,\"height\":1200,\"caption\":\"Peter Gardo st\u00e4rkt den Bereich Spielplatzsicherheit im Swiss Safety Center. \u00a9 Swiss Safety Center AG\"},{\"@type\":\"BreadcrumbList\",\"@id\":\"https:\\\/\\\/news.save.ch\\\/peter-gardo-bei-swiss-safety-center-an-bord\\\/#breadcrumb\",\"itemListElement\":[{\"@type\":\"ListItem\",\"position\":1,\"name\":\"Home\",\"item\":\"https:\\\/\\\/news.save.ch\\\/de\\\/\"},{\"@type\":\"ListItem\",\"position\":2,\"name\":\"Peter Gardo bei Swiss Safety Center an Bord\"}]},{\"@type\":\"WebSite\",\"@id\":\"https:\\\/\\\/news.save.ch\\\/de\\\/#website\",\"url\":\"https:\\\/\\\/news.save.ch\\\/de\\\/\",\"name\":\"Save\",\"description\":\"Schweizer Fachzeitschrift f\u00fcr Sicherheit\",\"publisher\":{\"@id\":\"https:\\\/\\\/news.save.ch\\\/de\\\/#organization\"},\"potentialAction\":[{\"@type\":\"SearchAction\",\"target\":{\"@type\":\"EntryPoint\",\"urlTemplate\":\"https:\\\/\\\/news.save.ch\\\/de\\\/?s={search_term_string}\"},\"query-input\":{\"@type\":\"PropertyValueSpecification\",\"valueRequired\":true,\"valueName\":\"search_term_string\"}}],\"inLanguage\":\"en-US\"},{\"@type\":\"Organization\",\"@id\":\"https:\\\/\\\/news.save.ch\\\/de\\\/#organization\",\"name\":\"Sicherheitsforum\",\"url\":\"https:\\\/\\\/news.save.ch\\\/de\\\/\",\"logo\":{\"@type\":\"ImageObject\",\"inLanguage\":\"en-US\",\"@id\":\"https:\\\/\\\/news.save.ch\\\/de\\\/#\\\/schema\\\/logo\\\/image\\\/\",\"url\":\"https:\\\/\\\/news.save.ch\\\/wp-content\\\/uploads\\\/2022\\\/06\\\/Logo_SF_2012.png\",\"contentUrl\":\"https:\\\/\\\/news.save.ch\\\/wp-content\\\/uploads\\\/2022\\\/06\\\/Logo_SF_2012.png\",\"width\":1100,\"height\":91,\"caption\":\"Sicherheitsforum\"},\"image\":{\"@id\":\"https:\\\/\\\/news.save.ch\\\/de\\\/#\\\/schema\\\/logo\\\/image\\\/\"}},{\"@type\":\"Person\",\"@id\":\"https:\\\/\\\/news.save.ch\\\/de\\\/#\\\/schema\\\/person\\\/d49e199490bad7c70d64b9ab51142f2b\",\"name\":\"admin\",\"image\":{\"@type\":\"ImageObject\",\"inLanguage\":\"en-US\",\"@id\":\"https:\\\/\\\/secure.gravatar.com\\\/avatar\\\/ae2f4d718e6c49043e314ce431e7e645d646302a24a5ef5a8bc8e3f5a032e319?s=96&d=mm&r=g\",\"url\":\"https:\\\/\\\/secure.gravatar.com\\\/avatar\\\/ae2f4d718e6c49043e314ce431e7e645d646302a24a5ef5a8bc8e3f5a032e319?s=96&d=mm&r=g\",\"contentUrl\":\"https:\\\/\\\/secure.gravatar.com\\\/avatar\\\/ae2f4d718e6c49043e314ce431e7e645d646302a24a5ef5a8bc8e3f5a032e319?s=96&d=mm&r=g\",\"caption\":\"admin\"},\"sameAs\":[\"https:\\\/\\\/develop.organisator.galledia.ch\"],\"url\":\"https:\\\/\\\/news.save.ch\\\/en\\\/author\\\/admin\\\/\"}]}<\/script>\n<!-- \/ Yoast SEO plugin. -->","yoast_head_json":{"title":"Peter Gardo on board at Swiss Safety Center - Save","description":"Peter Gardo, a proven expert in the playground industry, started working at the Swiss Safety Center as of November 1, 2019.","robots":{"index":"index","follow":"follow","max-snippet":"max-snippet:-1","max-image-preview":"max-image-preview:large","max-video-preview":"max-video-preview:-1"},"canonical":"https:\/\/news.save.ch\/en\/peter-gardo-bei-swiss-safety-center-an-bord\/","og_locale":"en_US","og_type":"article","og_title":"Peter Gardo bei Swiss Safety Center an Bord - Save","og_description":"Peter Gardo, ein ausgewiesener Kenner der Spielplatzbranche, startete per 1. November 2019 seine T\u00e4tigkeit im Swiss Safety Center.","og_url":"https:\/\/news.save.ch\/en\/peter-gardo-bei-swiss-safety-center-an-bord\/","og_site_name":"Save","article_published_time":"2019-12-03T09:44:02+00:00","article_modified_time":"2023-03-14T08:03:54+00:00","og_image":[{"width":800,"height":1200,"url":"https:\/\/news.save.ch\/wp-content\/uploads\/2019\/12\/Peter-Gardo-HR-scaled-1.jpg","type":"image\/jpeg"}],"author":"admin","twitter_card":"summary_large_image","twitter_misc":{"Written by":"admin","Est. reading time":"1 minute"},"schema":{"@context":"https:\/\/schema.org","@graph":[{"@type":"Article","@id":"https:\/\/news.save.ch\/peter-gardo-bei-swiss-safety-center-an-bord\/#article","isPartOf":{"@id":"https:\/\/news.save.ch\/peter-gardo-bei-swiss-safety-center-an-bord\/"},"author":{"name":"admin","@id":"https:\/\/news.save.ch\/de\/#\/schema\/person\/d49e199490bad7c70d64b9ab51142f2b"},"headline":"Peter Gardo bei Swiss Safety Center an Bord","datePublished":"2019-12-03T09:44:02+00:00","dateModified":"2023-03-14T08:03:54+00:00","mainEntityOfPage":{"@id":"https:\/\/news.save.ch\/peter-gardo-bei-swiss-safety-center-an-bord\/"},"wordCount":262,"commentCount":0,"publisher":{"@id":"https:\/\/news.save.ch\/de\/#organization"},"image":{"@id":"https:\/\/news.save.ch\/peter-gardo-bei-swiss-safety-center-an-bord\/#primaryimage"},"thumbnailUrl":"https:\/\/news.save.ch\/wp-content\/uploads\/2019\/12\/Peter-Gardo-HR-scaled-1.jpg","keywords":["Arbeitssicherheit","Ausbildung","Hauptinspektion","Management und Unternehmensf\u00fchrung","Peter Gardo","Sicherheit in der Freizeit","Sicherheitsnormen","SN EN 1177:2018","SN EN 16630","Spielplatz","SVTI-Gruppe","Swiss Safety Center"],"articleSection":["ALLGEMEIN","HEALTH &amp; SAFETY"],"inLanguage":"en-US"},{"@type":"WebPage","@id":"https:\/\/news.save.ch\/peter-gardo-bei-swiss-safety-center-an-bord\/","url":"https:\/\/news.save.ch\/peter-gardo-bei-swiss-safety-center-an-bord\/","name":"Peter Gardo on board at Swiss Safety Center - Save","isPartOf":{"@id":"https:\/\/news.save.ch\/de\/#website"},"primaryImageOfPage":{"@id":"https:\/\/news.save.ch\/peter-gardo-bei-swiss-safety-center-an-bord\/#primaryimage"},"image":{"@id":"https:\/\/news.save.ch\/peter-gardo-bei-swiss-safety-center-an-bord\/#primaryimage"},"thumbnailUrl":"https:\/\/news.save.ch\/wp-content\/uploads\/2019\/12\/Peter-Gardo-HR-scaled-1.jpg","datePublished":"2019-12-03T09:44:02+00:00","dateModified":"2023-03-14T08:03:54+00:00","description":"Peter Gardo, a proven expert in the playground industry, started working at the Swiss Safety Center as of November 1, 2019.","breadcrumb":{"@id":"https:\/\/news.save.ch\/peter-gardo-bei-swiss-safety-center-an-bord\/#breadcrumb"},"inLanguage":"en-US","potentialAction":[{"@type":"ReadAction","target":["https:\/\/news.save.ch\/peter-gardo-bei-swiss-safety-center-an-bord\/"]}]},{"@type":"ImageObject","inLanguage":"en-US","@id":"https:\/\/news.save.ch\/peter-gardo-bei-swiss-safety-center-an-bord\/#primaryimage","url":"https:\/\/news.save.ch\/wp-content\/uploads\/2019\/12\/Peter-Gardo-HR-scaled-1.jpg","contentUrl":"https:\/\/news.save.ch\/wp-content\/uploads\/2019\/12\/Peter-Gardo-HR-scaled-1.jpg","width":800,"height":1200,"caption":"Peter Gardo st\u00e4rkt den Bereich Spielplatzsicherheit im Swiss Safety Center. \u00a9 Swiss Safety Center AG"},{"@type":"BreadcrumbList","@id":"https:\/\/news.save.ch\/peter-gardo-bei-swiss-safety-center-an-bord\/#breadcrumb","itemListElement":[{"@type":"ListItem","position":1,"name":"Home","item":"https:\/\/news.save.ch\/de\/"},{"@type":"ListItem","position":2,"name":"Peter Gardo bei Swiss Safety Center an Bord"}]},{"@type":"WebSite","@id":"https:\/\/news.save.ch\/de\/#website","url":"https:\/\/news.save.ch\/de\/","name":"Save","description":"Swiss trade journal for safety","publisher":{"@id":"https:\/\/news.save.ch\/de\/#organization"},"potentialAction":[{"@type":"SearchAction","target":{"@type":"EntryPoint","urlTemplate":"https:\/\/news.save.ch\/de\/?s={search_term_string}"},"query-input":{"@type":"PropertyValueSpecification","valueRequired":true,"valueName":"search_term_string"}}],"inLanguage":"en-US"},{"@type":"Organization","@id":"https:\/\/news.save.ch\/de\/#organization","name":"Security Forum","url":"https:\/\/news.save.ch\/de\/","logo":{"@type":"ImageObject","inLanguage":"en-US","@id":"https:\/\/news.save.ch\/de\/#\/schema\/logo\/image\/","url":"https:\/\/news.save.ch\/wp-content\/uploads\/2022\/06\/Logo_SF_2012.png","contentUrl":"https:\/\/news.save.ch\/wp-content\/uploads\/2022\/06\/Logo_SF_2012.png","width":1100,"height":91,"caption":"Sicherheitsforum"},"image":{"@id":"https:\/\/news.save.ch\/de\/#\/schema\/logo\/image\/"}},{"@type":"Person","@id":"https:\/\/news.save.ch\/de\/#\/schema\/person\/d49e199490bad7c70d64b9ab51142f2b","name":"admin","image":{"@type":"ImageObject","inLanguage":"en-US","@id":"https:\/\/secure.gravatar.com\/avatar\/ae2f4d718e6c49043e314ce431e7e645d646302a24a5ef5a8bc8e3f5a032e319?s=96&d=mm&r=g","url":"https:\/\/secure.gravatar.com\/avatar\/ae2f4d718e6c49043e314ce431e7e645d646302a24a5ef5a8bc8e3f5a032e319?s=96&d=mm&r=g","contentUrl":"https:\/\/secure.gravatar.com\/avatar\/ae2f4d718e6c49043e314ce431e7e645d646302a24a5ef5a8bc8e3f5a032e319?s=96&d=mm&r=g","caption":"admin"},"sameAs":["https:\/\/develop.organisator.galledia.ch"],"url":"https:\/\/news.save.ch\/en\/author\/admin\/"}]}},"_links":{"self":[{"href":"https:\/\/news.save.ch\/en\/wp-json\/wp\/v2\/posts\/4870","targetHints":{"allow":["GET"]}}],"collection":[{"href":"https:\/\/news.save.ch\/en\/wp-json\/wp\/v2\/posts"}],"about":[{"href":"https:\/\/news.save.ch\/en\/wp-json\/wp\/v2\/types\/post"}],"author":[{"embeddable":true,"href":"https:\/\/news.save.ch\/en\/wp-json\/wp\/v2\/users\/1"}],"replies":[{"embeddable":true,"href":"https:\/\/news.save.ch\/en\/wp-json\/wp\/v2\/comments?post=4870"}],"version-history":[{"count":1,"href":"https:\/\/news.save.ch\/en\/wp-json\/wp\/v2\/posts\/4870\/revisions"}],"predecessor-version":[{"id":18232,"href":"https:\/\/news.save.ch\/en\/wp-json\/wp\/v2\/posts\/4870\/revisions\/18232"}],"wp:featuredmedia":[{"embeddable":true,"href":"https:\/\/news.save.ch\/en\/wp-json\/wp\/v2\/media\/4871"}],"wp:attachment":[{"href":"https:\/\/news.save.ch\/en\/wp-json\/wp\/v2\/media?parent=4870"}],"wp:term":[{"taxonomy":"category","embeddable":true,"href":"https:\/\/news.save.ch\/en\/wp-json\/wp\/v2\/categories?post=4870"},{"taxonomy":"post_tag","embeddable":true,"href":"https:\/\/news.save.ch\/en\/wp-json\/wp\/v2\/tags?post=4870"}],"curies":[{"name":"wp","href":"https:\/\/api.w.org\/{rel}","templated":true}]}}