{"id":4876,"date":"2017-05-27T06:13:05","date_gmt":"2017-05-27T04:13:05","guid":{"rendered":"https:\/\/news.save.ch\/?p=4876"},"modified":"2017-05-27T06:13:05","modified_gmt":"2017-05-27T04:13:05","slug":"sicherheit-2017-schweizer-sehen-die-ch-optimistisch","status":null,"type":"post","link":"https:\/\/news.save.ch\/en\/sicherheit-2017-schweizer-sehen-die-ch-optimistisch\/","title":{"rendered":"\"Security 2017\" - Swiss take an optimistic view of CH"},"content":{"rendered":"<figure id=\"attachment_4879\" aria-describedby=\"caption-attachment-4879\" style=\"width: 680px\" class=\"wp-caption aligncenter\"><img loading=\"lazy\" decoding=\"async\" class=\"size-medium wp-image-4879\" src=\"https:\/\/news.save.ch\/wp-content\/uploads\/2017\/05\/Depositphotos_1173832_m-2015.jpg\" alt=\"\" width=\"680\" height=\"446\" srcset=\"https:\/\/news.save.ch\/wp-content\/uploads\/2017\/05\/Depositphotos_1173832_m-2015.jpg 1000w, https:\/\/news.save.ch\/wp-content\/uploads\/2017\/05\/Depositphotos_1173832_m-2015-375x246.jpg 375w\" sizes=\"auto, (max-width: 680px) 100vw, 680px\" \/><figcaption id=\"caption-attachment-4879\" class=\"wp-caption-text\">Depositphotos<\/figcaption><\/figure>\n<p>&nbsp;<\/p>\n<p>Swiss people feel very safe. This was confirmed by the <a href=\"https:\/\/www.vbs.admin.ch\">VBS<\/a> commissioned \"Safety 2017\" survey revealed.  At 93% (+7%), the general perception of safety is higher than ever before. In public spaces, too, 79% (-2%) feel safe. Compared with 2016, significantly more people are optimistic about the future of Switzerland (82%, +7%).<\/p>\n<p><strong>Trustworthy<\/strong><\/p>\n<p>In 2017, trust in institutions and authorities was above the long-term average (2017: 6.7 on a scale of 10, long-term average 6.3). Trust in the police (7.9, \u00b10.0) continues to have the highest value, followed by trust in the courts (7.4, +0.1). In third place is the Federal Council with 7.1 (+0.1). The Swiss economy (6.8, \u00b10.0), the armed forces (6.8, +0.1) and the federal parliament (6.6, +0.1) occupy the middle positions. The lowest level of trust continues to be placed in the political parties (5.5, +0.2) and the media (5.5, +0.4). However, trust in political parties and the media has increased significantly compared with the previous year.<\/p>\n<p><strong>Satisfied with the Swiss Army<\/strong><\/p>\n<p>Overall, the electorate is satisfied with the armed forces. At 82% (-2%), there is above-average support for the necessity of the Swiss armed forces. For 46% (\u00b10%) of respondents, the military plays a central role in Swiss life. A majority of 59% (+2%) support the militia army over a professional army. Respondents are more satisfied than average (6.5, +0.2 on a scale of 1-10) with the performance of the Swiss armed forces in a long-term comparison (6.3). The majority of the population believes that the level of current defense spending is just right (49%, +1%) or even too low (12%, -2%).<\/p>\n<p><strong>Information behavior on security policy issues<\/strong><\/p>\n<p>The respondents predominantly use traditional media such as newspapers, television and radio as sources of information on security-related topics. Two-thirds use a mix of analog and digital information channels. One third (32%) of respondents consider social media to be suitable channels for disseminating information on security or the Swiss Armed Forces.<\/p>\n<p><strong>Pessimistic assessment of the global political situation<\/strong><\/p>\n<p>The Swiss electorate is very pessimistic about the development of the future global political situation (73%, -1%). As in 2016, this pessimistic view of the world is at an all-time high.<\/p>\n<p><strong>Travel behavior adapted due to terrorism<\/strong><\/p>\n<p>89% (+2%) of respondents support the increased fight against terrorism. Due to terrorist attacks abroad, 29% of the Swiss say they have adjusted their travel behavior. Of these, 84% consult federal travel advisories and 75% avoid countries where terrorist attacks have recently occurred. As a result of global terrorism, 40% of respondents spend their vacations only in Europe and 35% are afraid to travel to big cities.<\/p>\n<p><strong>Neutral and low readiness to open<\/strong><\/p>\n<p>Neutrality has strong support among the voting population. 95% (\u00b10%) of respondents are in favor of maintaining neutrality, and 84% (-1%) see it as inextricably linked to the concept of the Swiss state. However, the practical implementation of neutrality is increasingly viewed critically. Significantly more respondents believe that Switzerland's close political and economic ties with other states make neutrality impossible (37%, +9%) and that neutrality can no longer be credibly protected militarily (51%, +6%). The low willingness to open up is reflected in the fact that joining NATO (19%, \u00b10%) or the EU (15%, -1%) are not options for the Swiss. By contrast, support for economic cooperation with the EU remains very high (81%, \u00b10%).<\/p>\n<p><strong><em>Study: <\/em><\/strong><em>The representative data collection for the \"Security 2017\" study was conducted by telephone between January 4 and 23 among 1209 voters in German-, French- and Italian-speaking Switzerland. The survey was conducted by the LINK research institute. The sampling error is \u00b12.8%. <\/em><\/p>\n<p><em>Source: Press release VBS<\/em><\/p>","protected":false},"excerpt":{"rendered":"<p>&nbsp; Schweizerinnen und Schweizer f\u00fchlen sich sehr sicher. Dies hat die vom VBS in Auftrag gegebene Umfrage &#8222;Sicherheit 2017&#8220; ergeben. \u00a0Das allgemeine Sicherheitsempfinden ist mit 93% (+7%) so hoch wie noch nie zuvor. Auch im \u00f6ffentlichen Raum f\u00fchlen sich 79% (-2%) sicher. Gegen\u00fcber 2016 beurteilen signifikant mehr Personen die Zukunft der Schweiz optimistisch (82%, +7%). [&hellip;]<\/p>\n","protected":false},"author":8,"featured_media":4879,"comment_status":"open","ping_status":"open","sticky":false,"template":"","format":"standard","meta":{"_acf_changed":false,"pgc_sgb_lightbox_settings":"","footnotes":""},"categories":[1],"tags":[120,64],"class_list":["post-4876","post","type-post","status-publish","format-standard","has-post-thumbnail","hentry","category-allgemein","tag-bundesamt","tag-studie"],"acf":[],"hkrextid":null,"publication":null,"issue":null,"workflow":null,"startPage":null,"spitzmarke":null,"_posts_by_tag_page_fields":{"widget_title":"","widget_tags":""},"_at_widget":"1","_yoast_wpseo_primary_category":"1","_yoast_wpseo_focuskw_text_input":"Sicherheit 2017","_yoast_wpseo_opengraph-image":null,"_yoast_wpseo_opengraph-description":null,"_yoast_wpseo_opengraph-title":null,"enclosure":null,"_yoast_wpseo_twitter-title":null,"_yoast_wpseo_twitter-description":null,"_yoast_wpseo_twitter-image":null,"_wp_old_slug":null,"_yoast_wpseo_title":null,"_yoast_wpseo_canonical":null,"yoast_head":"<!-- This site is optimized with the Yoast SEO plugin v27.5 - https:\/\/yoast.com\/product\/yoast-seo-wordpress\/ -->\n<title>\u00abSicherheit 2017\u00bb \u2013 Schweizer sehen die CH optimistisch - Save<\/title>\n<meta name=\"description\" content=\"Schweizerinnen und Schweizer f\u00fchlen sich sehr sicher. Dies hat die vom VBS in Auftrag gegebene Umfrage &quot;Sicherheit 2017&quot; ergeben.\" \/>\n<meta name=\"robots\" content=\"index, follow, max-snippet:-1, max-image-preview:large, max-video-preview:-1\" \/>\n<link rel=\"canonical\" href=\"https:\/\/news.save.ch\/en\/sicherheit-2017-schweizer-sehen-die-ch-optimistisch\/\" \/>\n<meta property=\"og:locale\" content=\"en_US\" \/>\n<meta property=\"og:type\" content=\"article\" \/>\n<meta property=\"og:title\" content=\"\u00abSicherheit 2017\u00bb \u2013 Schweizer sehen die CH optimistisch - Save\" \/>\n<meta property=\"og:description\" content=\"Schweizerinnen und Schweizer f\u00fchlen sich sehr sicher. Dies hat die vom VBS in Auftrag gegebene Umfrage &quot;Sicherheit 2017&quot; ergeben.\" \/>\n<meta property=\"og:url\" content=\"https:\/\/news.save.ch\/en\/sicherheit-2017-schweizer-sehen-die-ch-optimistisch\/\" \/>\n<meta property=\"og:site_name\" content=\"Save\" \/>\n<meta property=\"article:published_time\" content=\"2017-05-27T04:13:05+00:00\" \/>\n<meta property=\"og:image\" content=\"https:\/\/news.save.ch\/wp-content\/uploads\/2017\/05\/Depositphotos_1173832_m-2015.jpg\" \/>\n\t<meta property=\"og:image:width\" content=\"1000\" \/>\n\t<meta property=\"og:image:height\" content=\"656\" \/>\n\t<meta property=\"og:image:type\" content=\"image\/jpeg\" \/>\n<meta name=\"author\" content=\"Roger Str\u00e4ssle\" \/>\n<meta name=\"twitter:card\" content=\"summary_large_image\" \/>\n<meta name=\"twitter:label1\" content=\"Written by\" \/>\n\t<meta name=\"twitter:data1\" content=\"Roger Str\u00e4ssle\" \/>\n\t<meta name=\"twitter:label2\" content=\"Est. reading time\" \/>\n\t<meta name=\"twitter:data2\" content=\"3 minutes\" \/>\n<script type=\"application\/ld+json\" class=\"yoast-schema-graph\">{\"@context\":\"https:\\\/\\\/schema.org\",\"@graph\":[{\"@type\":\"Article\",\"@id\":\"https:\\\/\\\/news.save.ch\\\/sicherheit-2017-schweizer-sehen-die-ch-optimistisch\\\/#article\",\"isPartOf\":{\"@id\":\"https:\\\/\\\/news.save.ch\\\/sicherheit-2017-schweizer-sehen-die-ch-optimistisch\\\/\"},\"author\":{\"name\":\"Roger Str\u00e4ssle\",\"@id\":\"https:\\\/\\\/news.save.ch\\\/de\\\/#\\\/schema\\\/person\\\/d5022db048e0e2b9785c50e5b24da5aa\"},\"headline\":\"\u00abSicherheit 2017\u00bb \u2013 Schweizer sehen die CH optimistisch\",\"datePublished\":\"2017-05-27T04:13:05+00:00\",\"mainEntityOfPage\":{\"@id\":\"https:\\\/\\\/news.save.ch\\\/sicherheit-2017-schweizer-sehen-die-ch-optimistisch\\\/\"},\"wordCount\":590,\"commentCount\":0,\"publisher\":{\"@id\":\"https:\\\/\\\/news.save.ch\\\/de\\\/#organization\"},\"image\":{\"@id\":\"https:\\\/\\\/news.save.ch\\\/sicherheit-2017-schweizer-sehen-die-ch-optimistisch\\\/#primaryimage\"},\"thumbnailUrl\":\"https:\\\/\\\/news.save.ch\\\/wp-content\\\/uploads\\\/2017\\\/05\\\/Depositphotos_1173832_m-2015.jpg\",\"keywords\":[\"Bundesamt\",\"Studie\"],\"articleSection\":[\"ALLGEMEIN\"],\"inLanguage\":\"en-US\"},{\"@type\":\"WebPage\",\"@id\":\"https:\\\/\\\/news.save.ch\\\/sicherheit-2017-schweizer-sehen-die-ch-optimistisch\\\/\",\"url\":\"https:\\\/\\\/news.save.ch\\\/sicherheit-2017-schweizer-sehen-die-ch-optimistisch\\\/\",\"name\":\"\u00abSicherheit 2017\u00bb \u2013 Schweizer sehen die CH optimistisch - Save\",\"isPartOf\":{\"@id\":\"https:\\\/\\\/news.save.ch\\\/de\\\/#website\"},\"primaryImageOfPage\":{\"@id\":\"https:\\\/\\\/news.save.ch\\\/sicherheit-2017-schweizer-sehen-die-ch-optimistisch\\\/#primaryimage\"},\"image\":{\"@id\":\"https:\\\/\\\/news.save.ch\\\/sicherheit-2017-schweizer-sehen-die-ch-optimistisch\\\/#primaryimage\"},\"thumbnailUrl\":\"https:\\\/\\\/news.save.ch\\\/wp-content\\\/uploads\\\/2017\\\/05\\\/Depositphotos_1173832_m-2015.jpg\",\"datePublished\":\"2017-05-27T04:13:05+00:00\",\"description\":\"Schweizerinnen und Schweizer f\u00fchlen sich sehr sicher. Dies hat die vom VBS in Auftrag gegebene Umfrage \\\"Sicherheit 2017\\\" ergeben.\",\"breadcrumb\":{\"@id\":\"https:\\\/\\\/news.save.ch\\\/sicherheit-2017-schweizer-sehen-die-ch-optimistisch\\\/#breadcrumb\"},\"inLanguage\":\"en-US\",\"potentialAction\":[{\"@type\":\"ReadAction\",\"target\":[\"https:\\\/\\\/news.save.ch\\\/sicherheit-2017-schweizer-sehen-die-ch-optimistisch\\\/\"]}]},{\"@type\":\"ImageObject\",\"inLanguage\":\"en-US\",\"@id\":\"https:\\\/\\\/news.save.ch\\\/sicherheit-2017-schweizer-sehen-die-ch-optimistisch\\\/#primaryimage\",\"url\":\"https:\\\/\\\/news.save.ch\\\/wp-content\\\/uploads\\\/2017\\\/05\\\/Depositphotos_1173832_m-2015.jpg\",\"contentUrl\":\"https:\\\/\\\/news.save.ch\\\/wp-content\\\/uploads\\\/2017\\\/05\\\/Depositphotos_1173832_m-2015.jpg\",\"width\":1000,\"height\":656,\"caption\":\"Depositphotos\"},{\"@type\":\"BreadcrumbList\",\"@id\":\"https:\\\/\\\/news.save.ch\\\/sicherheit-2017-schweizer-sehen-die-ch-optimistisch\\\/#breadcrumb\",\"itemListElement\":[{\"@type\":\"ListItem\",\"position\":1,\"name\":\"Home\",\"item\":\"https:\\\/\\\/news.save.ch\\\/de\\\/\"},{\"@type\":\"ListItem\",\"position\":2,\"name\":\"\u00abSicherheit 2017\u00bb \u2013 Schweizer sehen die CH optimistisch\"}]},{\"@type\":\"WebSite\",\"@id\":\"https:\\\/\\\/news.save.ch\\\/de\\\/#website\",\"url\":\"https:\\\/\\\/news.save.ch\\\/de\\\/\",\"name\":\"Save\",\"description\":\"Schweizer Fachzeitschrift f\u00fcr Sicherheit\",\"publisher\":{\"@id\":\"https:\\\/\\\/news.save.ch\\\/de\\\/#organization\"},\"potentialAction\":[{\"@type\":\"SearchAction\",\"target\":{\"@type\":\"EntryPoint\",\"urlTemplate\":\"https:\\\/\\\/news.save.ch\\\/de\\\/?s={search_term_string}\"},\"query-input\":{\"@type\":\"PropertyValueSpecification\",\"valueRequired\":true,\"valueName\":\"search_term_string\"}}],\"inLanguage\":\"en-US\"},{\"@type\":\"Organization\",\"@id\":\"https:\\\/\\\/news.save.ch\\\/de\\\/#organization\",\"name\":\"Sicherheitsforum\",\"url\":\"https:\\\/\\\/news.save.ch\\\/de\\\/\",\"logo\":{\"@type\":\"ImageObject\",\"inLanguage\":\"en-US\",\"@id\":\"https:\\\/\\\/news.save.ch\\\/de\\\/#\\\/schema\\\/logo\\\/image\\\/\",\"url\":\"https:\\\/\\\/news.save.ch\\\/wp-content\\\/uploads\\\/2022\\\/06\\\/Logo_SF_2012.png\",\"contentUrl\":\"https:\\\/\\\/news.save.ch\\\/wp-content\\\/uploads\\\/2022\\\/06\\\/Logo_SF_2012.png\",\"width\":1100,\"height\":91,\"caption\":\"Sicherheitsforum\"},\"image\":{\"@id\":\"https:\\\/\\\/news.save.ch\\\/de\\\/#\\\/schema\\\/logo\\\/image\\\/\"}},{\"@type\":\"Person\",\"@id\":\"https:\\\/\\\/news.save.ch\\\/de\\\/#\\\/schema\\\/person\\\/d5022db048e0e2b9785c50e5b24da5aa\",\"name\":\"Roger Str\u00e4ssle\",\"image\":{\"@type\":\"ImageObject\",\"inLanguage\":\"en-US\",\"@id\":\"https:\\\/\\\/secure.gravatar.com\\\/avatar\\\/862a5569d087de48e5856e32f45d719a03804c891d6deb8d4f71a660e79e4a47?s=96&d=mm&r=g\",\"url\":\"https:\\\/\\\/secure.gravatar.com\\\/avatar\\\/862a5569d087de48e5856e32f45d719a03804c891d6deb8d4f71a660e79e4a47?s=96&d=mm&r=g\",\"contentUrl\":\"https:\\\/\\\/secure.gravatar.com\\\/avatar\\\/862a5569d087de48e5856e32f45d719a03804c891d6deb8d4f71a660e79e4a47?s=96&d=mm&r=g\",\"caption\":\"Roger Str\u00e4ssle\"},\"url\":\"https:\\\/\\\/news.save.ch\\\/en\\\/author\\\/roger-straessle\\\/\"}]}<\/script>\n<!-- \/ Yoast SEO plugin. -->","yoast_head_json":{"title":"\"Security 2017\" - Swiss take an optimistic view of CH - Save","description":"The Swiss feel very safe. This is the result of the \"Security 2017\" survey commissioned by the DDPS.","robots":{"index":"index","follow":"follow","max-snippet":"max-snippet:-1","max-image-preview":"max-image-preview:large","max-video-preview":"max-video-preview:-1"},"canonical":"https:\/\/news.save.ch\/en\/sicherheit-2017-schweizer-sehen-die-ch-optimistisch\/","og_locale":"en_US","og_type":"article","og_title":"\u00abSicherheit 2017\u00bb \u2013 Schweizer sehen die CH optimistisch - Save","og_description":"Schweizerinnen und Schweizer f\u00fchlen sich sehr sicher. Dies hat die vom VBS in Auftrag gegebene Umfrage \"Sicherheit 2017\" ergeben.","og_url":"https:\/\/news.save.ch\/en\/sicherheit-2017-schweizer-sehen-die-ch-optimistisch\/","og_site_name":"Save","article_published_time":"2017-05-27T04:13:05+00:00","og_image":[{"width":1000,"height":656,"url":"https:\/\/news.save.ch\/wp-content\/uploads\/2017\/05\/Depositphotos_1173832_m-2015.jpg","type":"image\/jpeg"}],"author":"Roger Str\u00e4ssle","twitter_card":"summary_large_image","twitter_misc":{"Written by":"Roger Str\u00e4ssle","Est. reading time":"3 minutes"},"schema":{"@context":"https:\/\/schema.org","@graph":[{"@type":"Article","@id":"https:\/\/news.save.ch\/sicherheit-2017-schweizer-sehen-die-ch-optimistisch\/#article","isPartOf":{"@id":"https:\/\/news.save.ch\/sicherheit-2017-schweizer-sehen-die-ch-optimistisch\/"},"author":{"name":"Roger Str\u00e4ssle","@id":"https:\/\/news.save.ch\/de\/#\/schema\/person\/d5022db048e0e2b9785c50e5b24da5aa"},"headline":"\u00abSicherheit 2017\u00bb \u2013 Schweizer sehen die CH optimistisch","datePublished":"2017-05-27T04:13:05+00:00","mainEntityOfPage":{"@id":"https:\/\/news.save.ch\/sicherheit-2017-schweizer-sehen-die-ch-optimistisch\/"},"wordCount":590,"commentCount":0,"publisher":{"@id":"https:\/\/news.save.ch\/de\/#organization"},"image":{"@id":"https:\/\/news.save.ch\/sicherheit-2017-schweizer-sehen-die-ch-optimistisch\/#primaryimage"},"thumbnailUrl":"https:\/\/news.save.ch\/wp-content\/uploads\/2017\/05\/Depositphotos_1173832_m-2015.jpg","keywords":["Bundesamt","Studie"],"articleSection":["ALLGEMEIN"],"inLanguage":"en-US"},{"@type":"WebPage","@id":"https:\/\/news.save.ch\/sicherheit-2017-schweizer-sehen-die-ch-optimistisch\/","url":"https:\/\/news.save.ch\/sicherheit-2017-schweizer-sehen-die-ch-optimistisch\/","name":"\"Security 2017\" - Swiss take an optimistic view of CH - Save","isPartOf":{"@id":"https:\/\/news.save.ch\/de\/#website"},"primaryImageOfPage":{"@id":"https:\/\/news.save.ch\/sicherheit-2017-schweizer-sehen-die-ch-optimistisch\/#primaryimage"},"image":{"@id":"https:\/\/news.save.ch\/sicherheit-2017-schweizer-sehen-die-ch-optimistisch\/#primaryimage"},"thumbnailUrl":"https:\/\/news.save.ch\/wp-content\/uploads\/2017\/05\/Depositphotos_1173832_m-2015.jpg","datePublished":"2017-05-27T04:13:05+00:00","description":"The Swiss feel very safe. This is the result of the \"Security 2017\" survey commissioned by the DDPS.","breadcrumb":{"@id":"https:\/\/news.save.ch\/sicherheit-2017-schweizer-sehen-die-ch-optimistisch\/#breadcrumb"},"inLanguage":"en-US","potentialAction":[{"@type":"ReadAction","target":["https:\/\/news.save.ch\/sicherheit-2017-schweizer-sehen-die-ch-optimistisch\/"]}]},{"@type":"ImageObject","inLanguage":"en-US","@id":"https:\/\/news.save.ch\/sicherheit-2017-schweizer-sehen-die-ch-optimistisch\/#primaryimage","url":"https:\/\/news.save.ch\/wp-content\/uploads\/2017\/05\/Depositphotos_1173832_m-2015.jpg","contentUrl":"https:\/\/news.save.ch\/wp-content\/uploads\/2017\/05\/Depositphotos_1173832_m-2015.jpg","width":1000,"height":656,"caption":"Depositphotos"},{"@type":"BreadcrumbList","@id":"https:\/\/news.save.ch\/sicherheit-2017-schweizer-sehen-die-ch-optimistisch\/#breadcrumb","itemListElement":[{"@type":"ListItem","position":1,"name":"Home","item":"https:\/\/news.save.ch\/de\/"},{"@type":"ListItem","position":2,"name":"\u00abSicherheit 2017\u00bb \u2013 Schweizer sehen die CH optimistisch"}]},{"@type":"WebSite","@id":"https:\/\/news.save.ch\/de\/#website","url":"https:\/\/news.save.ch\/de\/","name":"Save","description":"Swiss trade journal for safety","publisher":{"@id":"https:\/\/news.save.ch\/de\/#organization"},"potentialAction":[{"@type":"SearchAction","target":{"@type":"EntryPoint","urlTemplate":"https:\/\/news.save.ch\/de\/?s={search_term_string}"},"query-input":{"@type":"PropertyValueSpecification","valueRequired":true,"valueName":"search_term_string"}}],"inLanguage":"en-US"},{"@type":"Organization","@id":"https:\/\/news.save.ch\/de\/#organization","name":"Security Forum","url":"https:\/\/news.save.ch\/de\/","logo":{"@type":"ImageObject","inLanguage":"en-US","@id":"https:\/\/news.save.ch\/de\/#\/schema\/logo\/image\/","url":"https:\/\/news.save.ch\/wp-content\/uploads\/2022\/06\/Logo_SF_2012.png","contentUrl":"https:\/\/news.save.ch\/wp-content\/uploads\/2022\/06\/Logo_SF_2012.png","width":1100,"height":91,"caption":"Sicherheitsforum"},"image":{"@id":"https:\/\/news.save.ch\/de\/#\/schema\/logo\/image\/"}},{"@type":"Person","@id":"https:\/\/news.save.ch\/de\/#\/schema\/person\/d5022db048e0e2b9785c50e5b24da5aa","name":"Roger Str\u00e4ssle","image":{"@type":"ImageObject","inLanguage":"en-US","@id":"https:\/\/secure.gravatar.com\/avatar\/862a5569d087de48e5856e32f45d719a03804c891d6deb8d4f71a660e79e4a47?s=96&d=mm&r=g","url":"https:\/\/secure.gravatar.com\/avatar\/862a5569d087de48e5856e32f45d719a03804c891d6deb8d4f71a660e79e4a47?s=96&d=mm&r=g","contentUrl":"https:\/\/secure.gravatar.com\/avatar\/862a5569d087de48e5856e32f45d719a03804c891d6deb8d4f71a660e79e4a47?s=96&d=mm&r=g","caption":"Roger Str\u00e4ssle"},"url":"https:\/\/news.save.ch\/en\/author\/roger-straessle\/"}]}},"_links":{"self":[{"href":"https:\/\/news.save.ch\/en\/wp-json\/wp\/v2\/posts\/4876","targetHints":{"allow":["GET"]}}],"collection":[{"href":"https:\/\/news.save.ch\/en\/wp-json\/wp\/v2\/posts"}],"about":[{"href":"https:\/\/news.save.ch\/en\/wp-json\/wp\/v2\/types\/post"}],"author":[{"embeddable":true,"href":"https:\/\/news.save.ch\/en\/wp-json\/wp\/v2\/users\/8"}],"replies":[{"embeddable":true,"href":"https:\/\/news.save.ch\/en\/wp-json\/wp\/v2\/comments?post=4876"}],"version-history":[{"count":0,"href":"https:\/\/news.save.ch\/en\/wp-json\/wp\/v2\/posts\/4876\/revisions"}],"wp:featuredmedia":[{"embeddable":true,"href":"https:\/\/news.save.ch\/en\/wp-json\/wp\/v2\/media\/4879"}],"wp:attachment":[{"href":"https:\/\/news.save.ch\/en\/wp-json\/wp\/v2\/media?parent=4876"}],"wp:term":[{"taxonomy":"category","embeddable":true,"href":"https:\/\/news.save.ch\/en\/wp-json\/wp\/v2\/categories?post=4876"},{"taxonomy":"post_tag","embeddable":true,"href":"https:\/\/news.save.ch\/en\/wp-json\/wp\/v2\/tags?post=4876"}],"curies":[{"name":"wp","href":"https:\/\/api.w.org\/{rel}","templated":true}]}}