{"id":4885,"date":"2017-06-01T13:14:53","date_gmt":"2017-06-01T11:14:53","guid":{"rendered":"https:\/\/news.save.ch\/?p=4885"},"modified":"2017-06-01T13:14:53","modified_gmt":"2017-06-01T11:14:53","slug":"verurteilte-jugendliche-weisen-als-erwachsene-hoeheres-rueckfallrisiko-auf","status":null,"type":"post","link":"https:\/\/news.save.ch\/en\/verurteilte-jugendliche-weisen-als-erwachsene-hoeheres-rueckfallrisiko-auf\/","title":{"rendered":"Convicted juveniles - later higher risk of recidivism"},"content":{"rendered":"<figure id=\"attachment_4886\" aria-describedby=\"caption-attachment-4886\" style=\"width: 680px\" class=\"wp-caption aligncenter\"><img loading=\"lazy\" decoding=\"async\" class=\"size-medium wp-image-4886\" src=\"https:\/\/news.save.ch\/wp-content\/uploads\/2017\/05\/Depositphotos_9404103_m-2015.jpg\" alt=\"\" width=\"680\" height=\"482\" srcset=\"https:\/\/news.save.ch\/wp-content\/uploads\/2017\/05\/Depositphotos_9404103_m-2015.jpg 1000w, https:\/\/news.save.ch\/wp-content\/uploads\/2017\/05\/Depositphotos_9404103_m-2015-375x266.jpg 375w\" sizes=\"auto, (max-width: 680px) 100vw, 680px\" \/><figcaption id=\"caption-attachment-4886\" class=\"wp-caption-text\">Depositphotos<\/figcaption><\/figure>\n<p>The Federal Statistical Office<strong> (<\/strong>FSO) has investigated how many offenders recorded in the juvenile criminal conviction statistics later also appear in the adult criminal conviction statistics. For this purpose, a group of 6649 underage Swiss nationals born in Switzerland in 1992 who committed an offense against the Swiss Criminal Code (SCC), the Swiss Road Traffic Act (SVG) or the Swiss Narcotics Act (BetmG) was selected. The analysis concluded that 25 percent of these juvenile offenders (1664 persons) were re-sentenced by an adult court between the ages of 18 and 23.<\/p>\n<h3>More relapses in men<\/h3>\n<p>Not only are males overrepresented among adjudicated juveniles (73% boys and 27% girls), they are also more likely to commit additional offenses after reaching the age of majority. Boys convicted as minors are nearly four times more likely than girls to be subsequently convicted by the adult criminal justice system (adult recidivism rate: males 31%, females 8%).<\/p>\n<h3>The more previous convictions, the more recidivism<\/h3>\n<p>The more juvenile adjudications against an individual, the more likely they are to be convicted in adulthood. Among minors who received criminal convictions once, twice, three times, and four times or more, the recidivism rate is 20 percent, 34 percent, 49 percent, and 64 percent, respectively.<\/p>\n<h3>The more serious the crime, the more likely recidivism will occur<\/h3>\n<p>The results suggest that recidivism in adulthood depends in part on the severity of the offenses committed in adolescence. The reconviction rate in adulthood is 17 percent for juveniles who had committed only misdemeanors and 29 percent for minors who had committed a misdemeanor or felony.<\/p>\n<h3>Drug trafficking and SVG delinquency increase recidivism<\/h3>\n<p>Recidivism in adulthood seems to be related to the fact that the juvenile convictions involved an offense against the BetmG or the Road Traffic Act. In this context, however, the FSO has found that diversity (i.e., citing multiple offenses of different natures) increases the likelihood of recidivism. Diversity occurs more frequently for offenses against the BetmG or SVG than for offenses against the StGB. This could explain why the recidivism probability increases in the case of road traffic delinquency or trafficking in narcotics.<\/p>\n<p>The results on the influence of age should be treated with caution, as not all methodological stumbling blocks could be fully eliminated. In general, the data indicate that juveniles who were convicted in the last two years before reaching the age of majority are particularly likely to be resentenced as adults. The exception here is the results on age at first conviction. Here, it is those who received a juvenile adjudication at a very young age who are particularly likely to reoffend once they reach adulthood.<\/p>\n<p><em>Source: Federal Statistical Office<\/em><\/p>","protected":false},"excerpt":{"rendered":"<p>Das Bundesamts f\u00fcr Statistik (BFS) hat untersucht, wie viele in der Jugendstrafurteilsstatistik erfasste Straft\u00e4terinnen und Straft\u00e4ter sp\u00e4ter auch in der Strafurteilsstatistik der Erwachsenen auftauchen. Dazu wurde eine Gruppe von 6649 im Jahr 1992 in der Schweiz geborenen minderj\u00e4hrigen Schweizer Staatsangeh\u00f6rigen ausgew\u00e4hlt, die eine Straftat gegen das Strafgesetzbuch (StGB), das Strassenverkehrsgesetz (SVG) oder das Bet\u00e4ubungsmittelgesetz (BetmG) [&hellip;]<\/p>\n","protected":false},"author":8,"featured_media":4886,"comment_status":"open","ping_status":"open","sticky":false,"template":"","format":"standard","meta":{"_acf_changed":false,"pgc_sgb_lightbox_settings":"","footnotes":""},"categories":[1],"tags":[69,113],"class_list":["post-4885","post","type-post","status-publish","format-standard","has-post-thumbnail","hentry","category-allgemein","tag-justiz-polizei","tag-kriminalitaet"],"acf":[],"hkrextid":null,"publication":null,"issue":null,"workflow":null,"startPage":null,"spitzmarke":null,"_posts_by_tag_page_fields":{"widget_title":"","widget_tags":""},"_at_widget":"1","_yoast_wpseo_primary_category":"1","_yoast_wpseo_focuskw_text_input":"Jugendliche","_yoast_wpseo_opengraph-image":null,"_yoast_wpseo_opengraph-description":null,"_yoast_wpseo_opengraph-title":null,"enclosure":null,"_yoast_wpseo_twitter-title":null,"_yoast_wpseo_twitter-description":null,"_yoast_wpseo_twitter-image":null,"_wp_old_slug":null,"_yoast_wpseo_title":null,"_yoast_wpseo_canonical":null,"yoast_head":"<!-- This site is optimized with the Yoast SEO plugin v27.5 - https:\/\/yoast.com\/product\/yoast-seo-wordpress\/ -->\n<title>Verurteilte Jugendliche - sp\u00e4ter h\u00f6heres R\u00fcckfallrisiko - Save<\/title>\n<meta name=\"description\" content=\"Minderj\u00e4hrige Verurteilte weisen im Erwachsenenalter ein h\u00f6heres R\u00fcckfallrisiko auf. Das geht aus einer Studie des Bundesamtes f\u00fcr Statistik hervor.\" \/>\n<meta name=\"robots\" content=\"index, follow, max-snippet:-1, max-image-preview:large, max-video-preview:-1\" \/>\n<link rel=\"canonical\" href=\"https:\/\/news.save.ch\/en\/verurteilte-jugendliche-weisen-als-erwachsene-hoeheres-rueckfallrisiko-auf\/\" \/>\n<meta property=\"og:locale\" content=\"en_US\" \/>\n<meta property=\"og:type\" content=\"article\" \/>\n<meta property=\"og:title\" content=\"Verurteilte Jugendliche - sp\u00e4ter h\u00f6heres R\u00fcckfallrisiko - Save\" \/>\n<meta property=\"og:description\" content=\"Minderj\u00e4hrige Verurteilte weisen im Erwachsenenalter ein h\u00f6heres R\u00fcckfallrisiko auf. Das geht aus einer Studie des Bundesamtes f\u00fcr Statistik hervor.\" \/>\n<meta property=\"og:url\" content=\"https:\/\/news.save.ch\/en\/verurteilte-jugendliche-weisen-als-erwachsene-hoeheres-rueckfallrisiko-auf\/\" \/>\n<meta property=\"og:site_name\" content=\"Save\" \/>\n<meta property=\"article:published_time\" content=\"2017-06-01T11:14:53+00:00\" \/>\n<meta property=\"og:image\" content=\"https:\/\/news.save.ch\/wp-content\/uploads\/2017\/05\/Depositphotos_9404103_m-2015.jpg\" \/>\n\t<meta property=\"og:image:width\" content=\"1000\" \/>\n\t<meta property=\"og:image:height\" content=\"709\" \/>\n\t<meta property=\"og:image:type\" content=\"image\/jpeg\" \/>\n<meta name=\"author\" content=\"Roger Str\u00e4ssle\" \/>\n<meta name=\"twitter:card\" content=\"summary_large_image\" \/>\n<meta name=\"twitter:label1\" content=\"Written by\" \/>\n\t<meta name=\"twitter:data1\" content=\"Roger Str\u00e4ssle\" \/>\n\t<meta name=\"twitter:label2\" content=\"Est. reading time\" \/>\n\t<meta name=\"twitter:data2\" content=\"2 minutes\" \/>\n<script type=\"application\/ld+json\" class=\"yoast-schema-graph\">{\"@context\":\"https:\\\/\\\/schema.org\",\"@graph\":[{\"@type\":\"Article\",\"@id\":\"https:\\\/\\\/news.save.ch\\\/verurteilte-jugendliche-weisen-als-erwachsene-hoeheres-rueckfallrisiko-auf\\\/#article\",\"isPartOf\":{\"@id\":\"https:\\\/\\\/news.save.ch\\\/verurteilte-jugendliche-weisen-als-erwachsene-hoeheres-rueckfallrisiko-auf\\\/\"},\"author\":{\"name\":\"Roger Str\u00e4ssle\",\"@id\":\"https:\\\/\\\/news.save.ch\\\/de\\\/#\\\/schema\\\/person\\\/d5022db048e0e2b9785c50e5b24da5aa\"},\"headline\":\"Verurteilte Jugendliche &#8211; sp\u00e4ter h\u00f6heres R\u00fcckfallrisiko\",\"datePublished\":\"2017-06-01T11:14:53+00:00\",\"mainEntityOfPage\":{\"@id\":\"https:\\\/\\\/news.save.ch\\\/verurteilte-jugendliche-weisen-als-erwachsene-hoeheres-rueckfallrisiko-auf\\\/\"},\"wordCount\":472,\"commentCount\":0,\"publisher\":{\"@id\":\"https:\\\/\\\/news.save.ch\\\/de\\\/#organization\"},\"image\":{\"@id\":\"https:\\\/\\\/news.save.ch\\\/verurteilte-jugendliche-weisen-als-erwachsene-hoeheres-rueckfallrisiko-auf\\\/#primaryimage\"},\"thumbnailUrl\":\"https:\\\/\\\/news.save.ch\\\/wp-content\\\/uploads\\\/2017\\\/05\\\/Depositphotos_9404103_m-2015.jpg\",\"keywords\":[\"Justiz &amp; Polizei\",\"Kriminalit\u00e4t\"],\"articleSection\":[\"ALLGEMEIN\"],\"inLanguage\":\"en-US\"},{\"@type\":\"WebPage\",\"@id\":\"https:\\\/\\\/news.save.ch\\\/verurteilte-jugendliche-weisen-als-erwachsene-hoeheres-rueckfallrisiko-auf\\\/\",\"url\":\"https:\\\/\\\/news.save.ch\\\/verurteilte-jugendliche-weisen-als-erwachsene-hoeheres-rueckfallrisiko-auf\\\/\",\"name\":\"Verurteilte Jugendliche - sp\u00e4ter h\u00f6heres R\u00fcckfallrisiko - Save\",\"isPartOf\":{\"@id\":\"https:\\\/\\\/news.save.ch\\\/de\\\/#website\"},\"primaryImageOfPage\":{\"@id\":\"https:\\\/\\\/news.save.ch\\\/verurteilte-jugendliche-weisen-als-erwachsene-hoeheres-rueckfallrisiko-auf\\\/#primaryimage\"},\"image\":{\"@id\":\"https:\\\/\\\/news.save.ch\\\/verurteilte-jugendliche-weisen-als-erwachsene-hoeheres-rueckfallrisiko-auf\\\/#primaryimage\"},\"thumbnailUrl\":\"https:\\\/\\\/news.save.ch\\\/wp-content\\\/uploads\\\/2017\\\/05\\\/Depositphotos_9404103_m-2015.jpg\",\"datePublished\":\"2017-06-01T11:14:53+00:00\",\"description\":\"Minderj\u00e4hrige Verurteilte weisen im Erwachsenenalter ein h\u00f6heres R\u00fcckfallrisiko auf. Das geht aus einer Studie des Bundesamtes f\u00fcr Statistik hervor.\",\"breadcrumb\":{\"@id\":\"https:\\\/\\\/news.save.ch\\\/verurteilte-jugendliche-weisen-als-erwachsene-hoeheres-rueckfallrisiko-auf\\\/#breadcrumb\"},\"inLanguage\":\"en-US\",\"potentialAction\":[{\"@type\":\"ReadAction\",\"target\":[\"https:\\\/\\\/news.save.ch\\\/verurteilte-jugendliche-weisen-als-erwachsene-hoeheres-rueckfallrisiko-auf\\\/\"]}]},{\"@type\":\"ImageObject\",\"inLanguage\":\"en-US\",\"@id\":\"https:\\\/\\\/news.save.ch\\\/verurteilte-jugendliche-weisen-als-erwachsene-hoeheres-rueckfallrisiko-auf\\\/#primaryimage\",\"url\":\"https:\\\/\\\/news.save.ch\\\/wp-content\\\/uploads\\\/2017\\\/05\\\/Depositphotos_9404103_m-2015.jpg\",\"contentUrl\":\"https:\\\/\\\/news.save.ch\\\/wp-content\\\/uploads\\\/2017\\\/05\\\/Depositphotos_9404103_m-2015.jpg\",\"width\":1000,\"height\":709,\"caption\":\"Depositphotos\"},{\"@type\":\"BreadcrumbList\",\"@id\":\"https:\\\/\\\/news.save.ch\\\/verurteilte-jugendliche-weisen-als-erwachsene-hoeheres-rueckfallrisiko-auf\\\/#breadcrumb\",\"itemListElement\":[{\"@type\":\"ListItem\",\"position\":1,\"name\":\"Home\",\"item\":\"https:\\\/\\\/news.save.ch\\\/de\\\/\"},{\"@type\":\"ListItem\",\"position\":2,\"name\":\"Verurteilte Jugendliche &#8211; sp\u00e4ter h\u00f6heres R\u00fcckfallrisiko\"}]},{\"@type\":\"WebSite\",\"@id\":\"https:\\\/\\\/news.save.ch\\\/de\\\/#website\",\"url\":\"https:\\\/\\\/news.save.ch\\\/de\\\/\",\"name\":\"Save\",\"description\":\"Schweizer Fachzeitschrift f\u00fcr Sicherheit\",\"publisher\":{\"@id\":\"https:\\\/\\\/news.save.ch\\\/de\\\/#organization\"},\"potentialAction\":[{\"@type\":\"SearchAction\",\"target\":{\"@type\":\"EntryPoint\",\"urlTemplate\":\"https:\\\/\\\/news.save.ch\\\/de\\\/?s={search_term_string}\"},\"query-input\":{\"@type\":\"PropertyValueSpecification\",\"valueRequired\":true,\"valueName\":\"search_term_string\"}}],\"inLanguage\":\"en-US\"},{\"@type\":\"Organization\",\"@id\":\"https:\\\/\\\/news.save.ch\\\/de\\\/#organization\",\"name\":\"Sicherheitsforum\",\"url\":\"https:\\\/\\\/news.save.ch\\\/de\\\/\",\"logo\":{\"@type\":\"ImageObject\",\"inLanguage\":\"en-US\",\"@id\":\"https:\\\/\\\/news.save.ch\\\/de\\\/#\\\/schema\\\/logo\\\/image\\\/\",\"url\":\"https:\\\/\\\/news.save.ch\\\/wp-content\\\/uploads\\\/2022\\\/06\\\/Logo_SF_2012.png\",\"contentUrl\":\"https:\\\/\\\/news.save.ch\\\/wp-content\\\/uploads\\\/2022\\\/06\\\/Logo_SF_2012.png\",\"width\":1100,\"height\":91,\"caption\":\"Sicherheitsforum\"},\"image\":{\"@id\":\"https:\\\/\\\/news.save.ch\\\/de\\\/#\\\/schema\\\/logo\\\/image\\\/\"}},{\"@type\":\"Person\",\"@id\":\"https:\\\/\\\/news.save.ch\\\/de\\\/#\\\/schema\\\/person\\\/d5022db048e0e2b9785c50e5b24da5aa\",\"name\":\"Roger Str\u00e4ssle\",\"image\":{\"@type\":\"ImageObject\",\"inLanguage\":\"en-US\",\"@id\":\"https:\\\/\\\/secure.gravatar.com\\\/avatar\\\/862a5569d087de48e5856e32f45d719a03804c891d6deb8d4f71a660e79e4a47?s=96&d=mm&r=g\",\"url\":\"https:\\\/\\\/secure.gravatar.com\\\/avatar\\\/862a5569d087de48e5856e32f45d719a03804c891d6deb8d4f71a660e79e4a47?s=96&d=mm&r=g\",\"contentUrl\":\"https:\\\/\\\/secure.gravatar.com\\\/avatar\\\/862a5569d087de48e5856e32f45d719a03804c891d6deb8d4f71a660e79e4a47?s=96&d=mm&r=g\",\"caption\":\"Roger Str\u00e4ssle\"},\"url\":\"https:\\\/\\\/news.save.ch\\\/en\\\/author\\\/roger-straessle\\\/\"}]}<\/script>\n<!-- \/ Yoast SEO plugin. -->","yoast_head_json":{"title":"Convicted juveniles - higher risk of recidivism later - Save","description":"Minor convicts have a higher risk of recidivism in adulthood. This is the result of a study by the Federal Statistical Office.","robots":{"index":"index","follow":"follow","max-snippet":"max-snippet:-1","max-image-preview":"max-image-preview:large","max-video-preview":"max-video-preview:-1"},"canonical":"https:\/\/news.save.ch\/en\/verurteilte-jugendliche-weisen-als-erwachsene-hoeheres-rueckfallrisiko-auf\/","og_locale":"en_US","og_type":"article","og_title":"Verurteilte Jugendliche - sp\u00e4ter h\u00f6heres R\u00fcckfallrisiko - Save","og_description":"Minderj\u00e4hrige Verurteilte weisen im Erwachsenenalter ein h\u00f6heres R\u00fcckfallrisiko auf. Das geht aus einer Studie des Bundesamtes f\u00fcr Statistik hervor.","og_url":"https:\/\/news.save.ch\/en\/verurteilte-jugendliche-weisen-als-erwachsene-hoeheres-rueckfallrisiko-auf\/","og_site_name":"Save","article_published_time":"2017-06-01T11:14:53+00:00","og_image":[{"width":1000,"height":709,"url":"https:\/\/news.save.ch\/wp-content\/uploads\/2017\/05\/Depositphotos_9404103_m-2015.jpg","type":"image\/jpeg"}],"author":"Roger Str\u00e4ssle","twitter_card":"summary_large_image","twitter_misc":{"Written by":"Roger Str\u00e4ssle","Est. reading time":"2 minutes"},"schema":{"@context":"https:\/\/schema.org","@graph":[{"@type":"Article","@id":"https:\/\/news.save.ch\/verurteilte-jugendliche-weisen-als-erwachsene-hoeheres-rueckfallrisiko-auf\/#article","isPartOf":{"@id":"https:\/\/news.save.ch\/verurteilte-jugendliche-weisen-als-erwachsene-hoeheres-rueckfallrisiko-auf\/"},"author":{"name":"Roger Str\u00e4ssle","@id":"https:\/\/news.save.ch\/de\/#\/schema\/person\/d5022db048e0e2b9785c50e5b24da5aa"},"headline":"Verurteilte Jugendliche &#8211; sp\u00e4ter h\u00f6heres R\u00fcckfallrisiko","datePublished":"2017-06-01T11:14:53+00:00","mainEntityOfPage":{"@id":"https:\/\/news.save.ch\/verurteilte-jugendliche-weisen-als-erwachsene-hoeheres-rueckfallrisiko-auf\/"},"wordCount":472,"commentCount":0,"publisher":{"@id":"https:\/\/news.save.ch\/de\/#organization"},"image":{"@id":"https:\/\/news.save.ch\/verurteilte-jugendliche-weisen-als-erwachsene-hoeheres-rueckfallrisiko-auf\/#primaryimage"},"thumbnailUrl":"https:\/\/news.save.ch\/wp-content\/uploads\/2017\/05\/Depositphotos_9404103_m-2015.jpg","keywords":["Justiz &amp; Polizei","Kriminalit\u00e4t"],"articleSection":["ALLGEMEIN"],"inLanguage":"en-US"},{"@type":"WebPage","@id":"https:\/\/news.save.ch\/verurteilte-jugendliche-weisen-als-erwachsene-hoeheres-rueckfallrisiko-auf\/","url":"https:\/\/news.save.ch\/verurteilte-jugendliche-weisen-als-erwachsene-hoeheres-rueckfallrisiko-auf\/","name":"Convicted juveniles - higher risk of recidivism later - Save","isPartOf":{"@id":"https:\/\/news.save.ch\/de\/#website"},"primaryImageOfPage":{"@id":"https:\/\/news.save.ch\/verurteilte-jugendliche-weisen-als-erwachsene-hoeheres-rueckfallrisiko-auf\/#primaryimage"},"image":{"@id":"https:\/\/news.save.ch\/verurteilte-jugendliche-weisen-als-erwachsene-hoeheres-rueckfallrisiko-auf\/#primaryimage"},"thumbnailUrl":"https:\/\/news.save.ch\/wp-content\/uploads\/2017\/05\/Depositphotos_9404103_m-2015.jpg","datePublished":"2017-06-01T11:14:53+00:00","description":"Minor convicts have a higher risk of recidivism in adulthood. This is the result of a study by the Federal Statistical Office.","breadcrumb":{"@id":"https:\/\/news.save.ch\/verurteilte-jugendliche-weisen-als-erwachsene-hoeheres-rueckfallrisiko-auf\/#breadcrumb"},"inLanguage":"en-US","potentialAction":[{"@type":"ReadAction","target":["https:\/\/news.save.ch\/verurteilte-jugendliche-weisen-als-erwachsene-hoeheres-rueckfallrisiko-auf\/"]}]},{"@type":"ImageObject","inLanguage":"en-US","@id":"https:\/\/news.save.ch\/verurteilte-jugendliche-weisen-als-erwachsene-hoeheres-rueckfallrisiko-auf\/#primaryimage","url":"https:\/\/news.save.ch\/wp-content\/uploads\/2017\/05\/Depositphotos_9404103_m-2015.jpg","contentUrl":"https:\/\/news.save.ch\/wp-content\/uploads\/2017\/05\/Depositphotos_9404103_m-2015.jpg","width":1000,"height":709,"caption":"Depositphotos"},{"@type":"BreadcrumbList","@id":"https:\/\/news.save.ch\/verurteilte-jugendliche-weisen-als-erwachsene-hoeheres-rueckfallrisiko-auf\/#breadcrumb","itemListElement":[{"@type":"ListItem","position":1,"name":"Home","item":"https:\/\/news.save.ch\/de\/"},{"@type":"ListItem","position":2,"name":"Verurteilte Jugendliche &#8211; sp\u00e4ter h\u00f6heres R\u00fcckfallrisiko"}]},{"@type":"WebSite","@id":"https:\/\/news.save.ch\/de\/#website","url":"https:\/\/news.save.ch\/de\/","name":"Save","description":"Swiss trade journal for safety","publisher":{"@id":"https:\/\/news.save.ch\/de\/#organization"},"potentialAction":[{"@type":"SearchAction","target":{"@type":"EntryPoint","urlTemplate":"https:\/\/news.save.ch\/de\/?s={search_term_string}"},"query-input":{"@type":"PropertyValueSpecification","valueRequired":true,"valueName":"search_term_string"}}],"inLanguage":"en-US"},{"@type":"Organization","@id":"https:\/\/news.save.ch\/de\/#organization","name":"Security Forum","url":"https:\/\/news.save.ch\/de\/","logo":{"@type":"ImageObject","inLanguage":"en-US","@id":"https:\/\/news.save.ch\/de\/#\/schema\/logo\/image\/","url":"https:\/\/news.save.ch\/wp-content\/uploads\/2022\/06\/Logo_SF_2012.png","contentUrl":"https:\/\/news.save.ch\/wp-content\/uploads\/2022\/06\/Logo_SF_2012.png","width":1100,"height":91,"caption":"Sicherheitsforum"},"image":{"@id":"https:\/\/news.save.ch\/de\/#\/schema\/logo\/image\/"}},{"@type":"Person","@id":"https:\/\/news.save.ch\/de\/#\/schema\/person\/d5022db048e0e2b9785c50e5b24da5aa","name":"Roger Str\u00e4ssle","image":{"@type":"ImageObject","inLanguage":"en-US","@id":"https:\/\/secure.gravatar.com\/avatar\/862a5569d087de48e5856e32f45d719a03804c891d6deb8d4f71a660e79e4a47?s=96&d=mm&r=g","url":"https:\/\/secure.gravatar.com\/avatar\/862a5569d087de48e5856e32f45d719a03804c891d6deb8d4f71a660e79e4a47?s=96&d=mm&r=g","contentUrl":"https:\/\/secure.gravatar.com\/avatar\/862a5569d087de48e5856e32f45d719a03804c891d6deb8d4f71a660e79e4a47?s=96&d=mm&r=g","caption":"Roger Str\u00e4ssle"},"url":"https:\/\/news.save.ch\/en\/author\/roger-straessle\/"}]}},"_links":{"self":[{"href":"https:\/\/news.save.ch\/en\/wp-json\/wp\/v2\/posts\/4885","targetHints":{"allow":["GET"]}}],"collection":[{"href":"https:\/\/news.save.ch\/en\/wp-json\/wp\/v2\/posts"}],"about":[{"href":"https:\/\/news.save.ch\/en\/wp-json\/wp\/v2\/types\/post"}],"author":[{"embeddable":true,"href":"https:\/\/news.save.ch\/en\/wp-json\/wp\/v2\/users\/8"}],"replies":[{"embeddable":true,"href":"https:\/\/news.save.ch\/en\/wp-json\/wp\/v2\/comments?post=4885"}],"version-history":[{"count":0,"href":"https:\/\/news.save.ch\/en\/wp-json\/wp\/v2\/posts\/4885\/revisions"}],"wp:featuredmedia":[{"embeddable":true,"href":"https:\/\/news.save.ch\/en\/wp-json\/wp\/v2\/media\/4886"}],"wp:attachment":[{"href":"https:\/\/news.save.ch\/en\/wp-json\/wp\/v2\/media?parent=4885"}],"wp:term":[{"taxonomy":"category","embeddable":true,"href":"https:\/\/news.save.ch\/en\/wp-json\/wp\/v2\/categories?post=4885"},{"taxonomy":"post_tag","embeddable":true,"href":"https:\/\/news.save.ch\/en\/wp-json\/wp\/v2\/tags?post=4885"}],"curies":[{"name":"wp","href":"https:\/\/api.w.org\/{rel}","templated":true}]}}