{"id":4963,"date":"2017-06-15T06:04:56","date_gmt":"2017-06-15T04:04:56","guid":{"rendered":"https:\/\/news.save.ch\/?p=4963"},"modified":"2017-06-15T06:04:56","modified_gmt":"2017-06-15T04:04:56","slug":"stapo-zuerich-erhoeht-sicherheitsmassnahmen","status":null,"type":"post","link":"https:\/\/news.save.ch\/en\/stapo-zuerich-erhoeht-sicherheitsmassnahmen\/","title":{"rendered":"Stapo Zurich increases security measures"},"content":{"rendered":"<figure id=\"attachment_4964\" aria-describedby=\"caption-attachment-4964\" style=\"width: 680px\" class=\"wp-caption aligncenter\"><img loading=\"lazy\" decoding=\"async\" class=\"size-medium wp-image-4964\" src=\"https:\/\/news.save.ch\/wp-content\/uploads\/2017\/06\/sicherheit-1.jpg\" alt=\"\" width=\"680\" height=\"440\" \/><figcaption id=\"caption-attachment-4964\" class=\"wp-caption-text\">\u00a9 Protection &amp; Rescue Zurich<\/figcaption><\/figure>\n<p>Due to several tragic incidents in various European cities in recent weeks and months, the Zurich City Police (Stapo) is adjusting the security arrangements in connection with major events, as it has just announced.<\/p>\n<p><strong>No concrete indications<\/strong><\/p>\n<p>Following the various attacks in Europe since the beginning of 2015, the federal intelligence service has also classified the threat situation for Switzerland as increased, according to the Zurich police. However, there are still no concrete indications of an increased threat in Zurich, it is emphasized. They are in contact with various partner organizations, such as the Fedpol, the cantonal police forces and the respective persons responsible for major events, and are constantly assessing the situation. The findings have led the city police to make various changes to the security arrangements for major events, the statement added. These would for example<\/p>\n<p>- the early identification of potential risks before and during events,<\/p>\n<p>- concern the increase of the intervention capacity as well as the access and entry area.<\/p>\n<p>Further information on the mentioned measures would not be given, the police concluded.<\/p>\n<p>&nbsp;<\/p>","protected":false},"excerpt":{"rendered":"<p>Aufgrund von mehreren tragischen Vorf\u00e4llen in verschiedenen europ\u00e4ischen St\u00e4dten in den vergangenen Wochen und Monaten passt die Stadtpolizei (Stapo) Z\u00fcrich das Sicherheitsdispositiv im Zusammenhang mit Grossveranstaltungen an, wie sie soeben mitgeteilt hat. Keine konkreten Hinweise Der Nachrichtendienst des Bundes habe nach den diversen Anschl\u00e4gen in Europa seit Anfang 2015 auch die Gef\u00e4hrdungslage f\u00fcr die Schweiz [&hellip;]<\/p>\n","protected":false},"author":8,"featured_media":4964,"comment_status":"open","ping_status":"open","sticky":false,"template":"","format":"standard","meta":{"_acf_changed":false,"pgc_sgb_lightbox_settings":"","footnotes":""},"categories":[1],"tags":[69],"class_list":["post-4963","post","type-post","status-publish","format-standard","has-post-thumbnail","hentry","category-allgemein","tag-justiz-polizei"],"acf":[],"hkrextid":null,"publication":null,"issue":null,"workflow":null,"startPage":null,"spitzmarke":null,"_posts_by_tag_page_fields":{"widget_title":"","widget_tags":""},"_at_widget":"1","_yoast_wpseo_primary_category":"1","_yoast_wpseo_focuskw_text_input":"Stadtpolizei Z\u00fcrich","_yoast_wpseo_opengraph-image":null,"_yoast_wpseo_opengraph-description":null,"_yoast_wpseo_opengraph-title":null,"enclosure":null,"_yoast_wpseo_twitter-title":null,"_yoast_wpseo_twitter-description":null,"_yoast_wpseo_twitter-image":null,"_wp_old_slug":null,"_yoast_wpseo_title":null,"_yoast_wpseo_canonical":null,"yoast_head":"<!-- This site is optimized with the Yoast SEO plugin v27.5 - https:\/\/yoast.com\/product\/yoast-seo-wordpress\/ -->\n<title>Stapo Z\u00fcrich erh\u00f6ht Sicherheitsmassnahmen - Save<\/title>\n<meta name=\"description\" content=\"Die Stadtpolizei Z\u00fcrich passt das Sicherheitsdispositiv an Grossveranstaltungen an. Konkrete Gef\u00e4hrdungsrisiken gebe es jedoch nicht, heisst es.\" \/>\n<meta name=\"robots\" content=\"index, follow, max-snippet:-1, max-image-preview:large, max-video-preview:-1\" \/>\n<link rel=\"canonical\" href=\"https:\/\/news.save.ch\/en\/stapo-zuerich-erhoeht-sicherheitsmassnahmen\/\" \/>\n<meta property=\"og:locale\" content=\"en_US\" \/>\n<meta property=\"og:type\" content=\"article\" \/>\n<meta property=\"og:title\" content=\"Stapo Z\u00fcrich erh\u00f6ht Sicherheitsmassnahmen - Save\" \/>\n<meta property=\"og:description\" content=\"Die Stadtpolizei Z\u00fcrich passt das Sicherheitsdispositiv an Grossveranstaltungen an. Konkrete Gef\u00e4hrdungsrisiken gebe es jedoch nicht, heisst es.\" \/>\n<meta property=\"og:url\" content=\"https:\/\/news.save.ch\/en\/stapo-zuerich-erhoeht-sicherheitsmassnahmen\/\" \/>\n<meta property=\"og:site_name\" content=\"Save\" \/>\n<meta property=\"article:published_time\" content=\"2017-06-15T04:04:56+00:00\" \/>\n<meta property=\"og:image\" content=\"https:\/\/news.save.ch\/wp-content\/uploads\/2017\/06\/sicherheit-1-scaled.jpg\" \/>\n\t<meta property=\"og:image:width\" content=\"1400\" \/>\n\t<meta property=\"og:image:height\" content=\"906\" \/>\n\t<meta property=\"og:image:type\" content=\"image\/jpeg\" \/>\n<meta name=\"author\" content=\"Roger Str\u00e4ssle\" \/>\n<meta name=\"twitter:card\" content=\"summary_large_image\" \/>\n<meta name=\"twitter:label1\" content=\"Written by\" \/>\n\t<meta name=\"twitter:data1\" content=\"Roger Str\u00e4ssle\" \/>\n\t<meta name=\"twitter:label2\" content=\"Est. reading time\" \/>\n\t<meta name=\"twitter:data2\" content=\"1 minute\" \/>\n<script type=\"application\/ld+json\" class=\"yoast-schema-graph\">{\"@context\":\"https:\\\/\\\/schema.org\",\"@graph\":[{\"@type\":\"Article\",\"@id\":\"https:\\\/\\\/news.save.ch\\\/stapo-zuerich-erhoeht-sicherheitsmassnahmen\\\/#article\",\"isPartOf\":{\"@id\":\"https:\\\/\\\/news.save.ch\\\/stapo-zuerich-erhoeht-sicherheitsmassnahmen\\\/\"},\"author\":{\"name\":\"Roger Str\u00e4ssle\",\"@id\":\"https:\\\/\\\/news.save.ch\\\/de\\\/#\\\/schema\\\/person\\\/d5022db048e0e2b9785c50e5b24da5aa\"},\"headline\":\"Stapo Z\u00fcrich erh\u00f6ht Sicherheitsmassnahmen\",\"datePublished\":\"2017-06-15T04:04:56+00:00\",\"mainEntityOfPage\":{\"@id\":\"https:\\\/\\\/news.save.ch\\\/stapo-zuerich-erhoeht-sicherheitsmassnahmen\\\/\"},\"wordCount\":208,\"commentCount\":0,\"publisher\":{\"@id\":\"https:\\\/\\\/news.save.ch\\\/de\\\/#organization\"},\"image\":{\"@id\":\"https:\\\/\\\/news.save.ch\\\/stapo-zuerich-erhoeht-sicherheitsmassnahmen\\\/#primaryimage\"},\"thumbnailUrl\":\"https:\\\/\\\/news.save.ch\\\/wp-content\\\/uploads\\\/2017\\\/06\\\/sicherheit-1-scaled.jpg\",\"keywords\":[\"Justiz &amp; Polizei\"],\"articleSection\":[\"ALLGEMEIN\"],\"inLanguage\":\"en-US\"},{\"@type\":\"WebPage\",\"@id\":\"https:\\\/\\\/news.save.ch\\\/stapo-zuerich-erhoeht-sicherheitsmassnahmen\\\/\",\"url\":\"https:\\\/\\\/news.save.ch\\\/stapo-zuerich-erhoeht-sicherheitsmassnahmen\\\/\",\"name\":\"Stapo Z\u00fcrich erh\u00f6ht Sicherheitsmassnahmen - Save\",\"isPartOf\":{\"@id\":\"https:\\\/\\\/news.save.ch\\\/de\\\/#website\"},\"primaryImageOfPage\":{\"@id\":\"https:\\\/\\\/news.save.ch\\\/stapo-zuerich-erhoeht-sicherheitsmassnahmen\\\/#primaryimage\"},\"image\":{\"@id\":\"https:\\\/\\\/news.save.ch\\\/stapo-zuerich-erhoeht-sicherheitsmassnahmen\\\/#primaryimage\"},\"thumbnailUrl\":\"https:\\\/\\\/news.save.ch\\\/wp-content\\\/uploads\\\/2017\\\/06\\\/sicherheit-1-scaled.jpg\",\"datePublished\":\"2017-06-15T04:04:56+00:00\",\"description\":\"Die Stadtpolizei Z\u00fcrich passt das Sicherheitsdispositiv an Grossveranstaltungen an. Konkrete Gef\u00e4hrdungsrisiken gebe es jedoch nicht, heisst es.\",\"breadcrumb\":{\"@id\":\"https:\\\/\\\/news.save.ch\\\/stapo-zuerich-erhoeht-sicherheitsmassnahmen\\\/#breadcrumb\"},\"inLanguage\":\"en-US\",\"potentialAction\":[{\"@type\":\"ReadAction\",\"target\":[\"https:\\\/\\\/news.save.ch\\\/stapo-zuerich-erhoeht-sicherheitsmassnahmen\\\/\"]}]},{\"@type\":\"ImageObject\",\"inLanguage\":\"en-US\",\"@id\":\"https:\\\/\\\/news.save.ch\\\/stapo-zuerich-erhoeht-sicherheitsmassnahmen\\\/#primaryimage\",\"url\":\"https:\\\/\\\/news.save.ch\\\/wp-content\\\/uploads\\\/2017\\\/06\\\/sicherheit-1-scaled.jpg\",\"contentUrl\":\"https:\\\/\\\/news.save.ch\\\/wp-content\\\/uploads\\\/2017\\\/06\\\/sicherheit-1-scaled.jpg\",\"width\":1400,\"height\":906,\"caption\":\"\u00a9 Schutz & Rettung Z\u00fcrich\"},{\"@type\":\"BreadcrumbList\",\"@id\":\"https:\\\/\\\/news.save.ch\\\/stapo-zuerich-erhoeht-sicherheitsmassnahmen\\\/#breadcrumb\",\"itemListElement\":[{\"@type\":\"ListItem\",\"position\":1,\"name\":\"Home\",\"item\":\"https:\\\/\\\/news.save.ch\\\/de\\\/\"},{\"@type\":\"ListItem\",\"position\":2,\"name\":\"Stapo Z\u00fcrich erh\u00f6ht Sicherheitsmassnahmen\"}]},{\"@type\":\"WebSite\",\"@id\":\"https:\\\/\\\/news.save.ch\\\/de\\\/#website\",\"url\":\"https:\\\/\\\/news.save.ch\\\/de\\\/\",\"name\":\"Save\",\"description\":\"Schweizer Fachzeitschrift f\u00fcr Sicherheit\",\"publisher\":{\"@id\":\"https:\\\/\\\/news.save.ch\\\/de\\\/#organization\"},\"potentialAction\":[{\"@type\":\"SearchAction\",\"target\":{\"@type\":\"EntryPoint\",\"urlTemplate\":\"https:\\\/\\\/news.save.ch\\\/de\\\/?s={search_term_string}\"},\"query-input\":{\"@type\":\"PropertyValueSpecification\",\"valueRequired\":true,\"valueName\":\"search_term_string\"}}],\"inLanguage\":\"en-US\"},{\"@type\":\"Organization\",\"@id\":\"https:\\\/\\\/news.save.ch\\\/de\\\/#organization\",\"name\":\"Sicherheitsforum\",\"url\":\"https:\\\/\\\/news.save.ch\\\/de\\\/\",\"logo\":{\"@type\":\"ImageObject\",\"inLanguage\":\"en-US\",\"@id\":\"https:\\\/\\\/news.save.ch\\\/de\\\/#\\\/schema\\\/logo\\\/image\\\/\",\"url\":\"https:\\\/\\\/news.save.ch\\\/wp-content\\\/uploads\\\/2022\\\/06\\\/Logo_SF_2012.png\",\"contentUrl\":\"https:\\\/\\\/news.save.ch\\\/wp-content\\\/uploads\\\/2022\\\/06\\\/Logo_SF_2012.png\",\"width\":1100,\"height\":91,\"caption\":\"Sicherheitsforum\"},\"image\":{\"@id\":\"https:\\\/\\\/news.save.ch\\\/de\\\/#\\\/schema\\\/logo\\\/image\\\/\"}},{\"@type\":\"Person\",\"@id\":\"https:\\\/\\\/news.save.ch\\\/de\\\/#\\\/schema\\\/person\\\/d5022db048e0e2b9785c50e5b24da5aa\",\"name\":\"Roger Str\u00e4ssle\",\"image\":{\"@type\":\"ImageObject\",\"inLanguage\":\"en-US\",\"@id\":\"https:\\\/\\\/secure.gravatar.com\\\/avatar\\\/862a5569d087de48e5856e32f45d719a03804c891d6deb8d4f71a660e79e4a47?s=96&d=mm&r=g\",\"url\":\"https:\\\/\\\/secure.gravatar.com\\\/avatar\\\/862a5569d087de48e5856e32f45d719a03804c891d6deb8d4f71a660e79e4a47?s=96&d=mm&r=g\",\"contentUrl\":\"https:\\\/\\\/secure.gravatar.com\\\/avatar\\\/862a5569d087de48e5856e32f45d719a03804c891d6deb8d4f71a660e79e4a47?s=96&d=mm&r=g\",\"caption\":\"Roger Str\u00e4ssle\"},\"url\":\"https:\\\/\\\/news.save.ch\\\/en\\\/author\\\/roger-straessle\\\/\"}]}<\/script>\n<!-- \/ Yoast SEO plugin. -->","yoast_head_json":{"title":"Stapo Zurich increases security measures - Save","description":"The Zurich City Police is adapting its security arrangements for major events. However, there are no concrete risks of danger, it says.","robots":{"index":"index","follow":"follow","max-snippet":"max-snippet:-1","max-image-preview":"max-image-preview:large","max-video-preview":"max-video-preview:-1"},"canonical":"https:\/\/news.save.ch\/en\/stapo-zuerich-erhoeht-sicherheitsmassnahmen\/","og_locale":"en_US","og_type":"article","og_title":"Stapo Z\u00fcrich erh\u00f6ht Sicherheitsmassnahmen - Save","og_description":"Die Stadtpolizei Z\u00fcrich passt das Sicherheitsdispositiv an Grossveranstaltungen an. Konkrete Gef\u00e4hrdungsrisiken gebe es jedoch nicht, heisst es.","og_url":"https:\/\/news.save.ch\/en\/stapo-zuerich-erhoeht-sicherheitsmassnahmen\/","og_site_name":"Save","article_published_time":"2017-06-15T04:04:56+00:00","og_image":[{"width":1400,"height":906,"url":"https:\/\/news.save.ch\/wp-content\/uploads\/2017\/06\/sicherheit-1-scaled.jpg","type":"image\/jpeg"}],"author":"Roger Str\u00e4ssle","twitter_card":"summary_large_image","twitter_misc":{"Written by":"Roger Str\u00e4ssle","Est. reading time":"1 minute"},"schema":{"@context":"https:\/\/schema.org","@graph":[{"@type":"Article","@id":"https:\/\/news.save.ch\/stapo-zuerich-erhoeht-sicherheitsmassnahmen\/#article","isPartOf":{"@id":"https:\/\/news.save.ch\/stapo-zuerich-erhoeht-sicherheitsmassnahmen\/"},"author":{"name":"Roger Str\u00e4ssle","@id":"https:\/\/news.save.ch\/de\/#\/schema\/person\/d5022db048e0e2b9785c50e5b24da5aa"},"headline":"Stapo Z\u00fcrich erh\u00f6ht Sicherheitsmassnahmen","datePublished":"2017-06-15T04:04:56+00:00","mainEntityOfPage":{"@id":"https:\/\/news.save.ch\/stapo-zuerich-erhoeht-sicherheitsmassnahmen\/"},"wordCount":208,"commentCount":0,"publisher":{"@id":"https:\/\/news.save.ch\/de\/#organization"},"image":{"@id":"https:\/\/news.save.ch\/stapo-zuerich-erhoeht-sicherheitsmassnahmen\/#primaryimage"},"thumbnailUrl":"https:\/\/news.save.ch\/wp-content\/uploads\/2017\/06\/sicherheit-1-scaled.jpg","keywords":["Justiz &amp; Polizei"],"articleSection":["ALLGEMEIN"],"inLanguage":"en-US"},{"@type":"WebPage","@id":"https:\/\/news.save.ch\/stapo-zuerich-erhoeht-sicherheitsmassnahmen\/","url":"https:\/\/news.save.ch\/stapo-zuerich-erhoeht-sicherheitsmassnahmen\/","name":"Stapo Zurich increases security measures - Save","isPartOf":{"@id":"https:\/\/news.save.ch\/de\/#website"},"primaryImageOfPage":{"@id":"https:\/\/news.save.ch\/stapo-zuerich-erhoeht-sicherheitsmassnahmen\/#primaryimage"},"image":{"@id":"https:\/\/news.save.ch\/stapo-zuerich-erhoeht-sicherheitsmassnahmen\/#primaryimage"},"thumbnailUrl":"https:\/\/news.save.ch\/wp-content\/uploads\/2017\/06\/sicherheit-1-scaled.jpg","datePublished":"2017-06-15T04:04:56+00:00","description":"The Zurich City Police is adapting its security arrangements for major events. However, there are no concrete risks of danger, it says.","breadcrumb":{"@id":"https:\/\/news.save.ch\/stapo-zuerich-erhoeht-sicherheitsmassnahmen\/#breadcrumb"},"inLanguage":"en-US","potentialAction":[{"@type":"ReadAction","target":["https:\/\/news.save.ch\/stapo-zuerich-erhoeht-sicherheitsmassnahmen\/"]}]},{"@type":"ImageObject","inLanguage":"en-US","@id":"https:\/\/news.save.ch\/stapo-zuerich-erhoeht-sicherheitsmassnahmen\/#primaryimage","url":"https:\/\/news.save.ch\/wp-content\/uploads\/2017\/06\/sicherheit-1-scaled.jpg","contentUrl":"https:\/\/news.save.ch\/wp-content\/uploads\/2017\/06\/sicherheit-1-scaled.jpg","width":1400,"height":906,"caption":"\u00a9 Schutz & Rettung Z\u00fcrich"},{"@type":"BreadcrumbList","@id":"https:\/\/news.save.ch\/stapo-zuerich-erhoeht-sicherheitsmassnahmen\/#breadcrumb","itemListElement":[{"@type":"ListItem","position":1,"name":"Home","item":"https:\/\/news.save.ch\/de\/"},{"@type":"ListItem","position":2,"name":"Stapo Z\u00fcrich erh\u00f6ht Sicherheitsmassnahmen"}]},{"@type":"WebSite","@id":"https:\/\/news.save.ch\/de\/#website","url":"https:\/\/news.save.ch\/de\/","name":"Save","description":"Swiss trade journal for safety","publisher":{"@id":"https:\/\/news.save.ch\/de\/#organization"},"potentialAction":[{"@type":"SearchAction","target":{"@type":"EntryPoint","urlTemplate":"https:\/\/news.save.ch\/de\/?s={search_term_string}"},"query-input":{"@type":"PropertyValueSpecification","valueRequired":true,"valueName":"search_term_string"}}],"inLanguage":"en-US"},{"@type":"Organization","@id":"https:\/\/news.save.ch\/de\/#organization","name":"Security Forum","url":"https:\/\/news.save.ch\/de\/","logo":{"@type":"ImageObject","inLanguage":"en-US","@id":"https:\/\/news.save.ch\/de\/#\/schema\/logo\/image\/","url":"https:\/\/news.save.ch\/wp-content\/uploads\/2022\/06\/Logo_SF_2012.png","contentUrl":"https:\/\/news.save.ch\/wp-content\/uploads\/2022\/06\/Logo_SF_2012.png","width":1100,"height":91,"caption":"Sicherheitsforum"},"image":{"@id":"https:\/\/news.save.ch\/de\/#\/schema\/logo\/image\/"}},{"@type":"Person","@id":"https:\/\/news.save.ch\/de\/#\/schema\/person\/d5022db048e0e2b9785c50e5b24da5aa","name":"Roger Str\u00e4ssle","image":{"@type":"ImageObject","inLanguage":"en-US","@id":"https:\/\/secure.gravatar.com\/avatar\/862a5569d087de48e5856e32f45d719a03804c891d6deb8d4f71a660e79e4a47?s=96&d=mm&r=g","url":"https:\/\/secure.gravatar.com\/avatar\/862a5569d087de48e5856e32f45d719a03804c891d6deb8d4f71a660e79e4a47?s=96&d=mm&r=g","contentUrl":"https:\/\/secure.gravatar.com\/avatar\/862a5569d087de48e5856e32f45d719a03804c891d6deb8d4f71a660e79e4a47?s=96&d=mm&r=g","caption":"Roger Str\u00e4ssle"},"url":"https:\/\/news.save.ch\/en\/author\/roger-straessle\/"}]}},"_links":{"self":[{"href":"https:\/\/news.save.ch\/en\/wp-json\/wp\/v2\/posts\/4963","targetHints":{"allow":["GET"]}}],"collection":[{"href":"https:\/\/news.save.ch\/en\/wp-json\/wp\/v2\/posts"}],"about":[{"href":"https:\/\/news.save.ch\/en\/wp-json\/wp\/v2\/types\/post"}],"author":[{"embeddable":true,"href":"https:\/\/news.save.ch\/en\/wp-json\/wp\/v2\/users\/8"}],"replies":[{"embeddable":true,"href":"https:\/\/news.save.ch\/en\/wp-json\/wp\/v2\/comments?post=4963"}],"version-history":[{"count":0,"href":"https:\/\/news.save.ch\/en\/wp-json\/wp\/v2\/posts\/4963\/revisions"}],"wp:featuredmedia":[{"embeddable":true,"href":"https:\/\/news.save.ch\/en\/wp-json\/wp\/v2\/media\/4964"}],"wp:attachment":[{"href":"https:\/\/news.save.ch\/en\/wp-json\/wp\/v2\/media?parent=4963"}],"wp:term":[{"taxonomy":"category","embeddable":true,"href":"https:\/\/news.save.ch\/en\/wp-json\/wp\/v2\/categories?post=4963"},{"taxonomy":"post_tag","embeddable":true,"href":"https:\/\/news.save.ch\/en\/wp-json\/wp\/v2\/tags?post=4963"}],"curies":[{"name":"wp","href":"https:\/\/api.w.org\/{rel}","templated":true}]}}