{"id":500,"date":"2015-07-02T11:55:28","date_gmt":"2015-07-02T09:55:28","guid":{"rendered":"https:\/\/dev.sicherheitsforum.ch\/?p=500"},"modified":"2023-03-14T08:57:37","modified_gmt":"2023-03-14T07:57:37","slug":"zusaetzliche-pruefung-fuer-informatikprojekte-der-bundesverwaltung","status":null,"type":"post","link":"https:\/\/news.save.ch\/en\/zusaetzliche-pruefung-fuer-informatikprojekte-der-bundesverwaltung\/","title":{"rendered":"Additional audit for federal administration IT projects"},"content":{"rendered":"<p><img loading=\"lazy\" decoding=\"async\" class=\"alignnone wp-image-501 size-medium\" src=\"https:\/\/news.save.ch\/wp-content\/uploads\/2016\/12\/Zus\u00e4tzliche-Pr\u00fcfung-f\u00fcr-Informatikprojekte-der-Bundesverwaltung-it-security.jpg\" alt=\"projects and strategy binders\" width=\"680\" height=\"510\" \/><\/p>\n<p>The directives issued on July 1 take over the content of the previously applicable requirements and have been specifically supplemented with new regulations to optimize the management of ICT portfolios and ICT projects in the federal administration.<\/p>\n<p><strong>Project assessments before release<\/strong><\/p>\n<p>The new directives stipulate that a project assessment must be carried out before ICT projects with a total cost of more than five million Swiss francs are approved. Experts from outside the project review the quality of the management components and the relevant contextual factors of the project. The recommendations derived from this for the attention of the project-releasing authority are intended to enable improvement measures to be introduced at an early stage if necessary, or problematic projects to be avoided. The project assessments are commissioned centrally by the Federal IT Steering Committee (FSUIT). However, the responsibility for the project release and the subsequent project execution remains unrestrictedly with the project managers and the line organization of the respective administrative units responsible for the project.<\/p>\n<p><strong>Scope of the ICT key projects expanded<\/strong><\/p>\n<p>The Federal Council now also wants to define ICT projects in the areas of national roads and command and control systems and ICT infrastructures of the armed forces as key ICT projects. Since mid-2013, projects that require increased higher-level management, control and monitoring due to their resource requirements, strategic importance, complexity and risks have been periodically audited by the Swiss Federal Audit Office (SFAO) as ICT key projects. The SFAO's audit reports serve as an independent assessment for the line organization responsible for the project and are published on the SFAO's website. In addition, the Finance Delegation of the Federal Assembly now receives a semi-annual report from the Federal Council on the status of key ICT projects.<\/p>\n<p>The implementation of the new requirements will further increase the success rate of ICT projects in the central federal administration.<\/p>\n<p><a href=\"https:\/\/www.efv.admin.ch\/\" target=\"_blank\" data-cke-saved-href=\"https:\/\/www.efv.admin.ch\/\" rel=\"noopener\"><em>Press release Federal Department of Finance<\/em><\/a><\/p>","protected":false},"excerpt":{"rendered":"<p>Die am 1. Juli erlassenen Weisungen \u00fcbernehmen inhaltlich die bisher geltenden Vorgaben und wurden gezielt mit neuen Regelungen erg\u00e4nzt, um die Steuerung der IKT-Portfolios und der IKT-Projekte in der Bundesverwaltung zu optimieren. Projekt-Assessments vor Freigabe Die neuen Weisungen sehen vor, dass vor der Freigabe von IKT-Projekten mit einem Gesamtaufwand von mehr als f\u00fcnf Millionen Franken [&hellip;]<\/p>\n","protected":false},"author":1,"featured_media":501,"comment_status":"open","ping_status":"open","sticky":false,"template":"","format":"standard","meta":{"_acf_changed":false,"pgc_sgb_lightbox_settings":"","footnotes":""},"categories":[3313],"tags":[120,62,63],"class_list":["post-500","post","type-post","status-publish","format-standard","has-post-thumbnail","hentry","category-digitalisierung","tag-bundesamt","tag-ict-sicherheit","tag-it-security"],"acf":[],"hkrextid":null,"publication":null,"issue":null,"workflow":null,"startPage":null,"spitzmarke":null,"_posts_by_tag_page_fields":{"widget_title":"","widget_tags":""},"_at_widget":"1","_yoast_wpseo_primary_category":"2","_yoast_wpseo_focuskw_text_input":"Bundesverwaltung","_yoast_wpseo_opengraph-image":"https:\/\/news.save.ch\/wp-content\/uploads\/2016\/12\/Zus\u00e4tzliche-Pr\u00fcfung-f\u00fcr-Informatikprojekte-der-Bundesverwaltung-it-security.jpg","_yoast_wpseo_opengraph-description":"Der Bundesrat hat am 1. Juli 2015 Weisungen zu IKT-Projekten in der Bundesverwaltung und zum IKT-Portfolio des Bundes erlassen, die auch gleich in Kraft getreten sind. Unter anderem ist vorgesehen, dass vor der Freigabe von IKT-Grossprojekten von einer zentralen Stelle jeweils ein Assessment durchgef\u00fchrt wird. Zudem wurde der Geltungsbereich der Vorgaben f\u00fcr die IKT-Schl\u00fcsselprojekte ausgeweitet.","_yoast_wpseo_opengraph-title":"Zus\u00e4tzliche Pr\u00fcfung f\u00fcr Informatikprojekte der Bundesverwaltung","enclosure":null,"_yoast_wpseo_twitter-title":null,"_yoast_wpseo_twitter-description":null,"_yoast_wpseo_twitter-image":null,"_wp_old_slug":null,"_yoast_wpseo_title":null,"_yoast_wpseo_canonical":null,"yoast_head":"<!-- This site is optimized with the Yoast SEO plugin v27.5 - https:\/\/yoast.com\/product\/yoast-seo-wordpress\/ -->\n<title>Zus\u00e4tzliche Pr\u00fcfung f\u00fcr Informatikprojekte der Bundesverwaltung - Save<\/title>\n<meta name=\"description\" content=\"Der Bundesrat hat Weisungen zu IKT-Projekten in der Bundesverwaltung und zum IKT-Portfolio des Bundes erlassen, die auch gleich in Kraft getreten sind.\" \/>\n<meta name=\"robots\" content=\"index, follow, max-snippet:-1, max-image-preview:large, max-video-preview:-1\" \/>\n<link rel=\"canonical\" href=\"https:\/\/news.save.ch\/en\/zusaetzliche-pruefung-fuer-informatikprojekte-der-bundesverwaltung\/\" \/>\n<meta property=\"og:locale\" content=\"en_US\" \/>\n<meta property=\"og:type\" content=\"article\" \/>\n<meta property=\"og:title\" content=\"Zus\u00e4tzliche Pr\u00fcfung f\u00fcr Informatikprojekte der Bundesverwaltung\" \/>\n<meta property=\"og:description\" content=\"Der Bundesrat hat am 1. Juli 2015 Weisungen zu IKT-Projekten in der Bundesverwaltung und zum IKT-Portfolio des Bundes erlassen, die auch gleich in Kraft getreten sind. Unter anderem ist vorgesehen, dass vor der Freigabe von IKT-Grossprojekten von einer zentralen Stelle jeweils ein Assessment durchgef\u00fchrt wird. Zudem wurde der Geltungsbereich der Vorgaben f\u00fcr die IKT-Schl\u00fcsselprojekte ausgeweitet.\" \/>\n<meta property=\"og:url\" content=\"https:\/\/news.save.ch\/en\/zusaetzliche-pruefung-fuer-informatikprojekte-der-bundesverwaltung\/\" \/>\n<meta property=\"og:site_name\" content=\"Save\" \/>\n<meta property=\"article:published_time\" content=\"2015-07-02T09:55:28+00:00\" \/>\n<meta property=\"article:modified_time\" content=\"2023-03-14T07:57:37+00:00\" \/>\n<meta property=\"og:image\" content=\"https:\/\/news.save.ch\/wp-content\/uploads\/2016\/12\/Zus\u00e4tzliche-Pr\u00fcfung-f\u00fcr-Informatikprojekte-der-Bundesverwaltung-it-security.jpg\" \/>\n<meta name=\"author\" content=\"admin\" \/>\n<meta name=\"twitter:card\" content=\"summary_large_image\" \/>\n<meta name=\"twitter:label1\" content=\"Written by\" \/>\n\t<meta name=\"twitter:data1\" content=\"admin\" \/>\n\t<meta name=\"twitter:label2\" content=\"Est. reading time\" \/>\n\t<meta name=\"twitter:data2\" content=\"1 minute\" \/>\n<script type=\"application\/ld+json\" class=\"yoast-schema-graph\">{\"@context\":\"https:\\\/\\\/schema.org\",\"@graph\":[{\"@type\":\"Article\",\"@id\":\"https:\\\/\\\/news.save.ch\\\/zusaetzliche-pruefung-fuer-informatikprojekte-der-bundesverwaltung\\\/#article\",\"isPartOf\":{\"@id\":\"https:\\\/\\\/news.save.ch\\\/zusaetzliche-pruefung-fuer-informatikprojekte-der-bundesverwaltung\\\/\"},\"author\":{\"name\":\"admin\",\"@id\":\"https:\\\/\\\/news.save.ch\\\/de\\\/#\\\/schema\\\/person\\\/d49e199490bad7c70d64b9ab51142f2b\"},\"headline\":\"Zus\u00e4tzliche Pr\u00fcfung f\u00fcr Informatikprojekte der Bundesverwaltung\",\"datePublished\":\"2015-07-02T09:55:28+00:00\",\"dateModified\":\"2023-03-14T07:57:37+00:00\",\"mainEntityOfPage\":{\"@id\":\"https:\\\/\\\/news.save.ch\\\/zusaetzliche-pruefung-fuer-informatikprojekte-der-bundesverwaltung\\\/\"},\"wordCount\":284,\"commentCount\":0,\"publisher\":{\"@id\":\"https:\\\/\\\/news.save.ch\\\/de\\\/#organization\"},\"image\":{\"@id\":\"https:\\\/\\\/news.save.ch\\\/zusaetzliche-pruefung-fuer-informatikprojekte-der-bundesverwaltung\\\/#primaryimage\"},\"thumbnailUrl\":\"https:\\\/\\\/news.save.ch\\\/wp-content\\\/uploads\\\/2016\\\/12\\\/Zusaetzliche-Pruefung-fuer-Informatikprojekte-der-Bundesverwaltung-it-security-scaled.jpg\",\"keywords\":[\"Bundesamt\",\"ICT-Sicherheit\",\"IT-SECURITY\"],\"articleSection\":[\"DIGITALISIERUNG\"],\"inLanguage\":\"en-US\"},{\"@type\":\"WebPage\",\"@id\":\"https:\\\/\\\/news.save.ch\\\/zusaetzliche-pruefung-fuer-informatikprojekte-der-bundesverwaltung\\\/\",\"url\":\"https:\\\/\\\/news.save.ch\\\/zusaetzliche-pruefung-fuer-informatikprojekte-der-bundesverwaltung\\\/\",\"name\":\"Zus\u00e4tzliche Pr\u00fcfung f\u00fcr Informatikprojekte der Bundesverwaltung - Save\",\"isPartOf\":{\"@id\":\"https:\\\/\\\/news.save.ch\\\/de\\\/#website\"},\"primaryImageOfPage\":{\"@id\":\"https:\\\/\\\/news.save.ch\\\/zusaetzliche-pruefung-fuer-informatikprojekte-der-bundesverwaltung\\\/#primaryimage\"},\"image\":{\"@id\":\"https:\\\/\\\/news.save.ch\\\/zusaetzliche-pruefung-fuer-informatikprojekte-der-bundesverwaltung\\\/#primaryimage\"},\"thumbnailUrl\":\"https:\\\/\\\/news.save.ch\\\/wp-content\\\/uploads\\\/2016\\\/12\\\/Zusaetzliche-Pruefung-fuer-Informatikprojekte-der-Bundesverwaltung-it-security-scaled.jpg\",\"datePublished\":\"2015-07-02T09:55:28+00:00\",\"dateModified\":\"2023-03-14T07:57:37+00:00\",\"description\":\"Der Bundesrat hat Weisungen zu IKT-Projekten in der Bundesverwaltung und zum IKT-Portfolio des Bundes erlassen, die auch gleich in Kraft getreten sind.\",\"breadcrumb\":{\"@id\":\"https:\\\/\\\/news.save.ch\\\/zusaetzliche-pruefung-fuer-informatikprojekte-der-bundesverwaltung\\\/#breadcrumb\"},\"inLanguage\":\"en-US\",\"potentialAction\":[{\"@type\":\"ReadAction\",\"target\":[\"https:\\\/\\\/news.save.ch\\\/zusaetzliche-pruefung-fuer-informatikprojekte-der-bundesverwaltung\\\/\"]}]},{\"@type\":\"ImageObject\",\"inLanguage\":\"en-US\",\"@id\":\"https:\\\/\\\/news.save.ch\\\/zusaetzliche-pruefung-fuer-informatikprojekte-der-bundesverwaltung\\\/#primaryimage\",\"url\":\"https:\\\/\\\/news.save.ch\\\/wp-content\\\/uploads\\\/2016\\\/12\\\/Zusaetzliche-Pruefung-fuer-Informatikprojekte-der-Bundesverwaltung-it-security-scaled.jpg\",\"contentUrl\":\"https:\\\/\\\/news.save.ch\\\/wp-content\\\/uploads\\\/2016\\\/12\\\/Zusaetzliche-Pruefung-fuer-Informatikprojekte-der-Bundesverwaltung-it-security-scaled.jpg\",\"width\":1400,\"height\":1050},{\"@type\":\"BreadcrumbList\",\"@id\":\"https:\\\/\\\/news.save.ch\\\/zusaetzliche-pruefung-fuer-informatikprojekte-der-bundesverwaltung\\\/#breadcrumb\",\"itemListElement\":[{\"@type\":\"ListItem\",\"position\":1,\"name\":\"Home\",\"item\":\"https:\\\/\\\/news.save.ch\\\/de\\\/\"},{\"@type\":\"ListItem\",\"position\":2,\"name\":\"Zus\u00e4tzliche Pr\u00fcfung f\u00fcr Informatikprojekte der Bundesverwaltung\"}]},{\"@type\":\"WebSite\",\"@id\":\"https:\\\/\\\/news.save.ch\\\/de\\\/#website\",\"url\":\"https:\\\/\\\/news.save.ch\\\/de\\\/\",\"name\":\"Save\",\"description\":\"Schweizer Fachzeitschrift f\u00fcr Sicherheit\",\"publisher\":{\"@id\":\"https:\\\/\\\/news.save.ch\\\/de\\\/#organization\"},\"potentialAction\":[{\"@type\":\"SearchAction\",\"target\":{\"@type\":\"EntryPoint\",\"urlTemplate\":\"https:\\\/\\\/news.save.ch\\\/de\\\/?s={search_term_string}\"},\"query-input\":{\"@type\":\"PropertyValueSpecification\",\"valueRequired\":true,\"valueName\":\"search_term_string\"}}],\"inLanguage\":\"en-US\"},{\"@type\":\"Organization\",\"@id\":\"https:\\\/\\\/news.save.ch\\\/de\\\/#organization\",\"name\":\"Sicherheitsforum\",\"url\":\"https:\\\/\\\/news.save.ch\\\/de\\\/\",\"logo\":{\"@type\":\"ImageObject\",\"inLanguage\":\"en-US\",\"@id\":\"https:\\\/\\\/news.save.ch\\\/de\\\/#\\\/schema\\\/logo\\\/image\\\/\",\"url\":\"https:\\\/\\\/news.save.ch\\\/wp-content\\\/uploads\\\/2022\\\/06\\\/Logo_SF_2012.png\",\"contentUrl\":\"https:\\\/\\\/news.save.ch\\\/wp-content\\\/uploads\\\/2022\\\/06\\\/Logo_SF_2012.png\",\"width\":1100,\"height\":91,\"caption\":\"Sicherheitsforum\"},\"image\":{\"@id\":\"https:\\\/\\\/news.save.ch\\\/de\\\/#\\\/schema\\\/logo\\\/image\\\/\"}},{\"@type\":\"Person\",\"@id\":\"https:\\\/\\\/news.save.ch\\\/de\\\/#\\\/schema\\\/person\\\/d49e199490bad7c70d64b9ab51142f2b\",\"name\":\"admin\",\"image\":{\"@type\":\"ImageObject\",\"inLanguage\":\"en-US\",\"@id\":\"https:\\\/\\\/secure.gravatar.com\\\/avatar\\\/ae2f4d718e6c49043e314ce431e7e645d646302a24a5ef5a8bc8e3f5a032e319?s=96&d=mm&r=g\",\"url\":\"https:\\\/\\\/secure.gravatar.com\\\/avatar\\\/ae2f4d718e6c49043e314ce431e7e645d646302a24a5ef5a8bc8e3f5a032e319?s=96&d=mm&r=g\",\"contentUrl\":\"https:\\\/\\\/secure.gravatar.com\\\/avatar\\\/ae2f4d718e6c49043e314ce431e7e645d646302a24a5ef5a8bc8e3f5a032e319?s=96&d=mm&r=g\",\"caption\":\"admin\"},\"sameAs\":[\"https:\\\/\\\/develop.organisator.galledia.ch\"],\"url\":\"https:\\\/\\\/news.save.ch\\\/en\\\/author\\\/admin\\\/\"}]}<\/script>\n<!-- \/ Yoast SEO plugin. -->","yoast_head_json":{"title":"Additional audit for federal administration IT projects - Save","description":"The Federal Council issued directives on ICT projects in the federal administration and on the federal ICT portfolio, which also came into force immediately.","robots":{"index":"index","follow":"follow","max-snippet":"max-snippet:-1","max-image-preview":"max-image-preview:large","max-video-preview":"max-video-preview:-1"},"canonical":"https:\/\/news.save.ch\/en\/zusaetzliche-pruefung-fuer-informatikprojekte-der-bundesverwaltung\/","og_locale":"en_US","og_type":"article","og_title":"Zus\u00e4tzliche Pr\u00fcfung f\u00fcr Informatikprojekte der Bundesverwaltung","og_description":"Der Bundesrat hat am 1. Juli 2015 Weisungen zu IKT-Projekten in der Bundesverwaltung und zum IKT-Portfolio des Bundes erlassen, die auch gleich in Kraft getreten sind. Unter anderem ist vorgesehen, dass vor der Freigabe von IKT-Grossprojekten von einer zentralen Stelle jeweils ein Assessment durchgef\u00fchrt wird. Zudem wurde der Geltungsbereich der Vorgaben f\u00fcr die IKT-Schl\u00fcsselprojekte ausgeweitet.","og_url":"https:\/\/news.save.ch\/en\/zusaetzliche-pruefung-fuer-informatikprojekte-der-bundesverwaltung\/","og_site_name":"Save","article_published_time":"2015-07-02T09:55:28+00:00","article_modified_time":"2023-03-14T07:57:37+00:00","og_image":[{"url":"https:\/\/news.save.ch\/wp-content\/uploads\/2016\/12\/Zus\u00e4tzliche-Pr\u00fcfung-f\u00fcr-Informatikprojekte-der-Bundesverwaltung-it-security.jpg","type":"","width":"","height":""}],"author":"admin","twitter_card":"summary_large_image","twitter_misc":{"Written by":"admin","Est. reading time":"1 minute"},"schema":{"@context":"https:\/\/schema.org","@graph":[{"@type":"Article","@id":"https:\/\/news.save.ch\/zusaetzliche-pruefung-fuer-informatikprojekte-der-bundesverwaltung\/#article","isPartOf":{"@id":"https:\/\/news.save.ch\/zusaetzliche-pruefung-fuer-informatikprojekte-der-bundesverwaltung\/"},"author":{"name":"admin","@id":"https:\/\/news.save.ch\/de\/#\/schema\/person\/d49e199490bad7c70d64b9ab51142f2b"},"headline":"Zus\u00e4tzliche Pr\u00fcfung f\u00fcr Informatikprojekte der Bundesverwaltung","datePublished":"2015-07-02T09:55:28+00:00","dateModified":"2023-03-14T07:57:37+00:00","mainEntityOfPage":{"@id":"https:\/\/news.save.ch\/zusaetzliche-pruefung-fuer-informatikprojekte-der-bundesverwaltung\/"},"wordCount":284,"commentCount":0,"publisher":{"@id":"https:\/\/news.save.ch\/de\/#organization"},"image":{"@id":"https:\/\/news.save.ch\/zusaetzliche-pruefung-fuer-informatikprojekte-der-bundesverwaltung\/#primaryimage"},"thumbnailUrl":"https:\/\/news.save.ch\/wp-content\/uploads\/2016\/12\/Zusaetzliche-Pruefung-fuer-Informatikprojekte-der-Bundesverwaltung-it-security-scaled.jpg","keywords":["Bundesamt","ICT-Sicherheit","IT-SECURITY"],"articleSection":["DIGITALISIERUNG"],"inLanguage":"en-US"},{"@type":"WebPage","@id":"https:\/\/news.save.ch\/zusaetzliche-pruefung-fuer-informatikprojekte-der-bundesverwaltung\/","url":"https:\/\/news.save.ch\/zusaetzliche-pruefung-fuer-informatikprojekte-der-bundesverwaltung\/","name":"Additional audit for federal administration IT projects - Save","isPartOf":{"@id":"https:\/\/news.save.ch\/de\/#website"},"primaryImageOfPage":{"@id":"https:\/\/news.save.ch\/zusaetzliche-pruefung-fuer-informatikprojekte-der-bundesverwaltung\/#primaryimage"},"image":{"@id":"https:\/\/news.save.ch\/zusaetzliche-pruefung-fuer-informatikprojekte-der-bundesverwaltung\/#primaryimage"},"thumbnailUrl":"https:\/\/news.save.ch\/wp-content\/uploads\/2016\/12\/Zusaetzliche-Pruefung-fuer-Informatikprojekte-der-Bundesverwaltung-it-security-scaled.jpg","datePublished":"2015-07-02T09:55:28+00:00","dateModified":"2023-03-14T07:57:37+00:00","description":"The Federal Council issued directives on ICT projects in the federal administration and on the federal ICT portfolio, which also came into force immediately.","breadcrumb":{"@id":"https:\/\/news.save.ch\/zusaetzliche-pruefung-fuer-informatikprojekte-der-bundesverwaltung\/#breadcrumb"},"inLanguage":"en-US","potentialAction":[{"@type":"ReadAction","target":["https:\/\/news.save.ch\/zusaetzliche-pruefung-fuer-informatikprojekte-der-bundesverwaltung\/"]}]},{"@type":"ImageObject","inLanguage":"en-US","@id":"https:\/\/news.save.ch\/zusaetzliche-pruefung-fuer-informatikprojekte-der-bundesverwaltung\/#primaryimage","url":"https:\/\/news.save.ch\/wp-content\/uploads\/2016\/12\/Zusaetzliche-Pruefung-fuer-Informatikprojekte-der-Bundesverwaltung-it-security-scaled.jpg","contentUrl":"https:\/\/news.save.ch\/wp-content\/uploads\/2016\/12\/Zusaetzliche-Pruefung-fuer-Informatikprojekte-der-Bundesverwaltung-it-security-scaled.jpg","width":1400,"height":1050},{"@type":"BreadcrumbList","@id":"https:\/\/news.save.ch\/zusaetzliche-pruefung-fuer-informatikprojekte-der-bundesverwaltung\/#breadcrumb","itemListElement":[{"@type":"ListItem","position":1,"name":"Home","item":"https:\/\/news.save.ch\/de\/"},{"@type":"ListItem","position":2,"name":"Zus\u00e4tzliche Pr\u00fcfung f\u00fcr Informatikprojekte der Bundesverwaltung"}]},{"@type":"WebSite","@id":"https:\/\/news.save.ch\/de\/#website","url":"https:\/\/news.save.ch\/de\/","name":"Save","description":"Swiss trade journal for safety","publisher":{"@id":"https:\/\/news.save.ch\/de\/#organization"},"potentialAction":[{"@type":"SearchAction","target":{"@type":"EntryPoint","urlTemplate":"https:\/\/news.save.ch\/de\/?s={search_term_string}"},"query-input":{"@type":"PropertyValueSpecification","valueRequired":true,"valueName":"search_term_string"}}],"inLanguage":"en-US"},{"@type":"Organization","@id":"https:\/\/news.save.ch\/de\/#organization","name":"Security Forum","url":"https:\/\/news.save.ch\/de\/","logo":{"@type":"ImageObject","inLanguage":"en-US","@id":"https:\/\/news.save.ch\/de\/#\/schema\/logo\/image\/","url":"https:\/\/news.save.ch\/wp-content\/uploads\/2022\/06\/Logo_SF_2012.png","contentUrl":"https:\/\/news.save.ch\/wp-content\/uploads\/2022\/06\/Logo_SF_2012.png","width":1100,"height":91,"caption":"Sicherheitsforum"},"image":{"@id":"https:\/\/news.save.ch\/de\/#\/schema\/logo\/image\/"}},{"@type":"Person","@id":"https:\/\/news.save.ch\/de\/#\/schema\/person\/d49e199490bad7c70d64b9ab51142f2b","name":"admin","image":{"@type":"ImageObject","inLanguage":"en-US","@id":"https:\/\/secure.gravatar.com\/avatar\/ae2f4d718e6c49043e314ce431e7e645d646302a24a5ef5a8bc8e3f5a032e319?s=96&d=mm&r=g","url":"https:\/\/secure.gravatar.com\/avatar\/ae2f4d718e6c49043e314ce431e7e645d646302a24a5ef5a8bc8e3f5a032e319?s=96&d=mm&r=g","contentUrl":"https:\/\/secure.gravatar.com\/avatar\/ae2f4d718e6c49043e314ce431e7e645d646302a24a5ef5a8bc8e3f5a032e319?s=96&d=mm&r=g","caption":"admin"},"sameAs":["https:\/\/develop.organisator.galledia.ch"],"url":"https:\/\/news.save.ch\/en\/author\/admin\/"}]}},"_links":{"self":[{"href":"https:\/\/news.save.ch\/en\/wp-json\/wp\/v2\/posts\/500","targetHints":{"allow":["GET"]}}],"collection":[{"href":"https:\/\/news.save.ch\/en\/wp-json\/wp\/v2\/posts"}],"about":[{"href":"https:\/\/news.save.ch\/en\/wp-json\/wp\/v2\/types\/post"}],"author":[{"embeddable":true,"href":"https:\/\/news.save.ch\/en\/wp-json\/wp\/v2\/users\/1"}],"replies":[{"embeddable":true,"href":"https:\/\/news.save.ch\/en\/wp-json\/wp\/v2\/comments?post=500"}],"version-history":[{"count":1,"href":"https:\/\/news.save.ch\/en\/wp-json\/wp\/v2\/posts\/500\/revisions"}],"predecessor-version":[{"id":17766,"href":"https:\/\/news.save.ch\/en\/wp-json\/wp\/v2\/posts\/500\/revisions\/17766"}],"wp:featuredmedia":[{"embeddable":true,"href":"https:\/\/news.save.ch\/en\/wp-json\/wp\/v2\/media\/501"}],"wp:attachment":[{"href":"https:\/\/news.save.ch\/en\/wp-json\/wp\/v2\/media?parent=500"}],"wp:term":[{"taxonomy":"category","embeddable":true,"href":"https:\/\/news.save.ch\/en\/wp-json\/wp\/v2\/categories?post=500"},{"taxonomy":"post_tag","embeddable":true,"href":"https:\/\/news.save.ch\/en\/wp-json\/wp\/v2\/tags?post=500"}],"curies":[{"name":"wp","href":"https:\/\/api.w.org\/{rel}","templated":true}]}}