{"id":5131,"date":"2020-01-21T09:15:05","date_gmt":"2020-01-21T08:15:05","guid":{"rendered":"https:\/\/news.save.ch\/?p=5131"},"modified":"2023-03-14T09:05:05","modified_gmt":"2023-03-14T08:05:05","slug":"sgig-gv-2020","status":null,"type":"post","link":"https:\/\/news.save.ch\/en\/sgig-gv-2020\/","title":{"rendered":"SGIG GV 2020"},"content":{"rendered":"<figure id=\"attachment_5136\" aria-describedby=\"caption-attachment-5136\" style=\"width: 680px\" class=\"wp-caption alignnone\"><img loading=\"lazy\" decoding=\"async\" class=\"size-medium wp-image-5136\" src=\"http:\/\/develop.safety-plus.ch\/wp-content\/uploads\/2020\/01\/Chnusper_Laden_Neu.jpg\" alt=\"\" width=\"680\" height=\"449\" srcset=\"https:\/\/news.save.ch\/wp-content\/uploads\/2020\/01\/Chnusper_Laden_Neu.jpg 898w, https:\/\/news.save.ch\/wp-content\/uploads\/2020\/01\/Chnusper_Laden_Neu-680x449.jpg 680w, https:\/\/news.save.ch\/wp-content\/uploads\/2020\/01\/Chnusper_Laden_Neu-768x507.jpg 768w, https:\/\/news.save.ch\/wp-content\/uploads\/2020\/01\/Chnusper_Laden_Neu-18x12.jpg 18w, https:\/\/news.save.ch\/wp-content\/uploads\/2020\/01\/Chnusper_Laden_Neu-375x248.jpg 375w, https:\/\/news.save.ch\/wp-content\/uploads\/2020\/01\/Chnusper_Laden_Neu-530x350.jpg 530w\" sizes=\"auto, (max-width: 680px) 100vw, 680px\" \/><figcaption id=\"caption-attachment-5136\" class=\"wp-caption-text\">In the afternoon after the AGM, in addition to a tour of the plant, the presentation of the new \"backhaus\" project and the possibility of a visit with tasting in the Chnusper store are planned. \u00a9 E.T.Studhalter\/HUG AG<\/figcaption><\/figure>\n<p>Immediately after the General Assembly, there will be a \"World Caf\u00e9\". In various discussion rounds, the \"Vision SGIG 2030\" will be developed with the active involvement of those present. Afterwards, the participants will get an in-depth insight into the Swiss family business Hug AG as a responsible employer.<\/p>\n<p>In addition to an informative presentation on the subject of food safety, there will be a tour of the company with a presentation of the new building project \"backhaus\" and there will be the possibility of a visit with tasting in the Chnusper store.<\/p>\n<p><strong>Conference program (excerpt)<br \/>\n<\/strong><\/p>\n<p>from 08.30 Arrival of the participants<\/p>\n<p>09.00 Welcome by the SGIG President and General Assembly<\/p>\n<p>09.45 - 10.45 World Caf\u00e9: Vision SGIG 2030<\/p>\n<p>10.45 - 11.15 Break<\/p>\n<p>11.15 - 11.40 Welcome by Hug AG<\/p>\n<p>12.15 - 14.15 Lunch<\/p>\n<p>14.15 - 15.15 Factory tour<\/p>\n<p>15.15 - 15.45 Presentation of the new building project \"backhaus<\/p>\n<p>15.45 - 16.15 Food &amp; occupational safety with or against each other<\/p>\n<p>from 16.15 Closing question and answer session<\/p>\n<p>Venue: Hug AG, Neum\u00fchlestrasse 4, 6012 Malters\/LU<\/p>\n<p>Information incl. registration form on the association website. Registration deadline: February 6, 2020.<\/p>\n<p><a href=\"http:\/\/www.sgig.ch\">www.sgig.ch<\/a><\/p>","protected":false},"excerpt":{"rendered":"<p>Direkt nach der Generalversammlung gibt es ein \u00abWorld-Caf\u00e9\u00bb. In verschiedenen Gespr\u00e4chsrunden soll damit unter aktivem Einbezug der Anwesenden die \u00abVision SGIG 2030\u00bb erarbeitet werden. Im Anschluss daran erhalten die Teilnehmenden einen vertieften Einblick in den\u00a0 schweizerischen Familienbetrieb Hug AG als verantwortungsvoller Arbeitgeber. Neben einem informativen Fachreferat zum Thema Lebensmittelsicherheit gibt es einen Betriebsrundgang mit Vorstellung [&hellip;]<\/p>\n","protected":false},"author":1,"featured_media":5136,"comment_status":"closed","ping_status":"closed","sticky":false,"template":"","format":"standard","meta":{"_acf_changed":false,"pgc_sgb_lightbox_settings":"","footnotes":""},"categories":[1,3314],"tags":[183,172,1775,2165,149,2669,596,160],"class_list":["post-5131","post","type-post","status-publish","format-standard","has-post-thumbnail","hentry","category-allgemein","category-health-safety","tag-arbeitsplatzgestaltung","tag-arbeitssicherheit","tag-betriebliches-gesundheitsmanagement","tag-gesundheitsfoerderung","tag-gesundheitsschutz","tag-persoenliche-schutzausruestung-psa","tag-veranstaltung","tag-veranstaltungen"],"acf":[],"hkrextid":null,"publication":null,"issue":null,"workflow":null,"startPage":null,"spitzmarke":null,"_posts_by_tag_page_fields":{"widget_title":"","widget_tags":""},"_at_widget":"1","_yoast_wpseo_primary_category":"1","_yoast_wpseo_focuskw_text_input":"SGIG GV 2020","_yoast_wpseo_opengraph-image":null,"_yoast_wpseo_opengraph-description":null,"_yoast_wpseo_opengraph-title":null,"enclosure":null,"_yoast_wpseo_twitter-title":null,"_yoast_wpseo_twitter-description":null,"_yoast_wpseo_twitter-image":null,"_wp_old_slug":null,"_yoast_wpseo_title":null,"_yoast_wpseo_canonical":null,"yoast_head":"<!-- This site is optimized with the Yoast SEO plugin v27.5 - https:\/\/yoast.com\/product\/yoast-seo-wordpress\/ -->\n<title>SGIG GV 2020 - Save<\/title>\n<meta name=\"description\" content=\"Nach der SGIG GV ist nebst einem Betriebsrundgang die Vorstellung des Neubau-Projektes \u00abbackhaus\u00bb und eine Degustation im Chnusper-Laden geplant.\" \/>\n<meta name=\"robots\" content=\"index, follow, max-snippet:-1, max-image-preview:large, max-video-preview:-1\" \/>\n<link rel=\"canonical\" href=\"https:\/\/news.save.ch\/en\/sgig-gv-2020\/\" \/>\n<meta property=\"og:locale\" content=\"en_US\" \/>\n<meta property=\"og:type\" content=\"article\" \/>\n<meta property=\"og:title\" content=\"SGIG GV 2020 - Save\" \/>\n<meta property=\"og:description\" content=\"Nach der SGIG GV ist nebst einem Betriebsrundgang die Vorstellung des Neubau-Projektes \u00abbackhaus\u00bb und eine Degustation im Chnusper-Laden geplant.\" \/>\n<meta property=\"og:url\" content=\"https:\/\/news.save.ch\/en\/sgig-gv-2020\/\" \/>\n<meta property=\"og:site_name\" content=\"Save\" \/>\n<meta property=\"article:published_time\" content=\"2020-01-21T08:15:05+00:00\" \/>\n<meta property=\"article:modified_time\" content=\"2023-03-14T08:05:05+00:00\" \/>\n<meta property=\"og:image\" content=\"https:\/\/news.save.ch\/wp-content\/uploads\/2020\/01\/Chnusper_Laden_Neu.jpg\" \/>\n\t<meta property=\"og:image:width\" content=\"898\" \/>\n\t<meta property=\"og:image:height\" content=\"593\" \/>\n\t<meta property=\"og:image:type\" content=\"image\/jpeg\" \/>\n<meta name=\"author\" content=\"admin\" \/>\n<meta name=\"twitter:card\" content=\"summary_large_image\" \/>\n<meta name=\"twitter:label1\" content=\"Written by\" \/>\n\t<meta name=\"twitter:data1\" content=\"admin\" \/>\n\t<meta name=\"twitter:label2\" content=\"Est. reading time\" \/>\n\t<meta name=\"twitter:data2\" content=\"1 minute\" \/>\n<script type=\"application\/ld+json\" class=\"yoast-schema-graph\">{\"@context\":\"https:\\\/\\\/schema.org\",\"@graph\":[{\"@type\":\"Article\",\"@id\":\"https:\\\/\\\/news.save.ch\\\/sgig-gv-2020\\\/#article\",\"isPartOf\":{\"@id\":\"https:\\\/\\\/news.save.ch\\\/sgig-gv-2020\\\/\"},\"author\":{\"name\":\"admin\",\"@id\":\"https:\\\/\\\/news.save.ch\\\/de\\\/#\\\/schema\\\/person\\\/d49e199490bad7c70d64b9ab51142f2b\"},\"headline\":\"SGIG GV 2020\",\"datePublished\":\"2020-01-21T08:15:05+00:00\",\"dateModified\":\"2023-03-14T08:05:05+00:00\",\"mainEntityOfPage\":{\"@id\":\"https:\\\/\\\/news.save.ch\\\/sgig-gv-2020\\\/\"},\"wordCount\":164,\"publisher\":{\"@id\":\"https:\\\/\\\/news.save.ch\\\/de\\\/#organization\"},\"image\":{\"@id\":\"https:\\\/\\\/news.save.ch\\\/sgig-gv-2020\\\/#primaryimage\"},\"thumbnailUrl\":\"https:\\\/\\\/news.save.ch\\\/wp-content\\\/uploads\\\/2020\\\/01\\\/Chnusper_Laden_Neu.jpg\",\"keywords\":[\"Arbeitsplatzgestaltung\",\"Arbeitssicherheit\",\"Betriebliches Gesundheitsmanagement\",\"Gesundheitsf\u00f6rderung\",\"Gesundheitsschutz\",\"Pers\u00f6nliche Schutzausr\u00fcstung (PSA)\",\"Veranstaltung\",\"Veranstaltungen\"],\"articleSection\":[\"ALLGEMEIN\",\"HEALTH &amp; SAFETY\"],\"inLanguage\":\"en-US\"},{\"@type\":\"WebPage\",\"@id\":\"https:\\\/\\\/news.save.ch\\\/sgig-gv-2020\\\/\",\"url\":\"https:\\\/\\\/news.save.ch\\\/sgig-gv-2020\\\/\",\"name\":\"SGIG GV 2020 - Save\",\"isPartOf\":{\"@id\":\"https:\\\/\\\/news.save.ch\\\/de\\\/#website\"},\"primaryImageOfPage\":{\"@id\":\"https:\\\/\\\/news.save.ch\\\/sgig-gv-2020\\\/#primaryimage\"},\"image\":{\"@id\":\"https:\\\/\\\/news.save.ch\\\/sgig-gv-2020\\\/#primaryimage\"},\"thumbnailUrl\":\"https:\\\/\\\/news.save.ch\\\/wp-content\\\/uploads\\\/2020\\\/01\\\/Chnusper_Laden_Neu.jpg\",\"datePublished\":\"2020-01-21T08:15:05+00:00\",\"dateModified\":\"2023-03-14T08:05:05+00:00\",\"description\":\"Nach der SGIG GV ist nebst einem Betriebsrundgang die Vorstellung des Neubau-Projektes \u00abbackhaus\u00bb und eine Degustation im Chnusper-Laden geplant.\",\"breadcrumb\":{\"@id\":\"https:\\\/\\\/news.save.ch\\\/sgig-gv-2020\\\/#breadcrumb\"},\"inLanguage\":\"en-US\",\"potentialAction\":[{\"@type\":\"ReadAction\",\"target\":[\"https:\\\/\\\/news.save.ch\\\/sgig-gv-2020\\\/\"]}]},{\"@type\":\"ImageObject\",\"inLanguage\":\"en-US\",\"@id\":\"https:\\\/\\\/news.save.ch\\\/sgig-gv-2020\\\/#primaryimage\",\"url\":\"https:\\\/\\\/news.save.ch\\\/wp-content\\\/uploads\\\/2020\\\/01\\\/Chnusper_Laden_Neu.jpg\",\"contentUrl\":\"https:\\\/\\\/news.save.ch\\\/wp-content\\\/uploads\\\/2020\\\/01\\\/Chnusper_Laden_Neu.jpg\",\"width\":898,\"height\":593,\"caption\":\"Am Nachmittag nach der GV ist nebst einem Betriebsrundgang die Vorstellung des Neubau-Projektes \u00abbackhaus\u00bb und die M\u00f6glichkeit eines Besuches mit Degustation im Chnusper-Laden geplant. \u00a9 HUG AG ths\\\/Photo by: E.T.STUDHALTER \\\/ HUG AG\"},{\"@type\":\"BreadcrumbList\",\"@id\":\"https:\\\/\\\/news.save.ch\\\/sgig-gv-2020\\\/#breadcrumb\",\"itemListElement\":[{\"@type\":\"ListItem\",\"position\":1,\"name\":\"Home\",\"item\":\"https:\\\/\\\/news.save.ch\\\/de\\\/\"},{\"@type\":\"ListItem\",\"position\":2,\"name\":\"SGIG GV 2020\"}]},{\"@type\":\"WebSite\",\"@id\":\"https:\\\/\\\/news.save.ch\\\/de\\\/#website\",\"url\":\"https:\\\/\\\/news.save.ch\\\/de\\\/\",\"name\":\"Save\",\"description\":\"Schweizer Fachzeitschrift f\u00fcr Sicherheit\",\"publisher\":{\"@id\":\"https:\\\/\\\/news.save.ch\\\/de\\\/#organization\"},\"potentialAction\":[{\"@type\":\"SearchAction\",\"target\":{\"@type\":\"EntryPoint\",\"urlTemplate\":\"https:\\\/\\\/news.save.ch\\\/de\\\/?s={search_term_string}\"},\"query-input\":{\"@type\":\"PropertyValueSpecification\",\"valueRequired\":true,\"valueName\":\"search_term_string\"}}],\"inLanguage\":\"en-US\"},{\"@type\":\"Organization\",\"@id\":\"https:\\\/\\\/news.save.ch\\\/de\\\/#organization\",\"name\":\"Sicherheitsforum\",\"url\":\"https:\\\/\\\/news.save.ch\\\/de\\\/\",\"logo\":{\"@type\":\"ImageObject\",\"inLanguage\":\"en-US\",\"@id\":\"https:\\\/\\\/news.save.ch\\\/de\\\/#\\\/schema\\\/logo\\\/image\\\/\",\"url\":\"https:\\\/\\\/news.save.ch\\\/wp-content\\\/uploads\\\/2022\\\/06\\\/Logo_SF_2012.png\",\"contentUrl\":\"https:\\\/\\\/news.save.ch\\\/wp-content\\\/uploads\\\/2022\\\/06\\\/Logo_SF_2012.png\",\"width\":1100,\"height\":91,\"caption\":\"Sicherheitsforum\"},\"image\":{\"@id\":\"https:\\\/\\\/news.save.ch\\\/de\\\/#\\\/schema\\\/logo\\\/image\\\/\"}},{\"@type\":\"Person\",\"@id\":\"https:\\\/\\\/news.save.ch\\\/de\\\/#\\\/schema\\\/person\\\/d49e199490bad7c70d64b9ab51142f2b\",\"name\":\"admin\",\"image\":{\"@type\":\"ImageObject\",\"inLanguage\":\"en-US\",\"@id\":\"https:\\\/\\\/secure.gravatar.com\\\/avatar\\\/ae2f4d718e6c49043e314ce431e7e645d646302a24a5ef5a8bc8e3f5a032e319?s=96&d=mm&r=g\",\"url\":\"https:\\\/\\\/secure.gravatar.com\\\/avatar\\\/ae2f4d718e6c49043e314ce431e7e645d646302a24a5ef5a8bc8e3f5a032e319?s=96&d=mm&r=g\",\"contentUrl\":\"https:\\\/\\\/secure.gravatar.com\\\/avatar\\\/ae2f4d718e6c49043e314ce431e7e645d646302a24a5ef5a8bc8e3f5a032e319?s=96&d=mm&r=g\",\"caption\":\"admin\"},\"sameAs\":[\"https:\\\/\\\/develop.organisator.galledia.ch\"],\"url\":\"https:\\\/\\\/news.save.ch\\\/en\\\/author\\\/admin\\\/\"}]}<\/script>\n<!-- \/ Yoast SEO plugin. -->","yoast_head_json":{"title":"SGIG GV 2020 - Save","description":"After the SGIG GV, in addition to a tour of the company, the presentation of the new building project \"backhaus\" and a tasting in the Chnusper store is planned.","robots":{"index":"index","follow":"follow","max-snippet":"max-snippet:-1","max-image-preview":"max-image-preview:large","max-video-preview":"max-video-preview:-1"},"canonical":"https:\/\/news.save.ch\/en\/sgig-gv-2020\/","og_locale":"en_US","og_type":"article","og_title":"SGIG GV 2020 - Save","og_description":"Nach der SGIG GV ist nebst einem Betriebsrundgang die Vorstellung des Neubau-Projektes \u00abbackhaus\u00bb und eine Degustation im Chnusper-Laden geplant.","og_url":"https:\/\/news.save.ch\/en\/sgig-gv-2020\/","og_site_name":"Save","article_published_time":"2020-01-21T08:15:05+00:00","article_modified_time":"2023-03-14T08:05:05+00:00","og_image":[{"width":898,"height":593,"url":"https:\/\/news.save.ch\/wp-content\/uploads\/2020\/01\/Chnusper_Laden_Neu.jpg","type":"image\/jpeg"}],"author":"admin","twitter_card":"summary_large_image","twitter_misc":{"Written by":"admin","Est. reading time":"1 minute"},"schema":{"@context":"https:\/\/schema.org","@graph":[{"@type":"Article","@id":"https:\/\/news.save.ch\/sgig-gv-2020\/#article","isPartOf":{"@id":"https:\/\/news.save.ch\/sgig-gv-2020\/"},"author":{"name":"admin","@id":"https:\/\/news.save.ch\/de\/#\/schema\/person\/d49e199490bad7c70d64b9ab51142f2b"},"headline":"SGIG GV 2020","datePublished":"2020-01-21T08:15:05+00:00","dateModified":"2023-03-14T08:05:05+00:00","mainEntityOfPage":{"@id":"https:\/\/news.save.ch\/sgig-gv-2020\/"},"wordCount":164,"publisher":{"@id":"https:\/\/news.save.ch\/de\/#organization"},"image":{"@id":"https:\/\/news.save.ch\/sgig-gv-2020\/#primaryimage"},"thumbnailUrl":"https:\/\/news.save.ch\/wp-content\/uploads\/2020\/01\/Chnusper_Laden_Neu.jpg","keywords":["Arbeitsplatzgestaltung","Arbeitssicherheit","Betriebliches Gesundheitsmanagement","Gesundheitsf\u00f6rderung","Gesundheitsschutz","Pers\u00f6nliche Schutzausr\u00fcstung (PSA)","Veranstaltung","Veranstaltungen"],"articleSection":["ALLGEMEIN","HEALTH &amp; SAFETY"],"inLanguage":"en-US"},{"@type":"WebPage","@id":"https:\/\/news.save.ch\/sgig-gv-2020\/","url":"https:\/\/news.save.ch\/sgig-gv-2020\/","name":"SGIG GV 2020 - Save","isPartOf":{"@id":"https:\/\/news.save.ch\/de\/#website"},"primaryImageOfPage":{"@id":"https:\/\/news.save.ch\/sgig-gv-2020\/#primaryimage"},"image":{"@id":"https:\/\/news.save.ch\/sgig-gv-2020\/#primaryimage"},"thumbnailUrl":"https:\/\/news.save.ch\/wp-content\/uploads\/2020\/01\/Chnusper_Laden_Neu.jpg","datePublished":"2020-01-21T08:15:05+00:00","dateModified":"2023-03-14T08:05:05+00:00","description":"After the SGIG GV, in addition to a tour of the company, the presentation of the new building project \"backhaus\" and a tasting in the Chnusper store is planned.","breadcrumb":{"@id":"https:\/\/news.save.ch\/sgig-gv-2020\/#breadcrumb"},"inLanguage":"en-US","potentialAction":[{"@type":"ReadAction","target":["https:\/\/news.save.ch\/sgig-gv-2020\/"]}]},{"@type":"ImageObject","inLanguage":"en-US","@id":"https:\/\/news.save.ch\/sgig-gv-2020\/#primaryimage","url":"https:\/\/news.save.ch\/wp-content\/uploads\/2020\/01\/Chnusper_Laden_Neu.jpg","contentUrl":"https:\/\/news.save.ch\/wp-content\/uploads\/2020\/01\/Chnusper_Laden_Neu.jpg","width":898,"height":593,"caption":"Am Nachmittag nach der GV ist nebst einem Betriebsrundgang die Vorstellung des Neubau-Projektes \u00abbackhaus\u00bb und die M\u00f6glichkeit eines Besuches mit Degustation im Chnusper-Laden geplant. \u00a9 HUG AG ths\/Photo by: E.T.STUDHALTER \/ HUG AG"},{"@type":"BreadcrumbList","@id":"https:\/\/news.save.ch\/sgig-gv-2020\/#breadcrumb","itemListElement":[{"@type":"ListItem","position":1,"name":"Home","item":"https:\/\/news.save.ch\/de\/"},{"@type":"ListItem","position":2,"name":"SGIG GV 2020"}]},{"@type":"WebSite","@id":"https:\/\/news.save.ch\/de\/#website","url":"https:\/\/news.save.ch\/de\/","name":"Save","description":"Swiss trade journal for safety","publisher":{"@id":"https:\/\/news.save.ch\/de\/#organization"},"potentialAction":[{"@type":"SearchAction","target":{"@type":"EntryPoint","urlTemplate":"https:\/\/news.save.ch\/de\/?s={search_term_string}"},"query-input":{"@type":"PropertyValueSpecification","valueRequired":true,"valueName":"search_term_string"}}],"inLanguage":"en-US"},{"@type":"Organization","@id":"https:\/\/news.save.ch\/de\/#organization","name":"Security Forum","url":"https:\/\/news.save.ch\/de\/","logo":{"@type":"ImageObject","inLanguage":"en-US","@id":"https:\/\/news.save.ch\/de\/#\/schema\/logo\/image\/","url":"https:\/\/news.save.ch\/wp-content\/uploads\/2022\/06\/Logo_SF_2012.png","contentUrl":"https:\/\/news.save.ch\/wp-content\/uploads\/2022\/06\/Logo_SF_2012.png","width":1100,"height":91,"caption":"Sicherheitsforum"},"image":{"@id":"https:\/\/news.save.ch\/de\/#\/schema\/logo\/image\/"}},{"@type":"Person","@id":"https:\/\/news.save.ch\/de\/#\/schema\/person\/d49e199490bad7c70d64b9ab51142f2b","name":"admin","image":{"@type":"ImageObject","inLanguage":"en-US","@id":"https:\/\/secure.gravatar.com\/avatar\/ae2f4d718e6c49043e314ce431e7e645d646302a24a5ef5a8bc8e3f5a032e319?s=96&d=mm&r=g","url":"https:\/\/secure.gravatar.com\/avatar\/ae2f4d718e6c49043e314ce431e7e645d646302a24a5ef5a8bc8e3f5a032e319?s=96&d=mm&r=g","contentUrl":"https:\/\/secure.gravatar.com\/avatar\/ae2f4d718e6c49043e314ce431e7e645d646302a24a5ef5a8bc8e3f5a032e319?s=96&d=mm&r=g","caption":"admin"},"sameAs":["https:\/\/develop.organisator.galledia.ch"],"url":"https:\/\/news.save.ch\/en\/author\/admin\/"}]}},"_links":{"self":[{"href":"https:\/\/news.save.ch\/en\/wp-json\/wp\/v2\/posts\/5131","targetHints":{"allow":["GET"]}}],"collection":[{"href":"https:\/\/news.save.ch\/en\/wp-json\/wp\/v2\/posts"}],"about":[{"href":"https:\/\/news.save.ch\/en\/wp-json\/wp\/v2\/types\/post"}],"author":[{"embeddable":true,"href":"https:\/\/news.save.ch\/en\/wp-json\/wp\/v2\/users\/1"}],"replies":[{"embeddable":true,"href":"https:\/\/news.save.ch\/en\/wp-json\/wp\/v2\/comments?post=5131"}],"version-history":[{"count":1,"href":"https:\/\/news.save.ch\/en\/wp-json\/wp\/v2\/posts\/5131\/revisions"}],"predecessor-version":[{"id":18221,"href":"https:\/\/news.save.ch\/en\/wp-json\/wp\/v2\/posts\/5131\/revisions\/18221"}],"wp:featuredmedia":[{"embeddable":true,"href":"https:\/\/news.save.ch\/en\/wp-json\/wp\/v2\/media\/5136"}],"wp:attachment":[{"href":"https:\/\/news.save.ch\/en\/wp-json\/wp\/v2\/media?parent=5131"}],"wp:term":[{"taxonomy":"category","embeddable":true,"href":"https:\/\/news.save.ch\/en\/wp-json\/wp\/v2\/categories?post=5131"},{"taxonomy":"post_tag","embeddable":true,"href":"https:\/\/news.save.ch\/en\/wp-json\/wp\/v2\/tags?post=5131"}],"curies":[{"name":"wp","href":"https:\/\/api.w.org\/{rel}","templated":true}]}}