{"id":518,"date":"2015-07-08T17:19:01","date_gmt":"2015-07-08T15:19:01","guid":{"rendered":"https:\/\/dev.sicherheitsforum.ch\/?p=518"},"modified":"2023-03-14T08:57:37","modified_gmt":"2023-03-14T07:57:37","slug":"neuer-head-of-gss-bei-sap-schweiz","status":null,"type":"post","link":"https:\/\/news.save.ch\/en\/neuer-head-of-gss-bei-sap-schweiz\/","title":{"rendered":"New Head of GSS at SAP Switzerland"},"content":{"rendered":"<figure id=\"attachment_519\" aria-describedby=\"caption-attachment-519\" style=\"width: 667px\" class=\"wp-caption alignnone\"><img loading=\"lazy\" decoding=\"async\" class=\"wp-image-519 size-medium\" src=\"https:\/\/news.save.ch\/wp-content\/uploads\/2016\/12\/Neuer-Head-of-GSS-bei-SAP-Schweiz-it-security.jpg\" alt=\"Victor Leuenberger (46)\" width=\"667\" height=\"1000\" \/><figcaption id=\"caption-attachment-519\" class=\"wp-caption-text\">Victor Leuenberger (46)<\/figcaption><\/figure>\n<p>In his new role, Leuenberger is a member of the Executive Board of the <a href=\"https:\/\/www.sap.ch\" target=\"_blank\" data-cke-saved-href=\"https:\/\/www.sap.ch\" rel=\"noopener\">SAP Switzerland<\/a>. The HWV business economist has been with SAP Switzerland since 2009 and succeeds Christoph Baldus, who spent the last seven years building up and expanding the service business. According to the announcement, Baldus is moving to a regional level within the Group and will take on the role of COO Global Service and Support (GSS) EMEA.<\/p>","protected":false},"excerpt":{"rendered":"<p>In seiner neuen Rolle ist Leuenberger Mitglied der Gesch\u00e4ftsleitung der SAP Schweiz. Der\u00a0Betriebs\u00f6konom HWV\u00a0ist seit 2009 bei SAP Schweiz und\u00a0tritt die Nachfolge von Christoph Baldus an, der die letzten sieben Jahre das Servicegesch\u00e4ft auf- und ausgebaut hatte. Gem\u00e4ss Mitteilung wechselt Baldus innerhalb des Konzerns auf regionale Ebene und \u00fcbernimmt\u00a0die Rolle des COO Global Service and [&hellip;]<\/p>\n","protected":false},"author":1,"featured_media":519,"comment_status":"open","ping_status":"open","sticky":false,"template":"","format":"standard","meta":{"_acf_changed":false,"pgc_sgb_lightbox_settings":"","footnotes":""},"categories":[3313],"tags":[63,65],"class_list":["post-518","post","type-post","status-publish","format-standard","has-post-thumbnail","hentry","category-digitalisierung","tag-it-security","tag-unternehmen"],"acf":[],"hkrextid":null,"publication":null,"issue":null,"workflow":null,"startPage":null,"spitzmarke":null,"_posts_by_tag_page_fields":{"widget_title":"","widget_tags":""},"_at_widget":"1","_yoast_wpseo_primary_category":"2","_yoast_wpseo_focuskw_text_input":"SAP","_yoast_wpseo_opengraph-image":"https:\/\/news.save.ch\/wp-content\/uploads\/2016\/12\/Neuer-Head-of-GSS-bei-SAP-Schweiz-it-security.jpg","_yoast_wpseo_opengraph-description":"Der neue Head of Global Service and Support (GSS) der SAP (Schweiz) AG heisst Victor Leuenberger.","_yoast_wpseo_opengraph-title":"Neuer Head of GSS bei SAP Schweiz","enclosure":null,"_yoast_wpseo_twitter-title":null,"_yoast_wpseo_twitter-description":null,"_yoast_wpseo_twitter-image":null,"_wp_old_slug":null,"_yoast_wpseo_title":null,"_yoast_wpseo_canonical":null,"yoast_head":"<!-- This site is optimized with the Yoast SEO plugin v27.5 - https:\/\/yoast.com\/product\/yoast-seo-wordpress\/ -->\n<title>Neuer Head of GSS bei SAP Schweiz - Save<\/title>\n<meta name=\"description\" content=\"Der neue Head of Global Service and Support (GSS) der SAP (Schweiz) AG heisst Victor Leuenberger.\" \/>\n<meta name=\"robots\" content=\"index, follow, max-snippet:-1, max-image-preview:large, max-video-preview:-1\" \/>\n<link rel=\"canonical\" href=\"https:\/\/news.save.ch\/en\/neuer-head-of-gss-bei-sap-schweiz\/\" \/>\n<meta property=\"og:locale\" content=\"en_US\" \/>\n<meta property=\"og:type\" content=\"article\" \/>\n<meta property=\"og:title\" content=\"Neuer Head of GSS bei SAP Schweiz\" \/>\n<meta property=\"og:description\" content=\"Der neue Head of Global Service and Support (GSS) der SAP (Schweiz) AG heisst Victor Leuenberger.\" \/>\n<meta property=\"og:url\" content=\"https:\/\/news.save.ch\/en\/neuer-head-of-gss-bei-sap-schweiz\/\" \/>\n<meta property=\"og:site_name\" content=\"Save\" \/>\n<meta property=\"article:published_time\" content=\"2015-07-08T15:19:01+00:00\" \/>\n<meta property=\"article:modified_time\" content=\"2023-03-14T07:57:37+00:00\" \/>\n<meta property=\"og:image\" content=\"https:\/\/news.save.ch\/wp-content\/uploads\/2016\/12\/Neuer-Head-of-GSS-bei-SAP-Schweiz-it-security.jpg\" \/>\n<meta name=\"author\" content=\"admin\" \/>\n<meta name=\"twitter:card\" content=\"summary_large_image\" \/>\n<meta name=\"twitter:label1\" content=\"Written by\" \/>\n\t<meta name=\"twitter:data1\" content=\"admin\" \/>\n<script type=\"application\/ld+json\" class=\"yoast-schema-graph\">{\"@context\":\"https:\\\/\\\/schema.org\",\"@graph\":[{\"@type\":\"Article\",\"@id\":\"https:\\\/\\\/news.save.ch\\\/neuer-head-of-gss-bei-sap-schweiz\\\/#article\",\"isPartOf\":{\"@id\":\"https:\\\/\\\/news.save.ch\\\/neuer-head-of-gss-bei-sap-schweiz\\\/\"},\"author\":{\"name\":\"admin\",\"@id\":\"https:\\\/\\\/news.save.ch\\\/de\\\/#\\\/schema\\\/person\\\/d49e199490bad7c70d64b9ab51142f2b\"},\"headline\":\"Neuer Head of GSS bei SAP Schweiz\",\"datePublished\":\"2015-07-08T15:19:01+00:00\",\"dateModified\":\"2023-03-14T07:57:37+00:00\",\"mainEntityOfPage\":{\"@id\":\"https:\\\/\\\/news.save.ch\\\/neuer-head-of-gss-bei-sap-schweiz\\\/\"},\"wordCount\":81,\"commentCount\":0,\"publisher\":{\"@id\":\"https:\\\/\\\/news.save.ch\\\/de\\\/#organization\"},\"image\":{\"@id\":\"https:\\\/\\\/news.save.ch\\\/neuer-head-of-gss-bei-sap-schweiz\\\/#primaryimage\"},\"thumbnailUrl\":\"https:\\\/\\\/news.save.ch\\\/wp-content\\\/uploads\\\/2016\\\/12\\\/Neuer-Head-of-GSS-bei-SAP-Schweiz-it-security-scaled-1-scaled.jpg\",\"keywords\":[\"IT-SECURITY\",\"Unternehmen\"],\"articleSection\":[\"DIGITALISIERUNG\"],\"inLanguage\":\"en-US\"},{\"@type\":\"WebPage\",\"@id\":\"https:\\\/\\\/news.save.ch\\\/neuer-head-of-gss-bei-sap-schweiz\\\/\",\"url\":\"https:\\\/\\\/news.save.ch\\\/neuer-head-of-gss-bei-sap-schweiz\\\/\",\"name\":\"Neuer Head of GSS bei SAP Schweiz - Save\",\"isPartOf\":{\"@id\":\"https:\\\/\\\/news.save.ch\\\/de\\\/#website\"},\"primaryImageOfPage\":{\"@id\":\"https:\\\/\\\/news.save.ch\\\/neuer-head-of-gss-bei-sap-schweiz\\\/#primaryimage\"},\"image\":{\"@id\":\"https:\\\/\\\/news.save.ch\\\/neuer-head-of-gss-bei-sap-schweiz\\\/#primaryimage\"},\"thumbnailUrl\":\"https:\\\/\\\/news.save.ch\\\/wp-content\\\/uploads\\\/2016\\\/12\\\/Neuer-Head-of-GSS-bei-SAP-Schweiz-it-security-scaled-1-scaled.jpg\",\"datePublished\":\"2015-07-08T15:19:01+00:00\",\"dateModified\":\"2023-03-14T07:57:37+00:00\",\"description\":\"Der neue Head of Global Service and Support (GSS) der SAP (Schweiz) AG heisst Victor Leuenberger.\",\"breadcrumb\":{\"@id\":\"https:\\\/\\\/news.save.ch\\\/neuer-head-of-gss-bei-sap-schweiz\\\/#breadcrumb\"},\"inLanguage\":\"en-US\",\"potentialAction\":[{\"@type\":\"ReadAction\",\"target\":[\"https:\\\/\\\/news.save.ch\\\/neuer-head-of-gss-bei-sap-schweiz\\\/\"]}]},{\"@type\":\"ImageObject\",\"inLanguage\":\"en-US\",\"@id\":\"https:\\\/\\\/news.save.ch\\\/neuer-head-of-gss-bei-sap-schweiz\\\/#primaryimage\",\"url\":\"https:\\\/\\\/news.save.ch\\\/wp-content\\\/uploads\\\/2016\\\/12\\\/Neuer-Head-of-GSS-bei-SAP-Schweiz-it-security-scaled-1-scaled.jpg\",\"contentUrl\":\"https:\\\/\\\/news.save.ch\\\/wp-content\\\/uploads\\\/2016\\\/12\\\/Neuer-Head-of-GSS-bei-SAP-Schweiz-it-security-scaled-1-scaled.jpg\",\"width\":935,\"height\":1400,\"caption\":\"Victor Leuenberger (46)\"},{\"@type\":\"BreadcrumbList\",\"@id\":\"https:\\\/\\\/news.save.ch\\\/neuer-head-of-gss-bei-sap-schweiz\\\/#breadcrumb\",\"itemListElement\":[{\"@type\":\"ListItem\",\"position\":1,\"name\":\"Home\",\"item\":\"https:\\\/\\\/news.save.ch\\\/de\\\/\"},{\"@type\":\"ListItem\",\"position\":2,\"name\":\"Neuer Head of GSS bei SAP Schweiz\"}]},{\"@type\":\"WebSite\",\"@id\":\"https:\\\/\\\/news.save.ch\\\/de\\\/#website\",\"url\":\"https:\\\/\\\/news.save.ch\\\/de\\\/\",\"name\":\"Save\",\"description\":\"Schweizer Fachzeitschrift f\u00fcr Sicherheit\",\"publisher\":{\"@id\":\"https:\\\/\\\/news.save.ch\\\/de\\\/#organization\"},\"potentialAction\":[{\"@type\":\"SearchAction\",\"target\":{\"@type\":\"EntryPoint\",\"urlTemplate\":\"https:\\\/\\\/news.save.ch\\\/de\\\/?s={search_term_string}\"},\"query-input\":{\"@type\":\"PropertyValueSpecification\",\"valueRequired\":true,\"valueName\":\"search_term_string\"}}],\"inLanguage\":\"en-US\"},{\"@type\":\"Organization\",\"@id\":\"https:\\\/\\\/news.save.ch\\\/de\\\/#organization\",\"name\":\"Sicherheitsforum\",\"url\":\"https:\\\/\\\/news.save.ch\\\/de\\\/\",\"logo\":{\"@type\":\"ImageObject\",\"inLanguage\":\"en-US\",\"@id\":\"https:\\\/\\\/news.save.ch\\\/de\\\/#\\\/schema\\\/logo\\\/image\\\/\",\"url\":\"https:\\\/\\\/news.save.ch\\\/wp-content\\\/uploads\\\/2022\\\/06\\\/Logo_SF_2012.png\",\"contentUrl\":\"https:\\\/\\\/news.save.ch\\\/wp-content\\\/uploads\\\/2022\\\/06\\\/Logo_SF_2012.png\",\"width\":1100,\"height\":91,\"caption\":\"Sicherheitsforum\"},\"image\":{\"@id\":\"https:\\\/\\\/news.save.ch\\\/de\\\/#\\\/schema\\\/logo\\\/image\\\/\"}},{\"@type\":\"Person\",\"@id\":\"https:\\\/\\\/news.save.ch\\\/de\\\/#\\\/schema\\\/person\\\/d49e199490bad7c70d64b9ab51142f2b\",\"name\":\"admin\",\"image\":{\"@type\":\"ImageObject\",\"inLanguage\":\"en-US\",\"@id\":\"https:\\\/\\\/secure.gravatar.com\\\/avatar\\\/ae2f4d718e6c49043e314ce431e7e645d646302a24a5ef5a8bc8e3f5a032e319?s=96&d=mm&r=g\",\"url\":\"https:\\\/\\\/secure.gravatar.com\\\/avatar\\\/ae2f4d718e6c49043e314ce431e7e645d646302a24a5ef5a8bc8e3f5a032e319?s=96&d=mm&r=g\",\"contentUrl\":\"https:\\\/\\\/secure.gravatar.com\\\/avatar\\\/ae2f4d718e6c49043e314ce431e7e645d646302a24a5ef5a8bc8e3f5a032e319?s=96&d=mm&r=g\",\"caption\":\"admin\"},\"sameAs\":[\"https:\\\/\\\/develop.organisator.galledia.ch\"],\"url\":\"https:\\\/\\\/news.save.ch\\\/en\\\/author\\\/admin\\\/\"}]}<\/script>\n<!-- \/ Yoast SEO plugin. -->","yoast_head_json":{"title":"New Head of GSS at SAP Switzerland - Save","description":"The new Head of Global Service and Support (GSS) at SAP (Schweiz) AG is Victor Leuenberger.","robots":{"index":"index","follow":"follow","max-snippet":"max-snippet:-1","max-image-preview":"max-image-preview:large","max-video-preview":"max-video-preview:-1"},"canonical":"https:\/\/news.save.ch\/en\/neuer-head-of-gss-bei-sap-schweiz\/","og_locale":"en_US","og_type":"article","og_title":"Neuer Head of GSS bei SAP Schweiz","og_description":"Der neue Head of Global Service and Support (GSS) der SAP (Schweiz) AG heisst Victor Leuenberger.","og_url":"https:\/\/news.save.ch\/en\/neuer-head-of-gss-bei-sap-schweiz\/","og_site_name":"Save","article_published_time":"2015-07-08T15:19:01+00:00","article_modified_time":"2023-03-14T07:57:37+00:00","og_image":[{"url":"https:\/\/news.save.ch\/wp-content\/uploads\/2016\/12\/Neuer-Head-of-GSS-bei-SAP-Schweiz-it-security.jpg","type":"","width":"","height":""}],"author":"admin","twitter_card":"summary_large_image","twitter_misc":{"Written by":"admin"},"schema":{"@context":"https:\/\/schema.org","@graph":[{"@type":"Article","@id":"https:\/\/news.save.ch\/neuer-head-of-gss-bei-sap-schweiz\/#article","isPartOf":{"@id":"https:\/\/news.save.ch\/neuer-head-of-gss-bei-sap-schweiz\/"},"author":{"name":"admin","@id":"https:\/\/news.save.ch\/de\/#\/schema\/person\/d49e199490bad7c70d64b9ab51142f2b"},"headline":"Neuer Head of GSS bei SAP Schweiz","datePublished":"2015-07-08T15:19:01+00:00","dateModified":"2023-03-14T07:57:37+00:00","mainEntityOfPage":{"@id":"https:\/\/news.save.ch\/neuer-head-of-gss-bei-sap-schweiz\/"},"wordCount":81,"commentCount":0,"publisher":{"@id":"https:\/\/news.save.ch\/de\/#organization"},"image":{"@id":"https:\/\/news.save.ch\/neuer-head-of-gss-bei-sap-schweiz\/#primaryimage"},"thumbnailUrl":"https:\/\/news.save.ch\/wp-content\/uploads\/2016\/12\/Neuer-Head-of-GSS-bei-SAP-Schweiz-it-security-scaled-1-scaled.jpg","keywords":["IT-SECURITY","Unternehmen"],"articleSection":["DIGITALISIERUNG"],"inLanguage":"en-US"},{"@type":"WebPage","@id":"https:\/\/news.save.ch\/neuer-head-of-gss-bei-sap-schweiz\/","url":"https:\/\/news.save.ch\/neuer-head-of-gss-bei-sap-schweiz\/","name":"New Head of GSS at SAP Switzerland - Save","isPartOf":{"@id":"https:\/\/news.save.ch\/de\/#website"},"primaryImageOfPage":{"@id":"https:\/\/news.save.ch\/neuer-head-of-gss-bei-sap-schweiz\/#primaryimage"},"image":{"@id":"https:\/\/news.save.ch\/neuer-head-of-gss-bei-sap-schweiz\/#primaryimage"},"thumbnailUrl":"https:\/\/news.save.ch\/wp-content\/uploads\/2016\/12\/Neuer-Head-of-GSS-bei-SAP-Schweiz-it-security-scaled-1-scaled.jpg","datePublished":"2015-07-08T15:19:01+00:00","dateModified":"2023-03-14T07:57:37+00:00","description":"The new Head of Global Service and Support (GSS) at SAP (Schweiz) AG is Victor Leuenberger.","breadcrumb":{"@id":"https:\/\/news.save.ch\/neuer-head-of-gss-bei-sap-schweiz\/#breadcrumb"},"inLanguage":"en-US","potentialAction":[{"@type":"ReadAction","target":["https:\/\/news.save.ch\/neuer-head-of-gss-bei-sap-schweiz\/"]}]},{"@type":"ImageObject","inLanguage":"en-US","@id":"https:\/\/news.save.ch\/neuer-head-of-gss-bei-sap-schweiz\/#primaryimage","url":"https:\/\/news.save.ch\/wp-content\/uploads\/2016\/12\/Neuer-Head-of-GSS-bei-SAP-Schweiz-it-security-scaled-1-scaled.jpg","contentUrl":"https:\/\/news.save.ch\/wp-content\/uploads\/2016\/12\/Neuer-Head-of-GSS-bei-SAP-Schweiz-it-security-scaled-1-scaled.jpg","width":935,"height":1400,"caption":"Victor Leuenberger (46)"},{"@type":"BreadcrumbList","@id":"https:\/\/news.save.ch\/neuer-head-of-gss-bei-sap-schweiz\/#breadcrumb","itemListElement":[{"@type":"ListItem","position":1,"name":"Home","item":"https:\/\/news.save.ch\/de\/"},{"@type":"ListItem","position":2,"name":"Neuer Head of GSS bei SAP Schweiz"}]},{"@type":"WebSite","@id":"https:\/\/news.save.ch\/de\/#website","url":"https:\/\/news.save.ch\/de\/","name":"Save","description":"Swiss trade journal for safety","publisher":{"@id":"https:\/\/news.save.ch\/de\/#organization"},"potentialAction":[{"@type":"SearchAction","target":{"@type":"EntryPoint","urlTemplate":"https:\/\/news.save.ch\/de\/?s={search_term_string}"},"query-input":{"@type":"PropertyValueSpecification","valueRequired":true,"valueName":"search_term_string"}}],"inLanguage":"en-US"},{"@type":"Organization","@id":"https:\/\/news.save.ch\/de\/#organization","name":"Security Forum","url":"https:\/\/news.save.ch\/de\/","logo":{"@type":"ImageObject","inLanguage":"en-US","@id":"https:\/\/news.save.ch\/de\/#\/schema\/logo\/image\/","url":"https:\/\/news.save.ch\/wp-content\/uploads\/2022\/06\/Logo_SF_2012.png","contentUrl":"https:\/\/news.save.ch\/wp-content\/uploads\/2022\/06\/Logo_SF_2012.png","width":1100,"height":91,"caption":"Sicherheitsforum"},"image":{"@id":"https:\/\/news.save.ch\/de\/#\/schema\/logo\/image\/"}},{"@type":"Person","@id":"https:\/\/news.save.ch\/de\/#\/schema\/person\/d49e199490bad7c70d64b9ab51142f2b","name":"admin","image":{"@type":"ImageObject","inLanguage":"en-US","@id":"https:\/\/secure.gravatar.com\/avatar\/ae2f4d718e6c49043e314ce431e7e645d646302a24a5ef5a8bc8e3f5a032e319?s=96&d=mm&r=g","url":"https:\/\/secure.gravatar.com\/avatar\/ae2f4d718e6c49043e314ce431e7e645d646302a24a5ef5a8bc8e3f5a032e319?s=96&d=mm&r=g","contentUrl":"https:\/\/secure.gravatar.com\/avatar\/ae2f4d718e6c49043e314ce431e7e645d646302a24a5ef5a8bc8e3f5a032e319?s=96&d=mm&r=g","caption":"admin"},"sameAs":["https:\/\/develop.organisator.galledia.ch"],"url":"https:\/\/news.save.ch\/en\/author\/admin\/"}]}},"_links":{"self":[{"href":"https:\/\/news.save.ch\/en\/wp-json\/wp\/v2\/posts\/518","targetHints":{"allow":["GET"]}}],"collection":[{"href":"https:\/\/news.save.ch\/en\/wp-json\/wp\/v2\/posts"}],"about":[{"href":"https:\/\/news.save.ch\/en\/wp-json\/wp\/v2\/types\/post"}],"author":[{"embeddable":true,"href":"https:\/\/news.save.ch\/en\/wp-json\/wp\/v2\/users\/1"}],"replies":[{"embeddable":true,"href":"https:\/\/news.save.ch\/en\/wp-json\/wp\/v2\/comments?post=518"}],"version-history":[{"count":1,"href":"https:\/\/news.save.ch\/en\/wp-json\/wp\/v2\/posts\/518\/revisions"}],"predecessor-version":[{"id":17762,"href":"https:\/\/news.save.ch\/en\/wp-json\/wp\/v2\/posts\/518\/revisions\/17762"}],"wp:featuredmedia":[{"embeddable":true,"href":"https:\/\/news.save.ch\/en\/wp-json\/wp\/v2\/media\/519"}],"wp:attachment":[{"href":"https:\/\/news.save.ch\/en\/wp-json\/wp\/v2\/media?parent=518"}],"wp:term":[{"taxonomy":"category","embeddable":true,"href":"https:\/\/news.save.ch\/en\/wp-json\/wp\/v2\/categories?post=518"},{"taxonomy":"post_tag","embeddable":true,"href":"https:\/\/news.save.ch\/en\/wp-json\/wp\/v2\/tags?post=518"}],"curies":[{"name":"wp","href":"https:\/\/api.w.org\/{rel}","templated":true}]}}