{"id":534,"date":"2015-07-27T17:26:45","date_gmt":"2015-07-27T15:26:45","guid":{"rendered":"https:\/\/dev.sicherheitsforum.ch\/?p=534"},"modified":"2023-03-14T08:57:36","modified_gmt":"2023-03-14T07:57:36","slug":"kmu-schutz-gegen-cyber-kriminalitaet","status":null,"type":"post","link":"https:\/\/news.save.ch\/en\/kmu-schutz-gegen-cyber-kriminalitaet\/","title":{"rendered":"SME protection against cybercrime"},"content":{"rendered":"<figure id=\"attachment_535\" aria-describedby=\"caption-attachment-535\" style=\"width: 680px\" class=\"wp-caption alignnone\"><img loading=\"lazy\" decoding=\"async\" class=\"size-medium wp-image-535\" src=\"https:\/\/sicherheitsforum.ch\/wp-content\/uploads\/2016\/12\/KMU-Schutz-gegen-Cyber-Kriminalit\u00e4t-it-security.jpg\" alt=\"The modules of the VdS concept for cyber security.\" width=\"680\" height=\"307\" \/><figcaption id=\"caption-attachment-535\" class=\"wp-caption-text\">The modules of the VdS concept for cyber security.<\/figcaption><\/figure>\n<p>\"With the publication of the VdS 3473 cyber standard, we are closing a significant security gap,\" emphasizes <a href=\"https:\/\/www.vds.de\" target=\"_blank\" data-cke-saved-href=\"https:\/\/www.vds.de\" rel=\"noopener\">VdS<\/a>-Managing Director Robert Reinermann. \"Cyber security is the fire protection of the 21st century. That's why medium-sized companies need a level of security that can be implemented cost-effectively and practically. These requirements are met by the VdS 3473 guidelines, which were developed with the help of our certification experts and information security experts, among others,\" Robert Reinermann continues.<\/p>\n<p>To prepare for certification according to VdS 3473, VdS-approved cyber security consultants are available to assist interested companies. In addition, the free web tool \"<a href=\"https:\/\/www.vds-quick-check.de\" target=\"_blank\" data-cke-saved-href=\"https:\/\/www.vds-quick-check.de\" rel=\"noopener\">VdS Quick Check<\/a>\" and the \"Quick Audit\" on site provide an easy introduction to certified information security. \"Our multi-stage procedure and the modules of the VdS concept for cyber security can usefully supplement risk management in companies with the aspect of information security,\" explains Robert Reinermann. For companies, certified data security based on VdS 3473 results in tangible competitive advantages. For example, customers and suppliers can trust that VdS-certified companies guarantee minimum standards in the area of data security and delivery capability.<\/p>\n<p>At the same time, a calculable risk based on binding guidelines is a central prerequisite for insuring residual cyber risks. Against this background, the VdS 3473 guidelines also provide impetus for the insurance industry to develop cyber policies that enable individual insurance protection.<\/p>\n<p>The new guidelines VdS 3473 are available free of charge at <a href=\"https:\/\/www.vds.de\/cyber\" target=\"_blank\" data-cke-saved-href=\"https:\/\/www.vds.de\/cyber\" rel=\"noopener\">Download <\/a>ready<\/p>","protected":false},"excerpt":{"rendered":"<p>\u201eMit der Ver\u00f6ffentlichung des Cyber-Standards VdS 3473 schliessen wir eine bedeutende Sicherheitsl\u00fccke\u201c, betont VdS-Gesch\u00e4ftsf\u00fchrer Robert Reinermann. \u201eCyber-Security ist der Brandschutz des 21. Jahrhunderts. Deshalb brauchen mittelst\u00e4ndische Unternehmen ein Sicherheitsniveau, das sich kosteng\u00fcnstig und praxisnah realisieren l\u00e4sst. Diese Vorgaben erf\u00fcllen die Richtlinien VdS 3473, an deren Entwicklung neben unseren Zertifizierungsexperten unter anderem Informationssicherheitsexperten mitgewirkt haben\u201c, so [&hellip;]<\/p>\n","protected":false},"author":1,"featured_media":535,"comment_status":"open","ping_status":"open","sticky":false,"template":"","format":"standard","meta":{"_acf_changed":false,"pgc_sgb_lightbox_settings":"","footnotes":""},"categories":[3313],"tags":[96,63],"class_list":["post-534","post","type-post","status-publish","format-standard","has-post-thumbnail","hentry","category-digitalisierung","tag-cyber-crime","tag-it-security"],"acf":[],"hkrextid":null,"publication":null,"issue":null,"workflow":null,"startPage":null,"spitzmarke":null,"_posts_by_tag_page_fields":{"widget_title":"","widget_tags":""},"_at_widget":"1","_yoast_wpseo_primary_category":"2","_yoast_wpseo_focuskw_text_input":"KMU-Schutz","_yoast_wpseo_opengraph-image":"https:\/\/sicherheitsforum.ch\/wp-content\/uploads\/2016\/12\/KMU-Schutz-gegen-Cyber-Kriminalit\u00e4t-it-security.jpg","_yoast_wpseo_opengraph-description":"Laut Studie verf\u00fcgt nur ein Drittel der mittelst\u00e4ndischen Unternehmen in Deutschland \u00fcber ein ganzheitliches IT-Sicherheitskonzept. Gleichzeitig sind die KMU vielfach Marktf\u00fchrer in ihren Segmenten, gelten als technologisch innovativ und bietet daher ein lohnendes Ziel f\u00fcr Cyber-Angriffe. Um einen Standard zu schaffen, der speziell die IT-Sicherheitsanforderungen von KMU ber\u00fccksichtigt, hat der Zertifizierungsspezialist VdS Richtlinien f\u00fcr Cyber-Security entwickelt.","_yoast_wpseo_opengraph-title":"KMU-Schutz gegen Cyber-Kriminalit\u00e4t","enclosure":null,"_yoast_wpseo_twitter-title":null,"_yoast_wpseo_twitter-description":null,"_yoast_wpseo_twitter-image":null,"_wp_old_slug":null,"_yoast_wpseo_title":null,"_yoast_wpseo_canonical":null,"yoast_head":"<!-- This site is optimized with the Yoast SEO plugin v27.5 - https:\/\/yoast.com\/product\/yoast-seo-wordpress\/ -->\n<title>KMU-Schutz gegen Cyber-Kriminalit\u00e4t - Save<\/title>\n<meta name=\"description\" content=\"KMU sind vielfach Marktf\u00fchrer in ihren Segmenten und bieten ein lohnendes Ziel f\u00fcr Cyber-Angriffe. VdS hat Richtlinien f\u00fcr Cyber-Security entwickelt.\" \/>\n<meta name=\"robots\" content=\"index, follow, max-snippet:-1, max-image-preview:large, max-video-preview:-1\" \/>\n<link rel=\"canonical\" href=\"https:\/\/news.save.ch\/en\/kmu-schutz-gegen-cyber-kriminalitaet\/\" \/>\n<meta property=\"og:locale\" content=\"en_US\" \/>\n<meta property=\"og:type\" content=\"article\" \/>\n<meta property=\"og:title\" content=\"KMU-Schutz gegen Cyber-Kriminalit\u00e4t\" \/>\n<meta property=\"og:description\" content=\"Laut Studie verf\u00fcgt nur ein Drittel der mittelst\u00e4ndischen Unternehmen in Deutschland \u00fcber ein ganzheitliches IT-Sicherheitskonzept. Gleichzeitig sind die KMU vielfach Marktf\u00fchrer in ihren Segmenten, gelten als technologisch innovativ und bietet daher ein lohnendes Ziel f\u00fcr Cyber-Angriffe. Um einen Standard zu schaffen, der speziell die IT-Sicherheitsanforderungen von KMU ber\u00fccksichtigt, hat der Zertifizierungsspezialist VdS Richtlinien f\u00fcr Cyber-Security entwickelt.\" \/>\n<meta property=\"og:url\" content=\"https:\/\/news.save.ch\/en\/kmu-schutz-gegen-cyber-kriminalitaet\/\" \/>\n<meta property=\"og:site_name\" content=\"Save\" \/>\n<meta property=\"article:published_time\" content=\"2015-07-27T15:26:45+00:00\" \/>\n<meta property=\"article:modified_time\" content=\"2023-03-14T07:57:36+00:00\" \/>\n<meta property=\"og:image\" content=\"https:\/\/sicherheitsforum.ch\/wp-content\/uploads\/2016\/12\/KMU-Schutz-gegen-Cyber-Kriminalit\u00e4t-it-security.jpg\" \/>\n<meta name=\"author\" content=\"admin\" \/>\n<meta name=\"twitter:card\" content=\"summary_large_image\" \/>\n<meta name=\"twitter:label1\" content=\"Written by\" \/>\n\t<meta name=\"twitter:data1\" content=\"admin\" \/>\n\t<meta name=\"twitter:label2\" content=\"Est. reading time\" \/>\n\t<meta name=\"twitter:data2\" content=\"1 minute\" \/>\n<script type=\"application\/ld+json\" class=\"yoast-schema-graph\">{\"@context\":\"https:\\\/\\\/schema.org\",\"@graph\":[{\"@type\":\"Article\",\"@id\":\"https:\\\/\\\/news.save.ch\\\/kmu-schutz-gegen-cyber-kriminalitaet\\\/#article\",\"isPartOf\":{\"@id\":\"https:\\\/\\\/news.save.ch\\\/kmu-schutz-gegen-cyber-kriminalitaet\\\/\"},\"author\":{\"name\":\"admin\",\"@id\":\"https:\\\/\\\/news.save.ch\\\/de\\\/#\\\/schema\\\/person\\\/d49e199490bad7c70d64b9ab51142f2b\"},\"headline\":\"KMU-Schutz gegen Cyber-Kriminalit\u00e4t\",\"datePublished\":\"2015-07-27T15:26:45+00:00\",\"dateModified\":\"2023-03-14T07:57:36+00:00\",\"mainEntityOfPage\":{\"@id\":\"https:\\\/\\\/news.save.ch\\\/kmu-schutz-gegen-cyber-kriminalitaet\\\/\"},\"wordCount\":233,\"commentCount\":0,\"publisher\":{\"@id\":\"https:\\\/\\\/news.save.ch\\\/de\\\/#organization\"},\"image\":{\"@id\":\"https:\\\/\\\/news.save.ch\\\/kmu-schutz-gegen-cyber-kriminalitaet\\\/#primaryimage\"},\"thumbnailUrl\":\"https:\\\/\\\/news.save.ch\\\/wp-content\\\/uploads\\\/2016\\\/12\\\/KMU-Schutz-gegen-Cyber-Kriminalitaet-it-security-scaled-1-scaled.jpg\",\"keywords\":[\"Cyber-Crime\",\"IT-SECURITY\"],\"articleSection\":[\"DIGITALISIERUNG\"],\"inLanguage\":\"en-US\"},{\"@type\":\"WebPage\",\"@id\":\"https:\\\/\\\/news.save.ch\\\/kmu-schutz-gegen-cyber-kriminalitaet\\\/\",\"url\":\"https:\\\/\\\/news.save.ch\\\/kmu-schutz-gegen-cyber-kriminalitaet\\\/\",\"name\":\"KMU-Schutz gegen Cyber-Kriminalit\u00e4t - Save\",\"isPartOf\":{\"@id\":\"https:\\\/\\\/news.save.ch\\\/de\\\/#website\"},\"primaryImageOfPage\":{\"@id\":\"https:\\\/\\\/news.save.ch\\\/kmu-schutz-gegen-cyber-kriminalitaet\\\/#primaryimage\"},\"image\":{\"@id\":\"https:\\\/\\\/news.save.ch\\\/kmu-schutz-gegen-cyber-kriminalitaet\\\/#primaryimage\"},\"thumbnailUrl\":\"https:\\\/\\\/news.save.ch\\\/wp-content\\\/uploads\\\/2016\\\/12\\\/KMU-Schutz-gegen-Cyber-Kriminalitaet-it-security-scaled-1-scaled.jpg\",\"datePublished\":\"2015-07-27T15:26:45+00:00\",\"dateModified\":\"2023-03-14T07:57:36+00:00\",\"description\":\"KMU sind vielfach Marktf\u00fchrer in ihren Segmenten und bieten ein lohnendes Ziel f\u00fcr Cyber-Angriffe. VdS hat Richtlinien f\u00fcr Cyber-Security entwickelt.\",\"breadcrumb\":{\"@id\":\"https:\\\/\\\/news.save.ch\\\/kmu-schutz-gegen-cyber-kriminalitaet\\\/#breadcrumb\"},\"inLanguage\":\"en-US\",\"potentialAction\":[{\"@type\":\"ReadAction\",\"target\":[\"https:\\\/\\\/news.save.ch\\\/kmu-schutz-gegen-cyber-kriminalitaet\\\/\"]}]},{\"@type\":\"ImageObject\",\"inLanguage\":\"en-US\",\"@id\":\"https:\\\/\\\/news.save.ch\\\/kmu-schutz-gegen-cyber-kriminalitaet\\\/#primaryimage\",\"url\":\"https:\\\/\\\/news.save.ch\\\/wp-content\\\/uploads\\\/2016\\\/12\\\/KMU-Schutz-gegen-Cyber-Kriminalitaet-it-security-scaled-1-scaled.jpg\",\"contentUrl\":\"https:\\\/\\\/news.save.ch\\\/wp-content\\\/uploads\\\/2016\\\/12\\\/KMU-Schutz-gegen-Cyber-Kriminalitaet-it-security-scaled-1-scaled.jpg\",\"width\":1400,\"height\":633,\"caption\":\"Die Module des VdS-Konzepts f\u00fcr Cyber-Security.\"},{\"@type\":\"BreadcrumbList\",\"@id\":\"https:\\\/\\\/news.save.ch\\\/kmu-schutz-gegen-cyber-kriminalitaet\\\/#breadcrumb\",\"itemListElement\":[{\"@type\":\"ListItem\",\"position\":1,\"name\":\"Home\",\"item\":\"https:\\\/\\\/news.save.ch\\\/de\\\/\"},{\"@type\":\"ListItem\",\"position\":2,\"name\":\"KMU-Schutz gegen Cyber-Kriminalit\u00e4t\"}]},{\"@type\":\"WebSite\",\"@id\":\"https:\\\/\\\/news.save.ch\\\/de\\\/#website\",\"url\":\"https:\\\/\\\/news.save.ch\\\/de\\\/\",\"name\":\"Save\",\"description\":\"Schweizer Fachzeitschrift f\u00fcr Sicherheit\",\"publisher\":{\"@id\":\"https:\\\/\\\/news.save.ch\\\/de\\\/#organization\"},\"potentialAction\":[{\"@type\":\"SearchAction\",\"target\":{\"@type\":\"EntryPoint\",\"urlTemplate\":\"https:\\\/\\\/news.save.ch\\\/de\\\/?s={search_term_string}\"},\"query-input\":{\"@type\":\"PropertyValueSpecification\",\"valueRequired\":true,\"valueName\":\"search_term_string\"}}],\"inLanguage\":\"en-US\"},{\"@type\":\"Organization\",\"@id\":\"https:\\\/\\\/news.save.ch\\\/de\\\/#organization\",\"name\":\"Sicherheitsforum\",\"url\":\"https:\\\/\\\/news.save.ch\\\/de\\\/\",\"logo\":{\"@type\":\"ImageObject\",\"inLanguage\":\"en-US\",\"@id\":\"https:\\\/\\\/news.save.ch\\\/de\\\/#\\\/schema\\\/logo\\\/image\\\/\",\"url\":\"https:\\\/\\\/news.save.ch\\\/wp-content\\\/uploads\\\/2022\\\/06\\\/Logo_SF_2012.png\",\"contentUrl\":\"https:\\\/\\\/news.save.ch\\\/wp-content\\\/uploads\\\/2022\\\/06\\\/Logo_SF_2012.png\",\"width\":1100,\"height\":91,\"caption\":\"Sicherheitsforum\"},\"image\":{\"@id\":\"https:\\\/\\\/news.save.ch\\\/de\\\/#\\\/schema\\\/logo\\\/image\\\/\"}},{\"@type\":\"Person\",\"@id\":\"https:\\\/\\\/news.save.ch\\\/de\\\/#\\\/schema\\\/person\\\/d49e199490bad7c70d64b9ab51142f2b\",\"name\":\"admin\",\"image\":{\"@type\":\"ImageObject\",\"inLanguage\":\"en-US\",\"@id\":\"https:\\\/\\\/secure.gravatar.com\\\/avatar\\\/ae2f4d718e6c49043e314ce431e7e645d646302a24a5ef5a8bc8e3f5a032e319?s=96&d=mm&r=g\",\"url\":\"https:\\\/\\\/secure.gravatar.com\\\/avatar\\\/ae2f4d718e6c49043e314ce431e7e645d646302a24a5ef5a8bc8e3f5a032e319?s=96&d=mm&r=g\",\"contentUrl\":\"https:\\\/\\\/secure.gravatar.com\\\/avatar\\\/ae2f4d718e6c49043e314ce431e7e645d646302a24a5ef5a8bc8e3f5a032e319?s=96&d=mm&r=g\",\"caption\":\"admin\"},\"sameAs\":[\"https:\\\/\\\/develop.organisator.galledia.ch\"],\"url\":\"https:\\\/\\\/news.save.ch\\\/en\\\/author\\\/admin\\\/\"}]}<\/script>\n<!-- \/ Yoast SEO plugin. -->","yoast_head_json":{"title":"SME protection against cybercrime - Save","description":"SMEs are often market leaders in their segments and offer a worthwhile target for cyber attacks. VdS has developed guidelines for cyber security.","robots":{"index":"index","follow":"follow","max-snippet":"max-snippet:-1","max-image-preview":"max-image-preview:large","max-video-preview":"max-video-preview:-1"},"canonical":"https:\/\/news.save.ch\/en\/kmu-schutz-gegen-cyber-kriminalitaet\/","og_locale":"en_US","og_type":"article","og_title":"KMU-Schutz gegen Cyber-Kriminalit\u00e4t","og_description":"Laut Studie verf\u00fcgt nur ein Drittel der mittelst\u00e4ndischen Unternehmen in Deutschland \u00fcber ein ganzheitliches IT-Sicherheitskonzept. Gleichzeitig sind die KMU vielfach Marktf\u00fchrer in ihren Segmenten, gelten als technologisch innovativ und bietet daher ein lohnendes Ziel f\u00fcr Cyber-Angriffe. Um einen Standard zu schaffen, der speziell die IT-Sicherheitsanforderungen von KMU ber\u00fccksichtigt, hat der Zertifizierungsspezialist VdS Richtlinien f\u00fcr Cyber-Security entwickelt.","og_url":"https:\/\/news.save.ch\/en\/kmu-schutz-gegen-cyber-kriminalitaet\/","og_site_name":"Save","article_published_time":"2015-07-27T15:26:45+00:00","article_modified_time":"2023-03-14T07:57:36+00:00","og_image":[{"url":"https:\/\/sicherheitsforum.ch\/wp-content\/uploads\/2016\/12\/KMU-Schutz-gegen-Cyber-Kriminalit\u00e4t-it-security.jpg","type":"","width":"","height":""}],"author":"admin","twitter_card":"summary_large_image","twitter_misc":{"Written by":"admin","Est. reading time":"1 minute"},"schema":{"@context":"https:\/\/schema.org","@graph":[{"@type":"Article","@id":"https:\/\/news.save.ch\/kmu-schutz-gegen-cyber-kriminalitaet\/#article","isPartOf":{"@id":"https:\/\/news.save.ch\/kmu-schutz-gegen-cyber-kriminalitaet\/"},"author":{"name":"admin","@id":"https:\/\/news.save.ch\/de\/#\/schema\/person\/d49e199490bad7c70d64b9ab51142f2b"},"headline":"KMU-Schutz gegen Cyber-Kriminalit\u00e4t","datePublished":"2015-07-27T15:26:45+00:00","dateModified":"2023-03-14T07:57:36+00:00","mainEntityOfPage":{"@id":"https:\/\/news.save.ch\/kmu-schutz-gegen-cyber-kriminalitaet\/"},"wordCount":233,"commentCount":0,"publisher":{"@id":"https:\/\/news.save.ch\/de\/#organization"},"image":{"@id":"https:\/\/news.save.ch\/kmu-schutz-gegen-cyber-kriminalitaet\/#primaryimage"},"thumbnailUrl":"https:\/\/news.save.ch\/wp-content\/uploads\/2016\/12\/KMU-Schutz-gegen-Cyber-Kriminalitaet-it-security-scaled-1-scaled.jpg","keywords":["Cyber-Crime","IT-SECURITY"],"articleSection":["DIGITALISIERUNG"],"inLanguage":"en-US"},{"@type":"WebPage","@id":"https:\/\/news.save.ch\/kmu-schutz-gegen-cyber-kriminalitaet\/","url":"https:\/\/news.save.ch\/kmu-schutz-gegen-cyber-kriminalitaet\/","name":"SME protection against cybercrime - Save","isPartOf":{"@id":"https:\/\/news.save.ch\/de\/#website"},"primaryImageOfPage":{"@id":"https:\/\/news.save.ch\/kmu-schutz-gegen-cyber-kriminalitaet\/#primaryimage"},"image":{"@id":"https:\/\/news.save.ch\/kmu-schutz-gegen-cyber-kriminalitaet\/#primaryimage"},"thumbnailUrl":"https:\/\/news.save.ch\/wp-content\/uploads\/2016\/12\/KMU-Schutz-gegen-Cyber-Kriminalitaet-it-security-scaled-1-scaled.jpg","datePublished":"2015-07-27T15:26:45+00:00","dateModified":"2023-03-14T07:57:36+00:00","description":"SMEs are often market leaders in their segments and offer a worthwhile target for cyber attacks. VdS has developed guidelines for cyber security.","breadcrumb":{"@id":"https:\/\/news.save.ch\/kmu-schutz-gegen-cyber-kriminalitaet\/#breadcrumb"},"inLanguage":"en-US","potentialAction":[{"@type":"ReadAction","target":["https:\/\/news.save.ch\/kmu-schutz-gegen-cyber-kriminalitaet\/"]}]},{"@type":"ImageObject","inLanguage":"en-US","@id":"https:\/\/news.save.ch\/kmu-schutz-gegen-cyber-kriminalitaet\/#primaryimage","url":"https:\/\/news.save.ch\/wp-content\/uploads\/2016\/12\/KMU-Schutz-gegen-Cyber-Kriminalitaet-it-security-scaled-1-scaled.jpg","contentUrl":"https:\/\/news.save.ch\/wp-content\/uploads\/2016\/12\/KMU-Schutz-gegen-Cyber-Kriminalitaet-it-security-scaled-1-scaled.jpg","width":1400,"height":633,"caption":"Die Module des VdS-Konzepts f\u00fcr Cyber-Security."},{"@type":"BreadcrumbList","@id":"https:\/\/news.save.ch\/kmu-schutz-gegen-cyber-kriminalitaet\/#breadcrumb","itemListElement":[{"@type":"ListItem","position":1,"name":"Home","item":"https:\/\/news.save.ch\/de\/"},{"@type":"ListItem","position":2,"name":"KMU-Schutz gegen Cyber-Kriminalit\u00e4t"}]},{"@type":"WebSite","@id":"https:\/\/news.save.ch\/de\/#website","url":"https:\/\/news.save.ch\/de\/","name":"Save","description":"Swiss trade journal for safety","publisher":{"@id":"https:\/\/news.save.ch\/de\/#organization"},"potentialAction":[{"@type":"SearchAction","target":{"@type":"EntryPoint","urlTemplate":"https:\/\/news.save.ch\/de\/?s={search_term_string}"},"query-input":{"@type":"PropertyValueSpecification","valueRequired":true,"valueName":"search_term_string"}}],"inLanguage":"en-US"},{"@type":"Organization","@id":"https:\/\/news.save.ch\/de\/#organization","name":"Security Forum","url":"https:\/\/news.save.ch\/de\/","logo":{"@type":"ImageObject","inLanguage":"en-US","@id":"https:\/\/news.save.ch\/de\/#\/schema\/logo\/image\/","url":"https:\/\/news.save.ch\/wp-content\/uploads\/2022\/06\/Logo_SF_2012.png","contentUrl":"https:\/\/news.save.ch\/wp-content\/uploads\/2022\/06\/Logo_SF_2012.png","width":1100,"height":91,"caption":"Sicherheitsforum"},"image":{"@id":"https:\/\/news.save.ch\/de\/#\/schema\/logo\/image\/"}},{"@type":"Person","@id":"https:\/\/news.save.ch\/de\/#\/schema\/person\/d49e199490bad7c70d64b9ab51142f2b","name":"admin","image":{"@type":"ImageObject","inLanguage":"en-US","@id":"https:\/\/secure.gravatar.com\/avatar\/ae2f4d718e6c49043e314ce431e7e645d646302a24a5ef5a8bc8e3f5a032e319?s=96&d=mm&r=g","url":"https:\/\/secure.gravatar.com\/avatar\/ae2f4d718e6c49043e314ce431e7e645d646302a24a5ef5a8bc8e3f5a032e319?s=96&d=mm&r=g","contentUrl":"https:\/\/secure.gravatar.com\/avatar\/ae2f4d718e6c49043e314ce431e7e645d646302a24a5ef5a8bc8e3f5a032e319?s=96&d=mm&r=g","caption":"admin"},"sameAs":["https:\/\/develop.organisator.galledia.ch"],"url":"https:\/\/news.save.ch\/en\/author\/admin\/"}]}},"_links":{"self":[{"href":"https:\/\/news.save.ch\/en\/wp-json\/wp\/v2\/posts\/534","targetHints":{"allow":["GET"]}}],"collection":[{"href":"https:\/\/news.save.ch\/en\/wp-json\/wp\/v2\/posts"}],"about":[{"href":"https:\/\/news.save.ch\/en\/wp-json\/wp\/v2\/types\/post"}],"author":[{"embeddable":true,"href":"https:\/\/news.save.ch\/en\/wp-json\/wp\/v2\/users\/1"}],"replies":[{"embeddable":true,"href":"https:\/\/news.save.ch\/en\/wp-json\/wp\/v2\/comments?post=534"}],"version-history":[{"count":1,"href":"https:\/\/news.save.ch\/en\/wp-json\/wp\/v2\/posts\/534\/revisions"}],"predecessor-version":[{"id":17754,"href":"https:\/\/news.save.ch\/en\/wp-json\/wp\/v2\/posts\/534\/revisions\/17754"}],"wp:featuredmedia":[{"embeddable":true,"href":"https:\/\/news.save.ch\/en\/wp-json\/wp\/v2\/media\/535"}],"wp:attachment":[{"href":"https:\/\/news.save.ch\/en\/wp-json\/wp\/v2\/media?parent=534"}],"wp:term":[{"taxonomy":"category","embeddable":true,"href":"https:\/\/news.save.ch\/en\/wp-json\/wp\/v2\/categories?post=534"},{"taxonomy":"post_tag","embeddable":true,"href":"https:\/\/news.save.ch\/en\/wp-json\/wp\/v2\/tags?post=534"}],"curies":[{"name":"wp","href":"https:\/\/api.w.org\/{rel}","templated":true}]}}