{"id":5343,"date":"2017-09-07T13:32:24","date_gmt":"2017-09-07T11:32:24","guid":{"rendered":"https:\/\/news.save.ch\/?p=5343"},"modified":"2017-09-07T13:32:24","modified_gmt":"2017-09-07T11:32:24","slug":"zuercher-bedrohungsmanagement-steht","status":null,"type":"post","link":"https:\/\/news.save.ch\/en\/zuercher-bedrohungsmanagement-steht\/","title":{"rendered":"Zurich threat management stands"},"content":{"rendered":"<figure id=\"attachment_5344\" aria-describedby=\"caption-attachment-5344\" style=\"width: 680px\" class=\"wp-caption aligncenter\"><img loading=\"lazy\" decoding=\"async\" class=\"size-medium wp-image-5344\" src=\"https:\/\/news.save.ch\/wp-content\/uploads\/2017\/09\/Depositphotos_30646867_xl-2015-scaled-1.jpg\" alt=\"\" width=\"680\" height=\"453\" \/><figcaption id=\"caption-attachment-5344\" class=\"wp-caption-text\">\u00a9 depositphotos<\/figcaption><\/figure>\n<p>&nbsp;<\/p>\n<p>After serious, targeted acts of violence, one thing usually becomes clear: the acts are often the final tragic stage of a prolonged relationship or personality crisis. Warning signs are often recognizable in advance. These signs, which indicate a possible execution of a crime, are to be recognized with the threat management. With appropriate measures, the city police can stop the escalation and prevent the execution of the crime. The majority of threat management cases concern domestic violence.<\/p>\n<p>The basis for this police preventive work can be found in legal decrees of the Canton of Zurich, in particular in the Cantonal Police and Protection against Violence Act. The data protection officer of the city of Zurich pointed out in his 2013 activity report that the data for preventive police tasks is sensitive and that further precise regulations are necessary. The city police, together with the security department and the data protection commissioner, analyzed the city's threat management and drafted regulations that essentially have the following content:<\/p>\n<p><strong>Reporting Law: <\/strong>Any person may report to the city police if there are indications that a person may be a potential source of escalation or danger. The report can come, for example, from police members, members of the authorities, representatives of institutions or organizations, as well as private individuals<\/p>\n<p><strong>Data processing: <\/strong>Not every report to the municipal police proves to be relevant. The regulations therefore distinguish between a preliminary examination and a threat assessment. In the preliminary check, the threat management specialist group first checks reports against a catalog of criteria to determine whether people should be subjected to an in-depth threat assessment at all. The regulations clearly specify which data is processed, stored and deleted, and how. Data access is defined restrictively. For example, only employees of the threat management department of the city police have access to the information.<\/p>\n<p><strong>Measures: <\/strong>The city council has regulated in detail which measures the city police can take if they have identified a potential danger. For example, it can address endangering persons directly about their behavior and advise endangered persons or organize suitable protection and support measures for them.<\/p>\n<p><strong>Duty to inform: <\/strong>The municipal police shall inform the person posing a threat as soon as possible that he or she is listed in the threat management of the municipal police. The information may exceptionally be temporarily postponed if this is necessary to protect overriding public or private interests.<\/p>\n<p><strong>Reporting: <\/strong>Threat management is a preventive police activity, which is why there is an increased need for transparency and control. The municipal police report annually on the activities and developments of threat management for the attention of the security department. It also reports the required key figures for this purpose.<\/p>\n<p><em>Source: Media release City of Zurich<\/em><\/p>\n<p>&nbsp;<\/p>","protected":false},"excerpt":{"rendered":"<p>&nbsp; Nach schweren, zielgerichteten Gewalttaten wird meist eines klar: Die Taten sind h\u00e4ufig die letzte tragische Stufe einer l\u00e4ngeren Beziehungs- oder Pers\u00f6nlichkeitskrise. Oft sind im Vorfeld Warnsignale erkennbar. Diese Anzeichen, die auf eine m\u00f6gliche Tatausf\u00fchrung hindeuten, sollen mit dem Bedrohungsmanagement erkannt werden. Mit geeigneten Massnahmen kann die Stadtpolizei die Eskalation stoppen und die Tatausf\u00fchrung verhindern. [&hellip;]<\/p>\n","protected":false},"author":8,"featured_media":5344,"comment_status":"open","ping_status":"open","sticky":false,"template":"","format":"standard","meta":{"_acf_changed":false,"pgc_sgb_lightbox_settings":"","footnotes":""},"categories":[1],"tags":[69,70],"class_list":["post-5343","post","type-post","status-publish","format-standard","has-post-thumbnail","hentry","category-allgemein","tag-justiz-polizei","tag-sicherheit-diverses"],"acf":[],"hkrextid":null,"publication":null,"issue":null,"workflow":null,"startPage":null,"spitzmarke":null,"_posts_by_tag_page_fields":{"widget_title":"","widget_tags":""},"_at_widget":"1","_yoast_wpseo_primary_category":"1","_yoast_wpseo_focuskw_text_input":"Bedrohungsmanagement","_yoast_wpseo_opengraph-image":null,"_yoast_wpseo_opengraph-description":null,"_yoast_wpseo_opengraph-title":null,"enclosure":null,"_yoast_wpseo_twitter-title":null,"_yoast_wpseo_twitter-description":null,"_yoast_wpseo_twitter-image":null,"_wp_old_slug":null,"_yoast_wpseo_title":null,"_yoast_wpseo_canonical":null,"yoast_head":"<!-- This site is optimized with the Yoast SEO plugin v27.5 - https:\/\/yoast.com\/product\/yoast-seo-wordpress\/ -->\n<title>Z\u00fcrcher Bedrohungsmanagement steht - Save<\/title>\n<meta name=\"description\" content=\"Der Z\u00fcrcher Stadtrat hat das Reglement im Zusammenhang mit dem Bedrohungsmanagement der Stadtpolizei Z\u00fcrich auf den 1. Oktober 2017 in Kraft gesetzt.\" \/>\n<meta name=\"robots\" content=\"index, follow, max-snippet:-1, max-image-preview:large, max-video-preview:-1\" \/>\n<link rel=\"canonical\" href=\"https:\/\/news.save.ch\/en\/zuercher-bedrohungsmanagement-steht\/\" \/>\n<meta property=\"og:locale\" content=\"en_US\" \/>\n<meta property=\"og:type\" content=\"article\" \/>\n<meta property=\"og:title\" content=\"Z\u00fcrcher Bedrohungsmanagement steht - Save\" \/>\n<meta property=\"og:description\" content=\"Der Z\u00fcrcher Stadtrat hat das Reglement im Zusammenhang mit dem Bedrohungsmanagement der Stadtpolizei Z\u00fcrich auf den 1. Oktober 2017 in Kraft gesetzt.\" \/>\n<meta property=\"og:url\" content=\"https:\/\/news.save.ch\/en\/zuercher-bedrohungsmanagement-steht\/\" \/>\n<meta property=\"og:site_name\" content=\"Save\" \/>\n<meta property=\"article:published_time\" content=\"2017-09-07T11:32:24+00:00\" \/>\n<meta property=\"og:image\" content=\"https:\/\/news.save.ch\/wp-content\/uploads\/2017\/09\/Depositphotos_30646867_xl-2015-scaled-1-scaled.jpg\" \/>\n\t<meta property=\"og:image:width\" content=\"1400\" \/>\n\t<meta property=\"og:image:height\" content=\"934\" \/>\n\t<meta property=\"og:image:type\" content=\"image\/jpeg\" \/>\n<meta name=\"author\" content=\"Roger Str\u00e4ssle\" \/>\n<meta name=\"twitter:card\" content=\"summary_large_image\" \/>\n<meta name=\"twitter:label1\" content=\"Written by\" \/>\n\t<meta name=\"twitter:data1\" content=\"Roger Str\u00e4ssle\" \/>\n\t<meta name=\"twitter:label2\" content=\"Est. reading time\" \/>\n\t<meta name=\"twitter:data2\" content=\"2 minutes\" \/>\n<script type=\"application\/ld+json\" class=\"yoast-schema-graph\">{\"@context\":\"https:\\\/\\\/schema.org\",\"@graph\":[{\"@type\":\"Article\",\"@id\":\"https:\\\/\\\/news.save.ch\\\/zuercher-bedrohungsmanagement-steht\\\/#article\",\"isPartOf\":{\"@id\":\"https:\\\/\\\/news.save.ch\\\/zuercher-bedrohungsmanagement-steht\\\/\"},\"author\":{\"name\":\"Roger Str\u00e4ssle\",\"@id\":\"https:\\\/\\\/news.save.ch\\\/de\\\/#\\\/schema\\\/person\\\/d5022db048e0e2b9785c50e5b24da5aa\"},\"headline\":\"Z\u00fcrcher Bedrohungsmanagement steht\",\"datePublished\":\"2017-09-07T11:32:24+00:00\",\"mainEntityOfPage\":{\"@id\":\"https:\\\/\\\/news.save.ch\\\/zuercher-bedrohungsmanagement-steht\\\/\"},\"wordCount\":428,\"commentCount\":2,\"publisher\":{\"@id\":\"https:\\\/\\\/news.save.ch\\\/de\\\/#organization\"},\"image\":{\"@id\":\"https:\\\/\\\/news.save.ch\\\/zuercher-bedrohungsmanagement-steht\\\/#primaryimage\"},\"thumbnailUrl\":\"https:\\\/\\\/news.save.ch\\\/wp-content\\\/uploads\\\/2017\\\/09\\\/Depositphotos_30646867_xl-2015-scaled-1-scaled.jpg\",\"keywords\":[\"Justiz &amp; Polizei\",\"Sicherheit diverses\"],\"articleSection\":[\"ALLGEMEIN\"],\"inLanguage\":\"en-US\"},{\"@type\":\"WebPage\",\"@id\":\"https:\\\/\\\/news.save.ch\\\/zuercher-bedrohungsmanagement-steht\\\/\",\"url\":\"https:\\\/\\\/news.save.ch\\\/zuercher-bedrohungsmanagement-steht\\\/\",\"name\":\"Z\u00fcrcher Bedrohungsmanagement steht - Save\",\"isPartOf\":{\"@id\":\"https:\\\/\\\/news.save.ch\\\/de\\\/#website\"},\"primaryImageOfPage\":{\"@id\":\"https:\\\/\\\/news.save.ch\\\/zuercher-bedrohungsmanagement-steht\\\/#primaryimage\"},\"image\":{\"@id\":\"https:\\\/\\\/news.save.ch\\\/zuercher-bedrohungsmanagement-steht\\\/#primaryimage\"},\"thumbnailUrl\":\"https:\\\/\\\/news.save.ch\\\/wp-content\\\/uploads\\\/2017\\\/09\\\/Depositphotos_30646867_xl-2015-scaled-1-scaled.jpg\",\"datePublished\":\"2017-09-07T11:32:24+00:00\",\"description\":\"Der Z\u00fcrcher Stadtrat hat das Reglement im Zusammenhang mit dem Bedrohungsmanagement der Stadtpolizei Z\u00fcrich auf den 1. Oktober 2017 in Kraft gesetzt.\",\"breadcrumb\":{\"@id\":\"https:\\\/\\\/news.save.ch\\\/zuercher-bedrohungsmanagement-steht\\\/#breadcrumb\"},\"inLanguage\":\"en-US\",\"potentialAction\":[{\"@type\":\"ReadAction\",\"target\":[\"https:\\\/\\\/news.save.ch\\\/zuercher-bedrohungsmanagement-steht\\\/\"]}]},{\"@type\":\"ImageObject\",\"inLanguage\":\"en-US\",\"@id\":\"https:\\\/\\\/news.save.ch\\\/zuercher-bedrohungsmanagement-steht\\\/#primaryimage\",\"url\":\"https:\\\/\\\/news.save.ch\\\/wp-content\\\/uploads\\\/2017\\\/09\\\/Depositphotos_30646867_xl-2015-scaled-1-scaled.jpg\",\"contentUrl\":\"https:\\\/\\\/news.save.ch\\\/wp-content\\\/uploads\\\/2017\\\/09\\\/Depositphotos_30646867_xl-2015-scaled-1-scaled.jpg\",\"width\":1400,\"height\":934,\"caption\":\"\u00a9 depositphotos\"},{\"@type\":\"BreadcrumbList\",\"@id\":\"https:\\\/\\\/news.save.ch\\\/zuercher-bedrohungsmanagement-steht\\\/#breadcrumb\",\"itemListElement\":[{\"@type\":\"ListItem\",\"position\":1,\"name\":\"Home\",\"item\":\"https:\\\/\\\/news.save.ch\\\/de\\\/\"},{\"@type\":\"ListItem\",\"position\":2,\"name\":\"Z\u00fcrcher Bedrohungsmanagement steht\"}]},{\"@type\":\"WebSite\",\"@id\":\"https:\\\/\\\/news.save.ch\\\/de\\\/#website\",\"url\":\"https:\\\/\\\/news.save.ch\\\/de\\\/\",\"name\":\"Save\",\"description\":\"Schweizer Fachzeitschrift f\u00fcr Sicherheit\",\"publisher\":{\"@id\":\"https:\\\/\\\/news.save.ch\\\/de\\\/#organization\"},\"potentialAction\":[{\"@type\":\"SearchAction\",\"target\":{\"@type\":\"EntryPoint\",\"urlTemplate\":\"https:\\\/\\\/news.save.ch\\\/de\\\/?s={search_term_string}\"},\"query-input\":{\"@type\":\"PropertyValueSpecification\",\"valueRequired\":true,\"valueName\":\"search_term_string\"}}],\"inLanguage\":\"en-US\"},{\"@type\":\"Organization\",\"@id\":\"https:\\\/\\\/news.save.ch\\\/de\\\/#organization\",\"name\":\"Sicherheitsforum\",\"url\":\"https:\\\/\\\/news.save.ch\\\/de\\\/\",\"logo\":{\"@type\":\"ImageObject\",\"inLanguage\":\"en-US\",\"@id\":\"https:\\\/\\\/news.save.ch\\\/de\\\/#\\\/schema\\\/logo\\\/image\\\/\",\"url\":\"https:\\\/\\\/news.save.ch\\\/wp-content\\\/uploads\\\/2022\\\/06\\\/Logo_SF_2012.png\",\"contentUrl\":\"https:\\\/\\\/news.save.ch\\\/wp-content\\\/uploads\\\/2022\\\/06\\\/Logo_SF_2012.png\",\"width\":1100,\"height\":91,\"caption\":\"Sicherheitsforum\"},\"image\":{\"@id\":\"https:\\\/\\\/news.save.ch\\\/de\\\/#\\\/schema\\\/logo\\\/image\\\/\"}},{\"@type\":\"Person\",\"@id\":\"https:\\\/\\\/news.save.ch\\\/de\\\/#\\\/schema\\\/person\\\/d5022db048e0e2b9785c50e5b24da5aa\",\"name\":\"Roger Str\u00e4ssle\",\"image\":{\"@type\":\"ImageObject\",\"inLanguage\":\"en-US\",\"@id\":\"https:\\\/\\\/secure.gravatar.com\\\/avatar\\\/862a5569d087de48e5856e32f45d719a03804c891d6deb8d4f71a660e79e4a47?s=96&d=mm&r=g\",\"url\":\"https:\\\/\\\/secure.gravatar.com\\\/avatar\\\/862a5569d087de48e5856e32f45d719a03804c891d6deb8d4f71a660e79e4a47?s=96&d=mm&r=g\",\"contentUrl\":\"https:\\\/\\\/secure.gravatar.com\\\/avatar\\\/862a5569d087de48e5856e32f45d719a03804c891d6deb8d4f71a660e79e4a47?s=96&d=mm&r=g\",\"caption\":\"Roger Str\u00e4ssle\"},\"url\":\"https:\\\/\\\/news.save.ch\\\/en\\\/author\\\/roger-straessle\\\/\"}]}<\/script>\n<!-- \/ Yoast SEO plugin. -->","yoast_head_json":{"title":"Zurich threat management stands - Save","description":"The Zurich City Council has put the regulations in connection with the threat management of the Zurich City Police into force as of October 1, 2017.","robots":{"index":"index","follow":"follow","max-snippet":"max-snippet:-1","max-image-preview":"max-image-preview:large","max-video-preview":"max-video-preview:-1"},"canonical":"https:\/\/news.save.ch\/en\/zuercher-bedrohungsmanagement-steht\/","og_locale":"en_US","og_type":"article","og_title":"Z\u00fcrcher Bedrohungsmanagement steht - Save","og_description":"Der Z\u00fcrcher Stadtrat hat das Reglement im Zusammenhang mit dem Bedrohungsmanagement der Stadtpolizei Z\u00fcrich auf den 1. Oktober 2017 in Kraft gesetzt.","og_url":"https:\/\/news.save.ch\/en\/zuercher-bedrohungsmanagement-steht\/","og_site_name":"Save","article_published_time":"2017-09-07T11:32:24+00:00","og_image":[{"width":1400,"height":934,"url":"https:\/\/news.save.ch\/wp-content\/uploads\/2017\/09\/Depositphotos_30646867_xl-2015-scaled-1-scaled.jpg","type":"image\/jpeg"}],"author":"Roger Str\u00e4ssle","twitter_card":"summary_large_image","twitter_misc":{"Written by":"Roger Str\u00e4ssle","Est. reading time":"2 minutes"},"schema":{"@context":"https:\/\/schema.org","@graph":[{"@type":"Article","@id":"https:\/\/news.save.ch\/zuercher-bedrohungsmanagement-steht\/#article","isPartOf":{"@id":"https:\/\/news.save.ch\/zuercher-bedrohungsmanagement-steht\/"},"author":{"name":"Roger Str\u00e4ssle","@id":"https:\/\/news.save.ch\/de\/#\/schema\/person\/d5022db048e0e2b9785c50e5b24da5aa"},"headline":"Z\u00fcrcher Bedrohungsmanagement steht","datePublished":"2017-09-07T11:32:24+00:00","mainEntityOfPage":{"@id":"https:\/\/news.save.ch\/zuercher-bedrohungsmanagement-steht\/"},"wordCount":428,"commentCount":2,"publisher":{"@id":"https:\/\/news.save.ch\/de\/#organization"},"image":{"@id":"https:\/\/news.save.ch\/zuercher-bedrohungsmanagement-steht\/#primaryimage"},"thumbnailUrl":"https:\/\/news.save.ch\/wp-content\/uploads\/2017\/09\/Depositphotos_30646867_xl-2015-scaled-1-scaled.jpg","keywords":["Justiz &amp; Polizei","Sicherheit diverses"],"articleSection":["ALLGEMEIN"],"inLanguage":"en-US"},{"@type":"WebPage","@id":"https:\/\/news.save.ch\/zuercher-bedrohungsmanagement-steht\/","url":"https:\/\/news.save.ch\/zuercher-bedrohungsmanagement-steht\/","name":"Zurich threat management stands - Save","isPartOf":{"@id":"https:\/\/news.save.ch\/de\/#website"},"primaryImageOfPage":{"@id":"https:\/\/news.save.ch\/zuercher-bedrohungsmanagement-steht\/#primaryimage"},"image":{"@id":"https:\/\/news.save.ch\/zuercher-bedrohungsmanagement-steht\/#primaryimage"},"thumbnailUrl":"https:\/\/news.save.ch\/wp-content\/uploads\/2017\/09\/Depositphotos_30646867_xl-2015-scaled-1-scaled.jpg","datePublished":"2017-09-07T11:32:24+00:00","description":"The Zurich City Council has put the regulations in connection with the threat management of the Zurich City Police into force as of October 1, 2017.","breadcrumb":{"@id":"https:\/\/news.save.ch\/zuercher-bedrohungsmanagement-steht\/#breadcrumb"},"inLanguage":"en-US","potentialAction":[{"@type":"ReadAction","target":["https:\/\/news.save.ch\/zuercher-bedrohungsmanagement-steht\/"]}]},{"@type":"ImageObject","inLanguage":"en-US","@id":"https:\/\/news.save.ch\/zuercher-bedrohungsmanagement-steht\/#primaryimage","url":"https:\/\/news.save.ch\/wp-content\/uploads\/2017\/09\/Depositphotos_30646867_xl-2015-scaled-1-scaled.jpg","contentUrl":"https:\/\/news.save.ch\/wp-content\/uploads\/2017\/09\/Depositphotos_30646867_xl-2015-scaled-1-scaled.jpg","width":1400,"height":934,"caption":"\u00a9 depositphotos"},{"@type":"BreadcrumbList","@id":"https:\/\/news.save.ch\/zuercher-bedrohungsmanagement-steht\/#breadcrumb","itemListElement":[{"@type":"ListItem","position":1,"name":"Home","item":"https:\/\/news.save.ch\/de\/"},{"@type":"ListItem","position":2,"name":"Z\u00fcrcher Bedrohungsmanagement steht"}]},{"@type":"WebSite","@id":"https:\/\/news.save.ch\/de\/#website","url":"https:\/\/news.save.ch\/de\/","name":"Save","description":"Swiss trade journal for safety","publisher":{"@id":"https:\/\/news.save.ch\/de\/#organization"},"potentialAction":[{"@type":"SearchAction","target":{"@type":"EntryPoint","urlTemplate":"https:\/\/news.save.ch\/de\/?s={search_term_string}"},"query-input":{"@type":"PropertyValueSpecification","valueRequired":true,"valueName":"search_term_string"}}],"inLanguage":"en-US"},{"@type":"Organization","@id":"https:\/\/news.save.ch\/de\/#organization","name":"Security Forum","url":"https:\/\/news.save.ch\/de\/","logo":{"@type":"ImageObject","inLanguage":"en-US","@id":"https:\/\/news.save.ch\/de\/#\/schema\/logo\/image\/","url":"https:\/\/news.save.ch\/wp-content\/uploads\/2022\/06\/Logo_SF_2012.png","contentUrl":"https:\/\/news.save.ch\/wp-content\/uploads\/2022\/06\/Logo_SF_2012.png","width":1100,"height":91,"caption":"Sicherheitsforum"},"image":{"@id":"https:\/\/news.save.ch\/de\/#\/schema\/logo\/image\/"}},{"@type":"Person","@id":"https:\/\/news.save.ch\/de\/#\/schema\/person\/d5022db048e0e2b9785c50e5b24da5aa","name":"Roger Str\u00e4ssle","image":{"@type":"ImageObject","inLanguage":"en-US","@id":"https:\/\/secure.gravatar.com\/avatar\/862a5569d087de48e5856e32f45d719a03804c891d6deb8d4f71a660e79e4a47?s=96&d=mm&r=g","url":"https:\/\/secure.gravatar.com\/avatar\/862a5569d087de48e5856e32f45d719a03804c891d6deb8d4f71a660e79e4a47?s=96&d=mm&r=g","contentUrl":"https:\/\/secure.gravatar.com\/avatar\/862a5569d087de48e5856e32f45d719a03804c891d6deb8d4f71a660e79e4a47?s=96&d=mm&r=g","caption":"Roger Str\u00e4ssle"},"url":"https:\/\/news.save.ch\/en\/author\/roger-straessle\/"}]}},"_links":{"self":[{"href":"https:\/\/news.save.ch\/en\/wp-json\/wp\/v2\/posts\/5343","targetHints":{"allow":["GET"]}}],"collection":[{"href":"https:\/\/news.save.ch\/en\/wp-json\/wp\/v2\/posts"}],"about":[{"href":"https:\/\/news.save.ch\/en\/wp-json\/wp\/v2\/types\/post"}],"author":[{"embeddable":true,"href":"https:\/\/news.save.ch\/en\/wp-json\/wp\/v2\/users\/8"}],"replies":[{"embeddable":true,"href":"https:\/\/news.save.ch\/en\/wp-json\/wp\/v2\/comments?post=5343"}],"version-history":[{"count":0,"href":"https:\/\/news.save.ch\/en\/wp-json\/wp\/v2\/posts\/5343\/revisions"}],"wp:featuredmedia":[{"embeddable":true,"href":"https:\/\/news.save.ch\/en\/wp-json\/wp\/v2\/media\/5344"}],"wp:attachment":[{"href":"https:\/\/news.save.ch\/en\/wp-json\/wp\/v2\/media?parent=5343"}],"wp:term":[{"taxonomy":"category","embeddable":true,"href":"https:\/\/news.save.ch\/en\/wp-json\/wp\/v2\/categories?post=5343"},{"taxonomy":"post_tag","embeddable":true,"href":"https:\/\/news.save.ch\/en\/wp-json\/wp\/v2\/tags?post=5343"}],"curies":[{"name":"wp","href":"https:\/\/api.w.org\/{rel}","templated":true}]}}