{"id":5347,"date":"2017-09-08T17:25:08","date_gmt":"2017-09-08T15:25:08","guid":{"rendered":"https:\/\/news.save.ch\/?p=5347"},"modified":"2017-09-08T17:25:08","modified_gmt":"2017-09-08T15:25:08","slug":"flugsicherheit-skyguide-und-wind-branche-kooperieren","status":null,"type":"post","link":"https:\/\/news.save.ch\/en\/flugsicherheit-skyguide-und-wind-branche-kooperieren\/","title":{"rendered":"Air traffic control and wind industry cooperate"},"content":{"rendered":"<p><img loading=\"lazy\" decoding=\"async\" class=\"aligncenter size-medium wp-image-5348\" src=\"https:\/\/news.save.ch\/wp-content\/uploads\/2017\/09\/Depositphotos_8610489_m-2015.jpg\" alt=\"\" width=\"680\" height=\"454\" srcset=\"https:\/\/news.save.ch\/wp-content\/uploads\/2017\/09\/Depositphotos_8610489_m-2015.jpg 1000w, https:\/\/news.save.ch\/wp-content\/uploads\/2017\/09\/Depositphotos_8610489_m-2015-375x250.jpg 375w\" sizes=\"auto, (max-width: 680px) 100vw, 680px\" \/><\/p>\n<p>\u00a9 depositphotos<\/p>\n<p>&nbsp;<\/p>\n<p>\"The cooperation between wind turbine project developers and <a href=\"https:\/\/www.skyguide.ch\/de\/\">Skyguide<\/a> is developing very positively,\" explained Catherine Huguenin, who is responsible for wind energy at Skyguide. Matthias Fries, technical expert at Skyguide, explains:\" Because of their considerable size, wind turbines are a very important issue for us. As physical obstacles, they can interfere with our flight procedures. Since they also reflect the radio waves of air traffic control systems, they can severely interfere with important systems such as radars or flight control systems. However, many problems are solvable.\" It is important, he said, that project developers and authorities inform Skyguide as early as possible. The company, which is responsible for aviation safety, is investing 15 million Swiss francs in new radars that can be better coordinated with wind turbines. Skyguide is also engaged in an intensive exchange on the subject of wind energy with experts from Europe and the USA to ensure that the latest industry standards are applied in Switzerland.<\/p>\n<p><strong>100 new plants until 2025<br \/>\n<\/strong>\"We are pleased to be able to hold our second industry seminar with Skyguide on September 8,\" said Reto Rigassi, managing director of <a href=\"https:\/\/www.suisse-eole.ch\">Suisse Eole<\/a>the association for the promotion of wind energy in Switzerland. Wind energy makes an important contribution to the energy supply, especially in the winter months. Suisse Eole has set itself the goal of having 100 wind turbines producing electricity in Switzerland by 2025.<\/p>\n<p><strong>The view of the federal government<br \/>\n<\/strong>Representatives of the Federal Office of Civil Aviation, Skyguide's supervisory authority, were also involved in the seminar. They showed how the interests of wind energy are taken into account in the approval process for the erection of aviation obstacles, which include wind turbines. An expert from France presented solutions that could allow wind turbines to coexist with technical air traffic control equipment. Furthermore, an expert from the Air Force provided insight into military surveillance systems and the resulting issues in the development of wind energy projects.<\/p>\n<p><em>Source: Suisse Eole<\/em><\/p>","protected":false},"excerpt":{"rendered":"<p>\u00a9 depositphotos &nbsp; \u201eDie Zusammenarbeit zwischen Projektentwicklern von Windenergieanlagen und Skyguide entwickelt sich sehr positiv\u201c, erkl\u00e4rte Catherine Huguenin, zust\u00e4ndig f\u00fcr das Thema Windenergie bei Skyguide. Matthias Fries, technischer Experte bei Skyguide, erkl\u00e4rt:&#8220; Wegen ihrer beachtlichen Gr\u00f6sse sind Windenergieanlagen bei uns ein sehr wichtiges Thema. Als physische Hindernisse k\u00f6nnen sie unsere Flugverfahren beeintr\u00e4chtigen. Da sie auch [&hellip;]<\/p>\n","protected":false},"author":8,"featured_media":5348,"comment_status":"open","ping_status":"open","sticky":false,"template":"","format":"standard","meta":{"_acf_changed":false,"pgc_sgb_lightbox_settings":"","footnotes":""},"categories":[1],"tags":[262,56,70],"class_list":["post-5347","post","type-post","status-publish","format-standard","has-post-thumbnail","hentry","category-allgemein","tag-energie","tag-flughafen","tag-sicherheit-diverses"],"acf":[],"hkrextid":null,"publication":null,"issue":null,"workflow":null,"startPage":null,"spitzmarke":null,"_posts_by_tag_page_fields":{"widget_title":"","widget_tags":""},"_at_widget":"1","_yoast_wpseo_primary_category":"1","_yoast_wpseo_focuskw_text_input":"Flugsicherheit","_yoast_wpseo_opengraph-image":null,"_yoast_wpseo_opengraph-description":null,"_yoast_wpseo_opengraph-title":null,"enclosure":null,"_yoast_wpseo_twitter-title":null,"_yoast_wpseo_twitter-description":null,"_yoast_wpseo_twitter-image":null,"_wp_old_slug":null,"_yoast_wpseo_title":null,"_yoast_wpseo_canonical":null,"yoast_head":"<!-- This site is optimized with the Yoast SEO plugin v27.4 - https:\/\/yoast.com\/product\/yoast-seo-wordpress\/ -->\n<title>Flugsicherung und Wind-Branche kooperieren - Save<\/title>\n<meta name=\"description\" content=\"Die Schweizer Flugsicherung Skyguide und Suisse Eole spannen zusammen: Sie wollen die Flugsicherheit und neue Windparks aufeinander abstimmen.\" \/>\n<meta name=\"robots\" content=\"index, follow, max-snippet:-1, max-image-preview:large, max-video-preview:-1\" \/>\n<link rel=\"canonical\" href=\"https:\/\/news.save.ch\/en\/flugsicherheit-skyguide-und-wind-branche-kooperieren\/\" \/>\n<meta property=\"og:locale\" content=\"en_US\" \/>\n<meta property=\"og:type\" content=\"article\" \/>\n<meta property=\"og:title\" content=\"Flugsicherung und Wind-Branche kooperieren - Save\" \/>\n<meta property=\"og:description\" content=\"Die Schweizer Flugsicherung Skyguide und Suisse Eole spannen zusammen: Sie wollen die Flugsicherheit und neue Windparks aufeinander abstimmen.\" \/>\n<meta property=\"og:url\" content=\"https:\/\/news.save.ch\/en\/flugsicherheit-skyguide-und-wind-branche-kooperieren\/\" \/>\n<meta property=\"og:site_name\" content=\"Save\" \/>\n<meta property=\"article:published_time\" content=\"2017-09-08T15:25:08+00:00\" \/>\n<meta property=\"og:image\" content=\"https:\/\/news.save.ch\/wp-content\/uploads\/2017\/09\/Depositphotos_8610489_m-2015.jpg\" \/>\n\t<meta property=\"og:image:width\" content=\"1000\" \/>\n\t<meta property=\"og:image:height\" content=\"667\" \/>\n\t<meta property=\"og:image:type\" content=\"image\/jpeg\" \/>\n<meta name=\"author\" content=\"Roger Str\u00e4ssle\" \/>\n<meta name=\"twitter:card\" content=\"summary_large_image\" \/>\n<meta name=\"twitter:label1\" content=\"Written by\" \/>\n\t<meta name=\"twitter:data1\" content=\"Roger Str\u00e4ssle\" \/>\n\t<meta name=\"twitter:label2\" content=\"Est. reading time\" \/>\n\t<meta name=\"twitter:data2\" content=\"2 minutes\" \/>\n<script type=\"application\/ld+json\" class=\"yoast-schema-graph\">{\"@context\":\"https:\\\/\\\/schema.org\",\"@graph\":[{\"@type\":\"Article\",\"@id\":\"https:\\\/\\\/news.save.ch\\\/flugsicherheit-skyguide-und-wind-branche-kooperieren\\\/#article\",\"isPartOf\":{\"@id\":\"https:\\\/\\\/news.save.ch\\\/flugsicherheit-skyguide-und-wind-branche-kooperieren\\\/\"},\"author\":{\"name\":\"Roger Str\u00e4ssle\",\"@id\":\"https:\\\/\\\/news.save.ch\\\/de\\\/#\\\/schema\\\/person\\\/d5022db048e0e2b9785c50e5b24da5aa\"},\"headline\":\"Flugsicherung und Wind-Branche kooperieren\",\"datePublished\":\"2017-09-08T15:25:08+00:00\",\"mainEntityOfPage\":{\"@id\":\"https:\\\/\\\/news.save.ch\\\/flugsicherheit-skyguide-und-wind-branche-kooperieren\\\/\"},\"wordCount\":314,\"commentCount\":0,\"publisher\":{\"@id\":\"https:\\\/\\\/news.save.ch\\\/de\\\/#organization\"},\"image\":{\"@id\":\"https:\\\/\\\/news.save.ch\\\/flugsicherheit-skyguide-und-wind-branche-kooperieren\\\/#primaryimage\"},\"thumbnailUrl\":\"https:\\\/\\\/news.save.ch\\\/wp-content\\\/uploads\\\/2017\\\/09\\\/Depositphotos_8610489_m-2015.jpg\",\"keywords\":[\"Energie\",\"Flughafen\",\"Sicherheit diverses\"],\"articleSection\":[\"ALLGEMEIN\"],\"inLanguage\":\"en-US\"},{\"@type\":\"WebPage\",\"@id\":\"https:\\\/\\\/news.save.ch\\\/flugsicherheit-skyguide-und-wind-branche-kooperieren\\\/\",\"url\":\"https:\\\/\\\/news.save.ch\\\/flugsicherheit-skyguide-und-wind-branche-kooperieren\\\/\",\"name\":\"Flugsicherung und Wind-Branche kooperieren - Save\",\"isPartOf\":{\"@id\":\"https:\\\/\\\/news.save.ch\\\/de\\\/#website\"},\"primaryImageOfPage\":{\"@id\":\"https:\\\/\\\/news.save.ch\\\/flugsicherheit-skyguide-und-wind-branche-kooperieren\\\/#primaryimage\"},\"image\":{\"@id\":\"https:\\\/\\\/news.save.ch\\\/flugsicherheit-skyguide-und-wind-branche-kooperieren\\\/#primaryimage\"},\"thumbnailUrl\":\"https:\\\/\\\/news.save.ch\\\/wp-content\\\/uploads\\\/2017\\\/09\\\/Depositphotos_8610489_m-2015.jpg\",\"datePublished\":\"2017-09-08T15:25:08+00:00\",\"description\":\"Die Schweizer Flugsicherung Skyguide und Suisse Eole spannen zusammen: Sie wollen die Flugsicherheit und neue Windparks aufeinander abstimmen.\",\"breadcrumb\":{\"@id\":\"https:\\\/\\\/news.save.ch\\\/flugsicherheit-skyguide-und-wind-branche-kooperieren\\\/#breadcrumb\"},\"inLanguage\":\"en-US\",\"potentialAction\":[{\"@type\":\"ReadAction\",\"target\":[\"https:\\\/\\\/news.save.ch\\\/flugsicherheit-skyguide-und-wind-branche-kooperieren\\\/\"]}]},{\"@type\":\"ImageObject\",\"inLanguage\":\"en-US\",\"@id\":\"https:\\\/\\\/news.save.ch\\\/flugsicherheit-skyguide-und-wind-branche-kooperieren\\\/#primaryimage\",\"url\":\"https:\\\/\\\/news.save.ch\\\/wp-content\\\/uploads\\\/2017\\\/09\\\/Depositphotos_8610489_m-2015.jpg\",\"contentUrl\":\"https:\\\/\\\/news.save.ch\\\/wp-content\\\/uploads\\\/2017\\\/09\\\/Depositphotos_8610489_m-2015.jpg\",\"width\":1000,\"height\":667,\"caption\":\"\u00a9 depositphotos\"},{\"@type\":\"BreadcrumbList\",\"@id\":\"https:\\\/\\\/news.save.ch\\\/flugsicherheit-skyguide-und-wind-branche-kooperieren\\\/#breadcrumb\",\"itemListElement\":[{\"@type\":\"ListItem\",\"position\":1,\"name\":\"Home\",\"item\":\"https:\\\/\\\/news.save.ch\\\/de\\\/\"},{\"@type\":\"ListItem\",\"position\":2,\"name\":\"Flugsicherung und Wind-Branche kooperieren\"}]},{\"@type\":\"WebSite\",\"@id\":\"https:\\\/\\\/news.save.ch\\\/de\\\/#website\",\"url\":\"https:\\\/\\\/news.save.ch\\\/de\\\/\",\"name\":\"Save\",\"description\":\"Schweizer Fachzeitschrift f\u00fcr Sicherheit\",\"publisher\":{\"@id\":\"https:\\\/\\\/news.save.ch\\\/de\\\/#organization\"},\"potentialAction\":[{\"@type\":\"SearchAction\",\"target\":{\"@type\":\"EntryPoint\",\"urlTemplate\":\"https:\\\/\\\/news.save.ch\\\/de\\\/?s={search_term_string}\"},\"query-input\":{\"@type\":\"PropertyValueSpecification\",\"valueRequired\":true,\"valueName\":\"search_term_string\"}}],\"inLanguage\":\"en-US\"},{\"@type\":\"Organization\",\"@id\":\"https:\\\/\\\/news.save.ch\\\/de\\\/#organization\",\"name\":\"Sicherheitsforum\",\"url\":\"https:\\\/\\\/news.save.ch\\\/de\\\/\",\"logo\":{\"@type\":\"ImageObject\",\"inLanguage\":\"en-US\",\"@id\":\"https:\\\/\\\/news.save.ch\\\/de\\\/#\\\/schema\\\/logo\\\/image\\\/\",\"url\":\"https:\\\/\\\/news.save.ch\\\/wp-content\\\/uploads\\\/2022\\\/06\\\/Logo_SF_2012.png\",\"contentUrl\":\"https:\\\/\\\/news.save.ch\\\/wp-content\\\/uploads\\\/2022\\\/06\\\/Logo_SF_2012.png\",\"width\":1100,\"height\":91,\"caption\":\"Sicherheitsforum\"},\"image\":{\"@id\":\"https:\\\/\\\/news.save.ch\\\/de\\\/#\\\/schema\\\/logo\\\/image\\\/\"}},{\"@type\":\"Person\",\"@id\":\"https:\\\/\\\/news.save.ch\\\/de\\\/#\\\/schema\\\/person\\\/d5022db048e0e2b9785c50e5b24da5aa\",\"name\":\"Roger Str\u00e4ssle\",\"image\":{\"@type\":\"ImageObject\",\"inLanguage\":\"en-US\",\"@id\":\"https:\\\/\\\/secure.gravatar.com\\\/avatar\\\/862a5569d087de48e5856e32f45d719a03804c891d6deb8d4f71a660e79e4a47?s=96&d=mm&r=g\",\"url\":\"https:\\\/\\\/secure.gravatar.com\\\/avatar\\\/862a5569d087de48e5856e32f45d719a03804c891d6deb8d4f71a660e79e4a47?s=96&d=mm&r=g\",\"contentUrl\":\"https:\\\/\\\/secure.gravatar.com\\\/avatar\\\/862a5569d087de48e5856e32f45d719a03804c891d6deb8d4f71a660e79e4a47?s=96&d=mm&r=g\",\"caption\":\"Roger Str\u00e4ssle\"},\"url\":\"https:\\\/\\\/news.save.ch\\\/en\\\/author\\\/roger-straessle\\\/\"}]}<\/script>\n<!-- \/ Yoast SEO plugin. -->","yoast_head_json":{"title":"Air traffic control and wind industry cooperate - Save","description":"Swiss air navigation service provider Skyguide and Suisse Eole are teaming up: They want to coordinate air safety and new wind farms.","robots":{"index":"index","follow":"follow","max-snippet":"max-snippet:-1","max-image-preview":"max-image-preview:large","max-video-preview":"max-video-preview:-1"},"canonical":"https:\/\/news.save.ch\/en\/flugsicherheit-skyguide-und-wind-branche-kooperieren\/","og_locale":"en_US","og_type":"article","og_title":"Flugsicherung und Wind-Branche kooperieren - Save","og_description":"Die Schweizer Flugsicherung Skyguide und Suisse Eole spannen zusammen: Sie wollen die Flugsicherheit und neue Windparks aufeinander abstimmen.","og_url":"https:\/\/news.save.ch\/en\/flugsicherheit-skyguide-und-wind-branche-kooperieren\/","og_site_name":"Save","article_published_time":"2017-09-08T15:25:08+00:00","og_image":[{"width":1000,"height":667,"url":"https:\/\/news.save.ch\/wp-content\/uploads\/2017\/09\/Depositphotos_8610489_m-2015.jpg","type":"image\/jpeg"}],"author":"Roger Str\u00e4ssle","twitter_card":"summary_large_image","twitter_misc":{"Written by":"Roger Str\u00e4ssle","Est. reading time":"2 minutes"},"schema":{"@context":"https:\/\/schema.org","@graph":[{"@type":"Article","@id":"https:\/\/news.save.ch\/flugsicherheit-skyguide-und-wind-branche-kooperieren\/#article","isPartOf":{"@id":"https:\/\/news.save.ch\/flugsicherheit-skyguide-und-wind-branche-kooperieren\/"},"author":{"name":"Roger Str\u00e4ssle","@id":"https:\/\/news.save.ch\/de\/#\/schema\/person\/d5022db048e0e2b9785c50e5b24da5aa"},"headline":"Flugsicherung und Wind-Branche kooperieren","datePublished":"2017-09-08T15:25:08+00:00","mainEntityOfPage":{"@id":"https:\/\/news.save.ch\/flugsicherheit-skyguide-und-wind-branche-kooperieren\/"},"wordCount":314,"commentCount":0,"publisher":{"@id":"https:\/\/news.save.ch\/de\/#organization"},"image":{"@id":"https:\/\/news.save.ch\/flugsicherheit-skyguide-und-wind-branche-kooperieren\/#primaryimage"},"thumbnailUrl":"https:\/\/news.save.ch\/wp-content\/uploads\/2017\/09\/Depositphotos_8610489_m-2015.jpg","keywords":["Energie","Flughafen","Sicherheit diverses"],"articleSection":["ALLGEMEIN"],"inLanguage":"en-US"},{"@type":"WebPage","@id":"https:\/\/news.save.ch\/flugsicherheit-skyguide-und-wind-branche-kooperieren\/","url":"https:\/\/news.save.ch\/flugsicherheit-skyguide-und-wind-branche-kooperieren\/","name":"Air traffic control and wind industry cooperate - Save","isPartOf":{"@id":"https:\/\/news.save.ch\/de\/#website"},"primaryImageOfPage":{"@id":"https:\/\/news.save.ch\/flugsicherheit-skyguide-und-wind-branche-kooperieren\/#primaryimage"},"image":{"@id":"https:\/\/news.save.ch\/flugsicherheit-skyguide-und-wind-branche-kooperieren\/#primaryimage"},"thumbnailUrl":"https:\/\/news.save.ch\/wp-content\/uploads\/2017\/09\/Depositphotos_8610489_m-2015.jpg","datePublished":"2017-09-08T15:25:08+00:00","description":"Swiss air navigation service provider Skyguide and Suisse Eole are teaming up: They want to coordinate air safety and new wind farms.","breadcrumb":{"@id":"https:\/\/news.save.ch\/flugsicherheit-skyguide-und-wind-branche-kooperieren\/#breadcrumb"},"inLanguage":"en-US","potentialAction":[{"@type":"ReadAction","target":["https:\/\/news.save.ch\/flugsicherheit-skyguide-und-wind-branche-kooperieren\/"]}]},{"@type":"ImageObject","inLanguage":"en-US","@id":"https:\/\/news.save.ch\/flugsicherheit-skyguide-und-wind-branche-kooperieren\/#primaryimage","url":"https:\/\/news.save.ch\/wp-content\/uploads\/2017\/09\/Depositphotos_8610489_m-2015.jpg","contentUrl":"https:\/\/news.save.ch\/wp-content\/uploads\/2017\/09\/Depositphotos_8610489_m-2015.jpg","width":1000,"height":667,"caption":"\u00a9 depositphotos"},{"@type":"BreadcrumbList","@id":"https:\/\/news.save.ch\/flugsicherheit-skyguide-und-wind-branche-kooperieren\/#breadcrumb","itemListElement":[{"@type":"ListItem","position":1,"name":"Home","item":"https:\/\/news.save.ch\/de\/"},{"@type":"ListItem","position":2,"name":"Flugsicherung und Wind-Branche kooperieren"}]},{"@type":"WebSite","@id":"https:\/\/news.save.ch\/de\/#website","url":"https:\/\/news.save.ch\/de\/","name":"Save","description":"Swiss trade journal for safety","publisher":{"@id":"https:\/\/news.save.ch\/de\/#organization"},"potentialAction":[{"@type":"SearchAction","target":{"@type":"EntryPoint","urlTemplate":"https:\/\/news.save.ch\/de\/?s={search_term_string}"},"query-input":{"@type":"PropertyValueSpecification","valueRequired":true,"valueName":"search_term_string"}}],"inLanguage":"en-US"},{"@type":"Organization","@id":"https:\/\/news.save.ch\/de\/#organization","name":"Security Forum","url":"https:\/\/news.save.ch\/de\/","logo":{"@type":"ImageObject","inLanguage":"en-US","@id":"https:\/\/news.save.ch\/de\/#\/schema\/logo\/image\/","url":"https:\/\/news.save.ch\/wp-content\/uploads\/2022\/06\/Logo_SF_2012.png","contentUrl":"https:\/\/news.save.ch\/wp-content\/uploads\/2022\/06\/Logo_SF_2012.png","width":1100,"height":91,"caption":"Sicherheitsforum"},"image":{"@id":"https:\/\/news.save.ch\/de\/#\/schema\/logo\/image\/"}},{"@type":"Person","@id":"https:\/\/news.save.ch\/de\/#\/schema\/person\/d5022db048e0e2b9785c50e5b24da5aa","name":"Roger Str\u00e4ssle","image":{"@type":"ImageObject","inLanguage":"en-US","@id":"https:\/\/secure.gravatar.com\/avatar\/862a5569d087de48e5856e32f45d719a03804c891d6deb8d4f71a660e79e4a47?s=96&d=mm&r=g","url":"https:\/\/secure.gravatar.com\/avatar\/862a5569d087de48e5856e32f45d719a03804c891d6deb8d4f71a660e79e4a47?s=96&d=mm&r=g","contentUrl":"https:\/\/secure.gravatar.com\/avatar\/862a5569d087de48e5856e32f45d719a03804c891d6deb8d4f71a660e79e4a47?s=96&d=mm&r=g","caption":"Roger Str\u00e4ssle"},"url":"https:\/\/news.save.ch\/en\/author\/roger-straessle\/"}]}},"_links":{"self":[{"href":"https:\/\/news.save.ch\/en\/wp-json\/wp\/v2\/posts\/5347","targetHints":{"allow":["GET"]}}],"collection":[{"href":"https:\/\/news.save.ch\/en\/wp-json\/wp\/v2\/posts"}],"about":[{"href":"https:\/\/news.save.ch\/en\/wp-json\/wp\/v2\/types\/post"}],"author":[{"embeddable":true,"href":"https:\/\/news.save.ch\/en\/wp-json\/wp\/v2\/users\/8"}],"replies":[{"embeddable":true,"href":"https:\/\/news.save.ch\/en\/wp-json\/wp\/v2\/comments?post=5347"}],"version-history":[{"count":0,"href":"https:\/\/news.save.ch\/en\/wp-json\/wp\/v2\/posts\/5347\/revisions"}],"wp:featuredmedia":[{"embeddable":true,"href":"https:\/\/news.save.ch\/en\/wp-json\/wp\/v2\/media\/5348"}],"wp:attachment":[{"href":"https:\/\/news.save.ch\/en\/wp-json\/wp\/v2\/media?parent=5347"}],"wp:term":[{"taxonomy":"category","embeddable":true,"href":"https:\/\/news.save.ch\/en\/wp-json\/wp\/v2\/categories?post=5347"},{"taxonomy":"post_tag","embeddable":true,"href":"https:\/\/news.save.ch\/en\/wp-json\/wp\/v2\/tags?post=5347"}],"curies":[{"name":"wp","href":"https:\/\/api.w.org\/{rel}","templated":true}]}}