{"id":5377,"date":"2017-09-18T17:17:05","date_gmt":"2017-09-18T15:17:05","guid":{"rendered":"https:\/\/news.save.ch\/?p=5377"},"modified":"2023-03-14T08:57:01","modified_gmt":"2023-03-14T07:57:01","slug":"websites-ch-und-swiss-staerker-schuetzen","status":null,"type":"post","link":"https:\/\/news.save.ch\/en\/websites-ch-und-swiss-staerker-schuetzen\/","title":{"rendered":"Protect .ch and .swiss websites more strongly"},"content":{"rendered":"<figure id=\"attachment_5378\" aria-describedby=\"caption-attachment-5378\" style=\"width: 680px\" class=\"wp-caption aligncenter\"><img loading=\"lazy\" decoding=\"async\" class=\"wp-image-5378 size-medium\" src=\"https:\/\/news.save.ch\/wp-content\/uploads\/2017\/09\/Depositphotos_22547851_m-2015.jpg\" alt=\"VID revision, cybercriminals, internet domains, .ch, .swiss\" width=\"680\" height=\"756\" srcset=\"https:\/\/news.save.ch\/wp-content\/uploads\/2017\/09\/Depositphotos_22547851_m-2015.jpg 900w, https:\/\/news.save.ch\/wp-content\/uploads\/2017\/09\/Depositphotos_22547851_m-2015-270x300.jpg 270w\" sizes=\"auto, (max-width: 680px) 100vw, 680px\" \/><figcaption id=\"caption-attachment-5378\" class=\"wp-caption-text\">\u00a9 depositphotos<\/figcaption><\/figure>\n<p>&nbsp;<\/p>\n<p>The domains .ch and .swiss belong, according to the Federal Council communication, to the <a href=\"https:\/\/news.save.ch\/en\/domain-ch-switch-mit-bester-cybercrime-abwehr\/\">safest internet addresses<\/a> in the world. But the methods of cybercriminals are continuously evolving. Therefore, an adaptation of the revised regulation on Internet domains (VID) had become necessary, in which the recommendations of the Internet Corporation for Assigned Names and Numbers (ICANN), the global administrator of Internet addresses, could additionally be integrated.<\/p>\n<p><strong>Fight against phishing and malware<\/strong><\/p>\n<p>The Federal Council has given the green light for the new ordinance provisions, which will come into force on November 1, 2017. In the fight against cybercrime, all cases in which a domain name is used for phishing purposes or the distribution of malware will be taken into account in the future. Accordingly, it will be possible in the future to block .ch or .swiss websites that are not directly used for illegal activities, but which support such activities. The new rules would also define more precisely the provisional measures that the authorities could order. For example, the authority could demand that traffic leading to a potentially dangerous Internet address be redirected to it. In this way, it will be possible to locate the infected servers, inform the victims and carry out a technical analysis of their functioning in order to develop techniques to combat such criminal acts. Furthermore, it will be possible from now on to refuse the allocation of domain names ending in .ch and .swiss if they could be used for illegal purposes. The new legal bases would also facilitate administrative assistance and cooperation with private actors in the fight against cybercrime.<\/p>\n<p><strong>Allocation of .swiss domain names<\/strong><\/p>\n<p>The rules for .swiss, on the other hand, will have to be adapted according to the experience made with the domain in the first two years of operation, according to the statement. The principle that .swiss addresses can only be assigned to persons who are registered as sole proprietorships in the commercial register will be retained. This is because the domain, as a supplement to the extremely popular .ch domain, has become a showcase for Swiss companies and institutions on the Internet. A general opening would endanger the current image and position of .swiss both nationally and internationally.<\/p>\n<p><a href=\"https:\/\/www.bakom.admin.ch\/bakom\/de\/home\/das-bakom\/organisation\/rechtliche-grundlagen\/verordnungen\/internet.html\">Here<\/a> you will find the explanatory report on the VID amendment.<\/p>\n<p><em>Source: Federal Council<\/em><\/p>","protected":false},"excerpt":{"rendered":"<p>&nbsp; Die Domains .ch und .swiss geh\u00f6ren laut bundesr\u00e4tlicher Mitteilung zu den sichersten Internet-Adressen auf der Welt. Doch die Methoden der Cyberkriminellen entwickeln sich kontinuierlich weiter. Deshalb sei eine Anpassung der revidierten Verordnung \u00fcber Internet-Domains (VID) n\u00f6tig geworden, bei der zus\u00e4tzlich die Empfehlungen der Internet Corporation for Assigned Names and Numbers (ICANN), der globalen Verwaltungsstelle [&hellip;]<\/p>\n","protected":false},"author":8,"featured_media":5378,"comment_status":"open","ping_status":"open","sticky":false,"template":"","format":"standard","meta":{"_acf_changed":false,"pgc_sgb_lightbox_settings":"","footnotes":""},"categories":[3313],"tags":[168,96],"class_list":["post-5377","post","type-post","status-publish","format-standard","has-post-thumbnail","hentry","category-digitalisierung","tag-bundesrat","tag-cyber-crime"],"acf":[],"hkrextid":null,"publication":null,"issue":null,"workflow":null,"startPage":null,"spitzmarke":null,"_posts_by_tag_page_fields":{"widget_title":"","widget_tags":""},"_at_widget":"1","_yoast_wpseo_primary_category":"2","_yoast_wpseo_focuskw_text_input":"VID-Revision","_yoast_wpseo_opengraph-image":null,"_yoast_wpseo_opengraph-description":null,"_yoast_wpseo_opengraph-title":null,"enclosure":null,"_yoast_wpseo_twitter-title":null,"_yoast_wpseo_twitter-description":null,"_yoast_wpseo_twitter-image":null,"_wp_old_slug":null,"_yoast_wpseo_title":null,"_yoast_wpseo_canonical":null,"yoast_head":"<!-- This site is optimized with the Yoast SEO plugin v27.5 - https:\/\/yoast.com\/product\/yoast-seo-wordpress\/ -->\n<title>Websites .ch und .swiss st\u00e4rker sch\u00fctzen - Save<\/title>\n<meta name=\"description\" content=\"Die revidierten Verordnung \u00fcber Internet-Domains (VID) tritt demn\u00e4chst in Kraft. Sie soll die Domains .ch- und .swiss besser sch\u00fctzen.\" \/>\n<meta name=\"robots\" content=\"index, follow, max-snippet:-1, max-image-preview:large, max-video-preview:-1\" \/>\n<link rel=\"canonical\" href=\"https:\/\/news.save.ch\/en\/websites-ch-und-swiss-staerker-schuetzen\/\" \/>\n<meta property=\"og:locale\" content=\"en_US\" \/>\n<meta property=\"og:type\" content=\"article\" \/>\n<meta property=\"og:title\" content=\"Websites .ch und .swiss st\u00e4rker sch\u00fctzen - Save\" \/>\n<meta property=\"og:description\" content=\"Die revidierten Verordnung \u00fcber Internet-Domains (VID) tritt demn\u00e4chst in Kraft. Sie soll die Domains .ch- und .swiss besser sch\u00fctzen.\" \/>\n<meta property=\"og:url\" content=\"https:\/\/news.save.ch\/en\/websites-ch-und-swiss-staerker-schuetzen\/\" \/>\n<meta property=\"og:site_name\" content=\"Save\" \/>\n<meta property=\"article:published_time\" content=\"2017-09-18T15:17:05+00:00\" \/>\n<meta property=\"article:modified_time\" content=\"2023-03-14T07:57:01+00:00\" \/>\n<meta property=\"og:image\" content=\"https:\/\/news.save.ch\/wp-content\/uploads\/2017\/09\/Depositphotos_22547851_m-2015.jpg\" \/>\n\t<meta property=\"og:image:width\" content=\"900\" \/>\n\t<meta property=\"og:image:height\" content=\"1000\" \/>\n\t<meta property=\"og:image:type\" content=\"image\/jpeg\" \/>\n<meta name=\"author\" content=\"Roger Str\u00e4ssle\" \/>\n<meta name=\"twitter:card\" content=\"summary_large_image\" \/>\n<meta name=\"twitter:label1\" content=\"Written by\" \/>\n\t<meta name=\"twitter:data1\" content=\"Roger Str\u00e4ssle\" \/>\n\t<meta name=\"twitter:label2\" content=\"Est. reading time\" \/>\n\t<meta name=\"twitter:data2\" content=\"2 minutes\" \/>\n<script type=\"application\/ld+json\" class=\"yoast-schema-graph\">{\"@context\":\"https:\\\/\\\/schema.org\",\"@graph\":[{\"@type\":\"Article\",\"@id\":\"https:\\\/\\\/news.save.ch\\\/websites-ch-und-swiss-staerker-schuetzen\\\/#article\",\"isPartOf\":{\"@id\":\"https:\\\/\\\/news.save.ch\\\/websites-ch-und-swiss-staerker-schuetzen\\\/\"},\"author\":{\"name\":\"Roger Str\u00e4ssle\",\"@id\":\"https:\\\/\\\/news.save.ch\\\/de\\\/#\\\/schema\\\/person\\\/d5022db048e0e2b9785c50e5b24da5aa\"},\"headline\":\"Websites .ch und .swiss st\u00e4rker sch\u00fctzen\",\"datePublished\":\"2017-09-18T15:17:05+00:00\",\"dateModified\":\"2023-03-14T07:57:01+00:00\",\"mainEntityOfPage\":{\"@id\":\"https:\\\/\\\/news.save.ch\\\/websites-ch-und-swiss-staerker-schuetzen\\\/\"},\"wordCount\":392,\"commentCount\":0,\"publisher\":{\"@id\":\"https:\\\/\\\/news.save.ch\\\/de\\\/#organization\"},\"image\":{\"@id\":\"https:\\\/\\\/news.save.ch\\\/websites-ch-und-swiss-staerker-schuetzen\\\/#primaryimage\"},\"thumbnailUrl\":\"https:\\\/\\\/news.save.ch\\\/wp-content\\\/uploads\\\/2017\\\/09\\\/Depositphotos_22547851_m-2015.jpg\",\"keywords\":[\"Bundesrat\",\"Cyber-Crime\"],\"articleSection\":[\"DIGITALISIERUNG\"],\"inLanguage\":\"en-US\"},{\"@type\":\"WebPage\",\"@id\":\"https:\\\/\\\/news.save.ch\\\/websites-ch-und-swiss-staerker-schuetzen\\\/\",\"url\":\"https:\\\/\\\/news.save.ch\\\/websites-ch-und-swiss-staerker-schuetzen\\\/\",\"name\":\"Websites .ch und .swiss st\u00e4rker sch\u00fctzen - Save\",\"isPartOf\":{\"@id\":\"https:\\\/\\\/news.save.ch\\\/de\\\/#website\"},\"primaryImageOfPage\":{\"@id\":\"https:\\\/\\\/news.save.ch\\\/websites-ch-und-swiss-staerker-schuetzen\\\/#primaryimage\"},\"image\":{\"@id\":\"https:\\\/\\\/news.save.ch\\\/websites-ch-und-swiss-staerker-schuetzen\\\/#primaryimage\"},\"thumbnailUrl\":\"https:\\\/\\\/news.save.ch\\\/wp-content\\\/uploads\\\/2017\\\/09\\\/Depositphotos_22547851_m-2015.jpg\",\"datePublished\":\"2017-09-18T15:17:05+00:00\",\"dateModified\":\"2023-03-14T07:57:01+00:00\",\"description\":\"Die revidierten Verordnung \u00fcber Internet-Domains (VID) tritt demn\u00e4chst in Kraft. Sie soll die Domains .ch- und .swiss besser sch\u00fctzen.\",\"breadcrumb\":{\"@id\":\"https:\\\/\\\/news.save.ch\\\/websites-ch-und-swiss-staerker-schuetzen\\\/#breadcrumb\"},\"inLanguage\":\"en-US\",\"potentialAction\":[{\"@type\":\"ReadAction\",\"target\":[\"https:\\\/\\\/news.save.ch\\\/websites-ch-und-swiss-staerker-schuetzen\\\/\"]}]},{\"@type\":\"ImageObject\",\"inLanguage\":\"en-US\",\"@id\":\"https:\\\/\\\/news.save.ch\\\/websites-ch-und-swiss-staerker-schuetzen\\\/#primaryimage\",\"url\":\"https:\\\/\\\/news.save.ch\\\/wp-content\\\/uploads\\\/2017\\\/09\\\/Depositphotos_22547851_m-2015.jpg\",\"contentUrl\":\"https:\\\/\\\/news.save.ch\\\/wp-content\\\/uploads\\\/2017\\\/09\\\/Depositphotos_22547851_m-2015.jpg\",\"width\":900,\"height\":1000,\"caption\":\"\u00a9 depositphotos\"},{\"@type\":\"BreadcrumbList\",\"@id\":\"https:\\\/\\\/news.save.ch\\\/websites-ch-und-swiss-staerker-schuetzen\\\/#breadcrumb\",\"itemListElement\":[{\"@type\":\"ListItem\",\"position\":1,\"name\":\"Home\",\"item\":\"https:\\\/\\\/news.save.ch\\\/de\\\/\"},{\"@type\":\"ListItem\",\"position\":2,\"name\":\"Websites .ch und .swiss st\u00e4rker sch\u00fctzen\"}]},{\"@type\":\"WebSite\",\"@id\":\"https:\\\/\\\/news.save.ch\\\/de\\\/#website\",\"url\":\"https:\\\/\\\/news.save.ch\\\/de\\\/\",\"name\":\"Save\",\"description\":\"Schweizer Fachzeitschrift f\u00fcr Sicherheit\",\"publisher\":{\"@id\":\"https:\\\/\\\/news.save.ch\\\/de\\\/#organization\"},\"potentialAction\":[{\"@type\":\"SearchAction\",\"target\":{\"@type\":\"EntryPoint\",\"urlTemplate\":\"https:\\\/\\\/news.save.ch\\\/de\\\/?s={search_term_string}\"},\"query-input\":{\"@type\":\"PropertyValueSpecification\",\"valueRequired\":true,\"valueName\":\"search_term_string\"}}],\"inLanguage\":\"en-US\"},{\"@type\":\"Organization\",\"@id\":\"https:\\\/\\\/news.save.ch\\\/de\\\/#organization\",\"name\":\"Sicherheitsforum\",\"url\":\"https:\\\/\\\/news.save.ch\\\/de\\\/\",\"logo\":{\"@type\":\"ImageObject\",\"inLanguage\":\"en-US\",\"@id\":\"https:\\\/\\\/news.save.ch\\\/de\\\/#\\\/schema\\\/logo\\\/image\\\/\",\"url\":\"https:\\\/\\\/news.save.ch\\\/wp-content\\\/uploads\\\/2022\\\/06\\\/Logo_SF_2012.png\",\"contentUrl\":\"https:\\\/\\\/news.save.ch\\\/wp-content\\\/uploads\\\/2022\\\/06\\\/Logo_SF_2012.png\",\"width\":1100,\"height\":91,\"caption\":\"Sicherheitsforum\"},\"image\":{\"@id\":\"https:\\\/\\\/news.save.ch\\\/de\\\/#\\\/schema\\\/logo\\\/image\\\/\"}},{\"@type\":\"Person\",\"@id\":\"https:\\\/\\\/news.save.ch\\\/de\\\/#\\\/schema\\\/person\\\/d5022db048e0e2b9785c50e5b24da5aa\",\"name\":\"Roger Str\u00e4ssle\",\"image\":{\"@type\":\"ImageObject\",\"inLanguage\":\"en-US\",\"@id\":\"https:\\\/\\\/secure.gravatar.com\\\/avatar\\\/862a5569d087de48e5856e32f45d719a03804c891d6deb8d4f71a660e79e4a47?s=96&d=mm&r=g\",\"url\":\"https:\\\/\\\/secure.gravatar.com\\\/avatar\\\/862a5569d087de48e5856e32f45d719a03804c891d6deb8d4f71a660e79e4a47?s=96&d=mm&r=g\",\"contentUrl\":\"https:\\\/\\\/secure.gravatar.com\\\/avatar\\\/862a5569d087de48e5856e32f45d719a03804c891d6deb8d4f71a660e79e4a47?s=96&d=mm&r=g\",\"caption\":\"Roger Str\u00e4ssle\"},\"url\":\"https:\\\/\\\/news.save.ch\\\/en\\\/author\\\/roger-straessle\\\/\"}]}<\/script>\n<!-- \/ Yoast SEO plugin. -->","yoast_head_json":{"title":"Stronger protection for .ch and .swiss websites - Save","description":"The revised Ordinance on Internet Domains (VID) is about to come into force. It is intended to better protect the .ch and .swiss domains.","robots":{"index":"index","follow":"follow","max-snippet":"max-snippet:-1","max-image-preview":"max-image-preview:large","max-video-preview":"max-video-preview:-1"},"canonical":"https:\/\/news.save.ch\/en\/websites-ch-und-swiss-staerker-schuetzen\/","og_locale":"en_US","og_type":"article","og_title":"Websites .ch und .swiss st\u00e4rker sch\u00fctzen - Save","og_description":"Die revidierten Verordnung \u00fcber Internet-Domains (VID) tritt demn\u00e4chst in Kraft. Sie soll die Domains .ch- und .swiss besser sch\u00fctzen.","og_url":"https:\/\/news.save.ch\/en\/websites-ch-und-swiss-staerker-schuetzen\/","og_site_name":"Save","article_published_time":"2017-09-18T15:17:05+00:00","article_modified_time":"2023-03-14T07:57:01+00:00","og_image":[{"width":900,"height":1000,"url":"https:\/\/news.save.ch\/wp-content\/uploads\/2017\/09\/Depositphotos_22547851_m-2015.jpg","type":"image\/jpeg"}],"author":"Roger Str\u00e4ssle","twitter_card":"summary_large_image","twitter_misc":{"Written by":"Roger Str\u00e4ssle","Est. reading time":"2 minutes"},"schema":{"@context":"https:\/\/schema.org","@graph":[{"@type":"Article","@id":"https:\/\/news.save.ch\/websites-ch-und-swiss-staerker-schuetzen\/#article","isPartOf":{"@id":"https:\/\/news.save.ch\/websites-ch-und-swiss-staerker-schuetzen\/"},"author":{"name":"Roger Str\u00e4ssle","@id":"https:\/\/news.save.ch\/de\/#\/schema\/person\/d5022db048e0e2b9785c50e5b24da5aa"},"headline":"Websites .ch und .swiss st\u00e4rker sch\u00fctzen","datePublished":"2017-09-18T15:17:05+00:00","dateModified":"2023-03-14T07:57:01+00:00","mainEntityOfPage":{"@id":"https:\/\/news.save.ch\/websites-ch-und-swiss-staerker-schuetzen\/"},"wordCount":392,"commentCount":0,"publisher":{"@id":"https:\/\/news.save.ch\/de\/#organization"},"image":{"@id":"https:\/\/news.save.ch\/websites-ch-und-swiss-staerker-schuetzen\/#primaryimage"},"thumbnailUrl":"https:\/\/news.save.ch\/wp-content\/uploads\/2017\/09\/Depositphotos_22547851_m-2015.jpg","keywords":["Bundesrat","Cyber-Crime"],"articleSection":["DIGITALISIERUNG"],"inLanguage":"en-US"},{"@type":"WebPage","@id":"https:\/\/news.save.ch\/websites-ch-und-swiss-staerker-schuetzen\/","url":"https:\/\/news.save.ch\/websites-ch-und-swiss-staerker-schuetzen\/","name":"Stronger protection for .ch and .swiss websites - Save","isPartOf":{"@id":"https:\/\/news.save.ch\/de\/#website"},"primaryImageOfPage":{"@id":"https:\/\/news.save.ch\/websites-ch-und-swiss-staerker-schuetzen\/#primaryimage"},"image":{"@id":"https:\/\/news.save.ch\/websites-ch-und-swiss-staerker-schuetzen\/#primaryimage"},"thumbnailUrl":"https:\/\/news.save.ch\/wp-content\/uploads\/2017\/09\/Depositphotos_22547851_m-2015.jpg","datePublished":"2017-09-18T15:17:05+00:00","dateModified":"2023-03-14T07:57:01+00:00","description":"The revised Ordinance on Internet Domains (VID) is about to come into force. It is intended to better protect the .ch and .swiss domains.","breadcrumb":{"@id":"https:\/\/news.save.ch\/websites-ch-und-swiss-staerker-schuetzen\/#breadcrumb"},"inLanguage":"en-US","potentialAction":[{"@type":"ReadAction","target":["https:\/\/news.save.ch\/websites-ch-und-swiss-staerker-schuetzen\/"]}]},{"@type":"ImageObject","inLanguage":"en-US","@id":"https:\/\/news.save.ch\/websites-ch-und-swiss-staerker-schuetzen\/#primaryimage","url":"https:\/\/news.save.ch\/wp-content\/uploads\/2017\/09\/Depositphotos_22547851_m-2015.jpg","contentUrl":"https:\/\/news.save.ch\/wp-content\/uploads\/2017\/09\/Depositphotos_22547851_m-2015.jpg","width":900,"height":1000,"caption":"\u00a9 depositphotos"},{"@type":"BreadcrumbList","@id":"https:\/\/news.save.ch\/websites-ch-und-swiss-staerker-schuetzen\/#breadcrumb","itemListElement":[{"@type":"ListItem","position":1,"name":"Home","item":"https:\/\/news.save.ch\/de\/"},{"@type":"ListItem","position":2,"name":"Websites .ch und .swiss st\u00e4rker sch\u00fctzen"}]},{"@type":"WebSite","@id":"https:\/\/news.save.ch\/de\/#website","url":"https:\/\/news.save.ch\/de\/","name":"Save","description":"Swiss trade journal for safety","publisher":{"@id":"https:\/\/news.save.ch\/de\/#organization"},"potentialAction":[{"@type":"SearchAction","target":{"@type":"EntryPoint","urlTemplate":"https:\/\/news.save.ch\/de\/?s={search_term_string}"},"query-input":{"@type":"PropertyValueSpecification","valueRequired":true,"valueName":"search_term_string"}}],"inLanguage":"en-US"},{"@type":"Organization","@id":"https:\/\/news.save.ch\/de\/#organization","name":"Security Forum","url":"https:\/\/news.save.ch\/de\/","logo":{"@type":"ImageObject","inLanguage":"en-US","@id":"https:\/\/news.save.ch\/de\/#\/schema\/logo\/image\/","url":"https:\/\/news.save.ch\/wp-content\/uploads\/2022\/06\/Logo_SF_2012.png","contentUrl":"https:\/\/news.save.ch\/wp-content\/uploads\/2022\/06\/Logo_SF_2012.png","width":1100,"height":91,"caption":"Sicherheitsforum"},"image":{"@id":"https:\/\/news.save.ch\/de\/#\/schema\/logo\/image\/"}},{"@type":"Person","@id":"https:\/\/news.save.ch\/de\/#\/schema\/person\/d5022db048e0e2b9785c50e5b24da5aa","name":"Roger Str\u00e4ssle","image":{"@type":"ImageObject","inLanguage":"en-US","@id":"https:\/\/secure.gravatar.com\/avatar\/862a5569d087de48e5856e32f45d719a03804c891d6deb8d4f71a660e79e4a47?s=96&d=mm&r=g","url":"https:\/\/secure.gravatar.com\/avatar\/862a5569d087de48e5856e32f45d719a03804c891d6deb8d4f71a660e79e4a47?s=96&d=mm&r=g","contentUrl":"https:\/\/secure.gravatar.com\/avatar\/862a5569d087de48e5856e32f45d719a03804c891d6deb8d4f71a660e79e4a47?s=96&d=mm&r=g","caption":"Roger Str\u00e4ssle"},"url":"https:\/\/news.save.ch\/en\/author\/roger-straessle\/"}]}},"_links":{"self":[{"href":"https:\/\/news.save.ch\/en\/wp-json\/wp\/v2\/posts\/5377","targetHints":{"allow":["GET"]}}],"collection":[{"href":"https:\/\/news.save.ch\/en\/wp-json\/wp\/v2\/posts"}],"about":[{"href":"https:\/\/news.save.ch\/en\/wp-json\/wp\/v2\/types\/post"}],"author":[{"embeddable":true,"href":"https:\/\/news.save.ch\/en\/wp-json\/wp\/v2\/users\/8"}],"replies":[{"embeddable":true,"href":"https:\/\/news.save.ch\/en\/wp-json\/wp\/v2\/comments?post=5377"}],"version-history":[{"count":1,"href":"https:\/\/news.save.ch\/en\/wp-json\/wp\/v2\/posts\/5377\/revisions"}],"predecessor-version":[{"id":17488,"href":"https:\/\/news.save.ch\/en\/wp-json\/wp\/v2\/posts\/5377\/revisions\/17488"}],"wp:featuredmedia":[{"embeddable":true,"href":"https:\/\/news.save.ch\/en\/wp-json\/wp\/v2\/media\/5378"}],"wp:attachment":[{"href":"https:\/\/news.save.ch\/en\/wp-json\/wp\/v2\/media?parent=5377"}],"wp:term":[{"taxonomy":"category","embeddable":true,"href":"https:\/\/news.save.ch\/en\/wp-json\/wp\/v2\/categories?post=5377"},{"taxonomy":"post_tag","embeddable":true,"href":"https:\/\/news.save.ch\/en\/wp-json\/wp\/v2\/tags?post=5377"}],"curies":[{"name":"wp","href":"https:\/\/api.w.org\/{rel}","templated":true}]}}