{"id":5444,"date":"2020-03-16T17:42:53","date_gmt":"2020-03-16T16:42:53","guid":{"rendered":"https:\/\/news.save.ch\/?p=5444"},"modified":"2023-03-14T09:05:04","modified_gmt":"2023-03-14T08:05:04","slug":"bundesrat-erklaert-die-ausserordentliche-lage-und-verschaerft-die-massnahmen-zu-corona","status":null,"type":"post","link":"https:\/\/news.save.ch\/en\/bundesrat-erklaert-die-ausserordentliche-lage-und-verschaerft-die-massnahmen-zu-corona\/","title":{"rendered":"Federal Council declares \"exceptional situation\" and tightens measures on Corona"},"content":{"rendered":"<figure id=\"attachment_5445\" aria-describedby=\"caption-attachment-5445\" style=\"width: 680px\" class=\"wp-caption alignnone\"><img loading=\"lazy\" decoding=\"async\" class=\"size-medium wp-image-5445\" src=\"http:\/\/develop.safety-plus.ch\/wp-content\/uploads\/2020\/03\/Screenshot_2020-03-16-16-03-2020-Medienkonferenz-des-BR-Conference-de-presse-du-CF-Conferenza-stampa-del-CF.png\" alt=\"\" width=\"680\" height=\"379\" srcset=\"https:\/\/news.save.ch\/wp-content\/uploads\/2020\/03\/Screenshot_2020-03-16-16-03-2020-Medienkonferenz-des-BR-Conference-de-presse-du-CF-Conferenza-stampa-del-CF.png 971w, https:\/\/news.save.ch\/wp-content\/uploads\/2020\/03\/Screenshot_2020-03-16-16-03-2020-Medienkonferenz-des-BR-Conference-de-presse-du-CF-Conferenza-stampa-del-CF-680x379.png 680w, https:\/\/news.save.ch\/wp-content\/uploads\/2020\/03\/Screenshot_2020-03-16-16-03-2020-Medienkonferenz-des-BR-Conference-de-presse-du-CF-Conferenza-stampa-del-CF-768x428.png 768w, https:\/\/news.save.ch\/wp-content\/uploads\/2020\/03\/Screenshot_2020-03-16-16-03-2020-Medienkonferenz-des-BR-Conference-de-presse-du-CF-Conferenza-stampa-del-CF-18x10.png 18w, https:\/\/news.save.ch\/wp-content\/uploads\/2020\/03\/Screenshot_2020-03-16-16-03-2020-Medienkonferenz-des-BR-Conference-de-presse-du-CF-Conferenza-stampa-del-CF-375x209.png 375w, https:\/\/news.save.ch\/wp-content\/uploads\/2020\/03\/Screenshot_2020-03-16-16-03-2020-Medienkonferenz-des-BR-Conference-de-presse-du-CF-Conferenza-stampa-del-CF-628x350.png 628w\" sizes=\"auto, (max-width: 680px) 100vw, 680px\" \/><figcaption id=\"caption-attachment-5445\" class=\"wp-caption-text\">Public and private events are prohibited from midnight today. All stores, markets, restaurants, bars, and entertainment and leisure establishments such as museums, libraries, cinemas, concert halls, theaters, sports centers, swimming pools and ski resorts will be closed until April 19, 2020.  \u00a9 Swiss Federal Government<\/figcaption><\/figure>\n<p>In view of the accelerated spread of the coronavirus, the Federal Council is tightening up measures to <a href=\"https:\/\/news.save.ch\/en\/neue-hygiene-und-verhaltensregeln-zum-schutz-gegen-das-neue-coronavirus\/\" target=\"_blank\" rel=\"noopener\">Protection of the population<\/a> further. It reclassifies the situation in Switzerland as an exceptional situation under the Epidemics Act. It allows the Federal Council to order uniform measures in all cantons. Before doing so, it has informed the cantons about this step.<\/p>\n<p>Public and private events are banned from midnight tonight. All stores, markets, restaurants, bars and entertainment and leisure establishments such as museums, libraries, cinemas, concert halls and theaters, sports centers, swimming pools and ski resorts will be closed. Likewise, establishments where keeping a distance is not possible, such as hairdressing salons or beauty salons, will be closed.<\/p>\n<p>The supply of food, medicines and goods for daily use is ensured for the entire population, and sufficient stocks have been built up. Grocery stores, take-aways, company canteens, meal delivery services and pharmacies remain open, as do gas stations, train stations, banks, post offices, hotels, public administration and social services. Workshops for means of transportation, may also remain open. All these establishments must comply with the recommendations of the Federal Office of Public Health on the <a href=\"https:\/\/news.save.ch\/en\/neue-hygiene-und-verhaltensregeln-zum-schutz-gegen-das-neue-coronavirus\/\" target=\"_blank\" rel=\"noopener\"><strong>Keep distance and adhere to hygiene<\/strong><\/a>.<\/p>\n<p>Hospitals, clinics and doctors' offices remain open, but must refrain from medical procedures and therapies that are not urgently indicated. People who are particularly at risk do their work at home. If this is not possible, they are given leave by their employer. They continue to receive their wages.<\/p>\n<p>In the amended ordinance on measures to combat the coronavirus, the Federal Council now also regulates the issue of daycare centers. For children who cannot be cared for privately, the cantons must provide the necessary care services. Daycare centers may only be closed if other suitable care options are available. This measure will initially apply until April 19, 2020, as will the new school closures.<\/p>\n<p>The Federal Council also calls on the population to avoid all unnecessary contact, to keep their distance and to follow hygiene measures. It also calls on the elderly population in particular to stay at home.<\/p>\n<p><strong>Up to 8000 army personnel for healthcare, logistics and security<br \/>\n<\/strong>The Federal Council assumes that the demand of civilian authorities for assistance by the army will increase markedly in the coming days and weeks. In order to meet the requests of the cantons, the Federal Council is increasing the upper limit for the assistance service from 800 to 8000 members of the armed forces. This will apply until the end of June 2020.<\/p>\n<p>Firstly, the armed forces should support the health service with medical services, in particular with nursing, patient monitoring, medical transports or hospital logistics (e.g. bed disinfection, kitchen, laundry, cleaning). Secondly, the armed forces are to perform logistical tasks as required, such as transports and assistance in setting up <a href=\"https:\/\/news.save.ch\/en\/umgang-mit-corona-zwischen-panik-und-vernunft\/\" target=\"_blank\" rel=\"noopener\">improvised infrastructure<\/a> take over. Thirdly, it is to relieve the cantonal police corps in the security sector, for example by providing greater support in embassy protection, or by supporting the Border Guard Corps at national borders and airports.<\/p>\n<p>Around 3000 army personnel are available for medical support. These will be made available immediately. How many members of the armed forces are deployed depends on the development of the situation and the requests of the competent authorities.<\/p>\n<p><strong>Mobilization of militia formations with high readiness<br \/>\n<\/strong>First to be deployed will be those units that are on regular troop duty. Recruit schools, through-servicemen and refresher courses will be extended where necessary. In certain areas, additional troops will have to be mobilized. This applies in particular to members of the armed forces from militia formations with a high level of readiness. These formations include all four hospital battalions and five medical companies. They can be deployed within four days of the decision to mobilize. The triggering will take place today.<\/p>\n<p>In order to be able to react to further developments in the situation in a timely and adequate manner, the Federal Council has also authorized the DDPS to call up troops that are not part of the militia formations with a high level of readiness, depending on the needs of the civilian authorities. This may mean that certain troops are temporarily mobilized and trained for deployment as a precaution. After training for a few days, they are released from service again and can be called up for deployment at a later date if corresponding requests are received from the cantons.<\/p>\n<p><strong>Controls at the borders<br \/>\n<\/strong>The Federal Council has decided to control also the borders with Germany, Austria and France from midnight and to introduce entry bans with exceptions there. It had already introduced Schengen border controls for travelers from Italy on Friday. Entry from the four large neighboring countries is now only permitted for Swiss citizens, people with a residence permit in Switzerland, and people who need to travel to Switzerland for professional reasons.<\/p>\n<p>Transit and goods traffic are also still allowed. Finally, persons in a situation of absolute necessity are also allowed to enter the country. This measure serves to <a href=\"https:\/\/news.save.ch\/en\/wer-darf-sich-schuetzen-wer-nicht\/\" target=\"_blank\" rel=\"noopener\">Protect Swiss population<\/a> as well as to maintain capacities in the Swiss healthcare system. In order to implement these tasks in a targeted manner <a href=\"https:\/\/news.save.ch\/en\/corona-die-grenze-zu-italien-bleibt-offen-fuer-grenzgaengerinnen-und-grenzgaenger\/\" target=\"_blank\" rel=\"noopener\">smaller border crossings closed throughout Switzerland<\/a> and the border traffic is channeled to larger border crossings. A list of these border crossings is published by the Federal Customs Administration.<\/p>\n<p>The Federal Council is continuously monitoring the situation. It has instructed the FDJP to examine, together with the FDHA and the FDFA, the extension of border controls and entry bans to travelers from other countries severely affected by the spread of the coronavirus.<\/p>\n<hr \/>\n<p><strong>Text: <\/strong>Communication Federal Office of Public Health (FOPH),<\/p>\n<p><a href=\"https:\/\/www.youtube.com\/watch?v=fnuTzODXLvw&amp;feature=youtu.be\" target=\"_blank\" rel=\"noopener\"><strong>To the media conference on 16.03.2020<\/strong><\/a><\/p>\n<p>The Federal Council<br \/>\n<a class=\"icon icon--after icon--external\" title=\"\" href=\"https:\/\/www.admin.ch\/gov\/de\/start.html\" target=\"_blank\" rel=\"noopener\"> https:\/\/www.admin.ch\/gov\/de\/start.html <\/a><\/p>\n<p>General Secretariat FDHA<br \/>\n<a class=\"icon icon--after icon--external\" title=\"\" href=\"http:\/\/www.edi.admin.ch\" target=\"_blank\" rel=\"noopener\"> http:\/\/www.edi.admin.ch <\/a><\/p>\n<p>Federal Office of Public Health<br \/>\n<a class=\"icon icon--after icon--external\" title=\"\" href=\"http:\/\/www.bag.admin.ch\" target=\"_blank\" rel=\"noopener\"> http:\/\/www.bag.admin.ch <\/a><\/p>\n<p>General Secretariat DDPS<br \/>\n<a class=\"icon icon--after icon--external\" title=\"\" href=\"https:\/\/www.vbs.admin.ch\/\" target=\"_blank\" rel=\"noopener\"> https:\/\/www.vbs.admin.ch\/ <\/a><\/p>\n<p>Defense group<br \/>\n<a class=\"icon icon--after icon--external\" title=\"\" href=\"http:\/\/www.vtg.admin.ch\" target=\"_blank\" rel=\"noopener\"> http:\/\/www.vtg.admin.ch <\/a><\/p>\n<p>FOCP - Federal Office for Civil Protection<br \/>\n<a class=\"icon icon--after icon--external\" title=\"\" href=\"http:\/\/www.bevoelkerungsschutz.admin.ch\/\" target=\"_blank\" rel=\"noopener\"> http:\/\/www.bevoelkerungsschutz.admin.ch\/ <\/a><\/p>","protected":false},"excerpt":{"rendered":"<p>Angesichts der beschleunigten Ausbreitung des Coronavirus versch\u00e4rft der Bundesrat die Massnahmen zum Schutz der Bev\u00f6lkerung weiter. Er stuft die Situation in der Schweiz neu als ausserordentliche Lage gem\u00e4ss Epidemiengesetz ein. Sie erlaubt dem Bundesrat, in allen Kantonen einheitliche Massnahmen anzuordnen. Zuvor hat er die Kantone \u00fcber diesen Schritt informiert. Heute ab Mitternacht sind \u00f6ffentliche und [&hellip;]<\/p>\n","protected":false},"author":1,"featured_media":5445,"comment_status":"closed","ping_status":"closed","sticky":false,"template":"","format":"standard","meta":{"_acf_changed":false,"pgc_sgb_lightbox_settings":"","footnotes":""},"categories":[1,3314],"tags":[1709,631,2971,160],"class_list":["post-5444","post","type-post","status-publish","format-standard","has-post-thumbnail","hentry","category-allgemein","category-health-safety","tag-ausserordentliche-lage","tag-coronavirus","tag-spitallogistik","tag-veranstaltungen"],"acf":[],"hkrextid":null,"publication":null,"issue":null,"workflow":null,"startPage":null,"spitzmarke":null,"_posts_by_tag_page_fields":{"widget_title":"","widget_tags":""},"_at_widget":"1","_yoast_wpseo_primary_category":"4","_yoast_wpseo_focuskw_text_input":"Bundesrat versch\u00e4rft Massnahmen zu Corona","_yoast_wpseo_opengraph-image":null,"_yoast_wpseo_opengraph-description":null,"_yoast_wpseo_opengraph-title":null,"enclosure":null,"_yoast_wpseo_twitter-title":null,"_yoast_wpseo_twitter-description":null,"_yoast_wpseo_twitter-image":null,"_wp_old_slug":null,"_yoast_wpseo_title":null,"_yoast_wpseo_canonical":null,"yoast_head":"<!-- This site is optimized with the Yoast SEO plugin v27.4 - https:\/\/yoast.com\/product\/yoast-seo-wordpress\/ -->\n<title>Bundesrat erkl\u00e4rt die \u00abausserordentliche Lage\u00bb und versch\u00e4rft die Massnahmen zu Corona - Save<\/title>\n<meta name=\"description\" content=\"Heute ab Mitternacht sind alle Veranstaltungen verboten. Alle L\u00e4den, Restaurants, Bars, Kinos, Sportzentren, Schwimmb\u00e4der u.a. werden bis 19.04. geschlossen.\" \/>\n<meta name=\"robots\" content=\"index, follow, max-snippet:-1, max-image-preview:large, max-video-preview:-1\" \/>\n<link rel=\"canonical\" href=\"https:\/\/news.save.ch\/en\/bundesrat-erklaert-die-ausserordentliche-lage-und-verschaerft-die-massnahmen-zu-corona\/\" \/>\n<meta property=\"og:locale\" content=\"en_US\" \/>\n<meta property=\"og:type\" content=\"article\" \/>\n<meta property=\"og:title\" content=\"Bundesrat erkl\u00e4rt die \u00abausserordentliche Lage\u00bb und versch\u00e4rft die Massnahmen zu Corona - Save\" \/>\n<meta property=\"og:description\" content=\"Heute ab Mitternacht sind alle Veranstaltungen verboten. Alle L\u00e4den, Restaurants, Bars, Kinos, Sportzentren, Schwimmb\u00e4der u.a. werden bis 19.04. geschlossen.\" \/>\n<meta property=\"og:url\" content=\"https:\/\/news.save.ch\/en\/bundesrat-erklaert-die-ausserordentliche-lage-und-verschaerft-die-massnahmen-zu-corona\/\" \/>\n<meta property=\"og:site_name\" content=\"Save\" \/>\n<meta property=\"article:published_time\" content=\"2020-03-16T16:42:53+00:00\" \/>\n<meta property=\"article:modified_time\" content=\"2023-03-14T08:05:04+00:00\" \/>\n<meta property=\"og:image\" content=\"https:\/\/news.save.ch\/wp-content\/uploads\/2020\/03\/Screenshot_2020-03-16-16-03-2020-Medienkonferenz-des-BR-Conference-de-presse-du-CF-Conferenza-stampa-del-CF.png\" \/>\n\t<meta property=\"og:image:width\" content=\"971\" \/>\n\t<meta property=\"og:image:height\" content=\"541\" \/>\n\t<meta property=\"og:image:type\" content=\"image\/png\" \/>\n<meta name=\"author\" content=\"admin\" \/>\n<meta name=\"twitter:card\" content=\"summary_large_image\" \/>\n<meta name=\"twitter:label1\" content=\"Written by\" \/>\n\t<meta name=\"twitter:data1\" content=\"admin\" \/>\n\t<meta name=\"twitter:label2\" content=\"Est. reading time\" \/>\n\t<meta name=\"twitter:data2\" content=\"5 minutes\" \/>\n<script type=\"application\/ld+json\" class=\"yoast-schema-graph\">{\"@context\":\"https:\\\/\\\/schema.org\",\"@graph\":[{\"@type\":\"Article\",\"@id\":\"https:\\\/\\\/news.save.ch\\\/bundesrat-erklaert-die-ausserordentliche-lage-und-verschaerft-die-massnahmen-zu-corona\\\/#article\",\"isPartOf\":{\"@id\":\"https:\\\/\\\/news.save.ch\\\/bundesrat-erklaert-die-ausserordentliche-lage-und-verschaerft-die-massnahmen-zu-corona\\\/\"},\"author\":{\"name\":\"admin\",\"@id\":\"https:\\\/\\\/news.save.ch\\\/de\\\/#\\\/schema\\\/person\\\/d49e199490bad7c70d64b9ab51142f2b\"},\"headline\":\"Bundesrat erkl\u00e4rt die \u00abausserordentliche Lage\u00bb und versch\u00e4rft die Massnahmen zu Corona\",\"datePublished\":\"2020-03-16T16:42:53+00:00\",\"dateModified\":\"2023-03-14T08:05:04+00:00\",\"mainEntityOfPage\":{\"@id\":\"https:\\\/\\\/news.save.ch\\\/bundesrat-erklaert-die-ausserordentliche-lage-und-verschaerft-die-massnahmen-zu-corona\\\/\"},\"wordCount\":1000,\"publisher\":{\"@id\":\"https:\\\/\\\/news.save.ch\\\/de\\\/#organization\"},\"image\":{\"@id\":\"https:\\\/\\\/news.save.ch\\\/bundesrat-erklaert-die-ausserordentliche-lage-und-verschaerft-die-massnahmen-zu-corona\\\/#primaryimage\"},\"thumbnailUrl\":\"https:\\\/\\\/news.save.ch\\\/wp-content\\\/uploads\\\/2020\\\/03\\\/Screenshot_2020-03-16-16-03-2020-Medienkonferenz-des-BR-Conference-de-presse-du-CF-Conferenza-stampa-del-CF.png\",\"keywords\":[\"ausserordentliche Lage\",\"Coronavirus\",\"Spitallogistik\",\"Veranstaltungen\"],\"articleSection\":[\"ALLGEMEIN\",\"HEALTH &amp; SAFETY\"],\"inLanguage\":\"en-US\"},{\"@type\":\"WebPage\",\"@id\":\"https:\\\/\\\/news.save.ch\\\/bundesrat-erklaert-die-ausserordentliche-lage-und-verschaerft-die-massnahmen-zu-corona\\\/\",\"url\":\"https:\\\/\\\/news.save.ch\\\/bundesrat-erklaert-die-ausserordentliche-lage-und-verschaerft-die-massnahmen-zu-corona\\\/\",\"name\":\"Bundesrat erkl\u00e4rt die \u00abausserordentliche Lage\u00bb und versch\u00e4rft die Massnahmen zu Corona - Save\",\"isPartOf\":{\"@id\":\"https:\\\/\\\/news.save.ch\\\/de\\\/#website\"},\"primaryImageOfPage\":{\"@id\":\"https:\\\/\\\/news.save.ch\\\/bundesrat-erklaert-die-ausserordentliche-lage-und-verschaerft-die-massnahmen-zu-corona\\\/#primaryimage\"},\"image\":{\"@id\":\"https:\\\/\\\/news.save.ch\\\/bundesrat-erklaert-die-ausserordentliche-lage-und-verschaerft-die-massnahmen-zu-corona\\\/#primaryimage\"},\"thumbnailUrl\":\"https:\\\/\\\/news.save.ch\\\/wp-content\\\/uploads\\\/2020\\\/03\\\/Screenshot_2020-03-16-16-03-2020-Medienkonferenz-des-BR-Conference-de-presse-du-CF-Conferenza-stampa-del-CF.png\",\"datePublished\":\"2020-03-16T16:42:53+00:00\",\"dateModified\":\"2023-03-14T08:05:04+00:00\",\"description\":\"Heute ab Mitternacht sind alle Veranstaltungen verboten. Alle L\u00e4den, Restaurants, Bars, Kinos, Sportzentren, Schwimmb\u00e4der u.a. werden bis 19.04. geschlossen.\",\"breadcrumb\":{\"@id\":\"https:\\\/\\\/news.save.ch\\\/bundesrat-erklaert-die-ausserordentliche-lage-und-verschaerft-die-massnahmen-zu-corona\\\/#breadcrumb\"},\"inLanguage\":\"en-US\",\"potentialAction\":[{\"@type\":\"ReadAction\",\"target\":[\"https:\\\/\\\/news.save.ch\\\/bundesrat-erklaert-die-ausserordentliche-lage-und-verschaerft-die-massnahmen-zu-corona\\\/\"]}]},{\"@type\":\"ImageObject\",\"inLanguage\":\"en-US\",\"@id\":\"https:\\\/\\\/news.save.ch\\\/bundesrat-erklaert-die-ausserordentliche-lage-und-verschaerft-die-massnahmen-zu-corona\\\/#primaryimage\",\"url\":\"https:\\\/\\\/news.save.ch\\\/wp-content\\\/uploads\\\/2020\\\/03\\\/Screenshot_2020-03-16-16-03-2020-Medienkonferenz-des-BR-Conference-de-presse-du-CF-Conferenza-stampa-del-CF.png\",\"contentUrl\":\"https:\\\/\\\/news.save.ch\\\/wp-content\\\/uploads\\\/2020\\\/03\\\/Screenshot_2020-03-16-16-03-2020-Medienkonferenz-des-BR-Conference-de-presse-du-CF-Conferenza-stampa-del-CF.png\",\"width\":971,\"height\":541,\"caption\":\"Heute ab Mitternacht sind \u00f6ffentliche und private Veranstaltungen verboten. Alle L\u00e4den, M\u00e4rkte, Restaurants, Bars sowie Unterhaltungs- und Freizeitbetriebe wie Museen, Bibliotheken, Kinos, Konzert- und Theaterh\u00e4user, Sportzentren, Schwimmb\u00e4der und Skigebiete werden geschlossen.\"},{\"@type\":\"BreadcrumbList\",\"@id\":\"https:\\\/\\\/news.save.ch\\\/bundesrat-erklaert-die-ausserordentliche-lage-und-verschaerft-die-massnahmen-zu-corona\\\/#breadcrumb\",\"itemListElement\":[{\"@type\":\"ListItem\",\"position\":1,\"name\":\"Home\",\"item\":\"https:\\\/\\\/news.save.ch\\\/de\\\/\"},{\"@type\":\"ListItem\",\"position\":2,\"name\":\"Bundesrat erkl\u00e4rt die \u00abausserordentliche Lage\u00bb und versch\u00e4rft die Massnahmen zu Corona\"}]},{\"@type\":\"WebSite\",\"@id\":\"https:\\\/\\\/news.save.ch\\\/de\\\/#website\",\"url\":\"https:\\\/\\\/news.save.ch\\\/de\\\/\",\"name\":\"Save\",\"description\":\"Schweizer Fachzeitschrift f\u00fcr Sicherheit\",\"publisher\":{\"@id\":\"https:\\\/\\\/news.save.ch\\\/de\\\/#organization\"},\"potentialAction\":[{\"@type\":\"SearchAction\",\"target\":{\"@type\":\"EntryPoint\",\"urlTemplate\":\"https:\\\/\\\/news.save.ch\\\/de\\\/?s={search_term_string}\"},\"query-input\":{\"@type\":\"PropertyValueSpecification\",\"valueRequired\":true,\"valueName\":\"search_term_string\"}}],\"inLanguage\":\"en-US\"},{\"@type\":\"Organization\",\"@id\":\"https:\\\/\\\/news.save.ch\\\/de\\\/#organization\",\"name\":\"Sicherheitsforum\",\"url\":\"https:\\\/\\\/news.save.ch\\\/de\\\/\",\"logo\":{\"@type\":\"ImageObject\",\"inLanguage\":\"en-US\",\"@id\":\"https:\\\/\\\/news.save.ch\\\/de\\\/#\\\/schema\\\/logo\\\/image\\\/\",\"url\":\"https:\\\/\\\/news.save.ch\\\/wp-content\\\/uploads\\\/2022\\\/06\\\/Logo_SF_2012.png\",\"contentUrl\":\"https:\\\/\\\/news.save.ch\\\/wp-content\\\/uploads\\\/2022\\\/06\\\/Logo_SF_2012.png\",\"width\":1100,\"height\":91,\"caption\":\"Sicherheitsforum\"},\"image\":{\"@id\":\"https:\\\/\\\/news.save.ch\\\/de\\\/#\\\/schema\\\/logo\\\/image\\\/\"}},{\"@type\":\"Person\",\"@id\":\"https:\\\/\\\/news.save.ch\\\/de\\\/#\\\/schema\\\/person\\\/d49e199490bad7c70d64b9ab51142f2b\",\"name\":\"admin\",\"image\":{\"@type\":\"ImageObject\",\"inLanguage\":\"en-US\",\"@id\":\"https:\\\/\\\/secure.gravatar.com\\\/avatar\\\/ae2f4d718e6c49043e314ce431e7e645d646302a24a5ef5a8bc8e3f5a032e319?s=96&d=mm&r=g\",\"url\":\"https:\\\/\\\/secure.gravatar.com\\\/avatar\\\/ae2f4d718e6c49043e314ce431e7e645d646302a24a5ef5a8bc8e3f5a032e319?s=96&d=mm&r=g\",\"contentUrl\":\"https:\\\/\\\/secure.gravatar.com\\\/avatar\\\/ae2f4d718e6c49043e314ce431e7e645d646302a24a5ef5a8bc8e3f5a032e319?s=96&d=mm&r=g\",\"caption\":\"admin\"},\"sameAs\":[\"https:\\\/\\\/develop.organisator.galledia.ch\"],\"url\":\"https:\\\/\\\/news.save.ch\\\/en\\\/author\\\/admin\\\/\"}]}<\/script>\n<!-- \/ Yoast SEO plugin. -->","yoast_head_json":{"title":"Federal Council declares \"extraordinary situation\" and tightens measures on Corona - Save","description":"Today from midnight all events are prohibited. All stores, restaurants, bars, cinemas, sports centers, swimming pools, etc. will be closed until 19.04.","robots":{"index":"index","follow":"follow","max-snippet":"max-snippet:-1","max-image-preview":"max-image-preview:large","max-video-preview":"max-video-preview:-1"},"canonical":"https:\/\/news.save.ch\/en\/bundesrat-erklaert-die-ausserordentliche-lage-und-verschaerft-die-massnahmen-zu-corona\/","og_locale":"en_US","og_type":"article","og_title":"Bundesrat erkl\u00e4rt die \u00abausserordentliche Lage\u00bb und versch\u00e4rft die Massnahmen zu Corona - Save","og_description":"Heute ab Mitternacht sind alle Veranstaltungen verboten. Alle L\u00e4den, Restaurants, Bars, Kinos, Sportzentren, Schwimmb\u00e4der u.a. werden bis 19.04. geschlossen.","og_url":"https:\/\/news.save.ch\/en\/bundesrat-erklaert-die-ausserordentliche-lage-und-verschaerft-die-massnahmen-zu-corona\/","og_site_name":"Save","article_published_time":"2020-03-16T16:42:53+00:00","article_modified_time":"2023-03-14T08:05:04+00:00","og_image":[{"width":971,"height":541,"url":"https:\/\/news.save.ch\/wp-content\/uploads\/2020\/03\/Screenshot_2020-03-16-16-03-2020-Medienkonferenz-des-BR-Conference-de-presse-du-CF-Conferenza-stampa-del-CF.png","type":"image\/png"}],"author":"admin","twitter_card":"summary_large_image","twitter_misc":{"Written by":"admin","Est. reading time":"5 minutes"},"schema":{"@context":"https:\/\/schema.org","@graph":[{"@type":"Article","@id":"https:\/\/news.save.ch\/bundesrat-erklaert-die-ausserordentliche-lage-und-verschaerft-die-massnahmen-zu-corona\/#article","isPartOf":{"@id":"https:\/\/news.save.ch\/bundesrat-erklaert-die-ausserordentliche-lage-und-verschaerft-die-massnahmen-zu-corona\/"},"author":{"name":"admin","@id":"https:\/\/news.save.ch\/de\/#\/schema\/person\/d49e199490bad7c70d64b9ab51142f2b"},"headline":"Bundesrat erkl\u00e4rt die \u00abausserordentliche Lage\u00bb und versch\u00e4rft die Massnahmen zu Corona","datePublished":"2020-03-16T16:42:53+00:00","dateModified":"2023-03-14T08:05:04+00:00","mainEntityOfPage":{"@id":"https:\/\/news.save.ch\/bundesrat-erklaert-die-ausserordentliche-lage-und-verschaerft-die-massnahmen-zu-corona\/"},"wordCount":1000,"publisher":{"@id":"https:\/\/news.save.ch\/de\/#organization"},"image":{"@id":"https:\/\/news.save.ch\/bundesrat-erklaert-die-ausserordentliche-lage-und-verschaerft-die-massnahmen-zu-corona\/#primaryimage"},"thumbnailUrl":"https:\/\/news.save.ch\/wp-content\/uploads\/2020\/03\/Screenshot_2020-03-16-16-03-2020-Medienkonferenz-des-BR-Conference-de-presse-du-CF-Conferenza-stampa-del-CF.png","keywords":["ausserordentliche Lage","Coronavirus","Spitallogistik","Veranstaltungen"],"articleSection":["ALLGEMEIN","HEALTH &amp; SAFETY"],"inLanguage":"en-US"},{"@type":"WebPage","@id":"https:\/\/news.save.ch\/bundesrat-erklaert-die-ausserordentliche-lage-und-verschaerft-die-massnahmen-zu-corona\/","url":"https:\/\/news.save.ch\/bundesrat-erklaert-die-ausserordentliche-lage-und-verschaerft-die-massnahmen-zu-corona\/","name":"Federal Council declares \"extraordinary situation\" and tightens measures on Corona - Save","isPartOf":{"@id":"https:\/\/news.save.ch\/de\/#website"},"primaryImageOfPage":{"@id":"https:\/\/news.save.ch\/bundesrat-erklaert-die-ausserordentliche-lage-und-verschaerft-die-massnahmen-zu-corona\/#primaryimage"},"image":{"@id":"https:\/\/news.save.ch\/bundesrat-erklaert-die-ausserordentliche-lage-und-verschaerft-die-massnahmen-zu-corona\/#primaryimage"},"thumbnailUrl":"https:\/\/news.save.ch\/wp-content\/uploads\/2020\/03\/Screenshot_2020-03-16-16-03-2020-Medienkonferenz-des-BR-Conference-de-presse-du-CF-Conferenza-stampa-del-CF.png","datePublished":"2020-03-16T16:42:53+00:00","dateModified":"2023-03-14T08:05:04+00:00","description":"Today from midnight all events are prohibited. All stores, restaurants, bars, cinemas, sports centers, swimming pools, etc. will be closed until 19.04.","breadcrumb":{"@id":"https:\/\/news.save.ch\/bundesrat-erklaert-die-ausserordentliche-lage-und-verschaerft-die-massnahmen-zu-corona\/#breadcrumb"},"inLanguage":"en-US","potentialAction":[{"@type":"ReadAction","target":["https:\/\/news.save.ch\/bundesrat-erklaert-die-ausserordentliche-lage-und-verschaerft-die-massnahmen-zu-corona\/"]}]},{"@type":"ImageObject","inLanguage":"en-US","@id":"https:\/\/news.save.ch\/bundesrat-erklaert-die-ausserordentliche-lage-und-verschaerft-die-massnahmen-zu-corona\/#primaryimage","url":"https:\/\/news.save.ch\/wp-content\/uploads\/2020\/03\/Screenshot_2020-03-16-16-03-2020-Medienkonferenz-des-BR-Conference-de-presse-du-CF-Conferenza-stampa-del-CF.png","contentUrl":"https:\/\/news.save.ch\/wp-content\/uploads\/2020\/03\/Screenshot_2020-03-16-16-03-2020-Medienkonferenz-des-BR-Conference-de-presse-du-CF-Conferenza-stampa-del-CF.png","width":971,"height":541,"caption":"Heute ab Mitternacht sind \u00f6ffentliche und private Veranstaltungen verboten. Alle L\u00e4den, M\u00e4rkte, Restaurants, Bars sowie Unterhaltungs- und Freizeitbetriebe wie Museen, Bibliotheken, Kinos, Konzert- und Theaterh\u00e4user, Sportzentren, Schwimmb\u00e4der und Skigebiete werden geschlossen."},{"@type":"BreadcrumbList","@id":"https:\/\/news.save.ch\/bundesrat-erklaert-die-ausserordentliche-lage-und-verschaerft-die-massnahmen-zu-corona\/#breadcrumb","itemListElement":[{"@type":"ListItem","position":1,"name":"Home","item":"https:\/\/news.save.ch\/de\/"},{"@type":"ListItem","position":2,"name":"Bundesrat erkl\u00e4rt die \u00abausserordentliche Lage\u00bb und versch\u00e4rft die Massnahmen zu Corona"}]},{"@type":"WebSite","@id":"https:\/\/news.save.ch\/de\/#website","url":"https:\/\/news.save.ch\/de\/","name":"Save","description":"Swiss trade journal for safety","publisher":{"@id":"https:\/\/news.save.ch\/de\/#organization"},"potentialAction":[{"@type":"SearchAction","target":{"@type":"EntryPoint","urlTemplate":"https:\/\/news.save.ch\/de\/?s={search_term_string}"},"query-input":{"@type":"PropertyValueSpecification","valueRequired":true,"valueName":"search_term_string"}}],"inLanguage":"en-US"},{"@type":"Organization","@id":"https:\/\/news.save.ch\/de\/#organization","name":"Security Forum","url":"https:\/\/news.save.ch\/de\/","logo":{"@type":"ImageObject","inLanguage":"en-US","@id":"https:\/\/news.save.ch\/de\/#\/schema\/logo\/image\/","url":"https:\/\/news.save.ch\/wp-content\/uploads\/2022\/06\/Logo_SF_2012.png","contentUrl":"https:\/\/news.save.ch\/wp-content\/uploads\/2022\/06\/Logo_SF_2012.png","width":1100,"height":91,"caption":"Sicherheitsforum"},"image":{"@id":"https:\/\/news.save.ch\/de\/#\/schema\/logo\/image\/"}},{"@type":"Person","@id":"https:\/\/news.save.ch\/de\/#\/schema\/person\/d49e199490bad7c70d64b9ab51142f2b","name":"admin","image":{"@type":"ImageObject","inLanguage":"en-US","@id":"https:\/\/secure.gravatar.com\/avatar\/ae2f4d718e6c49043e314ce431e7e645d646302a24a5ef5a8bc8e3f5a032e319?s=96&d=mm&r=g","url":"https:\/\/secure.gravatar.com\/avatar\/ae2f4d718e6c49043e314ce431e7e645d646302a24a5ef5a8bc8e3f5a032e319?s=96&d=mm&r=g","contentUrl":"https:\/\/secure.gravatar.com\/avatar\/ae2f4d718e6c49043e314ce431e7e645d646302a24a5ef5a8bc8e3f5a032e319?s=96&d=mm&r=g","caption":"admin"},"sameAs":["https:\/\/develop.organisator.galledia.ch"],"url":"https:\/\/news.save.ch\/en\/author\/admin\/"}]}},"_links":{"self":[{"href":"https:\/\/news.save.ch\/en\/wp-json\/wp\/v2\/posts\/5444","targetHints":{"allow":["GET"]}}],"collection":[{"href":"https:\/\/news.save.ch\/en\/wp-json\/wp\/v2\/posts"}],"about":[{"href":"https:\/\/news.save.ch\/en\/wp-json\/wp\/v2\/types\/post"}],"author":[{"embeddable":true,"href":"https:\/\/news.save.ch\/en\/wp-json\/wp\/v2\/users\/1"}],"replies":[{"embeddable":true,"href":"https:\/\/news.save.ch\/en\/wp-json\/wp\/v2\/comments?post=5444"}],"version-history":[{"count":1,"href":"https:\/\/news.save.ch\/en\/wp-json\/wp\/v2\/posts\/5444\/revisions"}],"predecessor-version":[{"id":18210,"href":"https:\/\/news.save.ch\/en\/wp-json\/wp\/v2\/posts\/5444\/revisions\/18210"}],"wp:featuredmedia":[{"embeddable":true,"href":"https:\/\/news.save.ch\/en\/wp-json\/wp\/v2\/media\/5445"}],"wp:attachment":[{"href":"https:\/\/news.save.ch\/en\/wp-json\/wp\/v2\/media?parent=5444"}],"wp:term":[{"taxonomy":"category","embeddable":true,"href":"https:\/\/news.save.ch\/en\/wp-json\/wp\/v2\/categories?post=5444"},{"taxonomy":"post_tag","embeddable":true,"href":"https:\/\/news.save.ch\/en\/wp-json\/wp\/v2\/tags?post=5444"}],"curies":[{"name":"wp","href":"https:\/\/api.w.org\/{rel}","templated":true}]}}