{"id":546,"date":"2015-08-04T17:32:04","date_gmt":"2015-08-04T15:32:04","guid":{"rendered":"https:\/\/dev.sicherheitsforum.ch\/?p=546"},"modified":"2023-03-14T08:57:35","modified_gmt":"2023-03-14T07:57:35","slug":"kein-vertrauen-in-us-cloud-anbieter","status":null,"type":"post","link":"https:\/\/news.save.ch\/en\/kein-vertrauen-in-us-cloud-anbieter\/","title":{"rendered":"No trust in US cloud providers"},"content":{"rendered":"<figure id=\"attachment_547\" aria-describedby=\"caption-attachment-547\" style=\"width: 680px\" class=\"wp-caption alignnone\"><img loading=\"lazy\" decoding=\"async\" class=\"wp-image-547 size-medium\" src=\"https:\/\/news.save.ch\/wp-content\/uploads\/2016\/12\/Kein-Vertrauen-in-US-Cloud-Anbieter-it-security.jpg\" alt=\"Industrial espionage via cloud\" width=\"680\" height=\"453\" \/><figcaption id=\"caption-attachment-547\" class=\"wp-caption-text\">Industrial espionage via cloud<\/figcaption><\/figure>\n<p>According to a study by the National Initiative for Information and Internet Security (<a href=\"https:\/\/www.nifis.de\" target=\"_blank\" data-cke-saved-href=\"https:\/\/www.nifis.de\" rel=\"noopener\">NIFIS<\/a>), only cloud providers that are subject to restrictive data protection laws can guarantee sufficient data security. These are German and other European providers in particular. According to the study, 80% of the companies are convinced of this.<\/p>\n<p>According to NIFIS Chairman Attorney Thomas Lapp, distrust in the German business community is very high: \"The spying on German and European companies by U.S. authorities, some of which was even legalized by corresponding laws, has left its mark. So has the voluntary sharing of company data by U.S. cloud providers.\" Accordingly, 93% of the companies surveyed judge U.S. service providers and all others that cannot escape the access of British and U.S. intelligence agencies to have failed to act decisively and will not find a satisfactory data protection solution in the foreseeable future. The majority of German businesses (79%) are convinced that U.S. providers will lose market share if they cannot make it plausible that data is secure with them.<\/p>\n<p><strong>The fight against industrial espionage<\/strong><\/p>\n<p>Since the <a href=\"https:\/\/de.wikipedia.org\/wiki\/PRISM\" target=\"_blank\" data-cke-saved-href=\"https:\/\/de.wikipedia.org\/wiki\/PRISM\" rel=\"noopener\">PRISM<\/a>-tapping scandal, a majority of German businesses believe that data stored in the cloud is very much at risk (86% Consent). Since then, German companies have therefore become considerably more aware of the risks posed by cloud computing (83%). \"German businesses have declared war on industrial espionage,\" emphasizes Lapp. \"Accordingly, 81% of companies are stepping up measures to protect themselves from spying.\" According to the study, the PRISM and follow-up scandals have now sensitized 88% of German companies regarding data protection. For 79% of the companies, protection against hacker attacks is the focus of their efforts.<\/p>\n<p>The current study \"IT Security and Data Protection 2015\" by NIFIS can be requested free of charge: team@euromarcom.de<\/p>","protected":false},"excerpt":{"rendered":"<p>Laut Studie der Nationalen Initiative f\u00fcr Informations- und Internet-Sicherheit e.V. (NIFIS) k\u00f6nnen nur die Cloud-Anbieter eine ausreichende Sicherheit der Daten gew\u00e4hrleisten, die restriktiven Datenschutzgesetzen unterliegen. Dies sind insbesondere deutsche und andere europ\u00e4ische Anbieter. Davon sind gem\u00e4ss Studie 80% der Firmen \u00fcberzeugt. Laut NIFIS-Vorsitzendem Rechtsanwalt Thomas Lapp ist das Misstrauen in der deutschen Wirtschaft sehr gross: [&hellip;]<\/p>\n","protected":false},"author":1,"featured_media":547,"comment_status":"open","ping_status":"open","sticky":false,"template":"","format":"standard","meta":{"_acf_changed":false,"pgc_sgb_lightbox_settings":"","footnotes":""},"categories":[3313],"tags":[96,62,63],"class_list":["post-546","post","type-post","status-publish","format-standard","has-post-thumbnail","hentry","category-digitalisierung","tag-cyber-crime","tag-ict-sicherheit","tag-it-security"],"acf":[],"hkrextid":null,"publication":null,"issue":null,"workflow":null,"startPage":null,"spitzmarke":null,"_posts_by_tag_page_fields":{"widget_title":"","widget_tags":""},"_at_widget":"1","_yoast_wpseo_primary_category":"2","_yoast_wpseo_focuskw_text_input":"Cloud","_yoast_wpseo_opengraph-image":"https:\/\/news.save.ch\/wp-content\/uploads\/2016\/12\/Kein-Vertrauen-in-US-Cloud-Anbieter-it-security.jpg","_yoast_wpseo_opengraph-description":"Die grosse Mehrheit der Firmen nehmen ihre zuk\u00fcnftigen Cloud-Dienstleister mittlerweile sehr genau unter die Lupe, bevor sie ihre Daten in die Wolke verlagern. Dies geht aus der aktuellen Studie \u201eIT-Sicherheit und Datenschutz 2015\u201c hervor.","_yoast_wpseo_opengraph-title":"Kein Vertrauen in US-Cloud-Anbieter","enclosure":null,"_yoast_wpseo_twitter-title":null,"_yoast_wpseo_twitter-description":null,"_yoast_wpseo_twitter-image":null,"_wp_old_slug":null,"_yoast_wpseo_title":null,"_yoast_wpseo_canonical":null,"yoast_head":"<!-- This site is optimized with the Yoast SEO plugin v27.5 - https:\/\/yoast.com\/product\/yoast-seo-wordpress\/ -->\n<title>Kein Vertrauen in US-Cloud-Anbieter - Save<\/title>\n<meta name=\"description\" content=\"Die grosse Mehrheit der Firmen nehmen ihre zuk\u00fcnftigen Cloud-Dienstleister sehr genau unter die Lupe, bevor sie ihre Daten in die Wolke verlagern.\" \/>\n<meta name=\"robots\" content=\"index, follow, max-snippet:-1, max-image-preview:large, max-video-preview:-1\" \/>\n<link rel=\"canonical\" href=\"https:\/\/news.save.ch\/en\/kein-vertrauen-in-us-cloud-anbieter\/\" \/>\n<meta property=\"og:locale\" content=\"en_US\" \/>\n<meta property=\"og:type\" content=\"article\" \/>\n<meta property=\"og:title\" content=\"Kein Vertrauen in US-Cloud-Anbieter\" \/>\n<meta property=\"og:description\" content=\"Die grosse Mehrheit der Firmen nehmen ihre zuk\u00fcnftigen Cloud-Dienstleister mittlerweile sehr genau unter die Lupe, bevor sie ihre Daten in die Wolke verlagern. Dies geht aus der aktuellen Studie \u201eIT-Sicherheit und Datenschutz 2015\u201c hervor.\" \/>\n<meta property=\"og:url\" content=\"https:\/\/news.save.ch\/en\/kein-vertrauen-in-us-cloud-anbieter\/\" \/>\n<meta property=\"og:site_name\" content=\"Save\" \/>\n<meta property=\"article:published_time\" content=\"2015-08-04T15:32:04+00:00\" \/>\n<meta property=\"article:modified_time\" content=\"2023-03-14T07:57:35+00:00\" \/>\n<meta property=\"og:image\" content=\"https:\/\/news.save.ch\/wp-content\/uploads\/2016\/12\/Kein-Vertrauen-in-US-Cloud-Anbieter-it-security.jpg\" \/>\n<meta name=\"author\" content=\"admin\" \/>\n<meta name=\"twitter:card\" content=\"summary_large_image\" \/>\n<meta name=\"twitter:label1\" content=\"Written by\" \/>\n\t<meta name=\"twitter:data1\" content=\"admin\" \/>\n\t<meta name=\"twitter:label2\" content=\"Est. reading time\" \/>\n\t<meta name=\"twitter:data2\" content=\"1 minute\" \/>\n<script type=\"application\/ld+json\" class=\"yoast-schema-graph\">{\"@context\":\"https:\\\/\\\/schema.org\",\"@graph\":[{\"@type\":\"Article\",\"@id\":\"https:\\\/\\\/news.save.ch\\\/kein-vertrauen-in-us-cloud-anbieter\\\/#article\",\"isPartOf\":{\"@id\":\"https:\\\/\\\/news.save.ch\\\/kein-vertrauen-in-us-cloud-anbieter\\\/\"},\"author\":{\"name\":\"admin\",\"@id\":\"https:\\\/\\\/news.save.ch\\\/de\\\/#\\\/schema\\\/person\\\/d49e199490bad7c70d64b9ab51142f2b\"},\"headline\":\"Kein Vertrauen in US-Cloud-Anbieter\",\"datePublished\":\"2015-08-04T15:32:04+00:00\",\"dateModified\":\"2023-03-14T07:57:35+00:00\",\"mainEntityOfPage\":{\"@id\":\"https:\\\/\\\/news.save.ch\\\/kein-vertrauen-in-us-cloud-anbieter\\\/\"},\"wordCount\":291,\"commentCount\":0,\"publisher\":{\"@id\":\"https:\\\/\\\/news.save.ch\\\/de\\\/#organization\"},\"image\":{\"@id\":\"https:\\\/\\\/news.save.ch\\\/kein-vertrauen-in-us-cloud-anbieter\\\/#primaryimage\"},\"thumbnailUrl\":\"https:\\\/\\\/news.save.ch\\\/wp-content\\\/uploads\\\/2016\\\/12\\\/Kein-Vertrauen-in-US-Cloud-Anbieter-it-security-scaled.jpg\",\"keywords\":[\"Cyber-Crime\",\"ICT-Sicherheit\",\"IT-SECURITY\"],\"articleSection\":[\"DIGITALISIERUNG\"],\"inLanguage\":\"en-US\"},{\"@type\":\"WebPage\",\"@id\":\"https:\\\/\\\/news.save.ch\\\/kein-vertrauen-in-us-cloud-anbieter\\\/\",\"url\":\"https:\\\/\\\/news.save.ch\\\/kein-vertrauen-in-us-cloud-anbieter\\\/\",\"name\":\"Kein Vertrauen in US-Cloud-Anbieter - Save\",\"isPartOf\":{\"@id\":\"https:\\\/\\\/news.save.ch\\\/de\\\/#website\"},\"primaryImageOfPage\":{\"@id\":\"https:\\\/\\\/news.save.ch\\\/kein-vertrauen-in-us-cloud-anbieter\\\/#primaryimage\"},\"image\":{\"@id\":\"https:\\\/\\\/news.save.ch\\\/kein-vertrauen-in-us-cloud-anbieter\\\/#primaryimage\"},\"thumbnailUrl\":\"https:\\\/\\\/news.save.ch\\\/wp-content\\\/uploads\\\/2016\\\/12\\\/Kein-Vertrauen-in-US-Cloud-Anbieter-it-security-scaled.jpg\",\"datePublished\":\"2015-08-04T15:32:04+00:00\",\"dateModified\":\"2023-03-14T07:57:35+00:00\",\"description\":\"Die grosse Mehrheit der Firmen nehmen ihre zuk\u00fcnftigen Cloud-Dienstleister sehr genau unter die Lupe, bevor sie ihre Daten in die Wolke verlagern.\",\"breadcrumb\":{\"@id\":\"https:\\\/\\\/news.save.ch\\\/kein-vertrauen-in-us-cloud-anbieter\\\/#breadcrumb\"},\"inLanguage\":\"en-US\",\"potentialAction\":[{\"@type\":\"ReadAction\",\"target\":[\"https:\\\/\\\/news.save.ch\\\/kein-vertrauen-in-us-cloud-anbieter\\\/\"]}]},{\"@type\":\"ImageObject\",\"inLanguage\":\"en-US\",\"@id\":\"https:\\\/\\\/news.save.ch\\\/kein-vertrauen-in-us-cloud-anbieter\\\/#primaryimage\",\"url\":\"https:\\\/\\\/news.save.ch\\\/wp-content\\\/uploads\\\/2016\\\/12\\\/Kein-Vertrauen-in-US-Cloud-Anbieter-it-security-scaled.jpg\",\"contentUrl\":\"https:\\\/\\\/news.save.ch\\\/wp-content\\\/uploads\\\/2016\\\/12\\\/Kein-Vertrauen-in-US-Cloud-Anbieter-it-security-scaled.jpg\",\"width\":1400,\"height\":933,\"caption\":\"Wirtschaftsspionage via Cloud\"},{\"@type\":\"BreadcrumbList\",\"@id\":\"https:\\\/\\\/news.save.ch\\\/kein-vertrauen-in-us-cloud-anbieter\\\/#breadcrumb\",\"itemListElement\":[{\"@type\":\"ListItem\",\"position\":1,\"name\":\"Home\",\"item\":\"https:\\\/\\\/news.save.ch\\\/de\\\/\"},{\"@type\":\"ListItem\",\"position\":2,\"name\":\"Kein Vertrauen in US-Cloud-Anbieter\"}]},{\"@type\":\"WebSite\",\"@id\":\"https:\\\/\\\/news.save.ch\\\/de\\\/#website\",\"url\":\"https:\\\/\\\/news.save.ch\\\/de\\\/\",\"name\":\"Save\",\"description\":\"Schweizer Fachzeitschrift f\u00fcr Sicherheit\",\"publisher\":{\"@id\":\"https:\\\/\\\/news.save.ch\\\/de\\\/#organization\"},\"potentialAction\":[{\"@type\":\"SearchAction\",\"target\":{\"@type\":\"EntryPoint\",\"urlTemplate\":\"https:\\\/\\\/news.save.ch\\\/de\\\/?s={search_term_string}\"},\"query-input\":{\"@type\":\"PropertyValueSpecification\",\"valueRequired\":true,\"valueName\":\"search_term_string\"}}],\"inLanguage\":\"en-US\"},{\"@type\":\"Organization\",\"@id\":\"https:\\\/\\\/news.save.ch\\\/de\\\/#organization\",\"name\":\"Sicherheitsforum\",\"url\":\"https:\\\/\\\/news.save.ch\\\/de\\\/\",\"logo\":{\"@type\":\"ImageObject\",\"inLanguage\":\"en-US\",\"@id\":\"https:\\\/\\\/news.save.ch\\\/de\\\/#\\\/schema\\\/logo\\\/image\\\/\",\"url\":\"https:\\\/\\\/news.save.ch\\\/wp-content\\\/uploads\\\/2022\\\/06\\\/Logo_SF_2012.png\",\"contentUrl\":\"https:\\\/\\\/news.save.ch\\\/wp-content\\\/uploads\\\/2022\\\/06\\\/Logo_SF_2012.png\",\"width\":1100,\"height\":91,\"caption\":\"Sicherheitsforum\"},\"image\":{\"@id\":\"https:\\\/\\\/news.save.ch\\\/de\\\/#\\\/schema\\\/logo\\\/image\\\/\"}},{\"@type\":\"Person\",\"@id\":\"https:\\\/\\\/news.save.ch\\\/de\\\/#\\\/schema\\\/person\\\/d49e199490bad7c70d64b9ab51142f2b\",\"name\":\"admin\",\"image\":{\"@type\":\"ImageObject\",\"inLanguage\":\"en-US\",\"@id\":\"https:\\\/\\\/secure.gravatar.com\\\/avatar\\\/ae2f4d718e6c49043e314ce431e7e645d646302a24a5ef5a8bc8e3f5a032e319?s=96&d=mm&r=g\",\"url\":\"https:\\\/\\\/secure.gravatar.com\\\/avatar\\\/ae2f4d718e6c49043e314ce431e7e645d646302a24a5ef5a8bc8e3f5a032e319?s=96&d=mm&r=g\",\"contentUrl\":\"https:\\\/\\\/secure.gravatar.com\\\/avatar\\\/ae2f4d718e6c49043e314ce431e7e645d646302a24a5ef5a8bc8e3f5a032e319?s=96&d=mm&r=g\",\"caption\":\"admin\"},\"sameAs\":[\"https:\\\/\\\/develop.organisator.galledia.ch\"],\"url\":\"https:\\\/\\\/news.save.ch\\\/en\\\/author\\\/admin\\\/\"}]}<\/script>\n<!-- \/ Yoast SEO plugin. -->","yoast_head_json":{"title":"No trust in US cloud providers - Save","description":"The vast majority of companies take a very close look at their future cloud service providers before moving their data to the cloud.","robots":{"index":"index","follow":"follow","max-snippet":"max-snippet:-1","max-image-preview":"max-image-preview:large","max-video-preview":"max-video-preview:-1"},"canonical":"https:\/\/news.save.ch\/en\/kein-vertrauen-in-us-cloud-anbieter\/","og_locale":"en_US","og_type":"article","og_title":"Kein Vertrauen in US-Cloud-Anbieter","og_description":"Die grosse Mehrheit der Firmen nehmen ihre zuk\u00fcnftigen Cloud-Dienstleister mittlerweile sehr genau unter die Lupe, bevor sie ihre Daten in die Wolke verlagern. Dies geht aus der aktuellen Studie \u201eIT-Sicherheit und Datenschutz 2015\u201c hervor.","og_url":"https:\/\/news.save.ch\/en\/kein-vertrauen-in-us-cloud-anbieter\/","og_site_name":"Save","article_published_time":"2015-08-04T15:32:04+00:00","article_modified_time":"2023-03-14T07:57:35+00:00","og_image":[{"url":"https:\/\/news.save.ch\/wp-content\/uploads\/2016\/12\/Kein-Vertrauen-in-US-Cloud-Anbieter-it-security.jpg","type":"","width":"","height":""}],"author":"admin","twitter_card":"summary_large_image","twitter_misc":{"Written by":"admin","Est. reading time":"1 minute"},"schema":{"@context":"https:\/\/schema.org","@graph":[{"@type":"Article","@id":"https:\/\/news.save.ch\/kein-vertrauen-in-us-cloud-anbieter\/#article","isPartOf":{"@id":"https:\/\/news.save.ch\/kein-vertrauen-in-us-cloud-anbieter\/"},"author":{"name":"admin","@id":"https:\/\/news.save.ch\/de\/#\/schema\/person\/d49e199490bad7c70d64b9ab51142f2b"},"headline":"Kein Vertrauen in US-Cloud-Anbieter","datePublished":"2015-08-04T15:32:04+00:00","dateModified":"2023-03-14T07:57:35+00:00","mainEntityOfPage":{"@id":"https:\/\/news.save.ch\/kein-vertrauen-in-us-cloud-anbieter\/"},"wordCount":291,"commentCount":0,"publisher":{"@id":"https:\/\/news.save.ch\/de\/#organization"},"image":{"@id":"https:\/\/news.save.ch\/kein-vertrauen-in-us-cloud-anbieter\/#primaryimage"},"thumbnailUrl":"https:\/\/news.save.ch\/wp-content\/uploads\/2016\/12\/Kein-Vertrauen-in-US-Cloud-Anbieter-it-security-scaled.jpg","keywords":["Cyber-Crime","ICT-Sicherheit","IT-SECURITY"],"articleSection":["DIGITALISIERUNG"],"inLanguage":"en-US"},{"@type":"WebPage","@id":"https:\/\/news.save.ch\/kein-vertrauen-in-us-cloud-anbieter\/","url":"https:\/\/news.save.ch\/kein-vertrauen-in-us-cloud-anbieter\/","name":"No trust in US cloud providers - Save","isPartOf":{"@id":"https:\/\/news.save.ch\/de\/#website"},"primaryImageOfPage":{"@id":"https:\/\/news.save.ch\/kein-vertrauen-in-us-cloud-anbieter\/#primaryimage"},"image":{"@id":"https:\/\/news.save.ch\/kein-vertrauen-in-us-cloud-anbieter\/#primaryimage"},"thumbnailUrl":"https:\/\/news.save.ch\/wp-content\/uploads\/2016\/12\/Kein-Vertrauen-in-US-Cloud-Anbieter-it-security-scaled.jpg","datePublished":"2015-08-04T15:32:04+00:00","dateModified":"2023-03-14T07:57:35+00:00","description":"The vast majority of companies take a very close look at their future cloud service providers before moving their data to the cloud.","breadcrumb":{"@id":"https:\/\/news.save.ch\/kein-vertrauen-in-us-cloud-anbieter\/#breadcrumb"},"inLanguage":"en-US","potentialAction":[{"@type":"ReadAction","target":["https:\/\/news.save.ch\/kein-vertrauen-in-us-cloud-anbieter\/"]}]},{"@type":"ImageObject","inLanguage":"en-US","@id":"https:\/\/news.save.ch\/kein-vertrauen-in-us-cloud-anbieter\/#primaryimage","url":"https:\/\/news.save.ch\/wp-content\/uploads\/2016\/12\/Kein-Vertrauen-in-US-Cloud-Anbieter-it-security-scaled.jpg","contentUrl":"https:\/\/news.save.ch\/wp-content\/uploads\/2016\/12\/Kein-Vertrauen-in-US-Cloud-Anbieter-it-security-scaled.jpg","width":1400,"height":933,"caption":"Wirtschaftsspionage via Cloud"},{"@type":"BreadcrumbList","@id":"https:\/\/news.save.ch\/kein-vertrauen-in-us-cloud-anbieter\/#breadcrumb","itemListElement":[{"@type":"ListItem","position":1,"name":"Home","item":"https:\/\/news.save.ch\/de\/"},{"@type":"ListItem","position":2,"name":"Kein Vertrauen in US-Cloud-Anbieter"}]},{"@type":"WebSite","@id":"https:\/\/news.save.ch\/de\/#website","url":"https:\/\/news.save.ch\/de\/","name":"Save","description":"Swiss trade journal for safety","publisher":{"@id":"https:\/\/news.save.ch\/de\/#organization"},"potentialAction":[{"@type":"SearchAction","target":{"@type":"EntryPoint","urlTemplate":"https:\/\/news.save.ch\/de\/?s={search_term_string}"},"query-input":{"@type":"PropertyValueSpecification","valueRequired":true,"valueName":"search_term_string"}}],"inLanguage":"en-US"},{"@type":"Organization","@id":"https:\/\/news.save.ch\/de\/#organization","name":"Security Forum","url":"https:\/\/news.save.ch\/de\/","logo":{"@type":"ImageObject","inLanguage":"en-US","@id":"https:\/\/news.save.ch\/de\/#\/schema\/logo\/image\/","url":"https:\/\/news.save.ch\/wp-content\/uploads\/2022\/06\/Logo_SF_2012.png","contentUrl":"https:\/\/news.save.ch\/wp-content\/uploads\/2022\/06\/Logo_SF_2012.png","width":1100,"height":91,"caption":"Sicherheitsforum"},"image":{"@id":"https:\/\/news.save.ch\/de\/#\/schema\/logo\/image\/"}},{"@type":"Person","@id":"https:\/\/news.save.ch\/de\/#\/schema\/person\/d49e199490bad7c70d64b9ab51142f2b","name":"admin","image":{"@type":"ImageObject","inLanguage":"en-US","@id":"https:\/\/secure.gravatar.com\/avatar\/ae2f4d718e6c49043e314ce431e7e645d646302a24a5ef5a8bc8e3f5a032e319?s=96&d=mm&r=g","url":"https:\/\/secure.gravatar.com\/avatar\/ae2f4d718e6c49043e314ce431e7e645d646302a24a5ef5a8bc8e3f5a032e319?s=96&d=mm&r=g","contentUrl":"https:\/\/secure.gravatar.com\/avatar\/ae2f4d718e6c49043e314ce431e7e645d646302a24a5ef5a8bc8e3f5a032e319?s=96&d=mm&r=g","caption":"admin"},"sameAs":["https:\/\/develop.organisator.galledia.ch"],"url":"https:\/\/news.save.ch\/en\/author\/admin\/"}]}},"_links":{"self":[{"href":"https:\/\/news.save.ch\/en\/wp-json\/wp\/v2\/posts\/546","targetHints":{"allow":["GET"]}}],"collection":[{"href":"https:\/\/news.save.ch\/en\/wp-json\/wp\/v2\/posts"}],"about":[{"href":"https:\/\/news.save.ch\/en\/wp-json\/wp\/v2\/types\/post"}],"author":[{"embeddable":true,"href":"https:\/\/news.save.ch\/en\/wp-json\/wp\/v2\/users\/1"}],"replies":[{"embeddable":true,"href":"https:\/\/news.save.ch\/en\/wp-json\/wp\/v2\/comments?post=546"}],"version-history":[{"count":1,"href":"https:\/\/news.save.ch\/en\/wp-json\/wp\/v2\/posts\/546\/revisions"}],"predecessor-version":[{"id":17751,"href":"https:\/\/news.save.ch\/en\/wp-json\/wp\/v2\/posts\/546\/revisions\/17751"}],"wp:featuredmedia":[{"embeddable":true,"href":"https:\/\/news.save.ch\/en\/wp-json\/wp\/v2\/media\/547"}],"wp:attachment":[{"href":"https:\/\/news.save.ch\/en\/wp-json\/wp\/v2\/media?parent=546"}],"wp:term":[{"taxonomy":"category","embeddable":true,"href":"https:\/\/news.save.ch\/en\/wp-json\/wp\/v2\/categories?post=546"},{"taxonomy":"post_tag","embeddable":true,"href":"https:\/\/news.save.ch\/en\/wp-json\/wp\/v2\/tags?post=546"}],"curies":[{"name":"wp","href":"https:\/\/api.w.org\/{rel}","templated":true}]}}