{"id":5512,"date":"2017-10-23T10:00:18","date_gmt":"2017-10-23T08:00:18","guid":{"rendered":"https:\/\/news.save.ch\/?p=5512"},"modified":"2017-10-23T10:00:18","modified_gmt":"2017-10-23T08:00:18","slug":"alpha-protect-schliesst-sich-der-securitas-gruppe-an","status":null,"type":"post","link":"https:\/\/news.save.ch\/en\/alpha-protect-schliesst-sich-der-securitas-gruppe-an\/","title":{"rendered":"Securitas Group takes over Alpha Protect"},"content":{"rendered":"<figure id=\"attachment_5513\" aria-describedby=\"caption-attachment-5513\" style=\"width: 680px\" class=\"wp-caption aligncenter\"><img loading=\"lazy\" decoding=\"async\" class=\"wp-image-5513 size-medium\" src=\"https:\/\/news.save.ch\/wp-content\/uploads\/2017\/10\/Securitas-scaled-1.jpg\" alt=\"Securitas Group, Alpha Protect, takeover\" width=\"680\" height=\"453\" \/><figcaption id=\"caption-attachment-5513\" class=\"wp-caption-text\">Photo: R. Str\u00e4ssle<\/figcaption><\/figure>\n<p>The <a href=\"https:\/\/alphaprotect.ch\/\">Alpha Protect AG<\/a> has been operating successfully in the Swiss security market since 2000 and has made a good name for itself as a security company in the greater Zurich area and in eastern and northwestern Switzerland, the Securitas Group writes. For customers and employees, the service company will remain in its usual strength. In addition, the company will benefit from the market presence and infrastructural advantages of the Securitas Group.<\/p>\n<p><strong>Dietrich remains managing director<\/strong><\/p>\n<p>For the Securitas Group, the full takeover of Alpha Protect means a further expansion of the security services division. As far as the acquired company is concerned, the new ownership structure will have no consequences whatsoever for jobs or market presence, Securitas writes. The former Alpha Protect shareholder Manfred Dietrich will remain a member of the board of directors and managing director of the company, which will continue to operate independently, and will successfully manage the transition phase with his 200 employees, according to the statement.<\/p>\n<p>Both the Alpha Protect and the <a href=\"https:\/\/news.save.ch\/en\/securitas-praesentiert-einsatzstatistik\/\">Securitas <\/a>are members of the Association of Swiss Security Service Companies (<a href=\"https:\/\/www.vssu.org\/\">VSSU<\/a>).<\/p>\n<p>&nbsp;<\/p>\n<p>&nbsp;<\/p>","protected":false},"excerpt":{"rendered":"<p>Die Alpha Protect AG ist seit dem Jahr 2000 erfolgreich im Schweizer Sicherheitsmarkt t\u00e4tig und hat sich im Grossraum Z\u00fcrich, der Ost- und Nordwestschweiz einen guten Namen als Sicherheitsunternehmen gemacht, wie die Securitas Gruppe schreibt. F\u00fcr die Kunden und Mitarbeitenden bleibe das Dienstleistungsunternehmen in gewohnter St\u00e4rke erhalten. Zus\u00e4tzlich\u00a0werde die Firma von der Marktpr\u00e4senz und den [&hellip;]<\/p>\n","protected":false},"author":8,"featured_media":5513,"comment_status":"open","ping_status":"open","sticky":false,"template":"","format":"standard","meta":{"_acf_changed":false,"pgc_sgb_lightbox_settings":"","footnotes":""},"categories":[1],"tags":[65],"class_list":["post-5512","post","type-post","status-publish","format-standard","has-post-thumbnail","hentry","category-allgemein","tag-unternehmen"],"acf":[],"hkrextid":null,"publication":null,"issue":null,"workflow":null,"startPage":null,"spitzmarke":null,"_posts_by_tag_page_fields":{"widget_title":"","widget_tags":""},"_at_widget":"1","_yoast_wpseo_primary_category":"1","_yoast_wpseo_focuskw_text_input":"Securitas Gruppe","_yoast_wpseo_opengraph-image":null,"_yoast_wpseo_opengraph-description":null,"_yoast_wpseo_opengraph-title":null,"enclosure":null,"_yoast_wpseo_twitter-title":null,"_yoast_wpseo_twitter-description":null,"_yoast_wpseo_twitter-image":null,"_wp_old_slug":null,"_yoast_wpseo_title":null,"_yoast_wpseo_canonical":null,"yoast_head":"<!-- This site is optimized with the Yoast SEO plugin v27.5 - https:\/\/yoast.com\/product\/yoast-seo-wordpress\/ -->\n<title>Securitas Gruppe \u00fcbernimmt Alpha Protect - Save<\/title>\n<meta name=\"description\" content=\"Die Securitas Gruppe \u00fcbernimmt r\u00fcckwirkend per 1. Juli 2017 die im z\u00fcrcherischen Illnau-Effretikon ans\u00e4ssige Alpha Protect AG.\" \/>\n<meta name=\"robots\" content=\"index, follow, max-snippet:-1, max-image-preview:large, max-video-preview:-1\" \/>\n<link rel=\"canonical\" href=\"https:\/\/news.save.ch\/en\/alpha-protect-schliesst-sich-der-securitas-gruppe-an\/\" \/>\n<meta property=\"og:locale\" content=\"en_US\" \/>\n<meta property=\"og:type\" content=\"article\" \/>\n<meta property=\"og:title\" content=\"Securitas Gruppe \u00fcbernimmt Alpha Protect - Save\" \/>\n<meta property=\"og:description\" content=\"Die Securitas Gruppe \u00fcbernimmt r\u00fcckwirkend per 1. Juli 2017 die im z\u00fcrcherischen Illnau-Effretikon ans\u00e4ssige Alpha Protect AG.\" \/>\n<meta property=\"og:url\" content=\"https:\/\/news.save.ch\/en\/alpha-protect-schliesst-sich-der-securitas-gruppe-an\/\" \/>\n<meta property=\"og:site_name\" content=\"Save\" \/>\n<meta property=\"article:published_time\" content=\"2017-10-23T08:00:18+00:00\" \/>\n<meta property=\"og:image\" content=\"https:\/\/news.save.ch\/wp-content\/uploads\/2017\/10\/Securitas-scaled-1-scaled.jpg\" \/>\n\t<meta property=\"og:image:width\" content=\"1400\" \/>\n\t<meta property=\"og:image:height\" content=\"934\" \/>\n\t<meta property=\"og:image:type\" content=\"image\/jpeg\" \/>\n<meta name=\"author\" content=\"Roger Str\u00e4ssle\" \/>\n<meta name=\"twitter:card\" content=\"summary_large_image\" \/>\n<meta name=\"twitter:label1\" content=\"Written by\" \/>\n\t<meta name=\"twitter:data1\" content=\"Roger Str\u00e4ssle\" \/>\n\t<meta name=\"twitter:label2\" content=\"Est. reading time\" \/>\n\t<meta name=\"twitter:data2\" content=\"1 minute\" \/>\n<script type=\"application\/ld+json\" class=\"yoast-schema-graph\">{\"@context\":\"https:\\\/\\\/schema.org\",\"@graph\":[{\"@type\":\"Article\",\"@id\":\"https:\\\/\\\/news.save.ch\\\/alpha-protect-schliesst-sich-der-securitas-gruppe-an\\\/#article\",\"isPartOf\":{\"@id\":\"https:\\\/\\\/news.save.ch\\\/alpha-protect-schliesst-sich-der-securitas-gruppe-an\\\/\"},\"author\":{\"name\":\"Roger Str\u00e4ssle\",\"@id\":\"https:\\\/\\\/news.save.ch\\\/de\\\/#\\\/schema\\\/person\\\/d5022db048e0e2b9785c50e5b24da5aa\"},\"headline\":\"Securitas Gruppe \u00fcbernimmt Alpha Protect\",\"datePublished\":\"2017-10-23T08:00:18+00:00\",\"mainEntityOfPage\":{\"@id\":\"https:\\\/\\\/news.save.ch\\\/alpha-protect-schliesst-sich-der-securitas-gruppe-an\\\/\"},\"wordCount\":174,\"commentCount\":0,\"publisher\":{\"@id\":\"https:\\\/\\\/news.save.ch\\\/de\\\/#organization\"},\"image\":{\"@id\":\"https:\\\/\\\/news.save.ch\\\/alpha-protect-schliesst-sich-der-securitas-gruppe-an\\\/#primaryimage\"},\"thumbnailUrl\":\"https:\\\/\\\/news.save.ch\\\/wp-content\\\/uploads\\\/2017\\\/10\\\/Securitas-scaled-1-scaled.jpg\",\"keywords\":[\"Unternehmen\"],\"articleSection\":[\"ALLGEMEIN\"],\"inLanguage\":\"en-US\"},{\"@type\":\"WebPage\",\"@id\":\"https:\\\/\\\/news.save.ch\\\/alpha-protect-schliesst-sich-der-securitas-gruppe-an\\\/\",\"url\":\"https:\\\/\\\/news.save.ch\\\/alpha-protect-schliesst-sich-der-securitas-gruppe-an\\\/\",\"name\":\"Securitas Gruppe \u00fcbernimmt Alpha Protect - Save\",\"isPartOf\":{\"@id\":\"https:\\\/\\\/news.save.ch\\\/de\\\/#website\"},\"primaryImageOfPage\":{\"@id\":\"https:\\\/\\\/news.save.ch\\\/alpha-protect-schliesst-sich-der-securitas-gruppe-an\\\/#primaryimage\"},\"image\":{\"@id\":\"https:\\\/\\\/news.save.ch\\\/alpha-protect-schliesst-sich-der-securitas-gruppe-an\\\/#primaryimage\"},\"thumbnailUrl\":\"https:\\\/\\\/news.save.ch\\\/wp-content\\\/uploads\\\/2017\\\/10\\\/Securitas-scaled-1-scaled.jpg\",\"datePublished\":\"2017-10-23T08:00:18+00:00\",\"description\":\"Die Securitas Gruppe \u00fcbernimmt r\u00fcckwirkend per 1. Juli 2017 die im z\u00fcrcherischen Illnau-Effretikon ans\u00e4ssige Alpha Protect AG.\",\"breadcrumb\":{\"@id\":\"https:\\\/\\\/news.save.ch\\\/alpha-protect-schliesst-sich-der-securitas-gruppe-an\\\/#breadcrumb\"},\"inLanguage\":\"en-US\",\"potentialAction\":[{\"@type\":\"ReadAction\",\"target\":[\"https:\\\/\\\/news.save.ch\\\/alpha-protect-schliesst-sich-der-securitas-gruppe-an\\\/\"]}]},{\"@type\":\"ImageObject\",\"inLanguage\":\"en-US\",\"@id\":\"https:\\\/\\\/news.save.ch\\\/alpha-protect-schliesst-sich-der-securitas-gruppe-an\\\/#primaryimage\",\"url\":\"https:\\\/\\\/news.save.ch\\\/wp-content\\\/uploads\\\/2017\\\/10\\\/Securitas-scaled-1-scaled.jpg\",\"contentUrl\":\"https:\\\/\\\/news.save.ch\\\/wp-content\\\/uploads\\\/2017\\\/10\\\/Securitas-scaled-1-scaled.jpg\",\"width\":1400,\"height\":934,\"caption\":\"Foto: R. Str\u00e4ssle\"},{\"@type\":\"BreadcrumbList\",\"@id\":\"https:\\\/\\\/news.save.ch\\\/alpha-protect-schliesst-sich-der-securitas-gruppe-an\\\/#breadcrumb\",\"itemListElement\":[{\"@type\":\"ListItem\",\"position\":1,\"name\":\"Home\",\"item\":\"https:\\\/\\\/news.save.ch\\\/de\\\/\"},{\"@type\":\"ListItem\",\"position\":2,\"name\":\"Securitas Gruppe \u00fcbernimmt Alpha Protect\"}]},{\"@type\":\"WebSite\",\"@id\":\"https:\\\/\\\/news.save.ch\\\/de\\\/#website\",\"url\":\"https:\\\/\\\/news.save.ch\\\/de\\\/\",\"name\":\"Save\",\"description\":\"Schweizer Fachzeitschrift f\u00fcr Sicherheit\",\"publisher\":{\"@id\":\"https:\\\/\\\/news.save.ch\\\/de\\\/#organization\"},\"potentialAction\":[{\"@type\":\"SearchAction\",\"target\":{\"@type\":\"EntryPoint\",\"urlTemplate\":\"https:\\\/\\\/news.save.ch\\\/de\\\/?s={search_term_string}\"},\"query-input\":{\"@type\":\"PropertyValueSpecification\",\"valueRequired\":true,\"valueName\":\"search_term_string\"}}],\"inLanguage\":\"en-US\"},{\"@type\":\"Organization\",\"@id\":\"https:\\\/\\\/news.save.ch\\\/de\\\/#organization\",\"name\":\"Sicherheitsforum\",\"url\":\"https:\\\/\\\/news.save.ch\\\/de\\\/\",\"logo\":{\"@type\":\"ImageObject\",\"inLanguage\":\"en-US\",\"@id\":\"https:\\\/\\\/news.save.ch\\\/de\\\/#\\\/schema\\\/logo\\\/image\\\/\",\"url\":\"https:\\\/\\\/news.save.ch\\\/wp-content\\\/uploads\\\/2022\\\/06\\\/Logo_SF_2012.png\",\"contentUrl\":\"https:\\\/\\\/news.save.ch\\\/wp-content\\\/uploads\\\/2022\\\/06\\\/Logo_SF_2012.png\",\"width\":1100,\"height\":91,\"caption\":\"Sicherheitsforum\"},\"image\":{\"@id\":\"https:\\\/\\\/news.save.ch\\\/de\\\/#\\\/schema\\\/logo\\\/image\\\/\"}},{\"@type\":\"Person\",\"@id\":\"https:\\\/\\\/news.save.ch\\\/de\\\/#\\\/schema\\\/person\\\/d5022db048e0e2b9785c50e5b24da5aa\",\"name\":\"Roger Str\u00e4ssle\",\"image\":{\"@type\":\"ImageObject\",\"inLanguage\":\"en-US\",\"@id\":\"https:\\\/\\\/secure.gravatar.com\\\/avatar\\\/862a5569d087de48e5856e32f45d719a03804c891d6deb8d4f71a660e79e4a47?s=96&d=mm&r=g\",\"url\":\"https:\\\/\\\/secure.gravatar.com\\\/avatar\\\/862a5569d087de48e5856e32f45d719a03804c891d6deb8d4f71a660e79e4a47?s=96&d=mm&r=g\",\"contentUrl\":\"https:\\\/\\\/secure.gravatar.com\\\/avatar\\\/862a5569d087de48e5856e32f45d719a03804c891d6deb8d4f71a660e79e4a47?s=96&d=mm&r=g\",\"caption\":\"Roger Str\u00e4ssle\"},\"url\":\"https:\\\/\\\/news.save.ch\\\/en\\\/author\\\/roger-straessle\\\/\"}]}<\/script>\n<!-- \/ Yoast SEO plugin. -->","yoast_head_json":{"title":"Securitas Group takes over Alpha Protect - Save","description":"The Securitas Group is taking over Alpha Protect AG, based in Illnau-Effretikon, Zurich, with retroactive effect from July 1, 2017.","robots":{"index":"index","follow":"follow","max-snippet":"max-snippet:-1","max-image-preview":"max-image-preview:large","max-video-preview":"max-video-preview:-1"},"canonical":"https:\/\/news.save.ch\/en\/alpha-protect-schliesst-sich-der-securitas-gruppe-an\/","og_locale":"en_US","og_type":"article","og_title":"Securitas Gruppe \u00fcbernimmt Alpha Protect - Save","og_description":"Die Securitas Gruppe \u00fcbernimmt r\u00fcckwirkend per 1. Juli 2017 die im z\u00fcrcherischen Illnau-Effretikon ans\u00e4ssige Alpha Protect AG.","og_url":"https:\/\/news.save.ch\/en\/alpha-protect-schliesst-sich-der-securitas-gruppe-an\/","og_site_name":"Save","article_published_time":"2017-10-23T08:00:18+00:00","og_image":[{"width":1400,"height":934,"url":"https:\/\/news.save.ch\/wp-content\/uploads\/2017\/10\/Securitas-scaled-1-scaled.jpg","type":"image\/jpeg"}],"author":"Roger Str\u00e4ssle","twitter_card":"summary_large_image","twitter_misc":{"Written by":"Roger Str\u00e4ssle","Est. reading time":"1 minute"},"schema":{"@context":"https:\/\/schema.org","@graph":[{"@type":"Article","@id":"https:\/\/news.save.ch\/alpha-protect-schliesst-sich-der-securitas-gruppe-an\/#article","isPartOf":{"@id":"https:\/\/news.save.ch\/alpha-protect-schliesst-sich-der-securitas-gruppe-an\/"},"author":{"name":"Roger Str\u00e4ssle","@id":"https:\/\/news.save.ch\/de\/#\/schema\/person\/d5022db048e0e2b9785c50e5b24da5aa"},"headline":"Securitas Gruppe \u00fcbernimmt Alpha Protect","datePublished":"2017-10-23T08:00:18+00:00","mainEntityOfPage":{"@id":"https:\/\/news.save.ch\/alpha-protect-schliesst-sich-der-securitas-gruppe-an\/"},"wordCount":174,"commentCount":0,"publisher":{"@id":"https:\/\/news.save.ch\/de\/#organization"},"image":{"@id":"https:\/\/news.save.ch\/alpha-protect-schliesst-sich-der-securitas-gruppe-an\/#primaryimage"},"thumbnailUrl":"https:\/\/news.save.ch\/wp-content\/uploads\/2017\/10\/Securitas-scaled-1-scaled.jpg","keywords":["Unternehmen"],"articleSection":["ALLGEMEIN"],"inLanguage":"en-US"},{"@type":"WebPage","@id":"https:\/\/news.save.ch\/alpha-protect-schliesst-sich-der-securitas-gruppe-an\/","url":"https:\/\/news.save.ch\/alpha-protect-schliesst-sich-der-securitas-gruppe-an\/","name":"Securitas Group takes over Alpha Protect - Save","isPartOf":{"@id":"https:\/\/news.save.ch\/de\/#website"},"primaryImageOfPage":{"@id":"https:\/\/news.save.ch\/alpha-protect-schliesst-sich-der-securitas-gruppe-an\/#primaryimage"},"image":{"@id":"https:\/\/news.save.ch\/alpha-protect-schliesst-sich-der-securitas-gruppe-an\/#primaryimage"},"thumbnailUrl":"https:\/\/news.save.ch\/wp-content\/uploads\/2017\/10\/Securitas-scaled-1-scaled.jpg","datePublished":"2017-10-23T08:00:18+00:00","description":"The Securitas Group is taking over Alpha Protect AG, based in Illnau-Effretikon, Zurich, with retroactive effect from July 1, 2017.","breadcrumb":{"@id":"https:\/\/news.save.ch\/alpha-protect-schliesst-sich-der-securitas-gruppe-an\/#breadcrumb"},"inLanguage":"en-US","potentialAction":[{"@type":"ReadAction","target":["https:\/\/news.save.ch\/alpha-protect-schliesst-sich-der-securitas-gruppe-an\/"]}]},{"@type":"ImageObject","inLanguage":"en-US","@id":"https:\/\/news.save.ch\/alpha-protect-schliesst-sich-der-securitas-gruppe-an\/#primaryimage","url":"https:\/\/news.save.ch\/wp-content\/uploads\/2017\/10\/Securitas-scaled-1-scaled.jpg","contentUrl":"https:\/\/news.save.ch\/wp-content\/uploads\/2017\/10\/Securitas-scaled-1-scaled.jpg","width":1400,"height":934,"caption":"Foto: R. Str\u00e4ssle"},{"@type":"BreadcrumbList","@id":"https:\/\/news.save.ch\/alpha-protect-schliesst-sich-der-securitas-gruppe-an\/#breadcrumb","itemListElement":[{"@type":"ListItem","position":1,"name":"Home","item":"https:\/\/news.save.ch\/de\/"},{"@type":"ListItem","position":2,"name":"Securitas Gruppe \u00fcbernimmt Alpha Protect"}]},{"@type":"WebSite","@id":"https:\/\/news.save.ch\/de\/#website","url":"https:\/\/news.save.ch\/de\/","name":"Save","description":"Swiss trade journal for safety","publisher":{"@id":"https:\/\/news.save.ch\/de\/#organization"},"potentialAction":[{"@type":"SearchAction","target":{"@type":"EntryPoint","urlTemplate":"https:\/\/news.save.ch\/de\/?s={search_term_string}"},"query-input":{"@type":"PropertyValueSpecification","valueRequired":true,"valueName":"search_term_string"}}],"inLanguage":"en-US"},{"@type":"Organization","@id":"https:\/\/news.save.ch\/de\/#organization","name":"Security Forum","url":"https:\/\/news.save.ch\/de\/","logo":{"@type":"ImageObject","inLanguage":"en-US","@id":"https:\/\/news.save.ch\/de\/#\/schema\/logo\/image\/","url":"https:\/\/news.save.ch\/wp-content\/uploads\/2022\/06\/Logo_SF_2012.png","contentUrl":"https:\/\/news.save.ch\/wp-content\/uploads\/2022\/06\/Logo_SF_2012.png","width":1100,"height":91,"caption":"Sicherheitsforum"},"image":{"@id":"https:\/\/news.save.ch\/de\/#\/schema\/logo\/image\/"}},{"@type":"Person","@id":"https:\/\/news.save.ch\/de\/#\/schema\/person\/d5022db048e0e2b9785c50e5b24da5aa","name":"Roger Str\u00e4ssle","image":{"@type":"ImageObject","inLanguage":"en-US","@id":"https:\/\/secure.gravatar.com\/avatar\/862a5569d087de48e5856e32f45d719a03804c891d6deb8d4f71a660e79e4a47?s=96&d=mm&r=g","url":"https:\/\/secure.gravatar.com\/avatar\/862a5569d087de48e5856e32f45d719a03804c891d6deb8d4f71a660e79e4a47?s=96&d=mm&r=g","contentUrl":"https:\/\/secure.gravatar.com\/avatar\/862a5569d087de48e5856e32f45d719a03804c891d6deb8d4f71a660e79e4a47?s=96&d=mm&r=g","caption":"Roger Str\u00e4ssle"},"url":"https:\/\/news.save.ch\/en\/author\/roger-straessle\/"}]}},"_links":{"self":[{"href":"https:\/\/news.save.ch\/en\/wp-json\/wp\/v2\/posts\/5512","targetHints":{"allow":["GET"]}}],"collection":[{"href":"https:\/\/news.save.ch\/en\/wp-json\/wp\/v2\/posts"}],"about":[{"href":"https:\/\/news.save.ch\/en\/wp-json\/wp\/v2\/types\/post"}],"author":[{"embeddable":true,"href":"https:\/\/news.save.ch\/en\/wp-json\/wp\/v2\/users\/8"}],"replies":[{"embeddable":true,"href":"https:\/\/news.save.ch\/en\/wp-json\/wp\/v2\/comments?post=5512"}],"version-history":[{"count":0,"href":"https:\/\/news.save.ch\/en\/wp-json\/wp\/v2\/posts\/5512\/revisions"}],"wp:featuredmedia":[{"embeddable":true,"href":"https:\/\/news.save.ch\/en\/wp-json\/wp\/v2\/media\/5513"}],"wp:attachment":[{"href":"https:\/\/news.save.ch\/en\/wp-json\/wp\/v2\/media?parent=5512"}],"wp:term":[{"taxonomy":"category","embeddable":true,"href":"https:\/\/news.save.ch\/en\/wp-json\/wp\/v2\/categories?post=5512"},{"taxonomy":"post_tag","embeddable":true,"href":"https:\/\/news.save.ch\/en\/wp-json\/wp\/v2\/tags?post=5512"}],"curies":[{"name":"wp","href":"https:\/\/api.w.org\/{rel}","templated":true}]}}