{"id":5549,"date":"2020-04-28T07:41:41","date_gmt":"2020-04-28T05:41:41","guid":{"rendered":"https:\/\/news.save.ch\/?p=5549"},"modified":"2023-03-14T09:05:04","modified_gmt":"2023-03-14T08:05:04","slug":"gesundheitsschutz-arbeitssicherheit-mit-erfolg","status":null,"type":"post","link":"https:\/\/news.save.ch\/en\/gesundheitsschutz-arbeitssicherheit-mit-erfolg\/","title":{"rendered":"Health protection &amp; occupational safety with success"},"content":{"rendered":"<figure id=\"attachment_5550\" aria-describedby=\"caption-attachment-5550\" style=\"width: 680px\" class=\"wp-caption alignnone\"><a href=\"https:\/\/www.bag.admin.ch\/bag\/de\/home\/strategie-und-politik\/nationale-gesundheitsstrategien\/strategie-nicht-uebertragbare-krankheiten\/verhaltensoekonomie.html\"><img loading=\"lazy\" decoding=\"async\" class=\"size-medium wp-image-5550\" src=\"http:\/\/develop.safety-plus.ch\/wp-content\/uploads\/2020\/04\/06_SAVE.jpg\" alt=\"\" width=\"680\" height=\"453\" \/><\/a><figcaption id=\"caption-attachment-5550\" class=\"wp-caption-text\"><a href=\"https:\/\/www.bag.admin.ch\/bag\/de\/home\/strategie-und-politik\/nationale-gesundheitsstrategien\/strategie-nicht-uebertragbare-krankheiten\/verhaltensoekonomie.html\">The lecture series starts with leadership and embedding \"Health, Safety, Environment\" in overall organizations using a practical example. \u00a9 Depositphotos\/Goodluz<\/a><\/figcaption><\/figure>\n<p>The series of lectures starts with leadership and embedding \"Health, Safety, Environment\" in overall organizations using a practical example. Presented by an HSE manager. Participants will learn first-hand why the Sika Group is committed to \"Vision Zero\" and what the current status of implementation is. From <a href=\"https:\/\/news.save.ch\/en\/lernende-verunfallen-doppelt-so-haeufig-in-der-freizeit\/\" target=\"_blank\" rel=\"noopener\">Accidents<\/a> and learning from the mistakes of others: How does this know-how transfer succeed? The department head <a href=\"https:\/\/news.save.ch\/en\/suva-neue-abteilungsleiterin-arbeitsmedizin\/\" target=\"_blank\" rel=\"noopener\">Occupational safety\/health protection at Suva<\/a> gets to the bottom of this aspect. The morning part is concluded with the topics of safety at non-stationary workplaces and the expensive, painful absences in the company.<\/p>\n<p><strong>Human behavior<\/strong><\/p>\n<p><a href=\"https:\/\/www.bag.admin.ch\/dam\/bag\/de\/dokumente\/npp\/ncd\/verhaltenskonomie\/nachhaltigen_gesundheitsfoerderung.pdf.download.pdf\/Verhaltens%C3%B6konomie_zur_nachhaltigen_Gesundheitsf%C3%B6rderung.pdf\" target=\"_blank\" rel=\"noopener\">Psychological aspects<\/a> strongly influence occupational safety and health protection. How is human behavior successfully changed? How do incentives instead of prohibitions lead to a better goal at ASGS? The RANAS approach and the <a href=\"https:\/\/www.bag.admin.ch\/bag\/de\/home\/strategie-und-politik\/nationale-gesundheitsstrategien\/strategie-nicht-uebertragbare-krankheiten\/verhaltensoekonomie.html\" target=\"_blank\" rel=\"noopener\">\"Nudging\" method<\/a> are appropriate here. What's behind them? You can hear more about it on November 10, 2020. The communication factor is also the cornerstone of success for functioning security activities. An expert in management communication will round off the event with his comments on this.<\/p>\n<h3>Info: All previously registered participants keep the place guaranteed until further notice. You will be contacted by SAVE AG whether it is possible for you to participate in the rescheduled date.<\/h3>\n<p><a href=\"https:\/\/save.ch\/events\/asgs-mit-erfolg-2020\/\" target=\"_blank\" rel=\"noopener\">To the registration<\/a><\/p>","protected":false},"excerpt":{"rendered":"<p>Mit F\u00fchrung und Einbettung von \u00abHealth, Safety, Environment\u00bb in Gesamtorganisationen am praktischen Beispiel geht die Vortragsreihe los. Pr\u00e4sentiert von einem HSE-Manager. Warum sich der Sika-Konzern zu \u00abVision Zero\u00bb bekennt und wie der aktuelle Stand der Umsetzung ist, erf\u00e4hrt der Teilnehmende direkt aus erster Hand. Aus Unf\u00e4llen und Fehlern anderer lernen: Wie gelingt dieser Know-how-Transfer? Der [&hellip;]<\/p>\n","protected":false},"author":1,"featured_media":5550,"comment_status":"closed","ping_status":"closed","sticky":false,"template":"","format":"standard","meta":{"_acf_changed":false,"pgc_sgb_lightbox_settings":"","footnotes":""},"categories":[1,3314],"tags":[172,540,1775,2500,2669,141,2729,2759,64,167,68,3135,596,160],"class_list":["post-5549","post","type-post","status-publish","format-standard","has-post-thumbnail","hentry","category-allgemein","category-health-safety","tag-arbeitssicherheit","tag-ausbildung","tag-betriebliches-gesundheitsmanagement","tag-management-und-unternehmensfuehrung","tag-persoenliche-schutzausruestung-psa","tag-praevention","tag-psychische-gesundheit","tag-ranas-ansatz","tag-studie","tag-suva","tag-tipps-und-tricks","tag-unfaelle","tag-veranstaltung","tag-veranstaltungen"],"acf":[],"hkrextid":null,"publication":null,"issue":null,"workflow":null,"startPage":null,"spitzmarke":null,"_posts_by_tag_page_fields":{"widget_title":"","widget_tags":""},"_at_widget":"1","_yoast_wpseo_primary_category":"5","_yoast_wpseo_focuskw_text_input":"Gesundheitsschutz & Arbeitssicherheit","_yoast_wpseo_opengraph-image":null,"_yoast_wpseo_opengraph-description":null,"_yoast_wpseo_opengraph-title":null,"enclosure":null,"_yoast_wpseo_twitter-title":null,"_yoast_wpseo_twitter-description":null,"_yoast_wpseo_twitter-image":null,"_wp_old_slug":null,"_yoast_wpseo_title":null,"_yoast_wpseo_canonical":null,"yoast_head":"<!-- This site is optimized with the Yoast SEO plugin v27.4 - https:\/\/yoast.com\/product\/yoast-seo-wordpress\/ -->\n<title>Gesundheitsschutz &amp; Arbeitssicherheit mit Erfolg - Save<\/title>\n<meta name=\"description\" content=\"Die SAVE Tagung \u00abGesundheitsschutz &amp; Arbeitssicherheit mit Erfolg\u00bb findet am 10.11.20 statt. Angemeldete Teilnehmer behalten den Platz.\" \/>\n<meta name=\"robots\" content=\"index, follow, max-snippet:-1, max-image-preview:large, max-video-preview:-1\" \/>\n<link rel=\"canonical\" href=\"https:\/\/news.save.ch\/en\/gesundheitsschutz-arbeitssicherheit-mit-erfolg\/\" \/>\n<meta property=\"og:locale\" content=\"en_US\" \/>\n<meta property=\"og:type\" content=\"article\" \/>\n<meta property=\"og:title\" content=\"Gesundheitsschutz &amp; Arbeitssicherheit mit Erfolg - Save\" \/>\n<meta property=\"og:description\" content=\"Die SAVE Tagung \u00abGesundheitsschutz &amp; Arbeitssicherheit mit Erfolg\u00bb findet am 10.11.20 statt. Angemeldete Teilnehmer behalten den Platz.\" \/>\n<meta property=\"og:url\" content=\"https:\/\/news.save.ch\/en\/gesundheitsschutz-arbeitssicherheit-mit-erfolg\/\" \/>\n<meta property=\"og:site_name\" content=\"Save\" \/>\n<meta property=\"article:published_time\" content=\"2020-04-28T05:41:41+00:00\" \/>\n<meta property=\"article:modified_time\" content=\"2023-03-14T08:05:04+00:00\" \/>\n<meta property=\"og:image\" content=\"https:\/\/news.save.ch\/wp-content\/uploads\/2020\/04\/06_SAVE-scaled-1.jpg\" \/>\n\t<meta property=\"og:image:width\" content=\"1200\" \/>\n\t<meta property=\"og:image:height\" content=\"800\" \/>\n\t<meta property=\"og:image:type\" content=\"image\/jpeg\" \/>\n<meta name=\"author\" content=\"admin\" \/>\n<meta name=\"twitter:card\" content=\"summary_large_image\" \/>\n<meta name=\"twitter:label1\" content=\"Written by\" \/>\n\t<meta name=\"twitter:data1\" content=\"admin\" \/>\n\t<meta name=\"twitter:label2\" content=\"Est. reading time\" \/>\n\t<meta name=\"twitter:data2\" content=\"1 minute\" \/>\n<script type=\"application\/ld+json\" class=\"yoast-schema-graph\">{\"@context\":\"https:\\\/\\\/schema.org\",\"@graph\":[{\"@type\":\"Article\",\"@id\":\"https:\\\/\\\/news.save.ch\\\/gesundheitsschutz-arbeitssicherheit-mit-erfolg\\\/#article\",\"isPartOf\":{\"@id\":\"https:\\\/\\\/news.save.ch\\\/gesundheitsschutz-arbeitssicherheit-mit-erfolg\\\/\"},\"author\":{\"name\":\"admin\",\"@id\":\"https:\\\/\\\/news.save.ch\\\/de\\\/#\\\/schema\\\/person\\\/d49e199490bad7c70d64b9ab51142f2b\"},\"headline\":\"Gesundheitsschutz &#038; Arbeitssicherheit mit Erfolg\",\"datePublished\":\"2020-04-28T05:41:41+00:00\",\"dateModified\":\"2023-03-14T08:05:04+00:00\",\"mainEntityOfPage\":{\"@id\":\"https:\\\/\\\/news.save.ch\\\/gesundheitsschutz-arbeitssicherheit-mit-erfolg\\\/\"},\"wordCount\":230,\"publisher\":{\"@id\":\"https:\\\/\\\/news.save.ch\\\/de\\\/#organization\"},\"image\":{\"@id\":\"https:\\\/\\\/news.save.ch\\\/gesundheitsschutz-arbeitssicherheit-mit-erfolg\\\/#primaryimage\"},\"thumbnailUrl\":\"https:\\\/\\\/news.save.ch\\\/wp-content\\\/uploads\\\/2020\\\/04\\\/06_SAVE-scaled-1.jpg\",\"keywords\":[\"Arbeitssicherheit\",\"Ausbildung\",\"Betriebliches Gesundheitsmanagement\",\"Management und Unternehmensf\u00fchrung\",\"Pers\u00f6nliche Schutzausr\u00fcstung (PSA)\",\"Pr\u00e4vention\",\"Psychische Gesundheit\",\"RANAS-Ansatz\",\"Studie\",\"SUVA\",\"Tipps und Tricks\",\"Unf\u00e4lle\",\"Veranstaltung\",\"Veranstaltungen\"],\"articleSection\":[\"ALLGEMEIN\",\"HEALTH &amp; SAFETY\"],\"inLanguage\":\"en-US\"},{\"@type\":\"WebPage\",\"@id\":\"https:\\\/\\\/news.save.ch\\\/gesundheitsschutz-arbeitssicherheit-mit-erfolg\\\/\",\"url\":\"https:\\\/\\\/news.save.ch\\\/gesundheitsschutz-arbeitssicherheit-mit-erfolg\\\/\",\"name\":\"Gesundheitsschutz & Arbeitssicherheit mit Erfolg - Save\",\"isPartOf\":{\"@id\":\"https:\\\/\\\/news.save.ch\\\/de\\\/#website\"},\"primaryImageOfPage\":{\"@id\":\"https:\\\/\\\/news.save.ch\\\/gesundheitsschutz-arbeitssicherheit-mit-erfolg\\\/#primaryimage\"},\"image\":{\"@id\":\"https:\\\/\\\/news.save.ch\\\/gesundheitsschutz-arbeitssicherheit-mit-erfolg\\\/#primaryimage\"},\"thumbnailUrl\":\"https:\\\/\\\/news.save.ch\\\/wp-content\\\/uploads\\\/2020\\\/04\\\/06_SAVE-scaled-1.jpg\",\"datePublished\":\"2020-04-28T05:41:41+00:00\",\"dateModified\":\"2023-03-14T08:05:04+00:00\",\"description\":\"Die SAVE Tagung \u00abGesundheitsschutz & Arbeitssicherheit mit Erfolg\u00bb findet am 10.11.20 statt. Angemeldete Teilnehmer behalten den Platz.\",\"breadcrumb\":{\"@id\":\"https:\\\/\\\/news.save.ch\\\/gesundheitsschutz-arbeitssicherheit-mit-erfolg\\\/#breadcrumb\"},\"inLanguage\":\"en-US\",\"potentialAction\":[{\"@type\":\"ReadAction\",\"target\":[\"https:\\\/\\\/news.save.ch\\\/gesundheitsschutz-arbeitssicherheit-mit-erfolg\\\/\"]}]},{\"@type\":\"ImageObject\",\"inLanguage\":\"en-US\",\"@id\":\"https:\\\/\\\/news.save.ch\\\/gesundheitsschutz-arbeitssicherheit-mit-erfolg\\\/#primaryimage\",\"url\":\"https:\\\/\\\/news.save.ch\\\/wp-content\\\/uploads\\\/2020\\\/04\\\/06_SAVE-scaled-1.jpg\",\"contentUrl\":\"https:\\\/\\\/news.save.ch\\\/wp-content\\\/uploads\\\/2020\\\/04\\\/06_SAVE-scaled-1.jpg\",\"width\":1200,\"height\":800,\"caption\":\"Mit F\u00fchrung und Einbettung von \u00abHealth, Safety, Environment\u00bb in Gesamtorganisationen am praktischen Beispiel geht die Vortragsreihe los.\"},{\"@type\":\"BreadcrumbList\",\"@id\":\"https:\\\/\\\/news.save.ch\\\/gesundheitsschutz-arbeitssicherheit-mit-erfolg\\\/#breadcrumb\",\"itemListElement\":[{\"@type\":\"ListItem\",\"position\":1,\"name\":\"Home\",\"item\":\"https:\\\/\\\/news.save.ch\\\/de\\\/\"},{\"@type\":\"ListItem\",\"position\":2,\"name\":\"Gesundheitsschutz &#038; Arbeitssicherheit mit Erfolg\"}]},{\"@type\":\"WebSite\",\"@id\":\"https:\\\/\\\/news.save.ch\\\/de\\\/#website\",\"url\":\"https:\\\/\\\/news.save.ch\\\/de\\\/\",\"name\":\"Save\",\"description\":\"Schweizer Fachzeitschrift f\u00fcr Sicherheit\",\"publisher\":{\"@id\":\"https:\\\/\\\/news.save.ch\\\/de\\\/#organization\"},\"potentialAction\":[{\"@type\":\"SearchAction\",\"target\":{\"@type\":\"EntryPoint\",\"urlTemplate\":\"https:\\\/\\\/news.save.ch\\\/de\\\/?s={search_term_string}\"},\"query-input\":{\"@type\":\"PropertyValueSpecification\",\"valueRequired\":true,\"valueName\":\"search_term_string\"}}],\"inLanguage\":\"en-US\"},{\"@type\":\"Organization\",\"@id\":\"https:\\\/\\\/news.save.ch\\\/de\\\/#organization\",\"name\":\"Sicherheitsforum\",\"url\":\"https:\\\/\\\/news.save.ch\\\/de\\\/\",\"logo\":{\"@type\":\"ImageObject\",\"inLanguage\":\"en-US\",\"@id\":\"https:\\\/\\\/news.save.ch\\\/de\\\/#\\\/schema\\\/logo\\\/image\\\/\",\"url\":\"https:\\\/\\\/news.save.ch\\\/wp-content\\\/uploads\\\/2022\\\/06\\\/Logo_SF_2012.png\",\"contentUrl\":\"https:\\\/\\\/news.save.ch\\\/wp-content\\\/uploads\\\/2022\\\/06\\\/Logo_SF_2012.png\",\"width\":1100,\"height\":91,\"caption\":\"Sicherheitsforum\"},\"image\":{\"@id\":\"https:\\\/\\\/news.save.ch\\\/de\\\/#\\\/schema\\\/logo\\\/image\\\/\"}},{\"@type\":\"Person\",\"@id\":\"https:\\\/\\\/news.save.ch\\\/de\\\/#\\\/schema\\\/person\\\/d49e199490bad7c70d64b9ab51142f2b\",\"name\":\"admin\",\"image\":{\"@type\":\"ImageObject\",\"inLanguage\":\"en-US\",\"@id\":\"https:\\\/\\\/secure.gravatar.com\\\/avatar\\\/ae2f4d718e6c49043e314ce431e7e645d646302a24a5ef5a8bc8e3f5a032e319?s=96&d=mm&r=g\",\"url\":\"https:\\\/\\\/secure.gravatar.com\\\/avatar\\\/ae2f4d718e6c49043e314ce431e7e645d646302a24a5ef5a8bc8e3f5a032e319?s=96&d=mm&r=g\",\"contentUrl\":\"https:\\\/\\\/secure.gravatar.com\\\/avatar\\\/ae2f4d718e6c49043e314ce431e7e645d646302a24a5ef5a8bc8e3f5a032e319?s=96&d=mm&r=g\",\"caption\":\"admin\"},\"sameAs\":[\"https:\\\/\\\/develop.organisator.galledia.ch\"],\"url\":\"https:\\\/\\\/news.save.ch\\\/en\\\/author\\\/admin\\\/\"}]}<\/script>\n<!-- \/ Yoast SEO plugin. -->","yoast_head_json":{"title":"Health protection &amp; occupational safety with success - Save","description":"The SAVE meeting \"Health Protection &amp; Occupational Safety with Success\" will be held on 10.11.20. Registered participants keep the place.","robots":{"index":"index","follow":"follow","max-snippet":"max-snippet:-1","max-image-preview":"max-image-preview:large","max-video-preview":"max-video-preview:-1"},"canonical":"https:\/\/news.save.ch\/en\/gesundheitsschutz-arbeitssicherheit-mit-erfolg\/","og_locale":"en_US","og_type":"article","og_title":"Gesundheitsschutz & Arbeitssicherheit mit Erfolg - Save","og_description":"Die SAVE Tagung \u00abGesundheitsschutz & Arbeitssicherheit mit Erfolg\u00bb findet am 10.11.20 statt. Angemeldete Teilnehmer behalten den Platz.","og_url":"https:\/\/news.save.ch\/en\/gesundheitsschutz-arbeitssicherheit-mit-erfolg\/","og_site_name":"Save","article_published_time":"2020-04-28T05:41:41+00:00","article_modified_time":"2023-03-14T08:05:04+00:00","og_image":[{"width":1200,"height":800,"url":"https:\/\/news.save.ch\/wp-content\/uploads\/2020\/04\/06_SAVE-scaled-1.jpg","type":"image\/jpeg"}],"author":"admin","twitter_card":"summary_large_image","twitter_misc":{"Written by":"admin","Est. reading time":"1 minute"},"schema":{"@context":"https:\/\/schema.org","@graph":[{"@type":"Article","@id":"https:\/\/news.save.ch\/gesundheitsschutz-arbeitssicherheit-mit-erfolg\/#article","isPartOf":{"@id":"https:\/\/news.save.ch\/gesundheitsschutz-arbeitssicherheit-mit-erfolg\/"},"author":{"name":"admin","@id":"https:\/\/news.save.ch\/de\/#\/schema\/person\/d49e199490bad7c70d64b9ab51142f2b"},"headline":"Gesundheitsschutz &#038; Arbeitssicherheit mit Erfolg","datePublished":"2020-04-28T05:41:41+00:00","dateModified":"2023-03-14T08:05:04+00:00","mainEntityOfPage":{"@id":"https:\/\/news.save.ch\/gesundheitsschutz-arbeitssicherheit-mit-erfolg\/"},"wordCount":230,"publisher":{"@id":"https:\/\/news.save.ch\/de\/#organization"},"image":{"@id":"https:\/\/news.save.ch\/gesundheitsschutz-arbeitssicherheit-mit-erfolg\/#primaryimage"},"thumbnailUrl":"https:\/\/news.save.ch\/wp-content\/uploads\/2020\/04\/06_SAVE-scaled-1.jpg","keywords":["Arbeitssicherheit","Ausbildung","Betriebliches Gesundheitsmanagement","Management und Unternehmensf\u00fchrung","Pers\u00f6nliche Schutzausr\u00fcstung (PSA)","Pr\u00e4vention","Psychische Gesundheit","RANAS-Ansatz","Studie","SUVA","Tipps und Tricks","Unf\u00e4lle","Veranstaltung","Veranstaltungen"],"articleSection":["ALLGEMEIN","HEALTH &amp; SAFETY"],"inLanguage":"en-US"},{"@type":"WebPage","@id":"https:\/\/news.save.ch\/gesundheitsschutz-arbeitssicherheit-mit-erfolg\/","url":"https:\/\/news.save.ch\/gesundheitsschutz-arbeitssicherheit-mit-erfolg\/","name":"Health protection &amp; occupational safety with success - Save","isPartOf":{"@id":"https:\/\/news.save.ch\/de\/#website"},"primaryImageOfPage":{"@id":"https:\/\/news.save.ch\/gesundheitsschutz-arbeitssicherheit-mit-erfolg\/#primaryimage"},"image":{"@id":"https:\/\/news.save.ch\/gesundheitsschutz-arbeitssicherheit-mit-erfolg\/#primaryimage"},"thumbnailUrl":"https:\/\/news.save.ch\/wp-content\/uploads\/2020\/04\/06_SAVE-scaled-1.jpg","datePublished":"2020-04-28T05:41:41+00:00","dateModified":"2023-03-14T08:05:04+00:00","description":"The SAVE meeting \"Health Protection &amp; Occupational Safety with Success\" will be held on 10.11.20. Registered participants keep the place.","breadcrumb":{"@id":"https:\/\/news.save.ch\/gesundheitsschutz-arbeitssicherheit-mit-erfolg\/#breadcrumb"},"inLanguage":"en-US","potentialAction":[{"@type":"ReadAction","target":["https:\/\/news.save.ch\/gesundheitsschutz-arbeitssicherheit-mit-erfolg\/"]}]},{"@type":"ImageObject","inLanguage":"en-US","@id":"https:\/\/news.save.ch\/gesundheitsschutz-arbeitssicherheit-mit-erfolg\/#primaryimage","url":"https:\/\/news.save.ch\/wp-content\/uploads\/2020\/04\/06_SAVE-scaled-1.jpg","contentUrl":"https:\/\/news.save.ch\/wp-content\/uploads\/2020\/04\/06_SAVE-scaled-1.jpg","width":1200,"height":800,"caption":"Mit F\u00fchrung und Einbettung von \u00abHealth, Safety, Environment\u00bb in Gesamtorganisationen am praktischen Beispiel geht die Vortragsreihe los."},{"@type":"BreadcrumbList","@id":"https:\/\/news.save.ch\/gesundheitsschutz-arbeitssicherheit-mit-erfolg\/#breadcrumb","itemListElement":[{"@type":"ListItem","position":1,"name":"Home","item":"https:\/\/news.save.ch\/de\/"},{"@type":"ListItem","position":2,"name":"Gesundheitsschutz &#038; Arbeitssicherheit mit Erfolg"}]},{"@type":"WebSite","@id":"https:\/\/news.save.ch\/de\/#website","url":"https:\/\/news.save.ch\/de\/","name":"Save","description":"Swiss trade journal for safety","publisher":{"@id":"https:\/\/news.save.ch\/de\/#organization"},"potentialAction":[{"@type":"SearchAction","target":{"@type":"EntryPoint","urlTemplate":"https:\/\/news.save.ch\/de\/?s={search_term_string}"},"query-input":{"@type":"PropertyValueSpecification","valueRequired":true,"valueName":"search_term_string"}}],"inLanguage":"en-US"},{"@type":"Organization","@id":"https:\/\/news.save.ch\/de\/#organization","name":"Security Forum","url":"https:\/\/news.save.ch\/de\/","logo":{"@type":"ImageObject","inLanguage":"en-US","@id":"https:\/\/news.save.ch\/de\/#\/schema\/logo\/image\/","url":"https:\/\/news.save.ch\/wp-content\/uploads\/2022\/06\/Logo_SF_2012.png","contentUrl":"https:\/\/news.save.ch\/wp-content\/uploads\/2022\/06\/Logo_SF_2012.png","width":1100,"height":91,"caption":"Sicherheitsforum"},"image":{"@id":"https:\/\/news.save.ch\/de\/#\/schema\/logo\/image\/"}},{"@type":"Person","@id":"https:\/\/news.save.ch\/de\/#\/schema\/person\/d49e199490bad7c70d64b9ab51142f2b","name":"admin","image":{"@type":"ImageObject","inLanguage":"en-US","@id":"https:\/\/secure.gravatar.com\/avatar\/ae2f4d718e6c49043e314ce431e7e645d646302a24a5ef5a8bc8e3f5a032e319?s=96&d=mm&r=g","url":"https:\/\/secure.gravatar.com\/avatar\/ae2f4d718e6c49043e314ce431e7e645d646302a24a5ef5a8bc8e3f5a032e319?s=96&d=mm&r=g","contentUrl":"https:\/\/secure.gravatar.com\/avatar\/ae2f4d718e6c49043e314ce431e7e645d646302a24a5ef5a8bc8e3f5a032e319?s=96&d=mm&r=g","caption":"admin"},"sameAs":["https:\/\/develop.organisator.galledia.ch"],"url":"https:\/\/news.save.ch\/en\/author\/admin\/"}]}},"_links":{"self":[{"href":"https:\/\/news.save.ch\/en\/wp-json\/wp\/v2\/posts\/5549","targetHints":{"allow":["GET"]}}],"collection":[{"href":"https:\/\/news.save.ch\/en\/wp-json\/wp\/v2\/posts"}],"about":[{"href":"https:\/\/news.save.ch\/en\/wp-json\/wp\/v2\/types\/post"}],"author":[{"embeddable":true,"href":"https:\/\/news.save.ch\/en\/wp-json\/wp\/v2\/users\/1"}],"replies":[{"embeddable":true,"href":"https:\/\/news.save.ch\/en\/wp-json\/wp\/v2\/comments?post=5549"}],"version-history":[{"count":1,"href":"https:\/\/news.save.ch\/en\/wp-json\/wp\/v2\/posts\/5549\/revisions"}],"predecessor-version":[{"id":18200,"href":"https:\/\/news.save.ch\/en\/wp-json\/wp\/v2\/posts\/5549\/revisions\/18200"}],"wp:featuredmedia":[{"embeddable":true,"href":"https:\/\/news.save.ch\/en\/wp-json\/wp\/v2\/media\/5550"}],"wp:attachment":[{"href":"https:\/\/news.save.ch\/en\/wp-json\/wp\/v2\/media?parent=5549"}],"wp:term":[{"taxonomy":"category","embeddable":true,"href":"https:\/\/news.save.ch\/en\/wp-json\/wp\/v2\/categories?post=5549"},{"taxonomy":"post_tag","embeddable":true,"href":"https:\/\/news.save.ch\/en\/wp-json\/wp\/v2\/tags?post=5549"}],"curies":[{"name":"wp","href":"https:\/\/api.w.org\/{rel}","templated":true}]}}