{"id":5591,"date":"2020-04-17T08:00:44","date_gmt":"2020-04-17T06:00:44","guid":{"rendered":"https:\/\/news.save.ch\/?p=5591"},"modified":"2023-03-14T09:03:48","modified_gmt":"2023-03-14T08:03:48","slug":"coronavirus-einkaufstourismus-bleibt-verboten","status":null,"type":"post","link":"https:\/\/news.save.ch\/en\/coronavirus-einkaufstourismus-bleibt-verboten\/","title":{"rendered":"Coronavirus: shopping tourism remains prohibited"},"content":{"rendered":"<figure id=\"attachment_5592\" aria-describedby=\"caption-attachment-5592\" style=\"width: 680px\" class=\"wp-caption alignnone\"><img loading=\"lazy\" decoding=\"async\" class=\"size-medium wp-image-5592\" src=\"http:\/\/develop.safety-plus.ch\/wp-content\/uploads\/2020\/04\/Depositphotos_maxxyustas.jpg\" alt=\"\" width=\"680\" height=\"510\" \/><figcaption id=\"caption-attachment-5592\" class=\"wp-caption-text\">However, the Federal Customs Administration (FCA) has continued to see brisk cross-border shopping behavior in recent weeks. \u00a9 Depositphotos\/maxxyustas<\/figcaption><\/figure>\n<p>Since mid-March, Switzerland has reintroduced temporary internal border controls and imposed entry bans for health reasons. The restriction of travel serves to protect the health of the resident population in Switzerland and is intended to prevent further spread of the coronavirus. These measures have been established over the last days and weeks. Current information shows that the implementation at the external borders and at the airports is working well for the most part. The <a href=\"https:\/\/news.save.ch\/en\/bundesrat-verschaerft-massnahmen-gegen-coronavirus-unterstuetzt-betroffene-branchen\/\" target=\"_blank\" rel=\"noopener\">Federal Council<\/a> discourages non-essential travel.<\/p>\n<p>However, the Federal Customs Administration (FCA) has continued to see brisk cross-border shopping behavior in recent weeks. These controls tie up FCA resources that would be needed for effective internal border control. To clarify the current practice, the <a href=\"https:\/\/news.save.ch\/en\/carvelos-kostenlos-zur-verfuegung\/\" target=\"_blank\" rel=\"noopener\">COVID-19<\/a> Regulation 2 supplemented with an article. On re-entry into Switzerland, a fine of 100 francs is imposed if there is obviously a case of shopping tourism and the border was crossed exclusively for this purpose. This fine does not sanction the purchase per se, but the obstruction of the work of the border control authority.<\/p>\n<p>Removing or damaging border barriers or signaling etc. is still subject to a fine, as is taking over goods at border crossings that are not open. Article 4 of the Ordinance has been clarified accordingly. Persons whose entry is not permitted according to COVID-19 Regulation 2 will be refused entry, but they will not be fined. An appeal against a refusal of entry can be lodged with the State Secretariat for Migration (SEM). Swiss citizens and persons with a residence permit in Switzerland are entitled to enter Switzerland at any time, regardless of the purpose of the border crossing.<\/p>\n<p><strong>More info<\/strong><\/p>\n<p><a href=\"https:\/\/www.admin.ch\/gov\/de\/start\/dokumentation\/medienmitteilungen.msg-id-78807.html\" target=\"_blank\" rel=\"noopener\">www.admin.ch<\/a><\/p>","protected":false},"excerpt":{"rendered":"<p>Seit Mitte M\u00e4rz hat die Schweiz aus gesundheitspolitischen Gr\u00fcnden tempor\u00e4re Binnengrenzkontrollen wieder eingef\u00fchrt und Einreiseverbote erlassen. Die Einschr\u00e4nkung des Reiseverkehrs dient dem gesundheitlichen Schutz der Wohnbev\u00f6lkerung in der Schweiz und soll eine weitere Ausbreitung des Coronavirus verhindern. Diese Massnahmen haben sich in den letzten Tagen und Wochen etabliert. Aktuelle Informationen zeigen, dass die Umsetzung an [&hellip;]<\/p>\n","protected":false},"author":1,"featured_media":5592,"comment_status":"closed","ping_status":"closed","sticky":false,"template":"","format":"standard","meta":{"_acf_changed":false,"pgc_sgb_lightbox_settings":"","footnotes":""},"categories":[1,3314],"tags":[172,700,1775,294,168,1873,2165,149,141,310],"class_list":["post-5591","post","type-post","status-publish","format-standard","has-post-thumbnail","hentry","category-allgemein","category-health-safety","tag-arbeitssicherheit","tag-bag","tag-betriebliches-gesundheitsmanagement","tag-betriebssanitaet","tag-bundesrat","tag-corona-pandemie","tag-gesundheitsfoerderung","tag-gesundheitsschutz","tag-praevention","tag-sicherheit"],"acf":[],"hkrextid":null,"publication":null,"issue":null,"workflow":null,"startPage":null,"spitzmarke":null,"_posts_by_tag_page_fields":{"widget_title":"","widget_tags":""},"_at_widget":"1","_yoast_wpseo_primary_category":"4","_yoast_wpseo_focuskw_text_input":"Coronavirus","_yoast_wpseo_opengraph-image":null,"_yoast_wpseo_opengraph-description":null,"_yoast_wpseo_opengraph-title":null,"enclosure":null,"_yoast_wpseo_twitter-title":null,"_yoast_wpseo_twitter-description":null,"_yoast_wpseo_twitter-image":null,"_wp_old_slug":null,"_yoast_wpseo_title":null,"_yoast_wpseo_canonical":null,"yoast_head":"<!-- This site is optimized with the Yoast SEO plugin v27.5 - https:\/\/yoast.com\/product\/yoast-seo-wordpress\/ -->\n<title>Coronavirus: Einkaufstourismus bleibt verboten - Save<\/title>\n<meta name=\"description\" content=\"Der Bundesrat hat Anpassungen und Pr\u00e4zisierungen an der Verordnung 2 \u00fcber Massnahmen zur Bek\u00e4mpfung des Coronavirus (COVID-19) verabschiedet.\" \/>\n<meta name=\"robots\" content=\"index, follow, max-snippet:-1, max-image-preview:large, max-video-preview:-1\" \/>\n<link rel=\"canonical\" href=\"https:\/\/news.save.ch\/en\/coronavirus-einkaufstourismus-bleibt-verboten\/\" \/>\n<meta property=\"og:locale\" content=\"en_US\" \/>\n<meta property=\"og:type\" content=\"article\" \/>\n<meta property=\"og:title\" content=\"Coronavirus: Einkaufstourismus bleibt verboten - Save\" \/>\n<meta property=\"og:description\" content=\"Der Bundesrat hat Anpassungen und Pr\u00e4zisierungen an der Verordnung 2 \u00fcber Massnahmen zur Bek\u00e4mpfung des Coronavirus (COVID-19) verabschiedet.\" \/>\n<meta property=\"og:url\" content=\"https:\/\/news.save.ch\/en\/coronavirus-einkaufstourismus-bleibt-verboten\/\" \/>\n<meta property=\"og:site_name\" content=\"Save\" \/>\n<meta property=\"article:published_time\" content=\"2020-04-17T06:00:44+00:00\" \/>\n<meta property=\"article:modified_time\" content=\"2023-03-14T08:03:48+00:00\" \/>\n<meta property=\"og:image\" content=\"https:\/\/news.save.ch\/wp-content\/uploads\/2020\/04\/Depositphotos_maxxyustas-scaled-1.jpg\" \/>\n\t<meta property=\"og:image:width\" content=\"1200\" \/>\n\t<meta property=\"og:image:height\" content=\"900\" \/>\n\t<meta property=\"og:image:type\" content=\"image\/jpeg\" \/>\n<meta name=\"author\" content=\"admin\" \/>\n<meta name=\"twitter:card\" content=\"summary_large_image\" \/>\n<meta name=\"twitter:label1\" content=\"Written by\" \/>\n\t<meta name=\"twitter:data1\" content=\"admin\" \/>\n\t<meta name=\"twitter:label2\" content=\"Est. reading time\" \/>\n\t<meta name=\"twitter:data2\" content=\"2 minutes\" \/>\n<script type=\"application\/ld+json\" class=\"yoast-schema-graph\">{\"@context\":\"https:\\\/\\\/schema.org\",\"@graph\":[{\"@type\":\"Article\",\"@id\":\"https:\\\/\\\/news.save.ch\\\/coronavirus-einkaufstourismus-bleibt-verboten\\\/#article\",\"isPartOf\":{\"@id\":\"https:\\\/\\\/news.save.ch\\\/coronavirus-einkaufstourismus-bleibt-verboten\\\/\"},\"author\":{\"name\":\"admin\",\"@id\":\"https:\\\/\\\/news.save.ch\\\/de\\\/#\\\/schema\\\/person\\\/d49e199490bad7c70d64b9ab51142f2b\"},\"headline\":\"Coronavirus: Einkaufstourismus bleibt verboten\",\"datePublished\":\"2020-04-17T06:00:44+00:00\",\"dateModified\":\"2023-03-14T08:03:48+00:00\",\"mainEntityOfPage\":{\"@id\":\"https:\\\/\\\/news.save.ch\\\/coronavirus-einkaufstourismus-bleibt-verboten\\\/\"},\"wordCount\":317,\"publisher\":{\"@id\":\"https:\\\/\\\/news.save.ch\\\/de\\\/#organization\"},\"image\":{\"@id\":\"https:\\\/\\\/news.save.ch\\\/coronavirus-einkaufstourismus-bleibt-verboten\\\/#primaryimage\"},\"thumbnailUrl\":\"https:\\\/\\\/news.save.ch\\\/wp-content\\\/uploads\\\/2020\\\/04\\\/Depositphotos_maxxyustas-scaled-1.jpg\",\"keywords\":[\"Arbeitssicherheit\",\"BAG\",\"Betriebliches Gesundheitsmanagement\",\"Betriebssanit\u00e4t\",\"Bundesrat\",\"Corona-Pandemie\",\"Gesundheitsf\u00f6rderung\",\"Gesundheitsschutz\",\"Pr\u00e4vention\",\"Sicherheit\"],\"articleSection\":[\"ALLGEMEIN\",\"HEALTH &amp; SAFETY\"],\"inLanguage\":\"en-US\"},{\"@type\":\"WebPage\",\"@id\":\"https:\\\/\\\/news.save.ch\\\/coronavirus-einkaufstourismus-bleibt-verboten\\\/\",\"url\":\"https:\\\/\\\/news.save.ch\\\/coronavirus-einkaufstourismus-bleibt-verboten\\\/\",\"name\":\"Coronavirus: Einkaufstourismus bleibt verboten - Save\",\"isPartOf\":{\"@id\":\"https:\\\/\\\/news.save.ch\\\/de\\\/#website\"},\"primaryImageOfPage\":{\"@id\":\"https:\\\/\\\/news.save.ch\\\/coronavirus-einkaufstourismus-bleibt-verboten\\\/#primaryimage\"},\"image\":{\"@id\":\"https:\\\/\\\/news.save.ch\\\/coronavirus-einkaufstourismus-bleibt-verboten\\\/#primaryimage\"},\"thumbnailUrl\":\"https:\\\/\\\/news.save.ch\\\/wp-content\\\/uploads\\\/2020\\\/04\\\/Depositphotos_maxxyustas-scaled-1.jpg\",\"datePublished\":\"2020-04-17T06:00:44+00:00\",\"dateModified\":\"2023-03-14T08:03:48+00:00\",\"description\":\"Der Bundesrat hat Anpassungen und Pr\u00e4zisierungen an der Verordnung 2 \u00fcber Massnahmen zur Bek\u00e4mpfung des Coronavirus (COVID-19) verabschiedet.\",\"breadcrumb\":{\"@id\":\"https:\\\/\\\/news.save.ch\\\/coronavirus-einkaufstourismus-bleibt-verboten\\\/#breadcrumb\"},\"inLanguage\":\"en-US\",\"potentialAction\":[{\"@type\":\"ReadAction\",\"target\":[\"https:\\\/\\\/news.save.ch\\\/coronavirus-einkaufstourismus-bleibt-verboten\\\/\"]}]},{\"@type\":\"ImageObject\",\"inLanguage\":\"en-US\",\"@id\":\"https:\\\/\\\/news.save.ch\\\/coronavirus-einkaufstourismus-bleibt-verboten\\\/#primaryimage\",\"url\":\"https:\\\/\\\/news.save.ch\\\/wp-content\\\/uploads\\\/2020\\\/04\\\/Depositphotos_maxxyustas-scaled-1.jpg\",\"contentUrl\":\"https:\\\/\\\/news.save.ch\\\/wp-content\\\/uploads\\\/2020\\\/04\\\/Depositphotos_maxxyustas-scaled-1.jpg\",\"width\":1200,\"height\":900,\"caption\":\"Die Eidgen\u00f6ssische Zollverwaltung (EZV) hat jedoch in den vergangenen Wochen weiterhin ein reges grenz\u00fcberschreitendes Einkaufsverhalten festgestellt. \u00a9 Depositphotos\\\/maxxyustas\"},{\"@type\":\"BreadcrumbList\",\"@id\":\"https:\\\/\\\/news.save.ch\\\/coronavirus-einkaufstourismus-bleibt-verboten\\\/#breadcrumb\",\"itemListElement\":[{\"@type\":\"ListItem\",\"position\":1,\"name\":\"Home\",\"item\":\"https:\\\/\\\/news.save.ch\\\/de\\\/\"},{\"@type\":\"ListItem\",\"position\":2,\"name\":\"Coronavirus: Einkaufstourismus bleibt verboten\"}]},{\"@type\":\"WebSite\",\"@id\":\"https:\\\/\\\/news.save.ch\\\/de\\\/#website\",\"url\":\"https:\\\/\\\/news.save.ch\\\/de\\\/\",\"name\":\"Save\",\"description\":\"Schweizer Fachzeitschrift f\u00fcr Sicherheit\",\"publisher\":{\"@id\":\"https:\\\/\\\/news.save.ch\\\/de\\\/#organization\"},\"potentialAction\":[{\"@type\":\"SearchAction\",\"target\":{\"@type\":\"EntryPoint\",\"urlTemplate\":\"https:\\\/\\\/news.save.ch\\\/de\\\/?s={search_term_string}\"},\"query-input\":{\"@type\":\"PropertyValueSpecification\",\"valueRequired\":true,\"valueName\":\"search_term_string\"}}],\"inLanguage\":\"en-US\"},{\"@type\":\"Organization\",\"@id\":\"https:\\\/\\\/news.save.ch\\\/de\\\/#organization\",\"name\":\"Sicherheitsforum\",\"url\":\"https:\\\/\\\/news.save.ch\\\/de\\\/\",\"logo\":{\"@type\":\"ImageObject\",\"inLanguage\":\"en-US\",\"@id\":\"https:\\\/\\\/news.save.ch\\\/de\\\/#\\\/schema\\\/logo\\\/image\\\/\",\"url\":\"https:\\\/\\\/news.save.ch\\\/wp-content\\\/uploads\\\/2022\\\/06\\\/Logo_SF_2012.png\",\"contentUrl\":\"https:\\\/\\\/news.save.ch\\\/wp-content\\\/uploads\\\/2022\\\/06\\\/Logo_SF_2012.png\",\"width\":1100,\"height\":91,\"caption\":\"Sicherheitsforum\"},\"image\":{\"@id\":\"https:\\\/\\\/news.save.ch\\\/de\\\/#\\\/schema\\\/logo\\\/image\\\/\"}},{\"@type\":\"Person\",\"@id\":\"https:\\\/\\\/news.save.ch\\\/de\\\/#\\\/schema\\\/person\\\/d49e199490bad7c70d64b9ab51142f2b\",\"name\":\"admin\",\"image\":{\"@type\":\"ImageObject\",\"inLanguage\":\"en-US\",\"@id\":\"https:\\\/\\\/secure.gravatar.com\\\/avatar\\\/ae2f4d718e6c49043e314ce431e7e645d646302a24a5ef5a8bc8e3f5a032e319?s=96&d=mm&r=g\",\"url\":\"https:\\\/\\\/secure.gravatar.com\\\/avatar\\\/ae2f4d718e6c49043e314ce431e7e645d646302a24a5ef5a8bc8e3f5a032e319?s=96&d=mm&r=g\",\"contentUrl\":\"https:\\\/\\\/secure.gravatar.com\\\/avatar\\\/ae2f4d718e6c49043e314ce431e7e645d646302a24a5ef5a8bc8e3f5a032e319?s=96&d=mm&r=g\",\"caption\":\"admin\"},\"sameAs\":[\"https:\\\/\\\/develop.organisator.galledia.ch\"],\"url\":\"https:\\\/\\\/news.save.ch\\\/en\\\/author\\\/admin\\\/\"}]}<\/script>\n<!-- \/ Yoast SEO plugin. -->","yoast_head_json":{"title":"Coronavirus: shopping tourism remains prohibited - Save","description":"The Federal Council has adopted adaptations and clarifications to Ordinance 2 on measures to combat coronavirus (COVID-19).","robots":{"index":"index","follow":"follow","max-snippet":"max-snippet:-1","max-image-preview":"max-image-preview:large","max-video-preview":"max-video-preview:-1"},"canonical":"https:\/\/news.save.ch\/en\/coronavirus-einkaufstourismus-bleibt-verboten\/","og_locale":"en_US","og_type":"article","og_title":"Coronavirus: Einkaufstourismus bleibt verboten - Save","og_description":"Der Bundesrat hat Anpassungen und Pr\u00e4zisierungen an der Verordnung 2 \u00fcber Massnahmen zur Bek\u00e4mpfung des Coronavirus (COVID-19) verabschiedet.","og_url":"https:\/\/news.save.ch\/en\/coronavirus-einkaufstourismus-bleibt-verboten\/","og_site_name":"Save","article_published_time":"2020-04-17T06:00:44+00:00","article_modified_time":"2023-03-14T08:03:48+00:00","og_image":[{"width":1200,"height":900,"url":"https:\/\/news.save.ch\/wp-content\/uploads\/2020\/04\/Depositphotos_maxxyustas-scaled-1.jpg","type":"image\/jpeg"}],"author":"admin","twitter_card":"summary_large_image","twitter_misc":{"Written by":"admin","Est. reading time":"2 minutes"},"schema":{"@context":"https:\/\/schema.org","@graph":[{"@type":"Article","@id":"https:\/\/news.save.ch\/coronavirus-einkaufstourismus-bleibt-verboten\/#article","isPartOf":{"@id":"https:\/\/news.save.ch\/coronavirus-einkaufstourismus-bleibt-verboten\/"},"author":{"name":"admin","@id":"https:\/\/news.save.ch\/de\/#\/schema\/person\/d49e199490bad7c70d64b9ab51142f2b"},"headline":"Coronavirus: Einkaufstourismus bleibt verboten","datePublished":"2020-04-17T06:00:44+00:00","dateModified":"2023-03-14T08:03:48+00:00","mainEntityOfPage":{"@id":"https:\/\/news.save.ch\/coronavirus-einkaufstourismus-bleibt-verboten\/"},"wordCount":317,"publisher":{"@id":"https:\/\/news.save.ch\/de\/#organization"},"image":{"@id":"https:\/\/news.save.ch\/coronavirus-einkaufstourismus-bleibt-verboten\/#primaryimage"},"thumbnailUrl":"https:\/\/news.save.ch\/wp-content\/uploads\/2020\/04\/Depositphotos_maxxyustas-scaled-1.jpg","keywords":["Arbeitssicherheit","BAG","Betriebliches Gesundheitsmanagement","Betriebssanit\u00e4t","Bundesrat","Corona-Pandemie","Gesundheitsf\u00f6rderung","Gesundheitsschutz","Pr\u00e4vention","Sicherheit"],"articleSection":["ALLGEMEIN","HEALTH &amp; SAFETY"],"inLanguage":"en-US"},{"@type":"WebPage","@id":"https:\/\/news.save.ch\/coronavirus-einkaufstourismus-bleibt-verboten\/","url":"https:\/\/news.save.ch\/coronavirus-einkaufstourismus-bleibt-verboten\/","name":"Coronavirus: shopping tourism remains prohibited - Save","isPartOf":{"@id":"https:\/\/news.save.ch\/de\/#website"},"primaryImageOfPage":{"@id":"https:\/\/news.save.ch\/coronavirus-einkaufstourismus-bleibt-verboten\/#primaryimage"},"image":{"@id":"https:\/\/news.save.ch\/coronavirus-einkaufstourismus-bleibt-verboten\/#primaryimage"},"thumbnailUrl":"https:\/\/news.save.ch\/wp-content\/uploads\/2020\/04\/Depositphotos_maxxyustas-scaled-1.jpg","datePublished":"2020-04-17T06:00:44+00:00","dateModified":"2023-03-14T08:03:48+00:00","description":"The Federal Council has adopted adaptations and clarifications to Ordinance 2 on measures to combat coronavirus (COVID-19).","breadcrumb":{"@id":"https:\/\/news.save.ch\/coronavirus-einkaufstourismus-bleibt-verboten\/#breadcrumb"},"inLanguage":"en-US","potentialAction":[{"@type":"ReadAction","target":["https:\/\/news.save.ch\/coronavirus-einkaufstourismus-bleibt-verboten\/"]}]},{"@type":"ImageObject","inLanguage":"en-US","@id":"https:\/\/news.save.ch\/coronavirus-einkaufstourismus-bleibt-verboten\/#primaryimage","url":"https:\/\/news.save.ch\/wp-content\/uploads\/2020\/04\/Depositphotos_maxxyustas-scaled-1.jpg","contentUrl":"https:\/\/news.save.ch\/wp-content\/uploads\/2020\/04\/Depositphotos_maxxyustas-scaled-1.jpg","width":1200,"height":900,"caption":"Die Eidgen\u00f6ssische Zollverwaltung (EZV) hat jedoch in den vergangenen Wochen weiterhin ein reges grenz\u00fcberschreitendes Einkaufsverhalten festgestellt. \u00a9 Depositphotos\/maxxyustas"},{"@type":"BreadcrumbList","@id":"https:\/\/news.save.ch\/coronavirus-einkaufstourismus-bleibt-verboten\/#breadcrumb","itemListElement":[{"@type":"ListItem","position":1,"name":"Home","item":"https:\/\/news.save.ch\/de\/"},{"@type":"ListItem","position":2,"name":"Coronavirus: Einkaufstourismus bleibt verboten"}]},{"@type":"WebSite","@id":"https:\/\/news.save.ch\/de\/#website","url":"https:\/\/news.save.ch\/de\/","name":"Save","description":"Swiss trade journal for safety","publisher":{"@id":"https:\/\/news.save.ch\/de\/#organization"},"potentialAction":[{"@type":"SearchAction","target":{"@type":"EntryPoint","urlTemplate":"https:\/\/news.save.ch\/de\/?s={search_term_string}"},"query-input":{"@type":"PropertyValueSpecification","valueRequired":true,"valueName":"search_term_string"}}],"inLanguage":"en-US"},{"@type":"Organization","@id":"https:\/\/news.save.ch\/de\/#organization","name":"Security Forum","url":"https:\/\/news.save.ch\/de\/","logo":{"@type":"ImageObject","inLanguage":"en-US","@id":"https:\/\/news.save.ch\/de\/#\/schema\/logo\/image\/","url":"https:\/\/news.save.ch\/wp-content\/uploads\/2022\/06\/Logo_SF_2012.png","contentUrl":"https:\/\/news.save.ch\/wp-content\/uploads\/2022\/06\/Logo_SF_2012.png","width":1100,"height":91,"caption":"Sicherheitsforum"},"image":{"@id":"https:\/\/news.save.ch\/de\/#\/schema\/logo\/image\/"}},{"@type":"Person","@id":"https:\/\/news.save.ch\/de\/#\/schema\/person\/d49e199490bad7c70d64b9ab51142f2b","name":"admin","image":{"@type":"ImageObject","inLanguage":"en-US","@id":"https:\/\/secure.gravatar.com\/avatar\/ae2f4d718e6c49043e314ce431e7e645d646302a24a5ef5a8bc8e3f5a032e319?s=96&d=mm&r=g","url":"https:\/\/secure.gravatar.com\/avatar\/ae2f4d718e6c49043e314ce431e7e645d646302a24a5ef5a8bc8e3f5a032e319?s=96&d=mm&r=g","contentUrl":"https:\/\/secure.gravatar.com\/avatar\/ae2f4d718e6c49043e314ce431e7e645d646302a24a5ef5a8bc8e3f5a032e319?s=96&d=mm&r=g","caption":"admin"},"sameAs":["https:\/\/develop.organisator.galledia.ch"],"url":"https:\/\/news.save.ch\/en\/author\/admin\/"}]}},"_links":{"self":[{"href":"https:\/\/news.save.ch\/en\/wp-json\/wp\/v2\/posts\/5591","targetHints":{"allow":["GET"]}}],"collection":[{"href":"https:\/\/news.save.ch\/en\/wp-json\/wp\/v2\/posts"}],"about":[{"href":"https:\/\/news.save.ch\/en\/wp-json\/wp\/v2\/types\/post"}],"author":[{"embeddable":true,"href":"https:\/\/news.save.ch\/en\/wp-json\/wp\/v2\/users\/1"}],"replies":[{"embeddable":true,"href":"https:\/\/news.save.ch\/en\/wp-json\/wp\/v2\/comments?post=5591"}],"version-history":[{"count":1,"href":"https:\/\/news.save.ch\/en\/wp-json\/wp\/v2\/posts\/5591\/revisions"}],"predecessor-version":[{"id":18202,"href":"https:\/\/news.save.ch\/en\/wp-json\/wp\/v2\/posts\/5591\/revisions\/18202"}],"wp:featuredmedia":[{"embeddable":true,"href":"https:\/\/news.save.ch\/en\/wp-json\/wp\/v2\/media\/5592"}],"wp:attachment":[{"href":"https:\/\/news.save.ch\/en\/wp-json\/wp\/v2\/media?parent=5591"}],"wp:term":[{"taxonomy":"category","embeddable":true,"href":"https:\/\/news.save.ch\/en\/wp-json\/wp\/v2\/categories?post=5591"},{"taxonomy":"post_tag","embeddable":true,"href":"https:\/\/news.save.ch\/en\/wp-json\/wp\/v2\/tags?post=5591"}],"curies":[{"name":"wp","href":"https:\/\/api.w.org\/{rel}","templated":true}]}}