{"id":5621,"date":"2020-05-08T10:30:55","date_gmt":"2020-05-08T08:30:55","guid":{"rendered":"https:\/\/news.save.ch\/?p=5621"},"modified":"2023-03-14T09:02:20","modified_gmt":"2023-03-14T08:02:20","slug":"gartenarbeit-gruener-statt-blauer-daumen","status":null,"type":"post","link":"https:\/\/news.save.ch\/en\/gartenarbeit-gruener-statt-blauer-daumen\/","title":{"rendered":"Gardening: Greener instead of blue thumb"},"content":{"rendered":"<figure id=\"attachment_5622\" aria-describedby=\"caption-attachment-5622\" style=\"width: 680px\" class=\"wp-caption alignnone\"><img loading=\"lazy\" decoding=\"async\" class=\"size-medium wp-image-5622\" src=\"http:\/\/develop.safety-plus.ch\/wp-content\/uploads\/2020\/05\/Depositphotos_oocoskun.jpg\" alt=\"\" width=\"680\" height=\"453\" \/><figcaption id=\"caption-attachment-5622\" class=\"wp-caption-text\">With the arrival of spring and beautiful days, the zest for action among amateur gardeners is also on the rise. \u00a9 Depositphotos\/oocoskun<\/figcaption><\/figure>\n<p>At <a href=\"https:\/\/news.save.ch\/en\/den-fruehlingsputz-sorgfaeltig-planen\/\" target=\"_blank\" rel=\"noopener\">Spring<\/a> many Swiss people like to spend time in their <a href=\"https:\/\/news.save.ch\/en\/die-zecken-sind-wieder-los\/\" target=\"_blank\" rel=\"noopener\">Garden<\/a>, to plant vegetables, tend ornamental shrubs or fertilize the soil. This year, this activity is likely to take on even greater significance, as it gives people the opportunity to get some fresh air and at the same time follow the Federal Council's recommendation to stay at home if possible.<\/p>\n<p><strong>Fall from the ladder particularly bad <\/strong><\/p>\n<p>Accidents also happen during gardening, more than 14,000 per year. In around 400 cases, serious injury or even disability is the result. Many <a href=\"https:\/\/news.save.ch\/en\/nichtberufsunfaelle-75-millionen-verlorene-arbeitstage\/\" target=\"_blank\" rel=\"noopener\">Accidents<\/a> happen because of lack of routine, ladders have the most serious - sometimes even fatal - consequences. However, the risk of accidents in your own garden can be reduced if you follow some tips and measures.<\/p>\n<ul>\n<li>Use a stable ladder for work at height: the safest place for the ladder is on a flat surface. And if you use an extension ladder on a tree, fix the top end to a branch for more safety.<\/li>\n<li>Always wear the appropriate protective equipment: closed-toe shoes with a good tread, safety glasses, gloves, and - if it gets loud - hearing protection.<\/li>\n<li>With electrical devices, it is always worthwhile to read the instructions carefully first - and only use the devices for what they are intended for.<\/li>\n<li>According to Electrosuisse standards, anyone using electrical equipment outdoors must connect it to a socket outlet equipped with a residual current device (RCD). This protects against electric shocks. And: If you take a break, pull the plug.<\/li>\n<li>Special care should be taken with corrosive garden chemicals: Protect gloves, goggles and mask. It is important to store the chemicals in the original container - securely closed and out of reach of children.<\/li>\n<\/ul>\n<p><strong>More info<\/strong><\/p>\n<p><a href=\"https:\/\/www.bfu.ch\/de\/die-bfu\/medien\/arbeiten-im-garten\" target=\"_blank\" rel=\"noopener\">www.bfu.ch<\/a><\/p>","protected":false},"excerpt":{"rendered":"<p>Im Fr\u00fchling verbringen viele Schweizerinnen und Schweizer gerne Zeit in ihrem Garten, um Gem\u00fcse anzupflanzen, Zierstr\u00e4ucher zu pflegen oder den Boden zu d\u00fcngen. Dieses Jahr d\u00fcrfte diese Aktivit\u00e4t eine noch gr\u00f6ssere Bedeutung bekommen, da sie den Menschen die M\u00f6glichkeit gibt, etwas frische Luft zu schnappen und gleichzeitig der Empfehlung des Bundesrats zu folgen, wenn m\u00f6glich [&hellip;]<\/p>\n","protected":false},"author":1,"featured_media":5622,"comment_status":"closed","ping_status":"closed","sticky":false,"template":"","format":"standard","meta":{"_acf_changed":false,"pgc_sgb_lightbox_settings":"","footnotes":""},"categories":[1,3314],"tags":[172,952,120,2122,149,141,3141],"class_list":["post-5621","post","type-post","status-publish","format-standard","has-post-thumbnail","hentry","category-allgemein","category-health-safety","tag-arbeitssicherheit","tag-bfu","tag-bundesamt","tag-gartenarbeit","tag-gesundheitsschutz","tag-praevention","tag-unfallrisiko"],"acf":[],"hkrextid":null,"publication":null,"issue":null,"workflow":null,"startPage":null,"spitzmarke":null,"_posts_by_tag_page_fields":{"widget_title":"","widget_tags":""},"_at_widget":"1","_yoast_wpseo_primary_category":"1","_yoast_wpseo_focuskw_text_input":"Gartenarbeit","_yoast_wpseo_opengraph-image":null,"_yoast_wpseo_opengraph-description":null,"_yoast_wpseo_opengraph-title":null,"enclosure":null,"_yoast_wpseo_twitter-title":null,"_yoast_wpseo_twitter-description":null,"_yoast_wpseo_twitter-image":null,"_wp_old_slug":null,"_yoast_wpseo_title":null,"_yoast_wpseo_canonical":null,"yoast_head":"<!-- This site is optimized with the Yoast SEO plugin v27.4 - https:\/\/yoast.com\/product\/yoast-seo-wordpress\/ -->\n<title>Gartenarbeit: Gr\u00fcner statt blauer Daumen - Save<\/title>\n<meta name=\"description\" content=\"Mit dem Fr\u00fchling und den sch\u00f6nen Tagen steigt auch der Tatendrang bei den Hobby-G\u00e4rtnerinnen und Hobby-G\u00e4rtnern \u2013 in diesem Jahr vermutlich umso mehr.\" \/>\n<meta name=\"robots\" content=\"index, follow, max-snippet:-1, max-image-preview:large, max-video-preview:-1\" \/>\n<link rel=\"canonical\" href=\"https:\/\/news.save.ch\/en\/gartenarbeit-gruener-statt-blauer-daumen\/\" \/>\n<meta property=\"og:locale\" content=\"en_US\" \/>\n<meta property=\"og:type\" content=\"article\" \/>\n<meta property=\"og:title\" content=\"Gartenarbeit: Gr\u00fcner statt blauer Daumen - Save\" \/>\n<meta property=\"og:description\" content=\"Mit dem Fr\u00fchling und den sch\u00f6nen Tagen steigt auch der Tatendrang bei den Hobby-G\u00e4rtnerinnen und Hobby-G\u00e4rtnern \u2013 in diesem Jahr vermutlich umso mehr.\" \/>\n<meta property=\"og:url\" content=\"https:\/\/news.save.ch\/en\/gartenarbeit-gruener-statt-blauer-daumen\/\" \/>\n<meta property=\"og:site_name\" content=\"Save\" \/>\n<meta property=\"article:published_time\" content=\"2020-05-08T08:30:55+00:00\" \/>\n<meta property=\"article:modified_time\" content=\"2023-03-14T08:02:20+00:00\" \/>\n<meta property=\"og:image\" content=\"https:\/\/news.save.ch\/wp-content\/uploads\/2020\/05\/Depositphotos_oocoskun-scaled-1.jpg\" \/>\n\t<meta property=\"og:image:width\" content=\"1200\" \/>\n\t<meta property=\"og:image:height\" content=\"801\" \/>\n\t<meta property=\"og:image:type\" content=\"image\/jpeg\" \/>\n<meta name=\"author\" content=\"admin\" \/>\n<meta name=\"twitter:card\" content=\"summary_large_image\" \/>\n<meta name=\"twitter:label1\" content=\"Written by\" \/>\n\t<meta name=\"twitter:data1\" content=\"admin\" \/>\n\t<meta name=\"twitter:label2\" content=\"Est. reading time\" \/>\n\t<meta name=\"twitter:data2\" content=\"2 minutes\" \/>\n<script type=\"application\/ld+json\" class=\"yoast-schema-graph\">{\"@context\":\"https:\\\/\\\/schema.org\",\"@graph\":[{\"@type\":\"Article\",\"@id\":\"https:\\\/\\\/news.save.ch\\\/gartenarbeit-gruener-statt-blauer-daumen\\\/#article\",\"isPartOf\":{\"@id\":\"https:\\\/\\\/news.save.ch\\\/gartenarbeit-gruener-statt-blauer-daumen\\\/\"},\"author\":{\"name\":\"admin\",\"@id\":\"https:\\\/\\\/news.save.ch\\\/de\\\/#\\\/schema\\\/person\\\/d49e199490bad7c70d64b9ab51142f2b\"},\"headline\":\"Gartenarbeit: Gr\u00fcner statt blauer Daumen\",\"datePublished\":\"2020-05-08T08:30:55+00:00\",\"dateModified\":\"2023-03-14T08:02:20+00:00\",\"mainEntityOfPage\":{\"@id\":\"https:\\\/\\\/news.save.ch\\\/gartenarbeit-gruener-statt-blauer-daumen\\\/\"},\"wordCount\":328,\"publisher\":{\"@id\":\"https:\\\/\\\/news.save.ch\\\/de\\\/#organization\"},\"image\":{\"@id\":\"https:\\\/\\\/news.save.ch\\\/gartenarbeit-gruener-statt-blauer-daumen\\\/#primaryimage\"},\"thumbnailUrl\":\"https:\\\/\\\/news.save.ch\\\/wp-content\\\/uploads\\\/2020\\\/05\\\/Depositphotos_oocoskun-scaled-1.jpg\",\"keywords\":[\"Arbeitssicherheit\",\"BFU\",\"Bundesamt\",\"Gartenarbeit\",\"Gesundheitsschutz\",\"Pr\u00e4vention\",\"Unfallrisiko\"],\"articleSection\":[\"ALLGEMEIN\",\"HEALTH &amp; SAFETY\"],\"inLanguage\":\"en-US\"},{\"@type\":\"WebPage\",\"@id\":\"https:\\\/\\\/news.save.ch\\\/gartenarbeit-gruener-statt-blauer-daumen\\\/\",\"url\":\"https:\\\/\\\/news.save.ch\\\/gartenarbeit-gruener-statt-blauer-daumen\\\/\",\"name\":\"Gartenarbeit: Gr\u00fcner statt blauer Daumen - Save\",\"isPartOf\":{\"@id\":\"https:\\\/\\\/news.save.ch\\\/de\\\/#website\"},\"primaryImageOfPage\":{\"@id\":\"https:\\\/\\\/news.save.ch\\\/gartenarbeit-gruener-statt-blauer-daumen\\\/#primaryimage\"},\"image\":{\"@id\":\"https:\\\/\\\/news.save.ch\\\/gartenarbeit-gruener-statt-blauer-daumen\\\/#primaryimage\"},\"thumbnailUrl\":\"https:\\\/\\\/news.save.ch\\\/wp-content\\\/uploads\\\/2020\\\/05\\\/Depositphotos_oocoskun-scaled-1.jpg\",\"datePublished\":\"2020-05-08T08:30:55+00:00\",\"dateModified\":\"2023-03-14T08:02:20+00:00\",\"description\":\"Mit dem Fr\u00fchling und den sch\u00f6nen Tagen steigt auch der Tatendrang bei den Hobby-G\u00e4rtnerinnen und Hobby-G\u00e4rtnern \u2013 in diesem Jahr vermutlich umso mehr.\",\"breadcrumb\":{\"@id\":\"https:\\\/\\\/news.save.ch\\\/gartenarbeit-gruener-statt-blauer-daumen\\\/#breadcrumb\"},\"inLanguage\":\"en-US\",\"potentialAction\":[{\"@type\":\"ReadAction\",\"target\":[\"https:\\\/\\\/news.save.ch\\\/gartenarbeit-gruener-statt-blauer-daumen\\\/\"]}]},{\"@type\":\"ImageObject\",\"inLanguage\":\"en-US\",\"@id\":\"https:\\\/\\\/news.save.ch\\\/gartenarbeit-gruener-statt-blauer-daumen\\\/#primaryimage\",\"url\":\"https:\\\/\\\/news.save.ch\\\/wp-content\\\/uploads\\\/2020\\\/05\\\/Depositphotos_oocoskun-scaled-1.jpg\",\"contentUrl\":\"https:\\\/\\\/news.save.ch\\\/wp-content\\\/uploads\\\/2020\\\/05\\\/Depositphotos_oocoskun-scaled-1.jpg\",\"width\":1200,\"height\":801,\"caption\":\"Mit dem Fr\u00fchling und den sch\u00f6nen Tagen steigt auch der Tatendrang bei den Hobby-G\u00e4rtnerinnen und Hobby-G\u00e4rtnern. \u00a9 Depositphotos\\\/oocoskun\"},{\"@type\":\"BreadcrumbList\",\"@id\":\"https:\\\/\\\/news.save.ch\\\/gartenarbeit-gruener-statt-blauer-daumen\\\/#breadcrumb\",\"itemListElement\":[{\"@type\":\"ListItem\",\"position\":1,\"name\":\"Home\",\"item\":\"https:\\\/\\\/news.save.ch\\\/de\\\/\"},{\"@type\":\"ListItem\",\"position\":2,\"name\":\"Gartenarbeit: Gr\u00fcner statt blauer Daumen\"}]},{\"@type\":\"WebSite\",\"@id\":\"https:\\\/\\\/news.save.ch\\\/de\\\/#website\",\"url\":\"https:\\\/\\\/news.save.ch\\\/de\\\/\",\"name\":\"Save\",\"description\":\"Schweizer Fachzeitschrift f\u00fcr Sicherheit\",\"publisher\":{\"@id\":\"https:\\\/\\\/news.save.ch\\\/de\\\/#organization\"},\"potentialAction\":[{\"@type\":\"SearchAction\",\"target\":{\"@type\":\"EntryPoint\",\"urlTemplate\":\"https:\\\/\\\/news.save.ch\\\/de\\\/?s={search_term_string}\"},\"query-input\":{\"@type\":\"PropertyValueSpecification\",\"valueRequired\":true,\"valueName\":\"search_term_string\"}}],\"inLanguage\":\"en-US\"},{\"@type\":\"Organization\",\"@id\":\"https:\\\/\\\/news.save.ch\\\/de\\\/#organization\",\"name\":\"Sicherheitsforum\",\"url\":\"https:\\\/\\\/news.save.ch\\\/de\\\/\",\"logo\":{\"@type\":\"ImageObject\",\"inLanguage\":\"en-US\",\"@id\":\"https:\\\/\\\/news.save.ch\\\/de\\\/#\\\/schema\\\/logo\\\/image\\\/\",\"url\":\"https:\\\/\\\/news.save.ch\\\/wp-content\\\/uploads\\\/2022\\\/06\\\/Logo_SF_2012.png\",\"contentUrl\":\"https:\\\/\\\/news.save.ch\\\/wp-content\\\/uploads\\\/2022\\\/06\\\/Logo_SF_2012.png\",\"width\":1100,\"height\":91,\"caption\":\"Sicherheitsforum\"},\"image\":{\"@id\":\"https:\\\/\\\/news.save.ch\\\/de\\\/#\\\/schema\\\/logo\\\/image\\\/\"}},{\"@type\":\"Person\",\"@id\":\"https:\\\/\\\/news.save.ch\\\/de\\\/#\\\/schema\\\/person\\\/d49e199490bad7c70d64b9ab51142f2b\",\"name\":\"admin\",\"image\":{\"@type\":\"ImageObject\",\"inLanguage\":\"en-US\",\"@id\":\"https:\\\/\\\/secure.gravatar.com\\\/avatar\\\/ae2f4d718e6c49043e314ce431e7e645d646302a24a5ef5a8bc8e3f5a032e319?s=96&d=mm&r=g\",\"url\":\"https:\\\/\\\/secure.gravatar.com\\\/avatar\\\/ae2f4d718e6c49043e314ce431e7e645d646302a24a5ef5a8bc8e3f5a032e319?s=96&d=mm&r=g\",\"contentUrl\":\"https:\\\/\\\/secure.gravatar.com\\\/avatar\\\/ae2f4d718e6c49043e314ce431e7e645d646302a24a5ef5a8bc8e3f5a032e319?s=96&d=mm&r=g\",\"caption\":\"admin\"},\"sameAs\":[\"https:\\\/\\\/develop.organisator.galledia.ch\"],\"url\":\"https:\\\/\\\/news.save.ch\\\/en\\\/author\\\/admin\\\/\"}]}<\/script>\n<!-- \/ Yoast SEO plugin. -->","yoast_head_json":{"title":"Gardening: Greener instead of blue thumb - Save","description":"With the arrival of spring and beautiful days, the zest for action among amateur gardeners also increases - probably even more so this year.","robots":{"index":"index","follow":"follow","max-snippet":"max-snippet:-1","max-image-preview":"max-image-preview:large","max-video-preview":"max-video-preview:-1"},"canonical":"https:\/\/news.save.ch\/en\/gartenarbeit-gruener-statt-blauer-daumen\/","og_locale":"en_US","og_type":"article","og_title":"Gartenarbeit: Gr\u00fcner statt blauer Daumen - Save","og_description":"Mit dem Fr\u00fchling und den sch\u00f6nen Tagen steigt auch der Tatendrang bei den Hobby-G\u00e4rtnerinnen und Hobby-G\u00e4rtnern \u2013 in diesem Jahr vermutlich umso mehr.","og_url":"https:\/\/news.save.ch\/en\/gartenarbeit-gruener-statt-blauer-daumen\/","og_site_name":"Save","article_published_time":"2020-05-08T08:30:55+00:00","article_modified_time":"2023-03-14T08:02:20+00:00","og_image":[{"width":1200,"height":801,"url":"https:\/\/news.save.ch\/wp-content\/uploads\/2020\/05\/Depositphotos_oocoskun-scaled-1.jpg","type":"image\/jpeg"}],"author":"admin","twitter_card":"summary_large_image","twitter_misc":{"Written by":"admin","Est. reading time":"2 minutes"},"schema":{"@context":"https:\/\/schema.org","@graph":[{"@type":"Article","@id":"https:\/\/news.save.ch\/gartenarbeit-gruener-statt-blauer-daumen\/#article","isPartOf":{"@id":"https:\/\/news.save.ch\/gartenarbeit-gruener-statt-blauer-daumen\/"},"author":{"name":"admin","@id":"https:\/\/news.save.ch\/de\/#\/schema\/person\/d49e199490bad7c70d64b9ab51142f2b"},"headline":"Gartenarbeit: Gr\u00fcner statt blauer Daumen","datePublished":"2020-05-08T08:30:55+00:00","dateModified":"2023-03-14T08:02:20+00:00","mainEntityOfPage":{"@id":"https:\/\/news.save.ch\/gartenarbeit-gruener-statt-blauer-daumen\/"},"wordCount":328,"publisher":{"@id":"https:\/\/news.save.ch\/de\/#organization"},"image":{"@id":"https:\/\/news.save.ch\/gartenarbeit-gruener-statt-blauer-daumen\/#primaryimage"},"thumbnailUrl":"https:\/\/news.save.ch\/wp-content\/uploads\/2020\/05\/Depositphotos_oocoskun-scaled-1.jpg","keywords":["Arbeitssicherheit","BFU","Bundesamt","Gartenarbeit","Gesundheitsschutz","Pr\u00e4vention","Unfallrisiko"],"articleSection":["ALLGEMEIN","HEALTH &amp; SAFETY"],"inLanguage":"en-US"},{"@type":"WebPage","@id":"https:\/\/news.save.ch\/gartenarbeit-gruener-statt-blauer-daumen\/","url":"https:\/\/news.save.ch\/gartenarbeit-gruener-statt-blauer-daumen\/","name":"Gardening: Greener instead of blue thumb - Save","isPartOf":{"@id":"https:\/\/news.save.ch\/de\/#website"},"primaryImageOfPage":{"@id":"https:\/\/news.save.ch\/gartenarbeit-gruener-statt-blauer-daumen\/#primaryimage"},"image":{"@id":"https:\/\/news.save.ch\/gartenarbeit-gruener-statt-blauer-daumen\/#primaryimage"},"thumbnailUrl":"https:\/\/news.save.ch\/wp-content\/uploads\/2020\/05\/Depositphotos_oocoskun-scaled-1.jpg","datePublished":"2020-05-08T08:30:55+00:00","dateModified":"2023-03-14T08:02:20+00:00","description":"With the arrival of spring and beautiful days, the zest for action among amateur gardeners also increases - probably even more so this year.","breadcrumb":{"@id":"https:\/\/news.save.ch\/gartenarbeit-gruener-statt-blauer-daumen\/#breadcrumb"},"inLanguage":"en-US","potentialAction":[{"@type":"ReadAction","target":["https:\/\/news.save.ch\/gartenarbeit-gruener-statt-blauer-daumen\/"]}]},{"@type":"ImageObject","inLanguage":"en-US","@id":"https:\/\/news.save.ch\/gartenarbeit-gruener-statt-blauer-daumen\/#primaryimage","url":"https:\/\/news.save.ch\/wp-content\/uploads\/2020\/05\/Depositphotos_oocoskun-scaled-1.jpg","contentUrl":"https:\/\/news.save.ch\/wp-content\/uploads\/2020\/05\/Depositphotos_oocoskun-scaled-1.jpg","width":1200,"height":801,"caption":"Mit dem Fr\u00fchling und den sch\u00f6nen Tagen steigt auch der Tatendrang bei den Hobby-G\u00e4rtnerinnen und Hobby-G\u00e4rtnern. \u00a9 Depositphotos\/oocoskun"},{"@type":"BreadcrumbList","@id":"https:\/\/news.save.ch\/gartenarbeit-gruener-statt-blauer-daumen\/#breadcrumb","itemListElement":[{"@type":"ListItem","position":1,"name":"Home","item":"https:\/\/news.save.ch\/de\/"},{"@type":"ListItem","position":2,"name":"Gartenarbeit: Gr\u00fcner statt blauer Daumen"}]},{"@type":"WebSite","@id":"https:\/\/news.save.ch\/de\/#website","url":"https:\/\/news.save.ch\/de\/","name":"Save","description":"Swiss trade journal for safety","publisher":{"@id":"https:\/\/news.save.ch\/de\/#organization"},"potentialAction":[{"@type":"SearchAction","target":{"@type":"EntryPoint","urlTemplate":"https:\/\/news.save.ch\/de\/?s={search_term_string}"},"query-input":{"@type":"PropertyValueSpecification","valueRequired":true,"valueName":"search_term_string"}}],"inLanguage":"en-US"},{"@type":"Organization","@id":"https:\/\/news.save.ch\/de\/#organization","name":"Security Forum","url":"https:\/\/news.save.ch\/de\/","logo":{"@type":"ImageObject","inLanguage":"en-US","@id":"https:\/\/news.save.ch\/de\/#\/schema\/logo\/image\/","url":"https:\/\/news.save.ch\/wp-content\/uploads\/2022\/06\/Logo_SF_2012.png","contentUrl":"https:\/\/news.save.ch\/wp-content\/uploads\/2022\/06\/Logo_SF_2012.png","width":1100,"height":91,"caption":"Sicherheitsforum"},"image":{"@id":"https:\/\/news.save.ch\/de\/#\/schema\/logo\/image\/"}},{"@type":"Person","@id":"https:\/\/news.save.ch\/de\/#\/schema\/person\/d49e199490bad7c70d64b9ab51142f2b","name":"admin","image":{"@type":"ImageObject","inLanguage":"en-US","@id":"https:\/\/secure.gravatar.com\/avatar\/ae2f4d718e6c49043e314ce431e7e645d646302a24a5ef5a8bc8e3f5a032e319?s=96&d=mm&r=g","url":"https:\/\/secure.gravatar.com\/avatar\/ae2f4d718e6c49043e314ce431e7e645d646302a24a5ef5a8bc8e3f5a032e319?s=96&d=mm&r=g","contentUrl":"https:\/\/secure.gravatar.com\/avatar\/ae2f4d718e6c49043e314ce431e7e645d646302a24a5ef5a8bc8e3f5a032e319?s=96&d=mm&r=g","caption":"admin"},"sameAs":["https:\/\/develop.organisator.galledia.ch"],"url":"https:\/\/news.save.ch\/en\/author\/admin\/"}]}},"_links":{"self":[{"href":"https:\/\/news.save.ch\/en\/wp-json\/wp\/v2\/posts\/5621","targetHints":{"allow":["GET"]}}],"collection":[{"href":"https:\/\/news.save.ch\/en\/wp-json\/wp\/v2\/posts"}],"about":[{"href":"https:\/\/news.save.ch\/en\/wp-json\/wp\/v2\/types\/post"}],"author":[{"embeddable":true,"href":"https:\/\/news.save.ch\/en\/wp-json\/wp\/v2\/users\/1"}],"replies":[{"embeddable":true,"href":"https:\/\/news.save.ch\/en\/wp-json\/wp\/v2\/comments?post=5621"}],"version-history":[{"count":1,"href":"https:\/\/news.save.ch\/en\/wp-json\/wp\/v2\/posts\/5621\/revisions"}],"predecessor-version":[{"id":18199,"href":"https:\/\/news.save.ch\/en\/wp-json\/wp\/v2\/posts\/5621\/revisions\/18199"}],"wp:featuredmedia":[{"embeddable":true,"href":"https:\/\/news.save.ch\/en\/wp-json\/wp\/v2\/media\/5622"}],"wp:attachment":[{"href":"https:\/\/news.save.ch\/en\/wp-json\/wp\/v2\/media?parent=5621"}],"wp:term":[{"taxonomy":"category","embeddable":true,"href":"https:\/\/news.save.ch\/en\/wp-json\/wp\/v2\/categories?post=5621"},{"taxonomy":"post_tag","embeddable":true,"href":"https:\/\/news.save.ch\/en\/wp-json\/wp\/v2\/tags?post=5621"}],"curies":[{"name":"wp","href":"https:\/\/api.w.org\/{rel}","templated":true}]}}