{"id":5636,"date":"2020-05-15T08:00:33","date_gmt":"2020-05-15T06:00:33","guid":{"rendered":"https:\/\/news.save.ch\/?p=5636"},"modified":"2023-03-14T09:03:47","modified_gmt":"2023-03-14T08:03:47","slug":"praktische-ratschlaege-zum-reisen-in-der-schweiz","status":null,"type":"post","link":"https:\/\/news.save.ch\/en\/praktische-ratschlaege-zum-reisen-in-der-schweiz\/","title":{"rendered":"Practical advice for traveling in Switzerland"},"content":{"rendered":"<figure id=\"attachment_5637\" aria-describedby=\"caption-attachment-5637\" style=\"width: 680px\" class=\"wp-caption alignnone\"><img loading=\"lazy\" decoding=\"async\" class=\"size-medium wp-image-5637\" src=\"http:\/\/develop.safety-plus.ch\/wp-content\/uploads\/2020\/05\/Depositphotos_monkeybusiness.jpg\" alt=\"\" width=\"680\" height=\"453\" \/><figcaption id=\"caption-attachment-5637\" class=\"wp-caption-text\">The face mask is superfluous when cycling. \u00a9 Depositphotos\/monkeybusiness<\/figcaption><\/figure>\n<p>The main public transport companies in Switzerland have announced that they will increase their frequency again from Monday, so that travel within Switzerland will be easier again. However, the risk of a new wave of Covid 19 infection remains. The increase in traffic is therefore accompanied by preventive health measures that complement the rules introduced in mid-March. The TCS accompanies its members in accordance with the rules set by the <a href=\"https:\/\/news.save.ch\/en\/neue-hygiene-und-verhaltensregeln-zum-schutz-gegen-das-neue-coronavirus\/\" target=\"_blank\" rel=\"noopener\">BAG<\/a> and recommends that these be observed regardless of the means of transport chosen. It is also strongly advised not to put your hands in your face and to wash your hands regularly.<\/p>\n<p><strong>Walking is healthy<br \/>\n<\/strong>It is recommended to cover distances on foot as often as possible - also because physical activity is beneficial to health. Dr. Markus Luethi, a doctor at TCS, recommends physical exertion in general: \"Keeping the circulatory system moving, i.e. strengthening it, is an important way to stay healthy while having a good <a href=\"https:\/\/news.save.ch\/en\/coronavirus-einkaufstourismus-bleibt-verboten\/\" target=\"_blank\" rel=\"noopener\">Health<\/a> to stay. A healthy and resilient cardiovascular system helps overcome serious illness and speeds recovery. Wearing face masks is recommended when the required distance cannot be maintained between people who do not live in the same household.\"<\/p>\n<p><strong>The face mask is superfluous when cycling<br \/>\n<\/strong>When riding a bike must be a distance of two meters from other <a href=\"https:\/\/news.save.ch\/en\/verkehrssicherheit-todesfaelle-nehmen-deutlich-ab\/\" target=\"_blank\" rel=\"noopener\">Cyclists<\/a> be observed, but wearing a face mask is not recommended. Dr. Markus Luethi recalls that hygiene rules must be observed even if there is no direct physical contact with other people: \"You have to take care of your personal <a href=\"https:\/\/news.save.ch\/en\/einweghandtuecher-bieten-beste-hygiene\/\" target=\"_blank\" rel=\"noopener\">Hygiene<\/a> be concerned after touching the handlebars of your bicycle, for example. The main thing is to wash your hands carefully and avoid touching your face.\" The TCS also recommends regularly cleaning the handlebars and all parts of the bike that have been touched with soap to counteract any risk of infection.<\/p>\n<p><strong>More info<\/strong><\/p>\n<p><a href=\"https:\/\/www.tcs.ch\/de\/der-tcs\/presse\/medienmitteilungen-2020\/praktische-ratschlaege-zum-reisen-ab-dem-11.-mai.php\" target=\"_blank\" rel=\"noopener\">www.tcs.ch<\/a><\/p>","protected":false},"excerpt":{"rendered":"<p>Die wichtigsten \u00f6ffentlichen Verkehrsunternehmen der Schweiz haben angek\u00fcndigt, ab Montag ihren Fahrrhythmus wieder zu erh\u00f6hen, sodass das Reisen innerhalb der Schweiz wieder einfacher sein wird. Das Risiko einer neuen Covid-19-Ansteckungswelle besteht jedoch weiterhin. Die Erh\u00f6hung des Verkehrsangebots wird deshalb von pr\u00e4ventiven gesundheitlichen Massnahmen begleitet, welche die Mitte M\u00e4rz eingef\u00fchrten Regeln erg\u00e4nzen. Der TCS begleitet seine [&hellip;]<\/p>\n","protected":false},"author":1,"featured_media":5637,"comment_status":"closed","ping_status":"closed","sticky":false,"template":"","format":"standard","meta":{"_acf_changed":false,"pgc_sgb_lightbox_settings":"","footnotes":""},"categories":[1,3314],"tags":[700,1775,168,632,2165,149,141],"class_list":["post-5636","post","type-post","status-publish","format-standard","has-post-thumbnail","hentry","category-allgemein","category-health-safety","tag-bag","tag-betriebliches-gesundheitsmanagement","tag-bundesrat","tag-covid-19","tag-gesundheitsfoerderung","tag-gesundheitsschutz","tag-praevention"],"acf":[],"hkrextid":null,"publication":null,"issue":null,"workflow":null,"startPage":null,"spitzmarke":null,"_posts_by_tag_page_fields":{"widget_title":"","widget_tags":""},"_at_widget":"1","_yoast_wpseo_primary_category":"1","_yoast_wpseo_focuskw_text_input":"Reisen","_yoast_wpseo_opengraph-image":null,"_yoast_wpseo_opengraph-description":null,"_yoast_wpseo_opengraph-title":null,"enclosure":null,"_yoast_wpseo_twitter-title":null,"_yoast_wpseo_twitter-description":null,"_yoast_wpseo_twitter-image":null,"_wp_old_slug":null,"_yoast_wpseo_title":null,"_yoast_wpseo_canonical":null,"yoast_head":"<!-- This site is optimized with the Yoast SEO plugin v27.4 - https:\/\/yoast.com\/product\/yoast-seo-wordpress\/ -->\n<title>Praktische Ratschl\u00e4ge zum Reisen in der Schweiz - Save<\/title>\n<meta name=\"description\" content=\"Die Schweizer Bev\u00f6lkerung kann sich wieder freier bewegen, da das Angebot des \u00f6ffentlichen Verkehrs wieder hochgefahren wird.\" \/>\n<meta name=\"robots\" content=\"index, follow, max-snippet:-1, max-image-preview:large, max-video-preview:-1\" \/>\n<link rel=\"canonical\" href=\"https:\/\/news.save.ch\/en\/praktische-ratschlaege-zum-reisen-in-der-schweiz\/\" \/>\n<meta property=\"og:locale\" content=\"en_US\" \/>\n<meta property=\"og:type\" content=\"article\" \/>\n<meta property=\"og:title\" content=\"Praktische Ratschl\u00e4ge zum Reisen in der Schweiz - Save\" \/>\n<meta property=\"og:description\" content=\"Die Schweizer Bev\u00f6lkerung kann sich wieder freier bewegen, da das Angebot des \u00f6ffentlichen Verkehrs wieder hochgefahren wird.\" \/>\n<meta property=\"og:url\" content=\"https:\/\/news.save.ch\/en\/praktische-ratschlaege-zum-reisen-in-der-schweiz\/\" \/>\n<meta property=\"og:site_name\" content=\"Save\" \/>\n<meta property=\"article:published_time\" content=\"2020-05-15T06:00:33+00:00\" \/>\n<meta property=\"article:modified_time\" content=\"2023-03-14T08:03:47+00:00\" \/>\n<meta property=\"og:image\" content=\"https:\/\/news.save.ch\/wp-content\/uploads\/2020\/05\/Depositphotos_monkeybusiness-scaled-1.jpg\" \/>\n\t<meta property=\"og:image:width\" content=\"1200\" \/>\n\t<meta property=\"og:image:height\" content=\"800\" \/>\n\t<meta property=\"og:image:type\" content=\"image\/jpeg\" \/>\n<meta name=\"author\" content=\"admin\" \/>\n<meta name=\"twitter:card\" content=\"summary_large_image\" \/>\n<meta name=\"twitter:label1\" content=\"Written by\" \/>\n\t<meta name=\"twitter:data1\" content=\"admin\" \/>\n\t<meta name=\"twitter:label2\" content=\"Est. reading time\" \/>\n\t<meta name=\"twitter:data2\" content=\"2 minutes\" \/>\n<script type=\"application\/ld+json\" class=\"yoast-schema-graph\">{\"@context\":\"https:\\\/\\\/schema.org\",\"@graph\":[{\"@type\":\"Article\",\"@id\":\"https:\\\/\\\/news.save.ch\\\/praktische-ratschlaege-zum-reisen-in-der-schweiz\\\/#article\",\"isPartOf\":{\"@id\":\"https:\\\/\\\/news.save.ch\\\/praktische-ratschlaege-zum-reisen-in-der-schweiz\\\/\"},\"author\":{\"name\":\"admin\",\"@id\":\"https:\\\/\\\/news.save.ch\\\/de\\\/#\\\/schema\\\/person\\\/d49e199490bad7c70d64b9ab51142f2b\"},\"headline\":\"Praktische Ratschl\u00e4ge zum Reisen in der Schweiz\",\"datePublished\":\"2020-05-15T06:00:33+00:00\",\"dateModified\":\"2023-03-14T08:03:47+00:00\",\"mainEntityOfPage\":{\"@id\":\"https:\\\/\\\/news.save.ch\\\/praktische-ratschlaege-zum-reisen-in-der-schweiz\\\/\"},\"wordCount\":351,\"publisher\":{\"@id\":\"https:\\\/\\\/news.save.ch\\\/de\\\/#organization\"},\"image\":{\"@id\":\"https:\\\/\\\/news.save.ch\\\/praktische-ratschlaege-zum-reisen-in-der-schweiz\\\/#primaryimage\"},\"thumbnailUrl\":\"https:\\\/\\\/news.save.ch\\\/wp-content\\\/uploads\\\/2020\\\/05\\\/Depositphotos_monkeybusiness-scaled-1.jpg\",\"keywords\":[\"BAG\",\"Betriebliches Gesundheitsmanagement\",\"Bundesrat\",\"Covid-19\",\"Gesundheitsf\u00f6rderung\",\"Gesundheitsschutz\",\"Pr\u00e4vention\"],\"articleSection\":[\"ALLGEMEIN\",\"HEALTH &amp; SAFETY\"],\"inLanguage\":\"en-US\"},{\"@type\":\"WebPage\",\"@id\":\"https:\\\/\\\/news.save.ch\\\/praktische-ratschlaege-zum-reisen-in-der-schweiz\\\/\",\"url\":\"https:\\\/\\\/news.save.ch\\\/praktische-ratschlaege-zum-reisen-in-der-schweiz\\\/\",\"name\":\"Praktische Ratschl\u00e4ge zum Reisen in der Schweiz - Save\",\"isPartOf\":{\"@id\":\"https:\\\/\\\/news.save.ch\\\/de\\\/#website\"},\"primaryImageOfPage\":{\"@id\":\"https:\\\/\\\/news.save.ch\\\/praktische-ratschlaege-zum-reisen-in-der-schweiz\\\/#primaryimage\"},\"image\":{\"@id\":\"https:\\\/\\\/news.save.ch\\\/praktische-ratschlaege-zum-reisen-in-der-schweiz\\\/#primaryimage\"},\"thumbnailUrl\":\"https:\\\/\\\/news.save.ch\\\/wp-content\\\/uploads\\\/2020\\\/05\\\/Depositphotos_monkeybusiness-scaled-1.jpg\",\"datePublished\":\"2020-05-15T06:00:33+00:00\",\"dateModified\":\"2023-03-14T08:03:47+00:00\",\"description\":\"Die Schweizer Bev\u00f6lkerung kann sich wieder freier bewegen, da das Angebot des \u00f6ffentlichen Verkehrs wieder hochgefahren wird.\",\"breadcrumb\":{\"@id\":\"https:\\\/\\\/news.save.ch\\\/praktische-ratschlaege-zum-reisen-in-der-schweiz\\\/#breadcrumb\"},\"inLanguage\":\"en-US\",\"potentialAction\":[{\"@type\":\"ReadAction\",\"target\":[\"https:\\\/\\\/news.save.ch\\\/praktische-ratschlaege-zum-reisen-in-der-schweiz\\\/\"]}]},{\"@type\":\"ImageObject\",\"inLanguage\":\"en-US\",\"@id\":\"https:\\\/\\\/news.save.ch\\\/praktische-ratschlaege-zum-reisen-in-der-schweiz\\\/#primaryimage\",\"url\":\"https:\\\/\\\/news.save.ch\\\/wp-content\\\/uploads\\\/2020\\\/05\\\/Depositphotos_monkeybusiness-scaled-1.jpg\",\"contentUrl\":\"https:\\\/\\\/news.save.ch\\\/wp-content\\\/uploads\\\/2020\\\/05\\\/Depositphotos_monkeybusiness-scaled-1.jpg\",\"width\":1200,\"height\":800,\"caption\":\"Die Gesichtsmaske ist beim Velofahren \u00fcberfl\u00fcssig. \u00a9 Depositphotos\\\/monkeybusiness\"},{\"@type\":\"BreadcrumbList\",\"@id\":\"https:\\\/\\\/news.save.ch\\\/praktische-ratschlaege-zum-reisen-in-der-schweiz\\\/#breadcrumb\",\"itemListElement\":[{\"@type\":\"ListItem\",\"position\":1,\"name\":\"Home\",\"item\":\"https:\\\/\\\/news.save.ch\\\/de\\\/\"},{\"@type\":\"ListItem\",\"position\":2,\"name\":\"Praktische Ratschl\u00e4ge zum Reisen in der Schweiz\"}]},{\"@type\":\"WebSite\",\"@id\":\"https:\\\/\\\/news.save.ch\\\/de\\\/#website\",\"url\":\"https:\\\/\\\/news.save.ch\\\/de\\\/\",\"name\":\"Save\",\"description\":\"Schweizer Fachzeitschrift f\u00fcr Sicherheit\",\"publisher\":{\"@id\":\"https:\\\/\\\/news.save.ch\\\/de\\\/#organization\"},\"potentialAction\":[{\"@type\":\"SearchAction\",\"target\":{\"@type\":\"EntryPoint\",\"urlTemplate\":\"https:\\\/\\\/news.save.ch\\\/de\\\/?s={search_term_string}\"},\"query-input\":{\"@type\":\"PropertyValueSpecification\",\"valueRequired\":true,\"valueName\":\"search_term_string\"}}],\"inLanguage\":\"en-US\"},{\"@type\":\"Organization\",\"@id\":\"https:\\\/\\\/news.save.ch\\\/de\\\/#organization\",\"name\":\"Sicherheitsforum\",\"url\":\"https:\\\/\\\/news.save.ch\\\/de\\\/\",\"logo\":{\"@type\":\"ImageObject\",\"inLanguage\":\"en-US\",\"@id\":\"https:\\\/\\\/news.save.ch\\\/de\\\/#\\\/schema\\\/logo\\\/image\\\/\",\"url\":\"https:\\\/\\\/news.save.ch\\\/wp-content\\\/uploads\\\/2022\\\/06\\\/Logo_SF_2012.png\",\"contentUrl\":\"https:\\\/\\\/news.save.ch\\\/wp-content\\\/uploads\\\/2022\\\/06\\\/Logo_SF_2012.png\",\"width\":1100,\"height\":91,\"caption\":\"Sicherheitsforum\"},\"image\":{\"@id\":\"https:\\\/\\\/news.save.ch\\\/de\\\/#\\\/schema\\\/logo\\\/image\\\/\"}},{\"@type\":\"Person\",\"@id\":\"https:\\\/\\\/news.save.ch\\\/de\\\/#\\\/schema\\\/person\\\/d49e199490bad7c70d64b9ab51142f2b\",\"name\":\"admin\",\"image\":{\"@type\":\"ImageObject\",\"inLanguage\":\"en-US\",\"@id\":\"https:\\\/\\\/secure.gravatar.com\\\/avatar\\\/ae2f4d718e6c49043e314ce431e7e645d646302a24a5ef5a8bc8e3f5a032e319?s=96&d=mm&r=g\",\"url\":\"https:\\\/\\\/secure.gravatar.com\\\/avatar\\\/ae2f4d718e6c49043e314ce431e7e645d646302a24a5ef5a8bc8e3f5a032e319?s=96&d=mm&r=g\",\"contentUrl\":\"https:\\\/\\\/secure.gravatar.com\\\/avatar\\\/ae2f4d718e6c49043e314ce431e7e645d646302a24a5ef5a8bc8e3f5a032e319?s=96&d=mm&r=g\",\"caption\":\"admin\"},\"sameAs\":[\"https:\\\/\\\/develop.organisator.galledia.ch\"],\"url\":\"https:\\\/\\\/news.save.ch\\\/en\\\/author\\\/admin\\\/\"}]}<\/script>\n<!-- \/ Yoast SEO plugin. -->","yoast_head_json":{"title":"Practical advice on traveling in Switzerland - Save","description":"The Swiss population can move more freely again as public transport services are ramped up again.","robots":{"index":"index","follow":"follow","max-snippet":"max-snippet:-1","max-image-preview":"max-image-preview:large","max-video-preview":"max-video-preview:-1"},"canonical":"https:\/\/news.save.ch\/en\/praktische-ratschlaege-zum-reisen-in-der-schweiz\/","og_locale":"en_US","og_type":"article","og_title":"Praktische Ratschl\u00e4ge zum Reisen in der Schweiz - Save","og_description":"Die Schweizer Bev\u00f6lkerung kann sich wieder freier bewegen, da das Angebot des \u00f6ffentlichen Verkehrs wieder hochgefahren wird.","og_url":"https:\/\/news.save.ch\/en\/praktische-ratschlaege-zum-reisen-in-der-schweiz\/","og_site_name":"Save","article_published_time":"2020-05-15T06:00:33+00:00","article_modified_time":"2023-03-14T08:03:47+00:00","og_image":[{"width":1200,"height":800,"url":"https:\/\/news.save.ch\/wp-content\/uploads\/2020\/05\/Depositphotos_monkeybusiness-scaled-1.jpg","type":"image\/jpeg"}],"author":"admin","twitter_card":"summary_large_image","twitter_misc":{"Written by":"admin","Est. reading time":"2 minutes"},"schema":{"@context":"https:\/\/schema.org","@graph":[{"@type":"Article","@id":"https:\/\/news.save.ch\/praktische-ratschlaege-zum-reisen-in-der-schweiz\/#article","isPartOf":{"@id":"https:\/\/news.save.ch\/praktische-ratschlaege-zum-reisen-in-der-schweiz\/"},"author":{"name":"admin","@id":"https:\/\/news.save.ch\/de\/#\/schema\/person\/d49e199490bad7c70d64b9ab51142f2b"},"headline":"Praktische Ratschl\u00e4ge zum Reisen in der Schweiz","datePublished":"2020-05-15T06:00:33+00:00","dateModified":"2023-03-14T08:03:47+00:00","mainEntityOfPage":{"@id":"https:\/\/news.save.ch\/praktische-ratschlaege-zum-reisen-in-der-schweiz\/"},"wordCount":351,"publisher":{"@id":"https:\/\/news.save.ch\/de\/#organization"},"image":{"@id":"https:\/\/news.save.ch\/praktische-ratschlaege-zum-reisen-in-der-schweiz\/#primaryimage"},"thumbnailUrl":"https:\/\/news.save.ch\/wp-content\/uploads\/2020\/05\/Depositphotos_monkeybusiness-scaled-1.jpg","keywords":["BAG","Betriebliches Gesundheitsmanagement","Bundesrat","Covid-19","Gesundheitsf\u00f6rderung","Gesundheitsschutz","Pr\u00e4vention"],"articleSection":["ALLGEMEIN","HEALTH &amp; SAFETY"],"inLanguage":"en-US"},{"@type":"WebPage","@id":"https:\/\/news.save.ch\/praktische-ratschlaege-zum-reisen-in-der-schweiz\/","url":"https:\/\/news.save.ch\/praktische-ratschlaege-zum-reisen-in-der-schweiz\/","name":"Practical advice on traveling in Switzerland - Save","isPartOf":{"@id":"https:\/\/news.save.ch\/de\/#website"},"primaryImageOfPage":{"@id":"https:\/\/news.save.ch\/praktische-ratschlaege-zum-reisen-in-der-schweiz\/#primaryimage"},"image":{"@id":"https:\/\/news.save.ch\/praktische-ratschlaege-zum-reisen-in-der-schweiz\/#primaryimage"},"thumbnailUrl":"https:\/\/news.save.ch\/wp-content\/uploads\/2020\/05\/Depositphotos_monkeybusiness-scaled-1.jpg","datePublished":"2020-05-15T06:00:33+00:00","dateModified":"2023-03-14T08:03:47+00:00","description":"The Swiss population can move more freely again as public transport services are ramped up again.","breadcrumb":{"@id":"https:\/\/news.save.ch\/praktische-ratschlaege-zum-reisen-in-der-schweiz\/#breadcrumb"},"inLanguage":"en-US","potentialAction":[{"@type":"ReadAction","target":["https:\/\/news.save.ch\/praktische-ratschlaege-zum-reisen-in-der-schweiz\/"]}]},{"@type":"ImageObject","inLanguage":"en-US","@id":"https:\/\/news.save.ch\/praktische-ratschlaege-zum-reisen-in-der-schweiz\/#primaryimage","url":"https:\/\/news.save.ch\/wp-content\/uploads\/2020\/05\/Depositphotos_monkeybusiness-scaled-1.jpg","contentUrl":"https:\/\/news.save.ch\/wp-content\/uploads\/2020\/05\/Depositphotos_monkeybusiness-scaled-1.jpg","width":1200,"height":800,"caption":"Die Gesichtsmaske ist beim Velofahren \u00fcberfl\u00fcssig. \u00a9 Depositphotos\/monkeybusiness"},{"@type":"BreadcrumbList","@id":"https:\/\/news.save.ch\/praktische-ratschlaege-zum-reisen-in-der-schweiz\/#breadcrumb","itemListElement":[{"@type":"ListItem","position":1,"name":"Home","item":"https:\/\/news.save.ch\/de\/"},{"@type":"ListItem","position":2,"name":"Praktische Ratschl\u00e4ge zum Reisen in der Schweiz"}]},{"@type":"WebSite","@id":"https:\/\/news.save.ch\/de\/#website","url":"https:\/\/news.save.ch\/de\/","name":"Save","description":"Swiss trade journal for safety","publisher":{"@id":"https:\/\/news.save.ch\/de\/#organization"},"potentialAction":[{"@type":"SearchAction","target":{"@type":"EntryPoint","urlTemplate":"https:\/\/news.save.ch\/de\/?s={search_term_string}"},"query-input":{"@type":"PropertyValueSpecification","valueRequired":true,"valueName":"search_term_string"}}],"inLanguage":"en-US"},{"@type":"Organization","@id":"https:\/\/news.save.ch\/de\/#organization","name":"Security Forum","url":"https:\/\/news.save.ch\/de\/","logo":{"@type":"ImageObject","inLanguage":"en-US","@id":"https:\/\/news.save.ch\/de\/#\/schema\/logo\/image\/","url":"https:\/\/news.save.ch\/wp-content\/uploads\/2022\/06\/Logo_SF_2012.png","contentUrl":"https:\/\/news.save.ch\/wp-content\/uploads\/2022\/06\/Logo_SF_2012.png","width":1100,"height":91,"caption":"Sicherheitsforum"},"image":{"@id":"https:\/\/news.save.ch\/de\/#\/schema\/logo\/image\/"}},{"@type":"Person","@id":"https:\/\/news.save.ch\/de\/#\/schema\/person\/d49e199490bad7c70d64b9ab51142f2b","name":"admin","image":{"@type":"ImageObject","inLanguage":"en-US","@id":"https:\/\/secure.gravatar.com\/avatar\/ae2f4d718e6c49043e314ce431e7e645d646302a24a5ef5a8bc8e3f5a032e319?s=96&d=mm&r=g","url":"https:\/\/secure.gravatar.com\/avatar\/ae2f4d718e6c49043e314ce431e7e645d646302a24a5ef5a8bc8e3f5a032e319?s=96&d=mm&r=g","contentUrl":"https:\/\/secure.gravatar.com\/avatar\/ae2f4d718e6c49043e314ce431e7e645d646302a24a5ef5a8bc8e3f5a032e319?s=96&d=mm&r=g","caption":"admin"},"sameAs":["https:\/\/develop.organisator.galledia.ch"],"url":"https:\/\/news.save.ch\/en\/author\/admin\/"}]}},"_links":{"self":[{"href":"https:\/\/news.save.ch\/en\/wp-json\/wp\/v2\/posts\/5636","targetHints":{"allow":["GET"]}}],"collection":[{"href":"https:\/\/news.save.ch\/en\/wp-json\/wp\/v2\/posts"}],"about":[{"href":"https:\/\/news.save.ch\/en\/wp-json\/wp\/v2\/types\/post"}],"author":[{"embeddable":true,"href":"https:\/\/news.save.ch\/en\/wp-json\/wp\/v2\/users\/1"}],"replies":[{"embeddable":true,"href":"https:\/\/news.save.ch\/en\/wp-json\/wp\/v2\/comments?post=5636"}],"version-history":[{"count":1,"href":"https:\/\/news.save.ch\/en\/wp-json\/wp\/v2\/posts\/5636\/revisions"}],"predecessor-version":[{"id":18595,"href":"https:\/\/news.save.ch\/en\/wp-json\/wp\/v2\/posts\/5636\/revisions\/18595"}],"wp:featuredmedia":[{"embeddable":true,"href":"https:\/\/news.save.ch\/en\/wp-json\/wp\/v2\/media\/5637"}],"wp:attachment":[{"href":"https:\/\/news.save.ch\/en\/wp-json\/wp\/v2\/media?parent=5636"}],"wp:term":[{"taxonomy":"category","embeddable":true,"href":"https:\/\/news.save.ch\/en\/wp-json\/wp\/v2\/categories?post=5636"},{"taxonomy":"post_tag","embeddable":true,"href":"https:\/\/news.save.ch\/en\/wp-json\/wp\/v2\/tags?post=5636"}],"curies":[{"name":"wp","href":"https:\/\/api.w.org\/{rel}","templated":true}]}}