{"id":566,"date":"2015-08-19T17:43:49","date_gmt":"2015-08-19T15:43:49","guid":{"rendered":"https:\/\/dev.sicherheitsforum.ch\/?p=566"},"modified":"2023-03-14T08:57:35","modified_gmt":"2023-03-14T07:57:35","slug":"zusammenschluss-von-safe-swiss-cloud-und-nexos","status":null,"type":"post","link":"https:\/\/news.save.ch\/en\/zusammenschluss-von-safe-swiss-cloud-und-nexos\/","title":{"rendered":"Merger of Safe Swiss Cloud and Nexos"},"content":{"rendered":"<p><img loading=\"lazy\" decoding=\"async\" class=\"alignnone size-medium wp-image-567\" src=\"https:\/\/sicherheitsforum.ch\/wp-content\/uploads\/2016\/12\/Zusammenschluss-von-Safe-Swiss-Cloud-und-Nexos-it-security.jpg\" alt=\"Businessman working with a Cloud Computing diagram on the new co\" width=\"680\" height=\"465\" \/><\/p>\n<p>The entire team as well as the cloud infrastructure and managed services of Nexos, the operator of the Swiss encloud, will be moved to the <a href=\"https:\/\/www.safeswisscloud.ch\" target=\"_blank\" data-cke-saved-href=\"https:\/\/www.safeswisscloud.ch\" rel=\"noopener\">Safe Swiss Cloud <\/a>integrated. With the merger of the two companies, Safe Swiss Cloud grows to 35 employees. It creates a 100% Swiss cloud alternative for enterprise customers with increased privacy, compliance and security needs in Switzerland and Europe, according to the company.<\/p>\n<p>\"With the merger, we are able to offer our enterprise customers additional managed services and further services around the clock to run their (hybrid) cloud architectures based on our virtual data centers,\" holds Prodosh Banerjee, CEO Safe Swiss Cloud.<\/p>\n<p>\"The Nexos team, with its many years of experience in customer consulting and support as well as in operating its own cloud, ideally complements the existing Safe Swiss Cloud team to provide a one-stop-shop cloud offering for customers,\" enthuses Thomas Spinnler, CEO Nexos.<\/p>\n<p>Safe Swiss Cloud is ISO 27001 certified and is compliant with ISO 27018 and FINMA Circular 2008\/7 (Outsourcing Banks).<\/p>","protected":false},"excerpt":{"rendered":"<p>Das gesamte Team sowie die Cloud-Infrastruktur und die Managed Services von Nexos, dem Betreiber der Schweizer encloud, werden in die Safe Swiss Cloud integriert. Mit dem Zusammenschluss der beiden Firmen w\u00e4chst Safe Swiss Cloud auf 35 Mitarbeitende. Es entsteht eine 100%ige Schweizer Cloud Alternative f\u00fcr Enterprise Kunden mit erh\u00f6hten Privacy-, Compliance- und Sicherheitsbed\u00fcrfnissen in der [&hellip;]<\/p>\n","protected":false},"author":1,"featured_media":567,"comment_status":"open","ping_status":"open","sticky":false,"template":"","format":"standard","meta":{"_acf_changed":false,"pgc_sgb_lightbox_settings":"","footnotes":""},"categories":[3313],"tags":[62,63,65],"class_list":["post-566","post","type-post","status-publish","format-standard","has-post-thumbnail","hentry","category-digitalisierung","tag-ict-sicherheit","tag-it-security","tag-unternehmen"],"acf":[],"hkrextid":null,"publication":null,"issue":null,"workflow":null,"startPage":null,"spitzmarke":null,"_posts_by_tag_page_fields":{"widget_title":"","widget_tags":""},"_at_widget":"1","_yoast_wpseo_primary_category":"2","_yoast_wpseo_focuskw_text_input":"Safe Swiss Cloud","_yoast_wpseo_opengraph-image":"https:\/\/sicherheitsforum.ch\/wp-content\/uploads\/2016\/12\/Zusammenschluss-von-Safe-Swiss-Cloud-und-Nexos-it-security.jpg","_yoast_wpseo_opengraph-description":"Der Cloud Infrastructure Provider Safe Swiss Cloud AG, Thalwil ZH, und die auch im Bereich IT-Sicherheit t\u00e4tige Nexos AG, Basel, haben sich zusammengeschlossen.","_yoast_wpseo_opengraph-title":"Zusammenschluss von Safe Swiss Cloud und Nexos","enclosure":null,"_yoast_wpseo_twitter-title":null,"_yoast_wpseo_twitter-description":null,"_yoast_wpseo_twitter-image":null,"_wp_old_slug":null,"_yoast_wpseo_title":null,"_yoast_wpseo_canonical":null,"yoast_head":"<!-- This site is optimized with the Yoast SEO plugin v27.5 - https:\/\/yoast.com\/product\/yoast-seo-wordpress\/ -->\n<title>Zusammenschluss von Safe Swiss Cloud und Nexos - Save<\/title>\n<meta name=\"description\" content=\"Der Cloud Infrastructure Provider Safe Swiss Cloud AG und die auch im Bereich IT-Sicherheit t\u00e4tige Nexos AG haben sich zusammengeschlossen.\" \/>\n<meta name=\"robots\" content=\"index, follow, max-snippet:-1, max-image-preview:large, max-video-preview:-1\" \/>\n<link rel=\"canonical\" href=\"https:\/\/news.save.ch\/en\/zusammenschluss-von-safe-swiss-cloud-und-nexos\/\" \/>\n<meta property=\"og:locale\" content=\"en_US\" \/>\n<meta property=\"og:type\" content=\"article\" \/>\n<meta property=\"og:title\" content=\"Zusammenschluss von Safe Swiss Cloud und Nexos\" \/>\n<meta property=\"og:description\" content=\"Der Cloud Infrastructure Provider Safe Swiss Cloud AG, Thalwil ZH, und die auch im Bereich IT-Sicherheit t\u00e4tige Nexos AG, Basel, haben sich zusammengeschlossen.\" \/>\n<meta property=\"og:url\" content=\"https:\/\/news.save.ch\/en\/zusammenschluss-von-safe-swiss-cloud-und-nexos\/\" \/>\n<meta property=\"og:site_name\" content=\"Save\" \/>\n<meta property=\"article:published_time\" content=\"2015-08-19T15:43:49+00:00\" \/>\n<meta property=\"article:modified_time\" content=\"2023-03-14T07:57:35+00:00\" \/>\n<meta property=\"og:image\" content=\"https:\/\/sicherheitsforum.ch\/wp-content\/uploads\/2016\/12\/Zusammenschluss-von-Safe-Swiss-Cloud-und-Nexos-it-security.jpg\" \/>\n<meta name=\"author\" content=\"admin\" \/>\n<meta name=\"twitter:card\" content=\"summary_large_image\" \/>\n<meta name=\"twitter:label1\" content=\"Written by\" \/>\n\t<meta name=\"twitter:data1\" content=\"admin\" \/>\n\t<meta name=\"twitter:label2\" content=\"Est. reading time\" \/>\n\t<meta name=\"twitter:data2\" content=\"1 minute\" \/>\n<script type=\"application\/ld+json\" class=\"yoast-schema-graph\">{\"@context\":\"https:\\\/\\\/schema.org\",\"@graph\":[{\"@type\":\"Article\",\"@id\":\"https:\\\/\\\/news.save.ch\\\/zusammenschluss-von-safe-swiss-cloud-und-nexos\\\/#article\",\"isPartOf\":{\"@id\":\"https:\\\/\\\/news.save.ch\\\/zusammenschluss-von-safe-swiss-cloud-und-nexos\\\/\"},\"author\":{\"name\":\"admin\",\"@id\":\"https:\\\/\\\/news.save.ch\\\/de\\\/#\\\/schema\\\/person\\\/d49e199490bad7c70d64b9ab51142f2b\"},\"headline\":\"Zusammenschluss von Safe Swiss Cloud und Nexos\",\"datePublished\":\"2015-08-19T15:43:49+00:00\",\"dateModified\":\"2023-03-14T07:57:35+00:00\",\"mainEntityOfPage\":{\"@id\":\"https:\\\/\\\/news.save.ch\\\/zusammenschluss-von-safe-swiss-cloud-und-nexos\\\/\"},\"wordCount\":177,\"commentCount\":0,\"publisher\":{\"@id\":\"https:\\\/\\\/news.save.ch\\\/de\\\/#organization\"},\"image\":{\"@id\":\"https:\\\/\\\/news.save.ch\\\/zusammenschluss-von-safe-swiss-cloud-und-nexos\\\/#primaryimage\"},\"thumbnailUrl\":\"https:\\\/\\\/news.save.ch\\\/wp-content\\\/uploads\\\/2016\\\/12\\\/Zusammenschluss-von-Safe-Swiss-Cloud-und-Nexos-it-security-scaled.jpg\",\"keywords\":[\"ICT-Sicherheit\",\"IT-SECURITY\",\"Unternehmen\"],\"articleSection\":[\"DIGITALISIERUNG\"],\"inLanguage\":\"en-US\"},{\"@type\":\"WebPage\",\"@id\":\"https:\\\/\\\/news.save.ch\\\/zusammenschluss-von-safe-swiss-cloud-und-nexos\\\/\",\"url\":\"https:\\\/\\\/news.save.ch\\\/zusammenschluss-von-safe-swiss-cloud-und-nexos\\\/\",\"name\":\"Zusammenschluss von Safe Swiss Cloud und Nexos - Save\",\"isPartOf\":{\"@id\":\"https:\\\/\\\/news.save.ch\\\/de\\\/#website\"},\"primaryImageOfPage\":{\"@id\":\"https:\\\/\\\/news.save.ch\\\/zusammenschluss-von-safe-swiss-cloud-und-nexos\\\/#primaryimage\"},\"image\":{\"@id\":\"https:\\\/\\\/news.save.ch\\\/zusammenschluss-von-safe-swiss-cloud-und-nexos\\\/#primaryimage\"},\"thumbnailUrl\":\"https:\\\/\\\/news.save.ch\\\/wp-content\\\/uploads\\\/2016\\\/12\\\/Zusammenschluss-von-Safe-Swiss-Cloud-und-Nexos-it-security-scaled.jpg\",\"datePublished\":\"2015-08-19T15:43:49+00:00\",\"dateModified\":\"2023-03-14T07:57:35+00:00\",\"description\":\"Der Cloud Infrastructure Provider Safe Swiss Cloud AG und die auch im Bereich IT-Sicherheit t\u00e4tige Nexos AG haben sich zusammengeschlossen.\",\"breadcrumb\":{\"@id\":\"https:\\\/\\\/news.save.ch\\\/zusammenschluss-von-safe-swiss-cloud-und-nexos\\\/#breadcrumb\"},\"inLanguage\":\"en-US\",\"potentialAction\":[{\"@type\":\"ReadAction\",\"target\":[\"https:\\\/\\\/news.save.ch\\\/zusammenschluss-von-safe-swiss-cloud-und-nexos\\\/\"]}]},{\"@type\":\"ImageObject\",\"inLanguage\":\"en-US\",\"@id\":\"https:\\\/\\\/news.save.ch\\\/zusammenschluss-von-safe-swiss-cloud-und-nexos\\\/#primaryimage\",\"url\":\"https:\\\/\\\/news.save.ch\\\/wp-content\\\/uploads\\\/2016\\\/12\\\/Zusammenschluss-von-Safe-Swiss-Cloud-und-Nexos-it-security-scaled.jpg\",\"contentUrl\":\"https:\\\/\\\/news.save.ch\\\/wp-content\\\/uploads\\\/2016\\\/12\\\/Zusammenschluss-von-Safe-Swiss-Cloud-und-Nexos-it-security-scaled.jpg\",\"width\":1400,\"height\":958},{\"@type\":\"BreadcrumbList\",\"@id\":\"https:\\\/\\\/news.save.ch\\\/zusammenschluss-von-safe-swiss-cloud-und-nexos\\\/#breadcrumb\",\"itemListElement\":[{\"@type\":\"ListItem\",\"position\":1,\"name\":\"Home\",\"item\":\"https:\\\/\\\/news.save.ch\\\/de\\\/\"},{\"@type\":\"ListItem\",\"position\":2,\"name\":\"Zusammenschluss von Safe Swiss Cloud und Nexos\"}]},{\"@type\":\"WebSite\",\"@id\":\"https:\\\/\\\/news.save.ch\\\/de\\\/#website\",\"url\":\"https:\\\/\\\/news.save.ch\\\/de\\\/\",\"name\":\"Save\",\"description\":\"Schweizer Fachzeitschrift f\u00fcr Sicherheit\",\"publisher\":{\"@id\":\"https:\\\/\\\/news.save.ch\\\/de\\\/#organization\"},\"potentialAction\":[{\"@type\":\"SearchAction\",\"target\":{\"@type\":\"EntryPoint\",\"urlTemplate\":\"https:\\\/\\\/news.save.ch\\\/de\\\/?s={search_term_string}\"},\"query-input\":{\"@type\":\"PropertyValueSpecification\",\"valueRequired\":true,\"valueName\":\"search_term_string\"}}],\"inLanguage\":\"en-US\"},{\"@type\":\"Organization\",\"@id\":\"https:\\\/\\\/news.save.ch\\\/de\\\/#organization\",\"name\":\"Sicherheitsforum\",\"url\":\"https:\\\/\\\/news.save.ch\\\/de\\\/\",\"logo\":{\"@type\":\"ImageObject\",\"inLanguage\":\"en-US\",\"@id\":\"https:\\\/\\\/news.save.ch\\\/de\\\/#\\\/schema\\\/logo\\\/image\\\/\",\"url\":\"https:\\\/\\\/news.save.ch\\\/wp-content\\\/uploads\\\/2022\\\/06\\\/Logo_SF_2012.png\",\"contentUrl\":\"https:\\\/\\\/news.save.ch\\\/wp-content\\\/uploads\\\/2022\\\/06\\\/Logo_SF_2012.png\",\"width\":1100,\"height\":91,\"caption\":\"Sicherheitsforum\"},\"image\":{\"@id\":\"https:\\\/\\\/news.save.ch\\\/de\\\/#\\\/schema\\\/logo\\\/image\\\/\"}},{\"@type\":\"Person\",\"@id\":\"https:\\\/\\\/news.save.ch\\\/de\\\/#\\\/schema\\\/person\\\/d49e199490bad7c70d64b9ab51142f2b\",\"name\":\"admin\",\"image\":{\"@type\":\"ImageObject\",\"inLanguage\":\"en-US\",\"@id\":\"https:\\\/\\\/secure.gravatar.com\\\/avatar\\\/ae2f4d718e6c49043e314ce431e7e645d646302a24a5ef5a8bc8e3f5a032e319?s=96&d=mm&r=g\",\"url\":\"https:\\\/\\\/secure.gravatar.com\\\/avatar\\\/ae2f4d718e6c49043e314ce431e7e645d646302a24a5ef5a8bc8e3f5a032e319?s=96&d=mm&r=g\",\"contentUrl\":\"https:\\\/\\\/secure.gravatar.com\\\/avatar\\\/ae2f4d718e6c49043e314ce431e7e645d646302a24a5ef5a8bc8e3f5a032e319?s=96&d=mm&r=g\",\"caption\":\"admin\"},\"sameAs\":[\"https:\\\/\\\/develop.organisator.galledia.ch\"],\"url\":\"https:\\\/\\\/news.save.ch\\\/en\\\/author\\\/admin\\\/\"}]}<\/script>\n<!-- \/ Yoast SEO plugin. -->","yoast_head_json":{"title":"Merger of Safe Swiss Cloud and Nexos - Save","description":"The cloud infrastructure provider Safe Swiss Cloud AG and Nexos AG, which is also active in the field of IT security, have joined forces.","robots":{"index":"index","follow":"follow","max-snippet":"max-snippet:-1","max-image-preview":"max-image-preview:large","max-video-preview":"max-video-preview:-1"},"canonical":"https:\/\/news.save.ch\/en\/zusammenschluss-von-safe-swiss-cloud-und-nexos\/","og_locale":"en_US","og_type":"article","og_title":"Zusammenschluss von Safe Swiss Cloud und Nexos","og_description":"Der Cloud Infrastructure Provider Safe Swiss Cloud AG, Thalwil ZH, und die auch im Bereich IT-Sicherheit t\u00e4tige Nexos AG, Basel, haben sich zusammengeschlossen.","og_url":"https:\/\/news.save.ch\/en\/zusammenschluss-von-safe-swiss-cloud-und-nexos\/","og_site_name":"Save","article_published_time":"2015-08-19T15:43:49+00:00","article_modified_time":"2023-03-14T07:57:35+00:00","og_image":[{"url":"https:\/\/sicherheitsforum.ch\/wp-content\/uploads\/2016\/12\/Zusammenschluss-von-Safe-Swiss-Cloud-und-Nexos-it-security.jpg","type":"","width":"","height":""}],"author":"admin","twitter_card":"summary_large_image","twitter_misc":{"Written by":"admin","Est. reading time":"1 minute"},"schema":{"@context":"https:\/\/schema.org","@graph":[{"@type":"Article","@id":"https:\/\/news.save.ch\/zusammenschluss-von-safe-swiss-cloud-und-nexos\/#article","isPartOf":{"@id":"https:\/\/news.save.ch\/zusammenschluss-von-safe-swiss-cloud-und-nexos\/"},"author":{"name":"admin","@id":"https:\/\/news.save.ch\/de\/#\/schema\/person\/d49e199490bad7c70d64b9ab51142f2b"},"headline":"Zusammenschluss von Safe Swiss Cloud und Nexos","datePublished":"2015-08-19T15:43:49+00:00","dateModified":"2023-03-14T07:57:35+00:00","mainEntityOfPage":{"@id":"https:\/\/news.save.ch\/zusammenschluss-von-safe-swiss-cloud-und-nexos\/"},"wordCount":177,"commentCount":0,"publisher":{"@id":"https:\/\/news.save.ch\/de\/#organization"},"image":{"@id":"https:\/\/news.save.ch\/zusammenschluss-von-safe-swiss-cloud-und-nexos\/#primaryimage"},"thumbnailUrl":"https:\/\/news.save.ch\/wp-content\/uploads\/2016\/12\/Zusammenschluss-von-Safe-Swiss-Cloud-und-Nexos-it-security-scaled.jpg","keywords":["ICT-Sicherheit","IT-SECURITY","Unternehmen"],"articleSection":["DIGITALISIERUNG"],"inLanguage":"en-US"},{"@type":"WebPage","@id":"https:\/\/news.save.ch\/zusammenschluss-von-safe-swiss-cloud-und-nexos\/","url":"https:\/\/news.save.ch\/zusammenschluss-von-safe-swiss-cloud-und-nexos\/","name":"Merger of Safe Swiss Cloud and Nexos - Save","isPartOf":{"@id":"https:\/\/news.save.ch\/de\/#website"},"primaryImageOfPage":{"@id":"https:\/\/news.save.ch\/zusammenschluss-von-safe-swiss-cloud-und-nexos\/#primaryimage"},"image":{"@id":"https:\/\/news.save.ch\/zusammenschluss-von-safe-swiss-cloud-und-nexos\/#primaryimage"},"thumbnailUrl":"https:\/\/news.save.ch\/wp-content\/uploads\/2016\/12\/Zusammenschluss-von-Safe-Swiss-Cloud-und-Nexos-it-security-scaled.jpg","datePublished":"2015-08-19T15:43:49+00:00","dateModified":"2023-03-14T07:57:35+00:00","description":"The cloud infrastructure provider Safe Swiss Cloud AG and Nexos AG, which is also active in the field of IT security, have joined forces.","breadcrumb":{"@id":"https:\/\/news.save.ch\/zusammenschluss-von-safe-swiss-cloud-und-nexos\/#breadcrumb"},"inLanguage":"en-US","potentialAction":[{"@type":"ReadAction","target":["https:\/\/news.save.ch\/zusammenschluss-von-safe-swiss-cloud-und-nexos\/"]}]},{"@type":"ImageObject","inLanguage":"en-US","@id":"https:\/\/news.save.ch\/zusammenschluss-von-safe-swiss-cloud-und-nexos\/#primaryimage","url":"https:\/\/news.save.ch\/wp-content\/uploads\/2016\/12\/Zusammenschluss-von-Safe-Swiss-Cloud-und-Nexos-it-security-scaled.jpg","contentUrl":"https:\/\/news.save.ch\/wp-content\/uploads\/2016\/12\/Zusammenschluss-von-Safe-Swiss-Cloud-und-Nexos-it-security-scaled.jpg","width":1400,"height":958},{"@type":"BreadcrumbList","@id":"https:\/\/news.save.ch\/zusammenschluss-von-safe-swiss-cloud-und-nexos\/#breadcrumb","itemListElement":[{"@type":"ListItem","position":1,"name":"Home","item":"https:\/\/news.save.ch\/de\/"},{"@type":"ListItem","position":2,"name":"Zusammenschluss von Safe Swiss Cloud und Nexos"}]},{"@type":"WebSite","@id":"https:\/\/news.save.ch\/de\/#website","url":"https:\/\/news.save.ch\/de\/","name":"Save","description":"Swiss trade journal for safety","publisher":{"@id":"https:\/\/news.save.ch\/de\/#organization"},"potentialAction":[{"@type":"SearchAction","target":{"@type":"EntryPoint","urlTemplate":"https:\/\/news.save.ch\/de\/?s={search_term_string}"},"query-input":{"@type":"PropertyValueSpecification","valueRequired":true,"valueName":"search_term_string"}}],"inLanguage":"en-US"},{"@type":"Organization","@id":"https:\/\/news.save.ch\/de\/#organization","name":"Security Forum","url":"https:\/\/news.save.ch\/de\/","logo":{"@type":"ImageObject","inLanguage":"en-US","@id":"https:\/\/news.save.ch\/de\/#\/schema\/logo\/image\/","url":"https:\/\/news.save.ch\/wp-content\/uploads\/2022\/06\/Logo_SF_2012.png","contentUrl":"https:\/\/news.save.ch\/wp-content\/uploads\/2022\/06\/Logo_SF_2012.png","width":1100,"height":91,"caption":"Sicherheitsforum"},"image":{"@id":"https:\/\/news.save.ch\/de\/#\/schema\/logo\/image\/"}},{"@type":"Person","@id":"https:\/\/news.save.ch\/de\/#\/schema\/person\/d49e199490bad7c70d64b9ab51142f2b","name":"admin","image":{"@type":"ImageObject","inLanguage":"en-US","@id":"https:\/\/secure.gravatar.com\/avatar\/ae2f4d718e6c49043e314ce431e7e645d646302a24a5ef5a8bc8e3f5a032e319?s=96&d=mm&r=g","url":"https:\/\/secure.gravatar.com\/avatar\/ae2f4d718e6c49043e314ce431e7e645d646302a24a5ef5a8bc8e3f5a032e319?s=96&d=mm&r=g","contentUrl":"https:\/\/secure.gravatar.com\/avatar\/ae2f4d718e6c49043e314ce431e7e645d646302a24a5ef5a8bc8e3f5a032e319?s=96&d=mm&r=g","caption":"admin"},"sameAs":["https:\/\/develop.organisator.galledia.ch"],"url":"https:\/\/news.save.ch\/en\/author\/admin\/"}]}},"_links":{"self":[{"href":"https:\/\/news.save.ch\/en\/wp-json\/wp\/v2\/posts\/566","targetHints":{"allow":["GET"]}}],"collection":[{"href":"https:\/\/news.save.ch\/en\/wp-json\/wp\/v2\/posts"}],"about":[{"href":"https:\/\/news.save.ch\/en\/wp-json\/wp\/v2\/types\/post"}],"author":[{"embeddable":true,"href":"https:\/\/news.save.ch\/en\/wp-json\/wp\/v2\/users\/1"}],"replies":[{"embeddable":true,"href":"https:\/\/news.save.ch\/en\/wp-json\/wp\/v2\/comments?post=566"}],"version-history":[{"count":1,"href":"https:\/\/news.save.ch\/en\/wp-json\/wp\/v2\/posts\/566\/revisions"}],"predecessor-version":[{"id":17744,"href":"https:\/\/news.save.ch\/en\/wp-json\/wp\/v2\/posts\/566\/revisions\/17744"}],"wp:featuredmedia":[{"embeddable":true,"href":"https:\/\/news.save.ch\/en\/wp-json\/wp\/v2\/media\/567"}],"wp:attachment":[{"href":"https:\/\/news.save.ch\/en\/wp-json\/wp\/v2\/media?parent=566"}],"wp:term":[{"taxonomy":"category","embeddable":true,"href":"https:\/\/news.save.ch\/en\/wp-json\/wp\/v2\/categories?post=566"},{"taxonomy":"post_tag","embeddable":true,"href":"https:\/\/news.save.ch\/en\/wp-json\/wp\/v2\/tags?post=566"}],"curies":[{"name":"wp","href":"https:\/\/api.w.org\/{rel}","templated":true}]}}