{"id":5756,"date":"2020-06-23T08:12:01","date_gmt":"2020-06-23T06:12:01","guid":{"rendered":"https:\/\/news.save.ch\/?p=5756"},"modified":"2023-03-14T09:03:46","modified_gmt":"2023-03-14T08:03:46","slug":"automatisiertes-fahren-die-sicherheit-nicht-aus-den-augen-verlieren","status":null,"type":"post","link":"https:\/\/news.save.ch\/en\/automatisiertes-fahren-die-sicherheit-nicht-aus-den-augen-verlieren\/","title":{"rendered":"Automated driving: Not losing sight of safety"},"content":{"rendered":"<figure id=\"attachment_5757\" aria-describedby=\"caption-attachment-5757\" style=\"width: 680px\" class=\"wp-caption alignnone\"><img loading=\"lazy\" decoding=\"async\" class=\"size-medium wp-image-5757\" src=\"http:\/\/develop.safety-plus.ch\/wp-content\/uploads\/2020\/06\/Depositphotos_the_lightwriter.jpg\" alt=\"\" width=\"680\" height=\"426\" \/><figcaption id=\"caption-attachment-5757\" class=\"wp-caption-text\">The next level of automation eliminates continuous monitoring, allowing drivers to read a book, for example. \u00a9 Depositphotos\/the_lightwriter<\/figcaption><\/figure>\n<p>Automated vehicles raise great hopes for the <a href=\"https:\/\/news.save.ch\/en\/schweizer-verkehrssicherheit-ausgezeichnet\/\" target=\"_blank\" rel=\"noopener\">Road safety<\/a>because a large proportion of accidents today are due to human error. However, until a possible safety effect becomes apparent and until many self-driving cars are reliably on the road in daily traffic, a long transition phase is still to be expected - during which there could even be more accidents due to new challenges for road safety.<\/p>\n<p><strong>Each level has its own problems<\/strong><\/p>\n<p>In so-called partially automated driving, humans are largely relieved of the driving task, but they must monitor the car and its surroundings in order to be able to quickly take corrective action in the event of errors. \"However, reliable data monitoring succeeds for 20 minutes at most,\" warns Markus Deublein, an expert on automated driving at the BFU.<\/p>\n<p>In the next higher level of automation, conditionally automated driving, continuous monitoring is no longer required. The driver is allowed to read a book, for example. However, the human must, if the <a href=\"https:\/\/news.save.ch\/en\/selbstfahrende-autos-sorgen-um-unfallrisiko\/\" target=\"_blank\" rel=\"noopener\">Vehicle<\/a> can spontaneously take over again - without having enough time to get a picture of the situation. Wrong actions are preprogrammed here.<\/p>\n<p>Within an approved range independently drives a <a href=\"https:\/\/news.save.ch\/en\/3072-2\/\" target=\"_blank\" rel=\"noopener\">Car<\/a> in highly automated driving. Humans no longer have to take over when the system reaches its limits. \"A central problem here is that automated vehicles and other road users speak different languages and don't understand each other at first,\" explains Markus Deublein. What is needed are coherent communication concepts and uniform technical solutions for the future, which means globally and intuitively understandable signals on the part of the vehicle. But the vehicle must also be able to reliably recognize and correctly interpret body signals and other nonverbal cues.<\/p>\n<p><strong>More info<\/strong><\/p>\n<p><a href=\"https:\/\/www.bfu.ch\/de\/die-bfu\/medien\/automatisiertes-fahren\" target=\"_blank\" rel=\"noopener\">www.bfu.ch<\/a><\/p>","protected":false},"excerpt":{"rendered":"<p>Automatisierte Fahrzeuge wecken grosse Hoffnungen f\u00fcr die Verkehrssicherheit, weil heute ein Grossteil der Unf\u00e4lle auf menschliche Fehler zur\u00fcckzuf\u00fchren ist. Bis sich aber ein m\u00f6glicher Sicherheitseffekt zeigt und bis im t\u00e4glichen Verkehr viele selbstfahrende Autos zuverl\u00e4ssig unterwegs sind, ist noch mit einer langen \u00dcbergangsphase zu rechnen \u2013 in der es aufgrund neuer Herausforderungen f\u00fcr die Verkehrssicherheit [&hellip;]<\/p>\n","protected":false},"author":1,"featured_media":5757,"comment_status":"closed","ping_status":"closed","sticky":false,"template":"","format":"standard","meta":{"_acf_changed":false,"pgc_sgb_lightbox_settings":"","footnotes":""},"categories":[1,3314],"tags":[1712,1718,952,310,3135,352,3184],"class_list":["post-5756","post","type-post","status-publish","format-standard","has-post-thumbnail","hentry","category-allgemein","category-health-safety","tag-auto-und-motorradfahrer","tag-automatisierte-fahrzeuge","tag-bfu","tag-sicherheit","tag-unfaelle","tag-verkehrssicherheit","tag-verkehrsteilnehmende"],"acf":[],"hkrextid":null,"publication":null,"issue":null,"workflow":null,"startPage":null,"spitzmarke":null,"_posts_by_tag_page_fields":{"widget_title":"","widget_tags":""},"_at_widget":"1","_yoast_wpseo_primary_category":"1","_yoast_wpseo_focuskw_text_input":"Automatisiertes Fahren","_yoast_wpseo_opengraph-image":null,"_yoast_wpseo_opengraph-description":null,"_yoast_wpseo_opengraph-title":null,"enclosure":null,"_yoast_wpseo_twitter-title":null,"_yoast_wpseo_twitter-description":null,"_yoast_wpseo_twitter-image":null,"_wp_old_slug":null,"_yoast_wpseo_title":null,"_yoast_wpseo_canonical":null,"yoast_head":"<!-- This site is optimized with the Yoast SEO plugin v27.4 - https:\/\/yoast.com\/product\/yoast-seo-wordpress\/ -->\n<title>Automatisiertes Fahren: Die Sicherheit nicht aus den Augen verlieren - Save<\/title>\n<meta name=\"description\" content=\"Bis die ersten selbstfahrenden Autos auf den Markt kommen, wird noch viel Zeit vergehen.\" \/>\n<meta name=\"robots\" content=\"index, follow, max-snippet:-1, max-image-preview:large, max-video-preview:-1\" \/>\n<link rel=\"canonical\" href=\"https:\/\/news.save.ch\/en\/automatisiertes-fahren-die-sicherheit-nicht-aus-den-augen-verlieren\/\" \/>\n<meta property=\"og:locale\" content=\"en_US\" \/>\n<meta property=\"og:type\" content=\"article\" \/>\n<meta property=\"og:title\" content=\"Automatisiertes Fahren: Die Sicherheit nicht aus den Augen verlieren - Save\" \/>\n<meta property=\"og:description\" content=\"Bis die ersten selbstfahrenden Autos auf den Markt kommen, wird noch viel Zeit vergehen.\" \/>\n<meta property=\"og:url\" content=\"https:\/\/news.save.ch\/en\/automatisiertes-fahren-die-sicherheit-nicht-aus-den-augen-verlieren\/\" \/>\n<meta property=\"og:site_name\" content=\"Save\" \/>\n<meta property=\"article:published_time\" content=\"2020-06-23T06:12:01+00:00\" \/>\n<meta property=\"article:modified_time\" content=\"2023-03-14T08:03:46+00:00\" \/>\n<meta property=\"og:image\" content=\"https:\/\/news.save.ch\/wp-content\/uploads\/2020\/06\/Depositphotos_the_lightwriter-scaled-1.jpg\" \/>\n\t<meta property=\"og:image:width\" content=\"1200\" \/>\n\t<meta property=\"og:image:height\" content=\"752\" \/>\n\t<meta property=\"og:image:type\" content=\"image\/jpeg\" \/>\n<meta name=\"author\" content=\"admin\" \/>\n<meta name=\"twitter:card\" content=\"summary_large_image\" \/>\n<meta name=\"twitter:label1\" content=\"Written by\" \/>\n\t<meta name=\"twitter:data1\" content=\"admin\" \/>\n\t<meta name=\"twitter:label2\" content=\"Est. reading time\" \/>\n\t<meta name=\"twitter:data2\" content=\"2 minutes\" \/>\n<script type=\"application\/ld+json\" class=\"yoast-schema-graph\">{\"@context\":\"https:\\\/\\\/schema.org\",\"@graph\":[{\"@type\":\"Article\",\"@id\":\"https:\\\/\\\/news.save.ch\\\/automatisiertes-fahren-die-sicherheit-nicht-aus-den-augen-verlieren\\\/#article\",\"isPartOf\":{\"@id\":\"https:\\\/\\\/news.save.ch\\\/automatisiertes-fahren-die-sicherheit-nicht-aus-den-augen-verlieren\\\/\"},\"author\":{\"name\":\"admin\",\"@id\":\"https:\\\/\\\/news.save.ch\\\/de\\\/#\\\/schema\\\/person\\\/d49e199490bad7c70d64b9ab51142f2b\"},\"headline\":\"Automatisiertes Fahren: Die Sicherheit nicht aus den Augen verlieren\",\"datePublished\":\"2020-06-23T06:12:01+00:00\",\"dateModified\":\"2023-03-14T08:03:46+00:00\",\"mainEntityOfPage\":{\"@id\":\"https:\\\/\\\/news.save.ch\\\/automatisiertes-fahren-die-sicherheit-nicht-aus-den-augen-verlieren\\\/\"},\"wordCount\":323,\"publisher\":{\"@id\":\"https:\\\/\\\/news.save.ch\\\/de\\\/#organization\"},\"image\":{\"@id\":\"https:\\\/\\\/news.save.ch\\\/automatisiertes-fahren-die-sicherheit-nicht-aus-den-augen-verlieren\\\/#primaryimage\"},\"thumbnailUrl\":\"https:\\\/\\\/news.save.ch\\\/wp-content\\\/uploads\\\/2020\\\/06\\\/Depositphotos_the_lightwriter-scaled-1.jpg\",\"keywords\":[\"Auto- und Motorradfahrer\",\"Automatisierte Fahrzeuge\",\"BFU\",\"Sicherheit\",\"Unf\u00e4lle\",\"Verkehrssicherheit\",\"Verkehrsteilnehmende\"],\"articleSection\":[\"ALLGEMEIN\",\"HEALTH &amp; SAFETY\"],\"inLanguage\":\"en-US\"},{\"@type\":\"WebPage\",\"@id\":\"https:\\\/\\\/news.save.ch\\\/automatisiertes-fahren-die-sicherheit-nicht-aus-den-augen-verlieren\\\/\",\"url\":\"https:\\\/\\\/news.save.ch\\\/automatisiertes-fahren-die-sicherheit-nicht-aus-den-augen-verlieren\\\/\",\"name\":\"Automatisiertes Fahren: Die Sicherheit nicht aus den Augen verlieren - Save\",\"isPartOf\":{\"@id\":\"https:\\\/\\\/news.save.ch\\\/de\\\/#website\"},\"primaryImageOfPage\":{\"@id\":\"https:\\\/\\\/news.save.ch\\\/automatisiertes-fahren-die-sicherheit-nicht-aus-den-augen-verlieren\\\/#primaryimage\"},\"image\":{\"@id\":\"https:\\\/\\\/news.save.ch\\\/automatisiertes-fahren-die-sicherheit-nicht-aus-den-augen-verlieren\\\/#primaryimage\"},\"thumbnailUrl\":\"https:\\\/\\\/news.save.ch\\\/wp-content\\\/uploads\\\/2020\\\/06\\\/Depositphotos_the_lightwriter-scaled-1.jpg\",\"datePublished\":\"2020-06-23T06:12:01+00:00\",\"dateModified\":\"2023-03-14T08:03:46+00:00\",\"description\":\"Bis die ersten selbstfahrenden Autos auf den Markt kommen, wird noch viel Zeit vergehen.\",\"breadcrumb\":{\"@id\":\"https:\\\/\\\/news.save.ch\\\/automatisiertes-fahren-die-sicherheit-nicht-aus-den-augen-verlieren\\\/#breadcrumb\"},\"inLanguage\":\"en-US\",\"potentialAction\":[{\"@type\":\"ReadAction\",\"target\":[\"https:\\\/\\\/news.save.ch\\\/automatisiertes-fahren-die-sicherheit-nicht-aus-den-augen-verlieren\\\/\"]}]},{\"@type\":\"ImageObject\",\"inLanguage\":\"en-US\",\"@id\":\"https:\\\/\\\/news.save.ch\\\/automatisiertes-fahren-die-sicherheit-nicht-aus-den-augen-verlieren\\\/#primaryimage\",\"url\":\"https:\\\/\\\/news.save.ch\\\/wp-content\\\/uploads\\\/2020\\\/06\\\/Depositphotos_the_lightwriter-scaled-1.jpg\",\"contentUrl\":\"https:\\\/\\\/news.save.ch\\\/wp-content\\\/uploads\\\/2020\\\/06\\\/Depositphotos_the_lightwriter-scaled-1.jpg\",\"width\":1200,\"height\":752,\"caption\":\"Bei der n\u00e4chsten Automatisierungsstufe entf\u00e4llt die Dauer\u00fcberwachung, sodass die FahrerInnen z.B. ein Buch lesen d\u00fcrfen. \u00a9 Depositphotos\\\/the_lightwriter\"},{\"@type\":\"BreadcrumbList\",\"@id\":\"https:\\\/\\\/news.save.ch\\\/automatisiertes-fahren-die-sicherheit-nicht-aus-den-augen-verlieren\\\/#breadcrumb\",\"itemListElement\":[{\"@type\":\"ListItem\",\"position\":1,\"name\":\"Home\",\"item\":\"https:\\\/\\\/news.save.ch\\\/de\\\/\"},{\"@type\":\"ListItem\",\"position\":2,\"name\":\"Automatisiertes Fahren: Die Sicherheit nicht aus den Augen verlieren\"}]},{\"@type\":\"WebSite\",\"@id\":\"https:\\\/\\\/news.save.ch\\\/de\\\/#website\",\"url\":\"https:\\\/\\\/news.save.ch\\\/de\\\/\",\"name\":\"Save\",\"description\":\"Schweizer Fachzeitschrift f\u00fcr Sicherheit\",\"publisher\":{\"@id\":\"https:\\\/\\\/news.save.ch\\\/de\\\/#organization\"},\"potentialAction\":[{\"@type\":\"SearchAction\",\"target\":{\"@type\":\"EntryPoint\",\"urlTemplate\":\"https:\\\/\\\/news.save.ch\\\/de\\\/?s={search_term_string}\"},\"query-input\":{\"@type\":\"PropertyValueSpecification\",\"valueRequired\":true,\"valueName\":\"search_term_string\"}}],\"inLanguage\":\"en-US\"},{\"@type\":\"Organization\",\"@id\":\"https:\\\/\\\/news.save.ch\\\/de\\\/#organization\",\"name\":\"Sicherheitsforum\",\"url\":\"https:\\\/\\\/news.save.ch\\\/de\\\/\",\"logo\":{\"@type\":\"ImageObject\",\"inLanguage\":\"en-US\",\"@id\":\"https:\\\/\\\/news.save.ch\\\/de\\\/#\\\/schema\\\/logo\\\/image\\\/\",\"url\":\"https:\\\/\\\/news.save.ch\\\/wp-content\\\/uploads\\\/2022\\\/06\\\/Logo_SF_2012.png\",\"contentUrl\":\"https:\\\/\\\/news.save.ch\\\/wp-content\\\/uploads\\\/2022\\\/06\\\/Logo_SF_2012.png\",\"width\":1100,\"height\":91,\"caption\":\"Sicherheitsforum\"},\"image\":{\"@id\":\"https:\\\/\\\/news.save.ch\\\/de\\\/#\\\/schema\\\/logo\\\/image\\\/\"}},{\"@type\":\"Person\",\"@id\":\"https:\\\/\\\/news.save.ch\\\/de\\\/#\\\/schema\\\/person\\\/d49e199490bad7c70d64b9ab51142f2b\",\"name\":\"admin\",\"image\":{\"@type\":\"ImageObject\",\"inLanguage\":\"en-US\",\"@id\":\"https:\\\/\\\/secure.gravatar.com\\\/avatar\\\/ae2f4d718e6c49043e314ce431e7e645d646302a24a5ef5a8bc8e3f5a032e319?s=96&d=mm&r=g\",\"url\":\"https:\\\/\\\/secure.gravatar.com\\\/avatar\\\/ae2f4d718e6c49043e314ce431e7e645d646302a24a5ef5a8bc8e3f5a032e319?s=96&d=mm&r=g\",\"contentUrl\":\"https:\\\/\\\/secure.gravatar.com\\\/avatar\\\/ae2f4d718e6c49043e314ce431e7e645d646302a24a5ef5a8bc8e3f5a032e319?s=96&d=mm&r=g\",\"caption\":\"admin\"},\"sameAs\":[\"https:\\\/\\\/develop.organisator.galledia.ch\"],\"url\":\"https:\\\/\\\/news.save.ch\\\/en\\\/author\\\/admin\\\/\"}]}<\/script>\n<!-- \/ Yoast SEO plugin. -->","yoast_head_json":{"title":"Automated driving: Don't lose sight of safety - Save","description":"It will be a long time before the first self-driving cars hit the market.","robots":{"index":"index","follow":"follow","max-snippet":"max-snippet:-1","max-image-preview":"max-image-preview:large","max-video-preview":"max-video-preview:-1"},"canonical":"https:\/\/news.save.ch\/en\/automatisiertes-fahren-die-sicherheit-nicht-aus-den-augen-verlieren\/","og_locale":"en_US","og_type":"article","og_title":"Automatisiertes Fahren: Die Sicherheit nicht aus den Augen verlieren - Save","og_description":"Bis die ersten selbstfahrenden Autos auf den Markt kommen, wird noch viel Zeit vergehen.","og_url":"https:\/\/news.save.ch\/en\/automatisiertes-fahren-die-sicherheit-nicht-aus-den-augen-verlieren\/","og_site_name":"Save","article_published_time":"2020-06-23T06:12:01+00:00","article_modified_time":"2023-03-14T08:03:46+00:00","og_image":[{"width":1200,"height":752,"url":"https:\/\/news.save.ch\/wp-content\/uploads\/2020\/06\/Depositphotos_the_lightwriter-scaled-1.jpg","type":"image\/jpeg"}],"author":"admin","twitter_card":"summary_large_image","twitter_misc":{"Written by":"admin","Est. reading time":"2 minutes"},"schema":{"@context":"https:\/\/schema.org","@graph":[{"@type":"Article","@id":"https:\/\/news.save.ch\/automatisiertes-fahren-die-sicherheit-nicht-aus-den-augen-verlieren\/#article","isPartOf":{"@id":"https:\/\/news.save.ch\/automatisiertes-fahren-die-sicherheit-nicht-aus-den-augen-verlieren\/"},"author":{"name":"admin","@id":"https:\/\/news.save.ch\/de\/#\/schema\/person\/d49e199490bad7c70d64b9ab51142f2b"},"headline":"Automatisiertes Fahren: Die Sicherheit nicht aus den Augen verlieren","datePublished":"2020-06-23T06:12:01+00:00","dateModified":"2023-03-14T08:03:46+00:00","mainEntityOfPage":{"@id":"https:\/\/news.save.ch\/automatisiertes-fahren-die-sicherheit-nicht-aus-den-augen-verlieren\/"},"wordCount":323,"publisher":{"@id":"https:\/\/news.save.ch\/de\/#organization"},"image":{"@id":"https:\/\/news.save.ch\/automatisiertes-fahren-die-sicherheit-nicht-aus-den-augen-verlieren\/#primaryimage"},"thumbnailUrl":"https:\/\/news.save.ch\/wp-content\/uploads\/2020\/06\/Depositphotos_the_lightwriter-scaled-1.jpg","keywords":["Auto- und Motorradfahrer","Automatisierte Fahrzeuge","BFU","Sicherheit","Unf\u00e4lle","Verkehrssicherheit","Verkehrsteilnehmende"],"articleSection":["ALLGEMEIN","HEALTH &amp; SAFETY"],"inLanguage":"en-US"},{"@type":"WebPage","@id":"https:\/\/news.save.ch\/automatisiertes-fahren-die-sicherheit-nicht-aus-den-augen-verlieren\/","url":"https:\/\/news.save.ch\/automatisiertes-fahren-die-sicherheit-nicht-aus-den-augen-verlieren\/","name":"Automated driving: Don't lose sight of safety - Save","isPartOf":{"@id":"https:\/\/news.save.ch\/de\/#website"},"primaryImageOfPage":{"@id":"https:\/\/news.save.ch\/automatisiertes-fahren-die-sicherheit-nicht-aus-den-augen-verlieren\/#primaryimage"},"image":{"@id":"https:\/\/news.save.ch\/automatisiertes-fahren-die-sicherheit-nicht-aus-den-augen-verlieren\/#primaryimage"},"thumbnailUrl":"https:\/\/news.save.ch\/wp-content\/uploads\/2020\/06\/Depositphotos_the_lightwriter-scaled-1.jpg","datePublished":"2020-06-23T06:12:01+00:00","dateModified":"2023-03-14T08:03:46+00:00","description":"It will be a long time before the first self-driving cars hit the market.","breadcrumb":{"@id":"https:\/\/news.save.ch\/automatisiertes-fahren-die-sicherheit-nicht-aus-den-augen-verlieren\/#breadcrumb"},"inLanguage":"en-US","potentialAction":[{"@type":"ReadAction","target":["https:\/\/news.save.ch\/automatisiertes-fahren-die-sicherheit-nicht-aus-den-augen-verlieren\/"]}]},{"@type":"ImageObject","inLanguage":"en-US","@id":"https:\/\/news.save.ch\/automatisiertes-fahren-die-sicherheit-nicht-aus-den-augen-verlieren\/#primaryimage","url":"https:\/\/news.save.ch\/wp-content\/uploads\/2020\/06\/Depositphotos_the_lightwriter-scaled-1.jpg","contentUrl":"https:\/\/news.save.ch\/wp-content\/uploads\/2020\/06\/Depositphotos_the_lightwriter-scaled-1.jpg","width":1200,"height":752,"caption":"Bei der n\u00e4chsten Automatisierungsstufe entf\u00e4llt die Dauer\u00fcberwachung, sodass die FahrerInnen z.B. ein Buch lesen d\u00fcrfen. \u00a9 Depositphotos\/the_lightwriter"},{"@type":"BreadcrumbList","@id":"https:\/\/news.save.ch\/automatisiertes-fahren-die-sicherheit-nicht-aus-den-augen-verlieren\/#breadcrumb","itemListElement":[{"@type":"ListItem","position":1,"name":"Home","item":"https:\/\/news.save.ch\/de\/"},{"@type":"ListItem","position":2,"name":"Automatisiertes Fahren: Die Sicherheit nicht aus den Augen verlieren"}]},{"@type":"WebSite","@id":"https:\/\/news.save.ch\/de\/#website","url":"https:\/\/news.save.ch\/de\/","name":"Save","description":"Swiss trade journal for safety","publisher":{"@id":"https:\/\/news.save.ch\/de\/#organization"},"potentialAction":[{"@type":"SearchAction","target":{"@type":"EntryPoint","urlTemplate":"https:\/\/news.save.ch\/de\/?s={search_term_string}"},"query-input":{"@type":"PropertyValueSpecification","valueRequired":true,"valueName":"search_term_string"}}],"inLanguage":"en-US"},{"@type":"Organization","@id":"https:\/\/news.save.ch\/de\/#organization","name":"Security Forum","url":"https:\/\/news.save.ch\/de\/","logo":{"@type":"ImageObject","inLanguage":"en-US","@id":"https:\/\/news.save.ch\/de\/#\/schema\/logo\/image\/","url":"https:\/\/news.save.ch\/wp-content\/uploads\/2022\/06\/Logo_SF_2012.png","contentUrl":"https:\/\/news.save.ch\/wp-content\/uploads\/2022\/06\/Logo_SF_2012.png","width":1100,"height":91,"caption":"Sicherheitsforum"},"image":{"@id":"https:\/\/news.save.ch\/de\/#\/schema\/logo\/image\/"}},{"@type":"Person","@id":"https:\/\/news.save.ch\/de\/#\/schema\/person\/d49e199490bad7c70d64b9ab51142f2b","name":"admin","image":{"@type":"ImageObject","inLanguage":"en-US","@id":"https:\/\/secure.gravatar.com\/avatar\/ae2f4d718e6c49043e314ce431e7e645d646302a24a5ef5a8bc8e3f5a032e319?s=96&d=mm&r=g","url":"https:\/\/secure.gravatar.com\/avatar\/ae2f4d718e6c49043e314ce431e7e645d646302a24a5ef5a8bc8e3f5a032e319?s=96&d=mm&r=g","contentUrl":"https:\/\/secure.gravatar.com\/avatar\/ae2f4d718e6c49043e314ce431e7e645d646302a24a5ef5a8bc8e3f5a032e319?s=96&d=mm&r=g","caption":"admin"},"sameAs":["https:\/\/develop.organisator.galledia.ch"],"url":"https:\/\/news.save.ch\/en\/author\/admin\/"}]}},"_links":{"self":[{"href":"https:\/\/news.save.ch\/en\/wp-json\/wp\/v2\/posts\/5756","targetHints":{"allow":["GET"]}}],"collection":[{"href":"https:\/\/news.save.ch\/en\/wp-json\/wp\/v2\/posts"}],"about":[{"href":"https:\/\/news.save.ch\/en\/wp-json\/wp\/v2\/types\/post"}],"author":[{"embeddable":true,"href":"https:\/\/news.save.ch\/en\/wp-json\/wp\/v2\/users\/1"}],"replies":[{"embeddable":true,"href":"https:\/\/news.save.ch\/en\/wp-json\/wp\/v2\/comments?post=5756"}],"version-history":[{"count":1,"href":"https:\/\/news.save.ch\/en\/wp-json\/wp\/v2\/posts\/5756\/revisions"}],"predecessor-version":[{"id":18915,"href":"https:\/\/news.save.ch\/en\/wp-json\/wp\/v2\/posts\/5756\/revisions\/18915"}],"wp:featuredmedia":[{"embeddable":true,"href":"https:\/\/news.save.ch\/en\/wp-json\/wp\/v2\/media\/5757"}],"wp:attachment":[{"href":"https:\/\/news.save.ch\/en\/wp-json\/wp\/v2\/media?parent=5756"}],"wp:term":[{"taxonomy":"category","embeddable":true,"href":"https:\/\/news.save.ch\/en\/wp-json\/wp\/v2\/categories?post=5756"},{"taxonomy":"post_tag","embeddable":true,"href":"https:\/\/news.save.ch\/en\/wp-json\/wp\/v2\/tags?post=5756"}],"curies":[{"name":"wp","href":"https:\/\/api.w.org\/{rel}","templated":true}]}}