{"id":5807,"date":"2018-01-03T12:47:46","date_gmt":"2018-01-03T11:47:46","guid":{"rendered":"https:\/\/news.save.ch\/?p=5807"},"modified":"2018-01-03T12:47:46","modified_gmt":"2018-01-03T11:47:46","slug":"swiss-ts-swissi-und-iwt-werden-zur-swiss-safety-center-ag","status":null,"type":"post","link":"https:\/\/news.save.ch\/en\/swiss-ts-swissi-und-iwt-werden-zur-swiss-safety-center-ag\/","title":{"rendered":"Swiss TS, Swissi and IWT become Swiss Safety Center AG"},"content":{"rendered":"<figure id=\"attachment_5808\" aria-describedby=\"caption-attachment-5808\" style=\"width: 667px\" class=\"wp-caption alignleft\"><img loading=\"lazy\" decoding=\"async\" class=\"wp-image-5808 size-medium\" src=\"https:\/\/news.save.ch\/wp-content\/uploads\/2018\/01\/Raffael-Schubiger.jpg\" alt=\"CEO Raffael Schubiger\" width=\"667\" height=\"1000\" \/><figcaption id=\"caption-attachment-5808\" class=\"wp-caption-text\">Raffael Schubiger is CEO of the new Swiss Safety Center AG. Photo: SVTI<\/figcaption><\/figure>\n<p>For customers and business partners of the new <a href=\"https:\/\/www.safetycenter.ch\/de\/\">Swiss Safety Center AG<\/a> in Wallisellen ZH, this means that in future they will have access to an even broader range of services from a single source in the areas of technical safety and risk management:<\/p>\n<ul>\n<li>Certification of management systems, products and people<\/li>\n<li>Plant safety, assembly conformity, functional safety 4.0<\/li>\n<li>Safety calculations, simulations, model calculations<\/li>\n<li>Fire protection, occupational safety, health protection, corporate environmental protection<\/li>\n<li>integral risk management<\/li>\n<li>Materials technology (stationary and mobile)<\/li>\n<li>destructive and non-destructive testing, damage analysis<\/li>\n<\/ul>\n<p><strong>Training activities are being expanded<\/strong><\/p>\n<p>The already extensive training activities will also be further expanded, the press release states. As of January 1, 2018, all rights and obligations of <a href=\"https:\/\/news.save.ch\/en\/swiss-ts-neu-zu-100-beim-svti\/\">Swiss TS<\/a>, Swissi and IWT were transferred to Swiss Safety Center AG. CEO of the new company is\u00a0<a href=\"https:\/\/news.save.ch\/en\/neue-fuehrung-fuer-swissi-und-swiss-ts\/\">Raphael Schubiger<\/a>.<\/p>\n<p>Swiss Safety Center AG is in full possession of the <a href=\"https:\/\/www.svti-gruppe.ch\/de\/\">SVTI<\/a>-Group (Swiss Association for Technical Inspections).<\/p>","protected":false},"excerpt":{"rendered":"<p>F\u00fcr Kunden und Gesch\u00e4ftspartner der neuen Swiss Safety Center AG in Wallisellen ZH bedeute dies, dass ihnen insk\u00fcnftig auf den Gebieten technische Sicherheit und Risikomanagement ein noch breiteres Dienstleistungsangebot aus einer Hand zur Verf\u00fcgung stehe: Zertifizierungen von Management-systemen, Produkten und Personen Anlagensicherheit, Baugruppen-konformit\u00e4t, funktionale Sicherheit 4.0 Sicherheitstechnische Berechnungen, Simulationen, Modellrechnungen Brandschutz, Arbeitssicherheit, Gesundheitsschutz, betrieblicher Umweltschutz [&hellip;]<\/p>\n","protected":false},"author":8,"featured_media":5808,"comment_status":"open","ping_status":"open","sticky":false,"template":"","format":"standard","meta":{"_acf_changed":false,"pgc_sgb_lightbox_settings":"","footnotes":""},"categories":[1],"tags":[65],"class_list":["post-5807","post","type-post","status-publish","format-standard","has-post-thumbnail","hentry","category-allgemein","tag-unternehmen"],"acf":[],"hkrextid":null,"publication":null,"issue":null,"workflow":null,"startPage":null,"spitzmarke":null,"_posts_by_tag_page_fields":{"widget_title":"","widget_tags":""},"_at_widget":"1","_yoast_wpseo_primary_category":"1","_yoast_wpseo_focuskw_text_input":"Swiss Safety Center AG","_yoast_wpseo_opengraph-image":null,"_yoast_wpseo_opengraph-description":null,"_yoast_wpseo_opengraph-title":null,"enclosure":null,"_yoast_wpseo_twitter-title":null,"_yoast_wpseo_twitter-description":null,"_yoast_wpseo_twitter-image":null,"_wp_old_slug":null,"_yoast_wpseo_title":null,"_yoast_wpseo_canonical":null,"yoast_head":"<!-- This site is optimized with the Yoast SEO plugin v27.5 - https:\/\/yoast.com\/product\/yoast-seo-wordpress\/ -->\n<title>Swiss TS, Swissi und IWT werden zur Swiss Safety Center AG - Save<\/title>\n<meta name=\"description\" content=\"Die Swiss TS, die Swissi und die IWT Institut f\u00fcr Werkstofftechnologie AG sind seit 1. Januar 2018 in der neuen Swiss Safety Center AG vereint.\" \/>\n<meta name=\"robots\" content=\"index, follow, max-snippet:-1, max-image-preview:large, max-video-preview:-1\" \/>\n<link rel=\"canonical\" href=\"https:\/\/news.save.ch\/en\/swiss-ts-swissi-und-iwt-werden-zur-swiss-safety-center-ag\/\" \/>\n<meta property=\"og:locale\" content=\"en_US\" \/>\n<meta property=\"og:type\" content=\"article\" \/>\n<meta property=\"og:title\" content=\"Swiss TS, Swissi und IWT werden zur Swiss Safety Center AG - Save\" \/>\n<meta property=\"og:description\" content=\"Die Swiss TS, die Swissi und die IWT Institut f\u00fcr Werkstofftechnologie AG sind seit 1. Januar 2018 in der neuen Swiss Safety Center AG vereint.\" \/>\n<meta property=\"og:url\" content=\"https:\/\/news.save.ch\/en\/swiss-ts-swissi-und-iwt-werden-zur-swiss-safety-center-ag\/\" \/>\n<meta property=\"og:site_name\" content=\"Save\" \/>\n<meta property=\"article:published_time\" content=\"2018-01-03T11:47:46+00:00\" \/>\n<meta property=\"og:image\" content=\"https:\/\/news.save.ch\/wp-content\/uploads\/2018\/01\/Raffael-Schubiger-scaled.jpg\" \/>\n\t<meta property=\"og:image:width\" content=\"933\" \/>\n\t<meta property=\"og:image:height\" content=\"1400\" \/>\n\t<meta property=\"og:image:type\" content=\"image\/jpeg\" \/>\n<meta name=\"author\" content=\"Roger Str\u00e4ssle\" \/>\n<meta name=\"twitter:card\" content=\"summary_large_image\" \/>\n<meta name=\"twitter:label1\" content=\"Written by\" \/>\n\t<meta name=\"twitter:data1\" content=\"Roger Str\u00e4ssle\" \/>\n\t<meta name=\"twitter:label2\" content=\"Est. reading time\" \/>\n\t<meta name=\"twitter:data2\" content=\"1 minute\" \/>\n<script type=\"application\/ld+json\" class=\"yoast-schema-graph\">{\"@context\":\"https:\\\/\\\/schema.org\",\"@graph\":[{\"@type\":\"Article\",\"@id\":\"https:\\\/\\\/news.save.ch\\\/swiss-ts-swissi-und-iwt-werden-zur-swiss-safety-center-ag\\\/#article\",\"isPartOf\":{\"@id\":\"https:\\\/\\\/news.save.ch\\\/swiss-ts-swissi-und-iwt-werden-zur-swiss-safety-center-ag\\\/\"},\"author\":{\"name\":\"Roger Str\u00e4ssle\",\"@id\":\"https:\\\/\\\/news.save.ch\\\/de\\\/#\\\/schema\\\/person\\\/d5022db048e0e2b9785c50e5b24da5aa\"},\"headline\":\"Swiss TS, Swissi und IWT werden zur Swiss Safety Center AG\",\"datePublished\":\"2018-01-03T11:47:46+00:00\",\"mainEntityOfPage\":{\"@id\":\"https:\\\/\\\/news.save.ch\\\/swiss-ts-swissi-und-iwt-werden-zur-swiss-safety-center-ag\\\/\"},\"wordCount\":167,\"commentCount\":0,\"publisher\":{\"@id\":\"https:\\\/\\\/news.save.ch\\\/de\\\/#organization\"},\"image\":{\"@id\":\"https:\\\/\\\/news.save.ch\\\/swiss-ts-swissi-und-iwt-werden-zur-swiss-safety-center-ag\\\/#primaryimage\"},\"thumbnailUrl\":\"https:\\\/\\\/news.save.ch\\\/wp-content\\\/uploads\\\/2018\\\/01\\\/Raffael-Schubiger-scaled.jpg\",\"keywords\":[\"Unternehmen\"],\"articleSection\":[\"ALLGEMEIN\"],\"inLanguage\":\"en-US\"},{\"@type\":\"WebPage\",\"@id\":\"https:\\\/\\\/news.save.ch\\\/swiss-ts-swissi-und-iwt-werden-zur-swiss-safety-center-ag\\\/\",\"url\":\"https:\\\/\\\/news.save.ch\\\/swiss-ts-swissi-und-iwt-werden-zur-swiss-safety-center-ag\\\/\",\"name\":\"Swiss TS, Swissi und IWT werden zur Swiss Safety Center AG - Save\",\"isPartOf\":{\"@id\":\"https:\\\/\\\/news.save.ch\\\/de\\\/#website\"},\"primaryImageOfPage\":{\"@id\":\"https:\\\/\\\/news.save.ch\\\/swiss-ts-swissi-und-iwt-werden-zur-swiss-safety-center-ag\\\/#primaryimage\"},\"image\":{\"@id\":\"https:\\\/\\\/news.save.ch\\\/swiss-ts-swissi-und-iwt-werden-zur-swiss-safety-center-ag\\\/#primaryimage\"},\"thumbnailUrl\":\"https:\\\/\\\/news.save.ch\\\/wp-content\\\/uploads\\\/2018\\\/01\\\/Raffael-Schubiger-scaled.jpg\",\"datePublished\":\"2018-01-03T11:47:46+00:00\",\"description\":\"Die Swiss TS, die Swissi und die IWT Institut f\u00fcr Werkstofftechnologie AG sind seit 1. Januar 2018 in der neuen Swiss Safety Center AG vereint.\",\"breadcrumb\":{\"@id\":\"https:\\\/\\\/news.save.ch\\\/swiss-ts-swissi-und-iwt-werden-zur-swiss-safety-center-ag\\\/#breadcrumb\"},\"inLanguage\":\"en-US\",\"potentialAction\":[{\"@type\":\"ReadAction\",\"target\":[\"https:\\\/\\\/news.save.ch\\\/swiss-ts-swissi-und-iwt-werden-zur-swiss-safety-center-ag\\\/\"]}]},{\"@type\":\"ImageObject\",\"inLanguage\":\"en-US\",\"@id\":\"https:\\\/\\\/news.save.ch\\\/swiss-ts-swissi-und-iwt-werden-zur-swiss-safety-center-ag\\\/#primaryimage\",\"url\":\"https:\\\/\\\/news.save.ch\\\/wp-content\\\/uploads\\\/2018\\\/01\\\/Raffael-Schubiger-scaled.jpg\",\"contentUrl\":\"https:\\\/\\\/news.save.ch\\\/wp-content\\\/uploads\\\/2018\\\/01\\\/Raffael-Schubiger-scaled.jpg\",\"width\":933,\"height\":1400},{\"@type\":\"BreadcrumbList\",\"@id\":\"https:\\\/\\\/news.save.ch\\\/swiss-ts-swissi-und-iwt-werden-zur-swiss-safety-center-ag\\\/#breadcrumb\",\"itemListElement\":[{\"@type\":\"ListItem\",\"position\":1,\"name\":\"Home\",\"item\":\"https:\\\/\\\/news.save.ch\\\/de\\\/\"},{\"@type\":\"ListItem\",\"position\":2,\"name\":\"Swiss TS, Swissi und IWT werden zur Swiss Safety Center AG\"}]},{\"@type\":\"WebSite\",\"@id\":\"https:\\\/\\\/news.save.ch\\\/de\\\/#website\",\"url\":\"https:\\\/\\\/news.save.ch\\\/de\\\/\",\"name\":\"Save\",\"description\":\"Schweizer Fachzeitschrift f\u00fcr Sicherheit\",\"publisher\":{\"@id\":\"https:\\\/\\\/news.save.ch\\\/de\\\/#organization\"},\"potentialAction\":[{\"@type\":\"SearchAction\",\"target\":{\"@type\":\"EntryPoint\",\"urlTemplate\":\"https:\\\/\\\/news.save.ch\\\/de\\\/?s={search_term_string}\"},\"query-input\":{\"@type\":\"PropertyValueSpecification\",\"valueRequired\":true,\"valueName\":\"search_term_string\"}}],\"inLanguage\":\"en-US\"},{\"@type\":\"Organization\",\"@id\":\"https:\\\/\\\/news.save.ch\\\/de\\\/#organization\",\"name\":\"Sicherheitsforum\",\"url\":\"https:\\\/\\\/news.save.ch\\\/de\\\/\",\"logo\":{\"@type\":\"ImageObject\",\"inLanguage\":\"en-US\",\"@id\":\"https:\\\/\\\/news.save.ch\\\/de\\\/#\\\/schema\\\/logo\\\/image\\\/\",\"url\":\"https:\\\/\\\/news.save.ch\\\/wp-content\\\/uploads\\\/2022\\\/06\\\/Logo_SF_2012.png\",\"contentUrl\":\"https:\\\/\\\/news.save.ch\\\/wp-content\\\/uploads\\\/2022\\\/06\\\/Logo_SF_2012.png\",\"width\":1100,\"height\":91,\"caption\":\"Sicherheitsforum\"},\"image\":{\"@id\":\"https:\\\/\\\/news.save.ch\\\/de\\\/#\\\/schema\\\/logo\\\/image\\\/\"}},{\"@type\":\"Person\",\"@id\":\"https:\\\/\\\/news.save.ch\\\/de\\\/#\\\/schema\\\/person\\\/d5022db048e0e2b9785c50e5b24da5aa\",\"name\":\"Roger Str\u00e4ssle\",\"image\":{\"@type\":\"ImageObject\",\"inLanguage\":\"en-US\",\"@id\":\"https:\\\/\\\/secure.gravatar.com\\\/avatar\\\/862a5569d087de48e5856e32f45d719a03804c891d6deb8d4f71a660e79e4a47?s=96&d=mm&r=g\",\"url\":\"https:\\\/\\\/secure.gravatar.com\\\/avatar\\\/862a5569d087de48e5856e32f45d719a03804c891d6deb8d4f71a660e79e4a47?s=96&d=mm&r=g\",\"contentUrl\":\"https:\\\/\\\/secure.gravatar.com\\\/avatar\\\/862a5569d087de48e5856e32f45d719a03804c891d6deb8d4f71a660e79e4a47?s=96&d=mm&r=g\",\"caption\":\"Roger Str\u00e4ssle\"},\"url\":\"https:\\\/\\\/news.save.ch\\\/en\\\/author\\\/roger-straessle\\\/\"}]}<\/script>\n<!-- \/ Yoast SEO plugin. -->","yoast_head_json":{"title":"Swiss TS, Swissi and IWT become Swiss Safety Center AG - Save","description":"Swiss TS, Swissi and IWT Institut f\u00fcr Werkstofftechnologie AG have been united in the new Swiss Safety Center AG since January 1, 2018.","robots":{"index":"index","follow":"follow","max-snippet":"max-snippet:-1","max-image-preview":"max-image-preview:large","max-video-preview":"max-video-preview:-1"},"canonical":"https:\/\/news.save.ch\/en\/swiss-ts-swissi-und-iwt-werden-zur-swiss-safety-center-ag\/","og_locale":"en_US","og_type":"article","og_title":"Swiss TS, Swissi und IWT werden zur Swiss Safety Center AG - Save","og_description":"Die Swiss TS, die Swissi und die IWT Institut f\u00fcr Werkstofftechnologie AG sind seit 1. Januar 2018 in der neuen Swiss Safety Center AG vereint.","og_url":"https:\/\/news.save.ch\/en\/swiss-ts-swissi-und-iwt-werden-zur-swiss-safety-center-ag\/","og_site_name":"Save","article_published_time":"2018-01-03T11:47:46+00:00","og_image":[{"width":933,"height":1400,"url":"https:\/\/news.save.ch\/wp-content\/uploads\/2018\/01\/Raffael-Schubiger-scaled.jpg","type":"image\/jpeg"}],"author":"Roger Str\u00e4ssle","twitter_card":"summary_large_image","twitter_misc":{"Written by":"Roger Str\u00e4ssle","Est. reading time":"1 minute"},"schema":{"@context":"https:\/\/schema.org","@graph":[{"@type":"Article","@id":"https:\/\/news.save.ch\/swiss-ts-swissi-und-iwt-werden-zur-swiss-safety-center-ag\/#article","isPartOf":{"@id":"https:\/\/news.save.ch\/swiss-ts-swissi-und-iwt-werden-zur-swiss-safety-center-ag\/"},"author":{"name":"Roger Str\u00e4ssle","@id":"https:\/\/news.save.ch\/de\/#\/schema\/person\/d5022db048e0e2b9785c50e5b24da5aa"},"headline":"Swiss TS, Swissi und IWT werden zur Swiss Safety Center AG","datePublished":"2018-01-03T11:47:46+00:00","mainEntityOfPage":{"@id":"https:\/\/news.save.ch\/swiss-ts-swissi-und-iwt-werden-zur-swiss-safety-center-ag\/"},"wordCount":167,"commentCount":0,"publisher":{"@id":"https:\/\/news.save.ch\/de\/#organization"},"image":{"@id":"https:\/\/news.save.ch\/swiss-ts-swissi-und-iwt-werden-zur-swiss-safety-center-ag\/#primaryimage"},"thumbnailUrl":"https:\/\/news.save.ch\/wp-content\/uploads\/2018\/01\/Raffael-Schubiger-scaled.jpg","keywords":["Unternehmen"],"articleSection":["ALLGEMEIN"],"inLanguage":"en-US"},{"@type":"WebPage","@id":"https:\/\/news.save.ch\/swiss-ts-swissi-und-iwt-werden-zur-swiss-safety-center-ag\/","url":"https:\/\/news.save.ch\/swiss-ts-swissi-und-iwt-werden-zur-swiss-safety-center-ag\/","name":"Swiss TS, Swissi and IWT become Swiss Safety Center AG - Save","isPartOf":{"@id":"https:\/\/news.save.ch\/de\/#website"},"primaryImageOfPage":{"@id":"https:\/\/news.save.ch\/swiss-ts-swissi-und-iwt-werden-zur-swiss-safety-center-ag\/#primaryimage"},"image":{"@id":"https:\/\/news.save.ch\/swiss-ts-swissi-und-iwt-werden-zur-swiss-safety-center-ag\/#primaryimage"},"thumbnailUrl":"https:\/\/news.save.ch\/wp-content\/uploads\/2018\/01\/Raffael-Schubiger-scaled.jpg","datePublished":"2018-01-03T11:47:46+00:00","description":"Swiss TS, Swissi and IWT Institut f\u00fcr Werkstofftechnologie AG have been united in the new Swiss Safety Center AG since January 1, 2018.","breadcrumb":{"@id":"https:\/\/news.save.ch\/swiss-ts-swissi-und-iwt-werden-zur-swiss-safety-center-ag\/#breadcrumb"},"inLanguage":"en-US","potentialAction":[{"@type":"ReadAction","target":["https:\/\/news.save.ch\/swiss-ts-swissi-und-iwt-werden-zur-swiss-safety-center-ag\/"]}]},{"@type":"ImageObject","inLanguage":"en-US","@id":"https:\/\/news.save.ch\/swiss-ts-swissi-und-iwt-werden-zur-swiss-safety-center-ag\/#primaryimage","url":"https:\/\/news.save.ch\/wp-content\/uploads\/2018\/01\/Raffael-Schubiger-scaled.jpg","contentUrl":"https:\/\/news.save.ch\/wp-content\/uploads\/2018\/01\/Raffael-Schubiger-scaled.jpg","width":933,"height":1400},{"@type":"BreadcrumbList","@id":"https:\/\/news.save.ch\/swiss-ts-swissi-und-iwt-werden-zur-swiss-safety-center-ag\/#breadcrumb","itemListElement":[{"@type":"ListItem","position":1,"name":"Home","item":"https:\/\/news.save.ch\/de\/"},{"@type":"ListItem","position":2,"name":"Swiss TS, Swissi und IWT werden zur Swiss Safety Center AG"}]},{"@type":"WebSite","@id":"https:\/\/news.save.ch\/de\/#website","url":"https:\/\/news.save.ch\/de\/","name":"Save","description":"Swiss trade journal for safety","publisher":{"@id":"https:\/\/news.save.ch\/de\/#organization"},"potentialAction":[{"@type":"SearchAction","target":{"@type":"EntryPoint","urlTemplate":"https:\/\/news.save.ch\/de\/?s={search_term_string}"},"query-input":{"@type":"PropertyValueSpecification","valueRequired":true,"valueName":"search_term_string"}}],"inLanguage":"en-US"},{"@type":"Organization","@id":"https:\/\/news.save.ch\/de\/#organization","name":"Security Forum","url":"https:\/\/news.save.ch\/de\/","logo":{"@type":"ImageObject","inLanguage":"en-US","@id":"https:\/\/news.save.ch\/de\/#\/schema\/logo\/image\/","url":"https:\/\/news.save.ch\/wp-content\/uploads\/2022\/06\/Logo_SF_2012.png","contentUrl":"https:\/\/news.save.ch\/wp-content\/uploads\/2022\/06\/Logo_SF_2012.png","width":1100,"height":91,"caption":"Sicherheitsforum"},"image":{"@id":"https:\/\/news.save.ch\/de\/#\/schema\/logo\/image\/"}},{"@type":"Person","@id":"https:\/\/news.save.ch\/de\/#\/schema\/person\/d5022db048e0e2b9785c50e5b24da5aa","name":"Roger Str\u00e4ssle","image":{"@type":"ImageObject","inLanguage":"en-US","@id":"https:\/\/secure.gravatar.com\/avatar\/862a5569d087de48e5856e32f45d719a03804c891d6deb8d4f71a660e79e4a47?s=96&d=mm&r=g","url":"https:\/\/secure.gravatar.com\/avatar\/862a5569d087de48e5856e32f45d719a03804c891d6deb8d4f71a660e79e4a47?s=96&d=mm&r=g","contentUrl":"https:\/\/secure.gravatar.com\/avatar\/862a5569d087de48e5856e32f45d719a03804c891d6deb8d4f71a660e79e4a47?s=96&d=mm&r=g","caption":"Roger Str\u00e4ssle"},"url":"https:\/\/news.save.ch\/en\/author\/roger-straessle\/"}]}},"_links":{"self":[{"href":"https:\/\/news.save.ch\/en\/wp-json\/wp\/v2\/posts\/5807","targetHints":{"allow":["GET"]}}],"collection":[{"href":"https:\/\/news.save.ch\/en\/wp-json\/wp\/v2\/posts"}],"about":[{"href":"https:\/\/news.save.ch\/en\/wp-json\/wp\/v2\/types\/post"}],"author":[{"embeddable":true,"href":"https:\/\/news.save.ch\/en\/wp-json\/wp\/v2\/users\/8"}],"replies":[{"embeddable":true,"href":"https:\/\/news.save.ch\/en\/wp-json\/wp\/v2\/comments?post=5807"}],"version-history":[{"count":0,"href":"https:\/\/news.save.ch\/en\/wp-json\/wp\/v2\/posts\/5807\/revisions"}],"wp:featuredmedia":[{"embeddable":true,"href":"https:\/\/news.save.ch\/en\/wp-json\/wp\/v2\/media\/5808"}],"wp:attachment":[{"href":"https:\/\/news.save.ch\/en\/wp-json\/wp\/v2\/media?parent=5807"}],"wp:term":[{"taxonomy":"category","embeddable":true,"href":"https:\/\/news.save.ch\/en\/wp-json\/wp\/v2\/categories?post=5807"},{"taxonomy":"post_tag","embeddable":true,"href":"https:\/\/news.save.ch\/en\/wp-json\/wp\/v2\/tags?post=5807"}],"curies":[{"name":"wp","href":"https:\/\/api.w.org\/{rel}","templated":true}]}}