{"id":585,"date":"2015-08-27T17:53:45","date_gmt":"2015-08-27T15:53:45","guid":{"rendered":"https:\/\/dev.sicherheitsforum.ch\/?p=585"},"modified":"2023-03-14T08:57:34","modified_gmt":"2023-03-14T07:57:34","slug":"bundesrat-setzt-expertengruppe-ein","status":null,"type":"post","link":"https:\/\/news.save.ch\/en\/bundesrat-setzt-expertengruppe-ein\/","title":{"rendered":"Federal Council sets up group of experts"},"content":{"rendered":"<figure id=\"attachment_586\" aria-describedby=\"caption-attachment-586\" style=\"width: 680px\" class=\"wp-caption alignnone\"><img loading=\"lazy\" decoding=\"async\" class=\"size-medium wp-image-586\" src=\"https:\/\/sicherheitsforum.ch\/wp-content\/uploads\/2016\/12\/Bundesrat-setzt-Expertengruppe-ein-it-security.jpg\" alt=\"Federal Council sets up group of experts\" width=\"680\" height=\"907\" \/><figcaption id=\"caption-attachment-586\" class=\"wp-caption-text\">Federal Council sets up group of experts<\/figcaption><\/figure>\n<p>The appointment of the group of experts by Federal Councillor Eveline Widmer-Schlumpf is in implementation of a motion by Council of States member Paul Rechsteiner (<a href=\"https:\/\/www.parlament.ch\/d\/suche\/seiten\/geschaefte.aspx?gesch_id=20133841\" target=\"_blank\" data-cke-saved-href=\"https:\/\/www.parlament.ch\/d\/suche\/seiten\/geschaefte.aspx?gesch_id=20133841\" rel=\"noopener\">13.3841<\/a>). The task of the expert group will be to answer questions that arise in connection with big data, data processing and data security, as well as the risks and opportunities of the rapid development in information and communications technology (ICT), taking into account the overall societal dimension. On this basis, recommendations are to be drawn up for the attention of the Federal Council. The panel's work is limited to three years.<\/p>\n<p><strong>The expert group is composed as follows:<\/strong><\/p>\n<p><em>President:<\/em>\u00a0Brigitta M. Gadient, (a.National Councillor)<\/p>\n<p><em>Science\/Research:<\/em><\/p>\n<ul>\n<li>Prof. Dr. Dirk Helbing, Professor ETH Zurich<\/li>\n<li>Dr. Matthias Kaiserswerth, former Director IBM Research Center, Managing Director Hasler Foundation<\/li>\n<li>Prof. Dr. Nicolas Gisin, Professor University of Geneva<\/li>\n<li>Prof. Dr. Adrian Perrig, Professor ETH Zurich<\/li>\n<li>Prof. Jean-Pierre Hubaux, Professor ETH Lausanne<\/li>\n<\/ul>\n<p><em>Law:<\/em><\/p>\n<ul>\n<li>Dr. Ursula Widmer, President Information Security Society (ISSS)<\/li>\n<li>Prof. Dr. Rolf Weber, Professor University of Zurich<\/li>\n<\/ul>\n<p><em>Economy:\u00a0<\/em>Thomas Pletscher, Member of the Executive Board Economiesuisse<\/p>\n<p><em>Communication\/Society:<\/em>\u00a0Prof. Dr. Regula H\u00e4nggli, Professor University of Fribourg<\/p>\n<p><em>Administration:<\/em><\/p>\n<ul>\n<li>Prof. Dr. Luzius Mader, Deputy Director Federal Office of Justice<\/li>\n<li>Peter Fischer, Delegate Federal IT Steering Committee<\/li>\n<li>Hanspeter Th\u00fcr, Federal Data Protection and Information Commissioner<\/li>\n<\/ul>\n<p>The expert group \"Future of data processing and data security\" will start its work in the next few weeks, it is further announced.<\/p>","protected":false},"excerpt":{"rendered":"<p>Die Einsetzung der Expertengruppe durch Bundesr\u00e4tin Eveline Widmer-Schlumpf erfolgt in Umsetzung einer vom Parlament \u00fcberwiesenen Motion von St\u00e4nderat Paul Rechsteiner (13.3841). Aufgabe der Expertengruppe wird es sein, unter Ber\u00fccksichtigung der gesamtgesellschaftlichen Dimension Fragen zu beantworten, die sich im Zusammenhang mit Big Data, der Datenbearbeitung und Datensicherheit sowie den Risiken und Chancen der rasanten Entwicklung in [&hellip;]<\/p>\n","protected":false},"author":1,"featured_media":586,"comment_status":"open","ping_status":"open","sticky":false,"template":"","format":"standard","meta":{"_acf_changed":false,"pgc_sgb_lightbox_settings":"","footnotes":""},"categories":[3313],"tags":[62,63],"class_list":["post-585","post","type-post","status-publish","format-standard","has-post-thumbnail","hentry","category-digitalisierung","tag-ict-sicherheit","tag-it-security"],"acf":[],"hkrextid":null,"publication":null,"issue":null,"workflow":null,"startPage":null,"spitzmarke":null,"_posts_by_tag_page_fields":{"widget_title":"","widget_tags":""},"_at_widget":"1","_yoast_wpseo_primary_category":"2","_yoast_wpseo_focuskw_text_input":"Expertengruppe","_yoast_wpseo_opengraph-image":"https:\/\/sicherheitsforum.ch\/wp-content\/uploads\/2016\/12\/Bundesrat-setzt-Expertengruppe-ein-it-security.jpg","_yoast_wpseo_opengraph-description":"Bundesr\u00e4tin Eveline Widmer-Schlumpf hat die Expertengruppe des Bundesrates \u201eZukunft der Datenbearbeitung und Datensicherheit\u201c eingesetzt. Das Gremium wird geleitet von der fr\u00fcheren Nationalr\u00e4tin Brigitta M. Gadient.","_yoast_wpseo_opengraph-title":"Bundesrat setzt Expertengruppe ein","enclosure":null,"_yoast_wpseo_twitter-title":null,"_yoast_wpseo_twitter-description":null,"_yoast_wpseo_twitter-image":null,"_wp_old_slug":null,"_yoast_wpseo_title":null,"_yoast_wpseo_canonical":null,"yoast_head":"<!-- This site is optimized with the Yoast SEO plugin v27.5 - https:\/\/yoast.com\/product\/yoast-seo-wordpress\/ -->\n<title>Bundesrat setzt Expertengruppe ein - Save<\/title>\n<meta name=\"description\" content=\"Der Bundesrat hat die Expertengruppe des Bundesrates \u201eZukunft der Datenbearbeitung und Datensicherheit\u201c eingesetzt.\" \/>\n<meta name=\"robots\" content=\"index, follow, max-snippet:-1, max-image-preview:large, max-video-preview:-1\" \/>\n<link rel=\"canonical\" href=\"https:\/\/news.save.ch\/en\/bundesrat-setzt-expertengruppe-ein\/\" \/>\n<meta property=\"og:locale\" content=\"en_US\" \/>\n<meta property=\"og:type\" content=\"article\" \/>\n<meta property=\"og:title\" content=\"Bundesrat setzt Expertengruppe ein\" \/>\n<meta property=\"og:description\" content=\"Bundesr\u00e4tin Eveline Widmer-Schlumpf hat die Expertengruppe des Bundesrates \u201eZukunft der Datenbearbeitung und Datensicherheit\u201c eingesetzt. Das Gremium wird geleitet von der fr\u00fcheren Nationalr\u00e4tin Brigitta M. Gadient.\" \/>\n<meta property=\"og:url\" content=\"https:\/\/news.save.ch\/en\/bundesrat-setzt-expertengruppe-ein\/\" \/>\n<meta property=\"og:site_name\" content=\"Save\" \/>\n<meta property=\"article:published_time\" content=\"2015-08-27T15:53:45+00:00\" \/>\n<meta property=\"article:modified_time\" content=\"2023-03-14T07:57:34+00:00\" \/>\n<meta property=\"og:image\" content=\"https:\/\/sicherheitsforum.ch\/wp-content\/uploads\/2016\/12\/Bundesrat-setzt-Expertengruppe-ein-it-security.jpg\" \/>\n<meta name=\"author\" content=\"admin\" \/>\n<meta name=\"twitter:card\" content=\"summary_large_image\" \/>\n<meta name=\"twitter:label1\" content=\"Written by\" \/>\n\t<meta name=\"twitter:data1\" content=\"admin\" \/>\n\t<meta name=\"twitter:label2\" content=\"Est. reading time\" \/>\n\t<meta name=\"twitter:data2\" content=\"1 minute\" \/>\n<script type=\"application\/ld+json\" class=\"yoast-schema-graph\">{\"@context\":\"https:\\\/\\\/schema.org\",\"@graph\":[{\"@type\":\"Article\",\"@id\":\"https:\\\/\\\/news.save.ch\\\/bundesrat-setzt-expertengruppe-ein\\\/#article\",\"isPartOf\":{\"@id\":\"https:\\\/\\\/news.save.ch\\\/bundesrat-setzt-expertengruppe-ein\\\/\"},\"author\":{\"name\":\"admin\",\"@id\":\"https:\\\/\\\/news.save.ch\\\/de\\\/#\\\/schema\\\/person\\\/d49e199490bad7c70d64b9ab51142f2b\"},\"headline\":\"Bundesrat setzt Expertengruppe ein\",\"datePublished\":\"2015-08-27T15:53:45+00:00\",\"dateModified\":\"2023-03-14T07:57:34+00:00\",\"mainEntityOfPage\":{\"@id\":\"https:\\\/\\\/news.save.ch\\\/bundesrat-setzt-expertengruppe-ein\\\/\"},\"wordCount\":237,\"commentCount\":0,\"publisher\":{\"@id\":\"https:\\\/\\\/news.save.ch\\\/de\\\/#organization\"},\"image\":{\"@id\":\"https:\\\/\\\/news.save.ch\\\/bundesrat-setzt-expertengruppe-ein\\\/#primaryimage\"},\"thumbnailUrl\":\"https:\\\/\\\/news.save.ch\\\/wp-content\\\/uploads\\\/2016\\\/12\\\/Bundesrat-setzt-Expertengruppe-ein-it-security-scaled.jpg\",\"keywords\":[\"ICT-Sicherheit\",\"IT-SECURITY\"],\"articleSection\":[\"DIGITALISIERUNG\"],\"inLanguage\":\"en-US\"},{\"@type\":\"WebPage\",\"@id\":\"https:\\\/\\\/news.save.ch\\\/bundesrat-setzt-expertengruppe-ein\\\/\",\"url\":\"https:\\\/\\\/news.save.ch\\\/bundesrat-setzt-expertengruppe-ein\\\/\",\"name\":\"Bundesrat setzt Expertengruppe ein - Save\",\"isPartOf\":{\"@id\":\"https:\\\/\\\/news.save.ch\\\/de\\\/#website\"},\"primaryImageOfPage\":{\"@id\":\"https:\\\/\\\/news.save.ch\\\/bundesrat-setzt-expertengruppe-ein\\\/#primaryimage\"},\"image\":{\"@id\":\"https:\\\/\\\/news.save.ch\\\/bundesrat-setzt-expertengruppe-ein\\\/#primaryimage\"},\"thumbnailUrl\":\"https:\\\/\\\/news.save.ch\\\/wp-content\\\/uploads\\\/2016\\\/12\\\/Bundesrat-setzt-Expertengruppe-ein-it-security-scaled.jpg\",\"datePublished\":\"2015-08-27T15:53:45+00:00\",\"dateModified\":\"2023-03-14T07:57:34+00:00\",\"description\":\"Der Bundesrat hat die Expertengruppe des Bundesrates \u201eZukunft der Datenbearbeitung und Datensicherheit\u201c eingesetzt.\",\"breadcrumb\":{\"@id\":\"https:\\\/\\\/news.save.ch\\\/bundesrat-setzt-expertengruppe-ein\\\/#breadcrumb\"},\"inLanguage\":\"en-US\",\"potentialAction\":[{\"@type\":\"ReadAction\",\"target\":[\"https:\\\/\\\/news.save.ch\\\/bundesrat-setzt-expertengruppe-ein\\\/\"]}]},{\"@type\":\"ImageObject\",\"inLanguage\":\"en-US\",\"@id\":\"https:\\\/\\\/news.save.ch\\\/bundesrat-setzt-expertengruppe-ein\\\/#primaryimage\",\"url\":\"https:\\\/\\\/news.save.ch\\\/wp-content\\\/uploads\\\/2016\\\/12\\\/Bundesrat-setzt-Expertengruppe-ein-it-security-scaled.jpg\",\"contentUrl\":\"https:\\\/\\\/news.save.ch\\\/wp-content\\\/uploads\\\/2016\\\/12\\\/Bundesrat-setzt-Expertengruppe-ein-it-security-scaled.jpg\",\"width\":1050,\"height\":1400,\"caption\":\"Bundesrat setzt Expertengruppe ein\"},{\"@type\":\"BreadcrumbList\",\"@id\":\"https:\\\/\\\/news.save.ch\\\/bundesrat-setzt-expertengruppe-ein\\\/#breadcrumb\",\"itemListElement\":[{\"@type\":\"ListItem\",\"position\":1,\"name\":\"Home\",\"item\":\"https:\\\/\\\/news.save.ch\\\/de\\\/\"},{\"@type\":\"ListItem\",\"position\":2,\"name\":\"Bundesrat setzt Expertengruppe ein\"}]},{\"@type\":\"WebSite\",\"@id\":\"https:\\\/\\\/news.save.ch\\\/de\\\/#website\",\"url\":\"https:\\\/\\\/news.save.ch\\\/de\\\/\",\"name\":\"Save\",\"description\":\"Schweizer Fachzeitschrift f\u00fcr Sicherheit\",\"publisher\":{\"@id\":\"https:\\\/\\\/news.save.ch\\\/de\\\/#organization\"},\"potentialAction\":[{\"@type\":\"SearchAction\",\"target\":{\"@type\":\"EntryPoint\",\"urlTemplate\":\"https:\\\/\\\/news.save.ch\\\/de\\\/?s={search_term_string}\"},\"query-input\":{\"@type\":\"PropertyValueSpecification\",\"valueRequired\":true,\"valueName\":\"search_term_string\"}}],\"inLanguage\":\"en-US\"},{\"@type\":\"Organization\",\"@id\":\"https:\\\/\\\/news.save.ch\\\/de\\\/#organization\",\"name\":\"Sicherheitsforum\",\"url\":\"https:\\\/\\\/news.save.ch\\\/de\\\/\",\"logo\":{\"@type\":\"ImageObject\",\"inLanguage\":\"en-US\",\"@id\":\"https:\\\/\\\/news.save.ch\\\/de\\\/#\\\/schema\\\/logo\\\/image\\\/\",\"url\":\"https:\\\/\\\/news.save.ch\\\/wp-content\\\/uploads\\\/2022\\\/06\\\/Logo_SF_2012.png\",\"contentUrl\":\"https:\\\/\\\/news.save.ch\\\/wp-content\\\/uploads\\\/2022\\\/06\\\/Logo_SF_2012.png\",\"width\":1100,\"height\":91,\"caption\":\"Sicherheitsforum\"},\"image\":{\"@id\":\"https:\\\/\\\/news.save.ch\\\/de\\\/#\\\/schema\\\/logo\\\/image\\\/\"}},{\"@type\":\"Person\",\"@id\":\"https:\\\/\\\/news.save.ch\\\/de\\\/#\\\/schema\\\/person\\\/d49e199490bad7c70d64b9ab51142f2b\",\"name\":\"admin\",\"image\":{\"@type\":\"ImageObject\",\"inLanguage\":\"en-US\",\"@id\":\"https:\\\/\\\/secure.gravatar.com\\\/avatar\\\/ae2f4d718e6c49043e314ce431e7e645d646302a24a5ef5a8bc8e3f5a032e319?s=96&d=mm&r=g\",\"url\":\"https:\\\/\\\/secure.gravatar.com\\\/avatar\\\/ae2f4d718e6c49043e314ce431e7e645d646302a24a5ef5a8bc8e3f5a032e319?s=96&d=mm&r=g\",\"contentUrl\":\"https:\\\/\\\/secure.gravatar.com\\\/avatar\\\/ae2f4d718e6c49043e314ce431e7e645d646302a24a5ef5a8bc8e3f5a032e319?s=96&d=mm&r=g\",\"caption\":\"admin\"},\"sameAs\":[\"https:\\\/\\\/develop.organisator.galledia.ch\"],\"url\":\"https:\\\/\\\/news.save.ch\\\/en\\\/author\\\/admin\\\/\"}]}<\/script>\n<!-- \/ Yoast SEO plugin. -->","yoast_head_json":{"title":"Federal Council sets up group of experts - Save","description":"The Federal Council has appointed the Federal Council Expert Group on the Future of Data Processing and Data Security.","robots":{"index":"index","follow":"follow","max-snippet":"max-snippet:-1","max-image-preview":"max-image-preview:large","max-video-preview":"max-video-preview:-1"},"canonical":"https:\/\/news.save.ch\/en\/bundesrat-setzt-expertengruppe-ein\/","og_locale":"en_US","og_type":"article","og_title":"Bundesrat setzt Expertengruppe ein","og_description":"Bundesr\u00e4tin Eveline Widmer-Schlumpf hat die Expertengruppe des Bundesrates \u201eZukunft der Datenbearbeitung und Datensicherheit\u201c eingesetzt. Das Gremium wird geleitet von der fr\u00fcheren Nationalr\u00e4tin Brigitta M. Gadient.","og_url":"https:\/\/news.save.ch\/en\/bundesrat-setzt-expertengruppe-ein\/","og_site_name":"Save","article_published_time":"2015-08-27T15:53:45+00:00","article_modified_time":"2023-03-14T07:57:34+00:00","og_image":[{"url":"https:\/\/sicherheitsforum.ch\/wp-content\/uploads\/2016\/12\/Bundesrat-setzt-Expertengruppe-ein-it-security.jpg","type":"","width":"","height":""}],"author":"admin","twitter_card":"summary_large_image","twitter_misc":{"Written by":"admin","Est. reading time":"1 minute"},"schema":{"@context":"https:\/\/schema.org","@graph":[{"@type":"Article","@id":"https:\/\/news.save.ch\/bundesrat-setzt-expertengruppe-ein\/#article","isPartOf":{"@id":"https:\/\/news.save.ch\/bundesrat-setzt-expertengruppe-ein\/"},"author":{"name":"admin","@id":"https:\/\/news.save.ch\/de\/#\/schema\/person\/d49e199490bad7c70d64b9ab51142f2b"},"headline":"Bundesrat setzt Expertengruppe ein","datePublished":"2015-08-27T15:53:45+00:00","dateModified":"2023-03-14T07:57:34+00:00","mainEntityOfPage":{"@id":"https:\/\/news.save.ch\/bundesrat-setzt-expertengruppe-ein\/"},"wordCount":237,"commentCount":0,"publisher":{"@id":"https:\/\/news.save.ch\/de\/#organization"},"image":{"@id":"https:\/\/news.save.ch\/bundesrat-setzt-expertengruppe-ein\/#primaryimage"},"thumbnailUrl":"https:\/\/news.save.ch\/wp-content\/uploads\/2016\/12\/Bundesrat-setzt-Expertengruppe-ein-it-security-scaled.jpg","keywords":["ICT-Sicherheit","IT-SECURITY"],"articleSection":["DIGITALISIERUNG"],"inLanguage":"en-US"},{"@type":"WebPage","@id":"https:\/\/news.save.ch\/bundesrat-setzt-expertengruppe-ein\/","url":"https:\/\/news.save.ch\/bundesrat-setzt-expertengruppe-ein\/","name":"Federal Council sets up group of experts - Save","isPartOf":{"@id":"https:\/\/news.save.ch\/de\/#website"},"primaryImageOfPage":{"@id":"https:\/\/news.save.ch\/bundesrat-setzt-expertengruppe-ein\/#primaryimage"},"image":{"@id":"https:\/\/news.save.ch\/bundesrat-setzt-expertengruppe-ein\/#primaryimage"},"thumbnailUrl":"https:\/\/news.save.ch\/wp-content\/uploads\/2016\/12\/Bundesrat-setzt-Expertengruppe-ein-it-security-scaled.jpg","datePublished":"2015-08-27T15:53:45+00:00","dateModified":"2023-03-14T07:57:34+00:00","description":"The Federal Council has appointed the Federal Council Expert Group on the Future of Data Processing and Data Security.","breadcrumb":{"@id":"https:\/\/news.save.ch\/bundesrat-setzt-expertengruppe-ein\/#breadcrumb"},"inLanguage":"en-US","potentialAction":[{"@type":"ReadAction","target":["https:\/\/news.save.ch\/bundesrat-setzt-expertengruppe-ein\/"]}]},{"@type":"ImageObject","inLanguage":"en-US","@id":"https:\/\/news.save.ch\/bundesrat-setzt-expertengruppe-ein\/#primaryimage","url":"https:\/\/news.save.ch\/wp-content\/uploads\/2016\/12\/Bundesrat-setzt-Expertengruppe-ein-it-security-scaled.jpg","contentUrl":"https:\/\/news.save.ch\/wp-content\/uploads\/2016\/12\/Bundesrat-setzt-Expertengruppe-ein-it-security-scaled.jpg","width":1050,"height":1400,"caption":"Bundesrat setzt Expertengruppe ein"},{"@type":"BreadcrumbList","@id":"https:\/\/news.save.ch\/bundesrat-setzt-expertengruppe-ein\/#breadcrumb","itemListElement":[{"@type":"ListItem","position":1,"name":"Home","item":"https:\/\/news.save.ch\/de\/"},{"@type":"ListItem","position":2,"name":"Bundesrat setzt Expertengruppe ein"}]},{"@type":"WebSite","@id":"https:\/\/news.save.ch\/de\/#website","url":"https:\/\/news.save.ch\/de\/","name":"Save","description":"Swiss trade journal for safety","publisher":{"@id":"https:\/\/news.save.ch\/de\/#organization"},"potentialAction":[{"@type":"SearchAction","target":{"@type":"EntryPoint","urlTemplate":"https:\/\/news.save.ch\/de\/?s={search_term_string}"},"query-input":{"@type":"PropertyValueSpecification","valueRequired":true,"valueName":"search_term_string"}}],"inLanguage":"en-US"},{"@type":"Organization","@id":"https:\/\/news.save.ch\/de\/#organization","name":"Security Forum","url":"https:\/\/news.save.ch\/de\/","logo":{"@type":"ImageObject","inLanguage":"en-US","@id":"https:\/\/news.save.ch\/de\/#\/schema\/logo\/image\/","url":"https:\/\/news.save.ch\/wp-content\/uploads\/2022\/06\/Logo_SF_2012.png","contentUrl":"https:\/\/news.save.ch\/wp-content\/uploads\/2022\/06\/Logo_SF_2012.png","width":1100,"height":91,"caption":"Sicherheitsforum"},"image":{"@id":"https:\/\/news.save.ch\/de\/#\/schema\/logo\/image\/"}},{"@type":"Person","@id":"https:\/\/news.save.ch\/de\/#\/schema\/person\/d49e199490bad7c70d64b9ab51142f2b","name":"admin","image":{"@type":"ImageObject","inLanguage":"en-US","@id":"https:\/\/secure.gravatar.com\/avatar\/ae2f4d718e6c49043e314ce431e7e645d646302a24a5ef5a8bc8e3f5a032e319?s=96&d=mm&r=g","url":"https:\/\/secure.gravatar.com\/avatar\/ae2f4d718e6c49043e314ce431e7e645d646302a24a5ef5a8bc8e3f5a032e319?s=96&d=mm&r=g","contentUrl":"https:\/\/secure.gravatar.com\/avatar\/ae2f4d718e6c49043e314ce431e7e645d646302a24a5ef5a8bc8e3f5a032e319?s=96&d=mm&r=g","caption":"admin"},"sameAs":["https:\/\/develop.organisator.galledia.ch"],"url":"https:\/\/news.save.ch\/en\/author\/admin\/"}]}},"_links":{"self":[{"href":"https:\/\/news.save.ch\/en\/wp-json\/wp\/v2\/posts\/585","targetHints":{"allow":["GET"]}}],"collection":[{"href":"https:\/\/news.save.ch\/en\/wp-json\/wp\/v2\/posts"}],"about":[{"href":"https:\/\/news.save.ch\/en\/wp-json\/wp\/v2\/types\/post"}],"author":[{"embeddable":true,"href":"https:\/\/news.save.ch\/en\/wp-json\/wp\/v2\/users\/1"}],"replies":[{"embeddable":true,"href":"https:\/\/news.save.ch\/en\/wp-json\/wp\/v2\/comments?post=585"}],"version-history":[{"count":1,"href":"https:\/\/news.save.ch\/en\/wp-json\/wp\/v2\/posts\/585\/revisions"}],"predecessor-version":[{"id":17742,"href":"https:\/\/news.save.ch\/en\/wp-json\/wp\/v2\/posts\/585\/revisions\/17742"}],"wp:featuredmedia":[{"embeddable":true,"href":"https:\/\/news.save.ch\/en\/wp-json\/wp\/v2\/media\/586"}],"wp:attachment":[{"href":"https:\/\/news.save.ch\/en\/wp-json\/wp\/v2\/media?parent=585"}],"wp:term":[{"taxonomy":"category","embeddable":true,"href":"https:\/\/news.save.ch\/en\/wp-json\/wp\/v2\/categories?post=585"},{"taxonomy":"post_tag","embeddable":true,"href":"https:\/\/news.save.ch\/en\/wp-json\/wp\/v2\/tags?post=585"}],"curies":[{"name":"wp","href":"https:\/\/api.w.org\/{rel}","templated":true}]}}