{"id":5873,"date":"2020-07-24T12:43:15","date_gmt":"2020-07-24T10:43:15","guid":{"rendered":"https:\/\/news.save.ch\/?p=5873"},"modified":"2023-03-14T09:03:45","modified_gmt":"2023-03-14T08:03:45","slug":"corona-entschaedigung-fuer-selbstaendige-verlaengert","status":null,"type":"post","link":"https:\/\/news.save.ch\/en\/corona-entschaedigung-fuer-selbstaendige-verlaengert\/","title":{"rendered":"Corona compensation for self-employed extended"},"content":{"rendered":"<figure id=\"attachment_5770\" aria-describedby=\"caption-attachment-5770\" style=\"width: 680px\" class=\"wp-caption alignnone\"><img loading=\"lazy\" decoding=\"async\" class=\"size-medium wp-image-5770\" src=\"http:\/\/develop.safety-plus.ch\/wp-content\/uploads\/2020\/06\/204558_80.jpg\" alt=\"\" width=\"680\" height=\"452\" srcset=\"https:\/\/news.save.ch\/wp-content\/uploads\/2020\/06\/204558_80.jpg 794w, https:\/\/news.save.ch\/wp-content\/uploads\/2020\/06\/204558_80-680x452.jpg 680w, https:\/\/news.save.ch\/wp-content\/uploads\/2020\/06\/204558_80-768x511.jpg 768w, https:\/\/news.save.ch\/wp-content\/uploads\/2020\/06\/204558_80-18x12.jpg 18w, https:\/\/news.save.ch\/wp-content\/uploads\/2020\/06\/204558_80-375x249.jpg 375w, https:\/\/news.save.ch\/wp-content\/uploads\/2020\/06\/204558_80-526x350.jpg 526w\" sizes=\"auto, (max-width: 680px) 100vw, 680px\" \/><figcaption id=\"caption-attachment-5770\" class=\"wp-caption-text\">Do you have a loss of earnings due to the Federal Council's measures to combat the coronavirus? The Federal Council has introduced compensation for self-employed persons, employees and employers.<\/figcaption><\/figure>\n<p><strong>Self-employed<\/strong><\/p>\n<p>Self-employed persons can apply to their responsible SVA for the <a href=\"https:\/\/www.ahv-iv.ch\/p\/6.03.d\" target=\"_blank\" rel=\"noopener\">Application for compensation for loss of earnings<\/a> for various reasons. New: The Federal Council has extended the entitlement to Corona compensation for hardship cases, as a result of business closures or as a result of event bans until September 16, 2020. If you have already submitted an application, you do not need to do anything, the entitlement will be automatically extended. We will retroactively resume payments that have been discontinued.<\/p>\n<p><strong>Loss of earnings due to quarantine<\/strong><\/p>\n<p>If you had to interrupt your gainful employment because you had to go into quarantine due to medical or official orders, you are entitled to compensation for loss of earnings.<\/p>\n<p><strong>Loss of earnings due to cancelled event<\/strong><\/p>\n<p>If you are an organizer, supplier, booth builder, technician or freelance artist and your planned event had to be canceled due to the event ban, you are entitled to compensation for loss of income.<\/p>\n<p>More <a href=\"https:\/\/www.svazurich.ch\/internet\/de\/home\/produkte\/coronavirus-pandemie\/coronavirus-pandemie-se.html\" target=\"_blank\" rel=\"noopener\">Info from the SVA Zurich<\/a><\/p>\n<p><strong>Employees: Loss of earnings due to quarantine<\/strong><\/p>\n<p>If you had to interrupt your gainful employment because you had to go into quarantine due to medical or official orders, you are entitled to compensation for loss of earnings.<\/p>\n<p><strong>Employees in an employer-like function (stock corporation, limited liability company, etc.) in the event sector<\/strong><\/p>\n<p>Managing partners of an AG, GmbH or cooperative as well as their collaborating spouse or registered partner with an income from employment subject to AHV contributions of between CHF 10,000.00 and CHF 90,000.00 in 2019 can now also apply for Corona compensation.<\/p>\n<p><strong>No compensation for quarantine after stay in risk area<\/strong><\/p>\n<p>Anyone who has traveled to a risk area since July 6, 2020, and who returns to Switzerland in <a href=\"https:\/\/news.save.ch\/en\/quarantaenepflicht-mit-busse-bis-10000-chf\/\" target=\"_blank\" rel=\"noopener\">Must go into quarantine<\/a>, is not eligible for Corona acquisition replacement. The Federal Office of Public Health maintains a list of states and areas with an increased risk of infection. The list is regularly updated.<\/p>\n<p><b>The list of these areas was adjusted on July 23, 2020 <\/b><\/p>\n<p>The cantonal authorities control compliance with the quarantine with spot checks. There is a threat of <a href=\"https:\/\/news.save.ch\/en\/quarantaenepflicht-mit-busse-bis-10000-chf\/\" target=\"_blank\" rel=\"noopener\">Fine up to 10 000.- CHF<\/a>. New countries where, among others, since July 23, 2020, travelers returning home must observe the quarantine requirement:<\/p>\n<ul>\n<li>Bosnia and Herzegovina<\/li>\n<li>Luxembourg<\/li>\n<li>Maldives<\/li>\n<li>Montenegro<\/li>\n<li>United Arab Emirates<\/li>\n<\/ul>\n<p><a href=\"https:\/\/www.bag.admin.ch\/bag\/de\/home\/krankheiten\/ausbrueche-epidemien-pandemien\/aktuelle-ausbrueche-epidemien\/novel-cov\/empfehlungen\/empfehlungen-fuer-reisende\/quarantaene-einreisende.html\" target=\"_blank\" rel=\"noopener\">List of states and territories with increased risk of infection<\/a><\/p>\n<p>Info &amp; Sources:<\/p>\n<p><a href=\"http:\/\/www.svazurich.ch\" target=\"_blank\" rel=\"noopener\">SVA Zurich<\/a><\/p>\n<p><a href=\"http:\/\/www.bag.admin.ch\/\" target=\"_blank\" rel=\"noopener\">BAG<\/a><\/p>","protected":false},"excerpt":{"rendered":"<p>Selbst\u00e4ndigerwerbende Selbst\u00e4ndigerwerbende k\u00f6nnen bei ihrer zust\u00e4ndigen SVA den Antrag auf Entsch\u00e4digung des Erwerbsausfalls aus verschiedenen Gr\u00fcnden stellen. Neu: Der Bundesrat hat den Anspruch auf Corona-Entsch\u00e4digung f\u00fcr H\u00e4rtef\u00e4lle, infolge Betriebs\u00adschliessung oder infolge Veranstaltungsverbot verl\u00e4ngert bis zum 16. September 2020. Wenn Sie bereits einen Antrag eingereicht haben, brauchen Sie nichts zu tun, der Anspruch wird automatisch verl\u00e4ngert. [&hellip;]<\/p>\n","protected":false},"author":1,"featured_media":5770,"comment_status":"closed","ping_status":"closed","sticky":false,"template":"","format":"standard","meta":{"_acf_changed":false,"pgc_sgb_lightbox_settings":"","footnotes":""},"categories":[1,3314],"tags":[1637,1871,2013,2742,2800,3042],"class_list":["post-5873","post","type-post","status-publish","format-standard","has-post-thumbnail","hentry","category-allgemein","category-health-safety","tag-ansteckungsrisiko","tag-corona-entschaedigung","tag-eventbereich","tag-quarantaene","tag-risikogebiet","tag-sva"],"acf":[],"hkrextid":null,"publication":null,"issue":null,"workflow":null,"startPage":null,"spitzmarke":null,"_posts_by_tag_page_fields":{"widget_title":"","widget_tags":""},"_at_widget":"1","_yoast_wpseo_primary_category":"1","_yoast_wpseo_focuskw_text_input":"Corona-Entsch\u00e4digung","_yoast_wpseo_opengraph-image":null,"_yoast_wpseo_opengraph-description":null,"_yoast_wpseo_opengraph-title":null,"enclosure":null,"_yoast_wpseo_twitter-title":null,"_yoast_wpseo_twitter-description":null,"_yoast_wpseo_twitter-image":null,"_wp_old_slug":null,"_yoast_wpseo_title":null,"_yoast_wpseo_canonical":null,"yoast_head":"<!-- This site is optimized with the Yoast SEO plugin v27.5 - https:\/\/yoast.com\/product\/yoast-seo-wordpress\/ -->\n<title>Corona-Entsch\u00e4digung f\u00fcr Selbst\u00e4ndige verl\u00e4ngert - Save<\/title>\n<meta name=\"description\" content=\"Corona-Entsch\u00e4digung f\u00fcr Selbst\u00e4ndigerwerbende r\u00fcckwirkend verl\u00e4ngert. Neu auch f\u00fcr Gesch\u00e4ftsf\u00fchrer einer AG oder GmbH im Eventbereich.\" \/>\n<meta name=\"robots\" content=\"index, follow, max-snippet:-1, max-image-preview:large, max-video-preview:-1\" \/>\n<link rel=\"canonical\" href=\"https:\/\/news.save.ch\/en\/corona-entschaedigung-fuer-selbstaendige-verlaengert\/\" \/>\n<meta property=\"og:locale\" content=\"en_US\" \/>\n<meta property=\"og:type\" content=\"article\" \/>\n<meta property=\"og:title\" content=\"Corona-Entsch\u00e4digung f\u00fcr Selbst\u00e4ndige verl\u00e4ngert - Save\" \/>\n<meta property=\"og:description\" content=\"Corona-Entsch\u00e4digung f\u00fcr Selbst\u00e4ndigerwerbende r\u00fcckwirkend verl\u00e4ngert. Neu auch f\u00fcr Gesch\u00e4ftsf\u00fchrer einer AG oder GmbH im Eventbereich.\" \/>\n<meta property=\"og:url\" content=\"https:\/\/news.save.ch\/en\/corona-entschaedigung-fuer-selbstaendige-verlaengert\/\" \/>\n<meta property=\"og:site_name\" content=\"Save\" \/>\n<meta property=\"article:published_time\" content=\"2020-07-24T10:43:15+00:00\" \/>\n<meta property=\"article:modified_time\" content=\"2023-03-14T08:03:45+00:00\" \/>\n<meta property=\"og:image\" content=\"https:\/\/news.save.ch\/wp-content\/uploads\/2020\/06\/204558_80.jpg\" \/>\n\t<meta property=\"og:image:width\" content=\"794\" \/>\n\t<meta property=\"og:image:height\" content=\"528\" \/>\n\t<meta property=\"og:image:type\" content=\"image\/jpeg\" \/>\n<meta name=\"author\" content=\"admin\" \/>\n<meta name=\"twitter:card\" content=\"summary_large_image\" \/>\n<meta name=\"twitter:label1\" content=\"Written by\" \/>\n\t<meta name=\"twitter:data1\" content=\"admin\" \/>\n\t<meta name=\"twitter:label2\" content=\"Est. reading time\" \/>\n\t<meta name=\"twitter:data2\" content=\"2 minutes\" \/>\n<script type=\"application\/ld+json\" class=\"yoast-schema-graph\">{\"@context\":\"https:\\\/\\\/schema.org\",\"@graph\":[{\"@type\":\"Article\",\"@id\":\"https:\\\/\\\/news.save.ch\\\/corona-entschaedigung-fuer-selbstaendige-verlaengert\\\/#article\",\"isPartOf\":{\"@id\":\"https:\\\/\\\/news.save.ch\\\/corona-entschaedigung-fuer-selbstaendige-verlaengert\\\/\"},\"author\":{\"name\":\"admin\",\"@id\":\"https:\\\/\\\/news.save.ch\\\/de\\\/#\\\/schema\\\/person\\\/d49e199490bad7c70d64b9ab51142f2b\"},\"headline\":\"Corona-Entsch\u00e4digung f\u00fcr Selbst\u00e4ndige verl\u00e4ngert\",\"datePublished\":\"2020-07-24T10:43:15+00:00\",\"dateModified\":\"2023-03-14T08:03:45+00:00\",\"mainEntityOfPage\":{\"@id\":\"https:\\\/\\\/news.save.ch\\\/corona-entschaedigung-fuer-selbstaendige-verlaengert\\\/\"},\"wordCount\":403,\"publisher\":{\"@id\":\"https:\\\/\\\/news.save.ch\\\/de\\\/#organization\"},\"image\":{\"@id\":\"https:\\\/\\\/news.save.ch\\\/corona-entschaedigung-fuer-selbstaendige-verlaengert\\\/#primaryimage\"},\"thumbnailUrl\":\"https:\\\/\\\/news.save.ch\\\/wp-content\\\/uploads\\\/2020\\\/06\\\/204558_80.jpg\",\"keywords\":[\"Ansteckungsrisiko\",\"Corona-Entsch\u00e4digung\",\"Eventbereich\",\"Quarant\u00e4ne\",\"Risikogebiet\",\"SVA\"],\"articleSection\":[\"ALLGEMEIN\",\"HEALTH &amp; SAFETY\"],\"inLanguage\":\"en-US\"},{\"@type\":\"WebPage\",\"@id\":\"https:\\\/\\\/news.save.ch\\\/corona-entschaedigung-fuer-selbstaendige-verlaengert\\\/\",\"url\":\"https:\\\/\\\/news.save.ch\\\/corona-entschaedigung-fuer-selbstaendige-verlaengert\\\/\",\"name\":\"Corona-Entsch\u00e4digung f\u00fcr Selbst\u00e4ndige verl\u00e4ngert - Save\",\"isPartOf\":{\"@id\":\"https:\\\/\\\/news.save.ch\\\/de\\\/#website\"},\"primaryImageOfPage\":{\"@id\":\"https:\\\/\\\/news.save.ch\\\/corona-entschaedigung-fuer-selbstaendige-verlaengert\\\/#primaryimage\"},\"image\":{\"@id\":\"https:\\\/\\\/news.save.ch\\\/corona-entschaedigung-fuer-selbstaendige-verlaengert\\\/#primaryimage\"},\"thumbnailUrl\":\"https:\\\/\\\/news.save.ch\\\/wp-content\\\/uploads\\\/2020\\\/06\\\/204558_80.jpg\",\"datePublished\":\"2020-07-24T10:43:15+00:00\",\"dateModified\":\"2023-03-14T08:03:45+00:00\",\"description\":\"Corona-Entsch\u00e4digung f\u00fcr Selbst\u00e4ndigerwerbende r\u00fcckwirkend verl\u00e4ngert. Neu auch f\u00fcr Gesch\u00e4ftsf\u00fchrer einer AG oder GmbH im Eventbereich.\",\"breadcrumb\":{\"@id\":\"https:\\\/\\\/news.save.ch\\\/corona-entschaedigung-fuer-selbstaendige-verlaengert\\\/#breadcrumb\"},\"inLanguage\":\"en-US\",\"potentialAction\":[{\"@type\":\"ReadAction\",\"target\":[\"https:\\\/\\\/news.save.ch\\\/corona-entschaedigung-fuer-selbstaendige-verlaengert\\\/\"]}]},{\"@type\":\"ImageObject\",\"inLanguage\":\"en-US\",\"@id\":\"https:\\\/\\\/news.save.ch\\\/corona-entschaedigung-fuer-selbstaendige-verlaengert\\\/#primaryimage\",\"url\":\"https:\\\/\\\/news.save.ch\\\/wp-content\\\/uploads\\\/2020\\\/06\\\/204558_80.jpg\",\"contentUrl\":\"https:\\\/\\\/news.save.ch\\\/wp-content\\\/uploads\\\/2020\\\/06\\\/204558_80.jpg\",\"width\":794,\"height\":528,\"caption\":\"Coronavirus: Grossanl\u00e4sse sind ab 1. Oktober 2020 unter strengen Bedingungen und mit Bewilligung wieder m\u00f6glich.\"},{\"@type\":\"BreadcrumbList\",\"@id\":\"https:\\\/\\\/news.save.ch\\\/corona-entschaedigung-fuer-selbstaendige-verlaengert\\\/#breadcrumb\",\"itemListElement\":[{\"@type\":\"ListItem\",\"position\":1,\"name\":\"Home\",\"item\":\"https:\\\/\\\/news.save.ch\\\/de\\\/\"},{\"@type\":\"ListItem\",\"position\":2,\"name\":\"Corona-Entsch\u00e4digung f\u00fcr Selbst\u00e4ndige verl\u00e4ngert\"}]},{\"@type\":\"WebSite\",\"@id\":\"https:\\\/\\\/news.save.ch\\\/de\\\/#website\",\"url\":\"https:\\\/\\\/news.save.ch\\\/de\\\/\",\"name\":\"Save\",\"description\":\"Schweizer Fachzeitschrift f\u00fcr Sicherheit\",\"publisher\":{\"@id\":\"https:\\\/\\\/news.save.ch\\\/de\\\/#organization\"},\"potentialAction\":[{\"@type\":\"SearchAction\",\"target\":{\"@type\":\"EntryPoint\",\"urlTemplate\":\"https:\\\/\\\/news.save.ch\\\/de\\\/?s={search_term_string}\"},\"query-input\":{\"@type\":\"PropertyValueSpecification\",\"valueRequired\":true,\"valueName\":\"search_term_string\"}}],\"inLanguage\":\"en-US\"},{\"@type\":\"Organization\",\"@id\":\"https:\\\/\\\/news.save.ch\\\/de\\\/#organization\",\"name\":\"Sicherheitsforum\",\"url\":\"https:\\\/\\\/news.save.ch\\\/de\\\/\",\"logo\":{\"@type\":\"ImageObject\",\"inLanguage\":\"en-US\",\"@id\":\"https:\\\/\\\/news.save.ch\\\/de\\\/#\\\/schema\\\/logo\\\/image\\\/\",\"url\":\"https:\\\/\\\/news.save.ch\\\/wp-content\\\/uploads\\\/2022\\\/06\\\/Logo_SF_2012.png\",\"contentUrl\":\"https:\\\/\\\/news.save.ch\\\/wp-content\\\/uploads\\\/2022\\\/06\\\/Logo_SF_2012.png\",\"width\":1100,\"height\":91,\"caption\":\"Sicherheitsforum\"},\"image\":{\"@id\":\"https:\\\/\\\/news.save.ch\\\/de\\\/#\\\/schema\\\/logo\\\/image\\\/\"}},{\"@type\":\"Person\",\"@id\":\"https:\\\/\\\/news.save.ch\\\/de\\\/#\\\/schema\\\/person\\\/d49e199490bad7c70d64b9ab51142f2b\",\"name\":\"admin\",\"image\":{\"@type\":\"ImageObject\",\"inLanguage\":\"en-US\",\"@id\":\"https:\\\/\\\/secure.gravatar.com\\\/avatar\\\/ae2f4d718e6c49043e314ce431e7e645d646302a24a5ef5a8bc8e3f5a032e319?s=96&d=mm&r=g\",\"url\":\"https:\\\/\\\/secure.gravatar.com\\\/avatar\\\/ae2f4d718e6c49043e314ce431e7e645d646302a24a5ef5a8bc8e3f5a032e319?s=96&d=mm&r=g\",\"contentUrl\":\"https:\\\/\\\/secure.gravatar.com\\\/avatar\\\/ae2f4d718e6c49043e314ce431e7e645d646302a24a5ef5a8bc8e3f5a032e319?s=96&d=mm&r=g\",\"caption\":\"admin\"},\"sameAs\":[\"https:\\\/\\\/develop.organisator.galledia.ch\"],\"url\":\"https:\\\/\\\/news.save.ch\\\/en\\\/author\\\/admin\\\/\"}]}<\/script>\n<!-- \/ Yoast SEO plugin. -->","yoast_head_json":{"title":"Corona compensation for self-employed extended - Save","description":"Corona compensation for self-employed persons extended retroactively. New also for managing directors of an AG or GmbH in the event sector.","robots":{"index":"index","follow":"follow","max-snippet":"max-snippet:-1","max-image-preview":"max-image-preview:large","max-video-preview":"max-video-preview:-1"},"canonical":"https:\/\/news.save.ch\/en\/corona-entschaedigung-fuer-selbstaendige-verlaengert\/","og_locale":"en_US","og_type":"article","og_title":"Corona-Entsch\u00e4digung f\u00fcr Selbst\u00e4ndige verl\u00e4ngert - Save","og_description":"Corona-Entsch\u00e4digung f\u00fcr Selbst\u00e4ndigerwerbende r\u00fcckwirkend verl\u00e4ngert. Neu auch f\u00fcr Gesch\u00e4ftsf\u00fchrer einer AG oder GmbH im Eventbereich.","og_url":"https:\/\/news.save.ch\/en\/corona-entschaedigung-fuer-selbstaendige-verlaengert\/","og_site_name":"Save","article_published_time":"2020-07-24T10:43:15+00:00","article_modified_time":"2023-03-14T08:03:45+00:00","og_image":[{"width":794,"height":528,"url":"https:\/\/news.save.ch\/wp-content\/uploads\/2020\/06\/204558_80.jpg","type":"image\/jpeg"}],"author":"admin","twitter_card":"summary_large_image","twitter_misc":{"Written by":"admin","Est. reading time":"2 minutes"},"schema":{"@context":"https:\/\/schema.org","@graph":[{"@type":"Article","@id":"https:\/\/news.save.ch\/corona-entschaedigung-fuer-selbstaendige-verlaengert\/#article","isPartOf":{"@id":"https:\/\/news.save.ch\/corona-entschaedigung-fuer-selbstaendige-verlaengert\/"},"author":{"name":"admin","@id":"https:\/\/news.save.ch\/de\/#\/schema\/person\/d49e199490bad7c70d64b9ab51142f2b"},"headline":"Corona-Entsch\u00e4digung f\u00fcr Selbst\u00e4ndige verl\u00e4ngert","datePublished":"2020-07-24T10:43:15+00:00","dateModified":"2023-03-14T08:03:45+00:00","mainEntityOfPage":{"@id":"https:\/\/news.save.ch\/corona-entschaedigung-fuer-selbstaendige-verlaengert\/"},"wordCount":403,"publisher":{"@id":"https:\/\/news.save.ch\/de\/#organization"},"image":{"@id":"https:\/\/news.save.ch\/corona-entschaedigung-fuer-selbstaendige-verlaengert\/#primaryimage"},"thumbnailUrl":"https:\/\/news.save.ch\/wp-content\/uploads\/2020\/06\/204558_80.jpg","keywords":["Ansteckungsrisiko","Corona-Entsch\u00e4digung","Eventbereich","Quarant\u00e4ne","Risikogebiet","SVA"],"articleSection":["ALLGEMEIN","HEALTH &amp; SAFETY"],"inLanguage":"en-US"},{"@type":"WebPage","@id":"https:\/\/news.save.ch\/corona-entschaedigung-fuer-selbstaendige-verlaengert\/","url":"https:\/\/news.save.ch\/corona-entschaedigung-fuer-selbstaendige-verlaengert\/","name":"Corona compensation for self-employed extended - Save","isPartOf":{"@id":"https:\/\/news.save.ch\/de\/#website"},"primaryImageOfPage":{"@id":"https:\/\/news.save.ch\/corona-entschaedigung-fuer-selbstaendige-verlaengert\/#primaryimage"},"image":{"@id":"https:\/\/news.save.ch\/corona-entschaedigung-fuer-selbstaendige-verlaengert\/#primaryimage"},"thumbnailUrl":"https:\/\/news.save.ch\/wp-content\/uploads\/2020\/06\/204558_80.jpg","datePublished":"2020-07-24T10:43:15+00:00","dateModified":"2023-03-14T08:03:45+00:00","description":"Corona compensation for self-employed persons extended retroactively. New also for managing directors of an AG or GmbH in the event sector.","breadcrumb":{"@id":"https:\/\/news.save.ch\/corona-entschaedigung-fuer-selbstaendige-verlaengert\/#breadcrumb"},"inLanguage":"en-US","potentialAction":[{"@type":"ReadAction","target":["https:\/\/news.save.ch\/corona-entschaedigung-fuer-selbstaendige-verlaengert\/"]}]},{"@type":"ImageObject","inLanguage":"en-US","@id":"https:\/\/news.save.ch\/corona-entschaedigung-fuer-selbstaendige-verlaengert\/#primaryimage","url":"https:\/\/news.save.ch\/wp-content\/uploads\/2020\/06\/204558_80.jpg","contentUrl":"https:\/\/news.save.ch\/wp-content\/uploads\/2020\/06\/204558_80.jpg","width":794,"height":528,"caption":"Coronavirus: Grossanl\u00e4sse sind ab 1. Oktober 2020 unter strengen Bedingungen und mit Bewilligung wieder m\u00f6glich."},{"@type":"BreadcrumbList","@id":"https:\/\/news.save.ch\/corona-entschaedigung-fuer-selbstaendige-verlaengert\/#breadcrumb","itemListElement":[{"@type":"ListItem","position":1,"name":"Home","item":"https:\/\/news.save.ch\/de\/"},{"@type":"ListItem","position":2,"name":"Corona-Entsch\u00e4digung f\u00fcr Selbst\u00e4ndige verl\u00e4ngert"}]},{"@type":"WebSite","@id":"https:\/\/news.save.ch\/de\/#website","url":"https:\/\/news.save.ch\/de\/","name":"Save","description":"Swiss trade journal for safety","publisher":{"@id":"https:\/\/news.save.ch\/de\/#organization"},"potentialAction":[{"@type":"SearchAction","target":{"@type":"EntryPoint","urlTemplate":"https:\/\/news.save.ch\/de\/?s={search_term_string}"},"query-input":{"@type":"PropertyValueSpecification","valueRequired":true,"valueName":"search_term_string"}}],"inLanguage":"en-US"},{"@type":"Organization","@id":"https:\/\/news.save.ch\/de\/#organization","name":"Security Forum","url":"https:\/\/news.save.ch\/de\/","logo":{"@type":"ImageObject","inLanguage":"en-US","@id":"https:\/\/news.save.ch\/de\/#\/schema\/logo\/image\/","url":"https:\/\/news.save.ch\/wp-content\/uploads\/2022\/06\/Logo_SF_2012.png","contentUrl":"https:\/\/news.save.ch\/wp-content\/uploads\/2022\/06\/Logo_SF_2012.png","width":1100,"height":91,"caption":"Sicherheitsforum"},"image":{"@id":"https:\/\/news.save.ch\/de\/#\/schema\/logo\/image\/"}},{"@type":"Person","@id":"https:\/\/news.save.ch\/de\/#\/schema\/person\/d49e199490bad7c70d64b9ab51142f2b","name":"admin","image":{"@type":"ImageObject","inLanguage":"en-US","@id":"https:\/\/secure.gravatar.com\/avatar\/ae2f4d718e6c49043e314ce431e7e645d646302a24a5ef5a8bc8e3f5a032e319?s=96&d=mm&r=g","url":"https:\/\/secure.gravatar.com\/avatar\/ae2f4d718e6c49043e314ce431e7e645d646302a24a5ef5a8bc8e3f5a032e319?s=96&d=mm&r=g","contentUrl":"https:\/\/secure.gravatar.com\/avatar\/ae2f4d718e6c49043e314ce431e7e645d646302a24a5ef5a8bc8e3f5a032e319?s=96&d=mm&r=g","caption":"admin"},"sameAs":["https:\/\/develop.organisator.galledia.ch"],"url":"https:\/\/news.save.ch\/en\/author\/admin\/"}]}},"_links":{"self":[{"href":"https:\/\/news.save.ch\/en\/wp-json\/wp\/v2\/posts\/5873","targetHints":{"allow":["GET"]}}],"collection":[{"href":"https:\/\/news.save.ch\/en\/wp-json\/wp\/v2\/posts"}],"about":[{"href":"https:\/\/news.save.ch\/en\/wp-json\/wp\/v2\/types\/post"}],"author":[{"embeddable":true,"href":"https:\/\/news.save.ch\/en\/wp-json\/wp\/v2\/users\/1"}],"replies":[{"embeddable":true,"href":"https:\/\/news.save.ch\/en\/wp-json\/wp\/v2\/comments?post=5873"}],"version-history":[{"count":1,"href":"https:\/\/news.save.ch\/en\/wp-json\/wp\/v2\/posts\/5873\/revisions"}],"predecessor-version":[{"id":18184,"href":"https:\/\/news.save.ch\/en\/wp-json\/wp\/v2\/posts\/5873\/revisions\/18184"}],"wp:featuredmedia":[{"embeddable":true,"href":"https:\/\/news.save.ch\/en\/wp-json\/wp\/v2\/media\/5770"}],"wp:attachment":[{"href":"https:\/\/news.save.ch\/en\/wp-json\/wp\/v2\/media?parent=5873"}],"wp:term":[{"taxonomy":"category","embeddable":true,"href":"https:\/\/news.save.ch\/en\/wp-json\/wp\/v2\/categories?post=5873"},{"taxonomy":"post_tag","embeddable":true,"href":"https:\/\/news.save.ch\/en\/wp-json\/wp\/v2\/tags?post=5873"}],"curies":[{"name":"wp","href":"https:\/\/api.w.org\/{rel}","templated":true}]}}