{"id":5910,"date":"2018-01-25T16:26:24","date_gmt":"2018-01-25T15:26:24","guid":{"rendered":"https:\/\/news.save.ch\/?p=5910"},"modified":"2023-03-14T08:56:58","modified_gmt":"2023-03-14T07:56:58","slug":"infoguard-fuehrt-management-buy-out-durch","status":null,"type":"post","link":"https:\/\/news.save.ch\/en\/infoguard-fuehrt-management-buy-out-durch\/","title":{"rendered":"InfoGuard carries out management buy-out"},"content":{"rendered":"<figure id=\"attachment_5911\" aria-describedby=\"caption-attachment-5911\" style=\"width: 680px\" class=\"wp-caption aligncenter\"><img loading=\"lazy\" decoding=\"async\" class=\"wp-image-5911 size-medium\" src=\"https:\/\/news.save.ch\/wp-content\/uploads\/2018\/01\/Depositphotos_13528450_m-2015.jpg\" alt=\"InfoGuard\" width=\"680\" height=\"377\" srcset=\"https:\/\/news.save.ch\/wp-content\/uploads\/2018\/01\/Depositphotos_13528450_m-2015.jpg 1000w, https:\/\/news.save.ch\/wp-content\/uploads\/2018\/01\/Depositphotos_13528450_m-2015-375x208.jpg 375w\" sizes=\"auto, (max-width: 680px) 100vw, 680px\" \/><figcaption id=\"caption-attachment-5911\" class=\"wp-caption-text\">depositphotos<\/figcaption><\/figure>\n<p>&nbsp;<\/p>\n<p>The demand for services and solutions in the field of cyber security and <a href=\"https:\/\/news.save.ch\/en\/infoguard-baut-ein-neues-cyber-defence-center\/\">Cyber Defence<\/a> is continuously increasing. The company, which was founded in 1988, has <a href=\"https:\/\/www.infoguard.ch\/de\">InfoGuard<\/a> has benefited enormously in recent years and has grown strongly. In the past fiscal year 2017, the company again reported revenue and personnel growth of more than 10 percent. The company currently employs 100 experts in the areas of security consulting, penetration testing, integration and engineering of cyber security and network solutions, as well as in the area of security operations. According to the company, it has invested heavily in this area in recent years and has further expanded its services from the Swiss Cyber Defence Center. In order to secure its successful position in the long term and to make targeted investments in new areas, the company is restructuring itself through a management buy-out (MBO).<\/p>\n<p><strong>Who is behind the MBO?<\/strong><\/p>\n<p>The MBO will be led by Robert Schlup (Chairman of the Board of InfoGuard AG and Crypto Schweiz AG) as well as Thomas Meier (CEO of InfoGuard AG) and Giuliano Otth (CEO of Crypto Schweiz AG), according to a statement. In addition, the InfoGuard management will also participate in the renowned Swiss expert for cyber security. In addition to Thomas Meier, the Executive Board will continue to consist of long-time members Stefan Thomann, Franco Cerminara, Ricardo Balseiro and Ernesto Hartmann, as well as the recently appointed CFO, Raphael Kugler. Thomas Meier is convinced: \"With the new ownership structure, InfoGuard can further develop its successful position as a cyber security expert and ensure sustainable growth. This will allow us to adapt to changing market needs in an even more targeted and efficient manner and provide our customers with optimal support.\"<\/p>\n<p><em>Source: InfoGuard<\/em><\/p>","protected":false},"excerpt":{"rendered":"<p>&nbsp; Die Nachfrage nach Dienstleistungen und L\u00f6sungen im Bereich der Cyber Security und Cyber Defence nimmt kontinuierlich zu. Davon hat das 1988 gegr\u00fcndete InfoGuard in den letzten Jahren enorm profitiert und ist stark gewachsen. Auch im vergangenen Gesch\u00e4ftsjahr 2017 konnte laut Angaben wiederum ein Umsatz- und Personalwachstum von \u00fcber 10 Prozent verzeichnet werden. Derzeit besch\u00e4ftigt [&hellip;]<\/p>\n","protected":false},"author":8,"featured_media":5911,"comment_status":"open","ping_status":"open","sticky":false,"template":"","format":"standard","meta":{"_acf_changed":false,"pgc_sgb_lightbox_settings":"","footnotes":""},"categories":[3313],"tags":[96,62,63,65],"class_list":["post-5910","post","type-post","status-publish","format-standard","has-post-thumbnail","hentry","category-digitalisierung","tag-cyber-crime","tag-ict-sicherheit","tag-it-security","tag-unternehmen"],"acf":[],"hkrextid":null,"publication":null,"issue":null,"workflow":null,"startPage":null,"spitzmarke":null,"_posts_by_tag_page_fields":{"widget_title":"","widget_tags":""},"_at_widget":"1","_yoast_wpseo_primary_category":"2","_yoast_wpseo_focuskw_text_input":"InfoGuard","_yoast_wpseo_opengraph-image":null,"_yoast_wpseo_opengraph-description":null,"_yoast_wpseo_opengraph-title":null,"enclosure":null,"_yoast_wpseo_twitter-title":null,"_yoast_wpseo_twitter-description":null,"_yoast_wpseo_twitter-image":null,"_wp_old_slug":null,"_yoast_wpseo_title":null,"_yoast_wpseo_canonical":null,"yoast_head":"<!-- This site is optimized with the Yoast SEO plugin v27.5 - https:\/\/yoast.com\/product\/yoast-seo-wordpress\/ -->\n<title>InfoGuard f\u00fchrt Management-Buy-out durch - Save<\/title>\n<meta name=\"description\" content=\"InfoGuard f\u00fchrt per 1. Februar 2018 ein Management-Buy-out durch und vereinfacht dadurch ihre Eigentumsstruktur, wie das Unternehmen mitgeteilt hat.\" \/>\n<meta name=\"robots\" content=\"index, follow, max-snippet:-1, max-image-preview:large, max-video-preview:-1\" \/>\n<link rel=\"canonical\" href=\"https:\/\/news.save.ch\/en\/infoguard-fuehrt-management-buy-out-durch\/\" \/>\n<meta property=\"og:locale\" content=\"en_US\" \/>\n<meta property=\"og:type\" content=\"article\" \/>\n<meta property=\"og:title\" content=\"InfoGuard f\u00fchrt Management-Buy-out durch - Save\" \/>\n<meta property=\"og:description\" content=\"InfoGuard f\u00fchrt per 1. Februar 2018 ein Management-Buy-out durch und vereinfacht dadurch ihre Eigentumsstruktur, wie das Unternehmen mitgeteilt hat.\" \/>\n<meta property=\"og:url\" content=\"https:\/\/news.save.ch\/en\/infoguard-fuehrt-management-buy-out-durch\/\" \/>\n<meta property=\"og:site_name\" content=\"Save\" \/>\n<meta property=\"article:published_time\" content=\"2018-01-25T15:26:24+00:00\" \/>\n<meta property=\"article:modified_time\" content=\"2023-03-14T07:56:58+00:00\" \/>\n<meta property=\"og:image\" content=\"https:\/\/news.save.ch\/wp-content\/uploads\/2018\/01\/Depositphotos_13528450_m-2015.jpg\" \/>\n\t<meta property=\"og:image:width\" content=\"1000\" \/>\n\t<meta property=\"og:image:height\" content=\"554\" \/>\n\t<meta property=\"og:image:type\" content=\"image\/jpeg\" \/>\n<meta name=\"author\" content=\"Roger Str\u00e4ssle\" \/>\n<meta name=\"twitter:card\" content=\"summary_large_image\" \/>\n<meta name=\"twitter:label1\" content=\"Written by\" \/>\n\t<meta name=\"twitter:data1\" content=\"Roger Str\u00e4ssle\" \/>\n\t<meta name=\"twitter:label2\" content=\"Est. reading time\" \/>\n\t<meta name=\"twitter:data2\" content=\"1 minute\" \/>\n<script type=\"application\/ld+json\" class=\"yoast-schema-graph\">{\"@context\":\"https:\\\/\\\/schema.org\",\"@graph\":[{\"@type\":\"Article\",\"@id\":\"https:\\\/\\\/news.save.ch\\\/infoguard-fuehrt-management-buy-out-durch\\\/#article\",\"isPartOf\":{\"@id\":\"https:\\\/\\\/news.save.ch\\\/infoguard-fuehrt-management-buy-out-durch\\\/\"},\"author\":{\"name\":\"Roger Str\u00e4ssle\",\"@id\":\"https:\\\/\\\/news.save.ch\\\/de\\\/#\\\/schema\\\/person\\\/d5022db048e0e2b9785c50e5b24da5aa\"},\"headline\":\"InfoGuard f\u00fchrt Management-Buy-out durch\",\"datePublished\":\"2018-01-25T15:26:24+00:00\",\"dateModified\":\"2023-03-14T07:56:58+00:00\",\"mainEntityOfPage\":{\"@id\":\"https:\\\/\\\/news.save.ch\\\/infoguard-fuehrt-management-buy-out-durch\\\/\"},\"wordCount\":270,\"commentCount\":0,\"publisher\":{\"@id\":\"https:\\\/\\\/news.save.ch\\\/de\\\/#organization\"},\"image\":{\"@id\":\"https:\\\/\\\/news.save.ch\\\/infoguard-fuehrt-management-buy-out-durch\\\/#primaryimage\"},\"thumbnailUrl\":\"https:\\\/\\\/news.save.ch\\\/wp-content\\\/uploads\\\/2018\\\/01\\\/Depositphotos_13528450_m-2015.jpg\",\"keywords\":[\"Cyber-Crime\",\"ICT-Sicherheit\",\"IT-SECURITY\",\"Unternehmen\"],\"articleSection\":[\"DIGITALISIERUNG\"],\"inLanguage\":\"en-US\"},{\"@type\":\"WebPage\",\"@id\":\"https:\\\/\\\/news.save.ch\\\/infoguard-fuehrt-management-buy-out-durch\\\/\",\"url\":\"https:\\\/\\\/news.save.ch\\\/infoguard-fuehrt-management-buy-out-durch\\\/\",\"name\":\"InfoGuard f\u00fchrt Management-Buy-out durch - Save\",\"isPartOf\":{\"@id\":\"https:\\\/\\\/news.save.ch\\\/de\\\/#website\"},\"primaryImageOfPage\":{\"@id\":\"https:\\\/\\\/news.save.ch\\\/infoguard-fuehrt-management-buy-out-durch\\\/#primaryimage\"},\"image\":{\"@id\":\"https:\\\/\\\/news.save.ch\\\/infoguard-fuehrt-management-buy-out-durch\\\/#primaryimage\"},\"thumbnailUrl\":\"https:\\\/\\\/news.save.ch\\\/wp-content\\\/uploads\\\/2018\\\/01\\\/Depositphotos_13528450_m-2015.jpg\",\"datePublished\":\"2018-01-25T15:26:24+00:00\",\"dateModified\":\"2023-03-14T07:56:58+00:00\",\"description\":\"InfoGuard f\u00fchrt per 1. Februar 2018 ein Management-Buy-out durch und vereinfacht dadurch ihre Eigentumsstruktur, wie das Unternehmen mitgeteilt hat.\",\"breadcrumb\":{\"@id\":\"https:\\\/\\\/news.save.ch\\\/infoguard-fuehrt-management-buy-out-durch\\\/#breadcrumb\"},\"inLanguage\":\"en-US\",\"potentialAction\":[{\"@type\":\"ReadAction\",\"target\":[\"https:\\\/\\\/news.save.ch\\\/infoguard-fuehrt-management-buy-out-durch\\\/\"]}]},{\"@type\":\"ImageObject\",\"inLanguage\":\"en-US\",\"@id\":\"https:\\\/\\\/news.save.ch\\\/infoguard-fuehrt-management-buy-out-durch\\\/#primaryimage\",\"url\":\"https:\\\/\\\/news.save.ch\\\/wp-content\\\/uploads\\\/2018\\\/01\\\/Depositphotos_13528450_m-2015.jpg\",\"contentUrl\":\"https:\\\/\\\/news.save.ch\\\/wp-content\\\/uploads\\\/2018\\\/01\\\/Depositphotos_13528450_m-2015.jpg\",\"width\":1000,\"height\":554,\"caption\":\"depositphotos\"},{\"@type\":\"BreadcrumbList\",\"@id\":\"https:\\\/\\\/news.save.ch\\\/infoguard-fuehrt-management-buy-out-durch\\\/#breadcrumb\",\"itemListElement\":[{\"@type\":\"ListItem\",\"position\":1,\"name\":\"Home\",\"item\":\"https:\\\/\\\/news.save.ch\\\/de\\\/\"},{\"@type\":\"ListItem\",\"position\":2,\"name\":\"InfoGuard f\u00fchrt Management-Buy-out durch\"}]},{\"@type\":\"WebSite\",\"@id\":\"https:\\\/\\\/news.save.ch\\\/de\\\/#website\",\"url\":\"https:\\\/\\\/news.save.ch\\\/de\\\/\",\"name\":\"Save\",\"description\":\"Schweizer Fachzeitschrift f\u00fcr Sicherheit\",\"publisher\":{\"@id\":\"https:\\\/\\\/news.save.ch\\\/de\\\/#organization\"},\"potentialAction\":[{\"@type\":\"SearchAction\",\"target\":{\"@type\":\"EntryPoint\",\"urlTemplate\":\"https:\\\/\\\/news.save.ch\\\/de\\\/?s={search_term_string}\"},\"query-input\":{\"@type\":\"PropertyValueSpecification\",\"valueRequired\":true,\"valueName\":\"search_term_string\"}}],\"inLanguage\":\"en-US\"},{\"@type\":\"Organization\",\"@id\":\"https:\\\/\\\/news.save.ch\\\/de\\\/#organization\",\"name\":\"Sicherheitsforum\",\"url\":\"https:\\\/\\\/news.save.ch\\\/de\\\/\",\"logo\":{\"@type\":\"ImageObject\",\"inLanguage\":\"en-US\",\"@id\":\"https:\\\/\\\/news.save.ch\\\/de\\\/#\\\/schema\\\/logo\\\/image\\\/\",\"url\":\"https:\\\/\\\/news.save.ch\\\/wp-content\\\/uploads\\\/2022\\\/06\\\/Logo_SF_2012.png\",\"contentUrl\":\"https:\\\/\\\/news.save.ch\\\/wp-content\\\/uploads\\\/2022\\\/06\\\/Logo_SF_2012.png\",\"width\":1100,\"height\":91,\"caption\":\"Sicherheitsforum\"},\"image\":{\"@id\":\"https:\\\/\\\/news.save.ch\\\/de\\\/#\\\/schema\\\/logo\\\/image\\\/\"}},{\"@type\":\"Person\",\"@id\":\"https:\\\/\\\/news.save.ch\\\/de\\\/#\\\/schema\\\/person\\\/d5022db048e0e2b9785c50e5b24da5aa\",\"name\":\"Roger Str\u00e4ssle\",\"image\":{\"@type\":\"ImageObject\",\"inLanguage\":\"en-US\",\"@id\":\"https:\\\/\\\/secure.gravatar.com\\\/avatar\\\/862a5569d087de48e5856e32f45d719a03804c891d6deb8d4f71a660e79e4a47?s=96&d=mm&r=g\",\"url\":\"https:\\\/\\\/secure.gravatar.com\\\/avatar\\\/862a5569d087de48e5856e32f45d719a03804c891d6deb8d4f71a660e79e4a47?s=96&d=mm&r=g\",\"contentUrl\":\"https:\\\/\\\/secure.gravatar.com\\\/avatar\\\/862a5569d087de48e5856e32f45d719a03804c891d6deb8d4f71a660e79e4a47?s=96&d=mm&r=g\",\"caption\":\"Roger Str\u00e4ssle\"},\"url\":\"https:\\\/\\\/news.save.ch\\\/en\\\/author\\\/roger-straessle\\\/\"}]}<\/script>\n<!-- \/ Yoast SEO plugin. -->","yoast_head_json":{"title":"InfoGuard carries out management buy-out - Save","description":"InfoGuard is conducting a management buyout effective Feb. 1, 2018, simplifying its ownership structure, the company announced.","robots":{"index":"index","follow":"follow","max-snippet":"max-snippet:-1","max-image-preview":"max-image-preview:large","max-video-preview":"max-video-preview:-1"},"canonical":"https:\/\/news.save.ch\/en\/infoguard-fuehrt-management-buy-out-durch\/","og_locale":"en_US","og_type":"article","og_title":"InfoGuard f\u00fchrt Management-Buy-out durch - Save","og_description":"InfoGuard f\u00fchrt per 1. Februar 2018 ein Management-Buy-out durch und vereinfacht dadurch ihre Eigentumsstruktur, wie das Unternehmen mitgeteilt hat.","og_url":"https:\/\/news.save.ch\/en\/infoguard-fuehrt-management-buy-out-durch\/","og_site_name":"Save","article_published_time":"2018-01-25T15:26:24+00:00","article_modified_time":"2023-03-14T07:56:58+00:00","og_image":[{"width":1000,"height":554,"url":"https:\/\/news.save.ch\/wp-content\/uploads\/2018\/01\/Depositphotos_13528450_m-2015.jpg","type":"image\/jpeg"}],"author":"Roger Str\u00e4ssle","twitter_card":"summary_large_image","twitter_misc":{"Written by":"Roger Str\u00e4ssle","Est. reading time":"1 minute"},"schema":{"@context":"https:\/\/schema.org","@graph":[{"@type":"Article","@id":"https:\/\/news.save.ch\/infoguard-fuehrt-management-buy-out-durch\/#article","isPartOf":{"@id":"https:\/\/news.save.ch\/infoguard-fuehrt-management-buy-out-durch\/"},"author":{"name":"Roger Str\u00e4ssle","@id":"https:\/\/news.save.ch\/de\/#\/schema\/person\/d5022db048e0e2b9785c50e5b24da5aa"},"headline":"InfoGuard f\u00fchrt Management-Buy-out durch","datePublished":"2018-01-25T15:26:24+00:00","dateModified":"2023-03-14T07:56:58+00:00","mainEntityOfPage":{"@id":"https:\/\/news.save.ch\/infoguard-fuehrt-management-buy-out-durch\/"},"wordCount":270,"commentCount":0,"publisher":{"@id":"https:\/\/news.save.ch\/de\/#organization"},"image":{"@id":"https:\/\/news.save.ch\/infoguard-fuehrt-management-buy-out-durch\/#primaryimage"},"thumbnailUrl":"https:\/\/news.save.ch\/wp-content\/uploads\/2018\/01\/Depositphotos_13528450_m-2015.jpg","keywords":["Cyber-Crime","ICT-Sicherheit","IT-SECURITY","Unternehmen"],"articleSection":["DIGITALISIERUNG"],"inLanguage":"en-US"},{"@type":"WebPage","@id":"https:\/\/news.save.ch\/infoguard-fuehrt-management-buy-out-durch\/","url":"https:\/\/news.save.ch\/infoguard-fuehrt-management-buy-out-durch\/","name":"InfoGuard carries out management buy-out - Save","isPartOf":{"@id":"https:\/\/news.save.ch\/de\/#website"},"primaryImageOfPage":{"@id":"https:\/\/news.save.ch\/infoguard-fuehrt-management-buy-out-durch\/#primaryimage"},"image":{"@id":"https:\/\/news.save.ch\/infoguard-fuehrt-management-buy-out-durch\/#primaryimage"},"thumbnailUrl":"https:\/\/news.save.ch\/wp-content\/uploads\/2018\/01\/Depositphotos_13528450_m-2015.jpg","datePublished":"2018-01-25T15:26:24+00:00","dateModified":"2023-03-14T07:56:58+00:00","description":"InfoGuard is conducting a management buyout effective Feb. 1, 2018, simplifying its ownership structure, the company announced.","breadcrumb":{"@id":"https:\/\/news.save.ch\/infoguard-fuehrt-management-buy-out-durch\/#breadcrumb"},"inLanguage":"en-US","potentialAction":[{"@type":"ReadAction","target":["https:\/\/news.save.ch\/infoguard-fuehrt-management-buy-out-durch\/"]}]},{"@type":"ImageObject","inLanguage":"en-US","@id":"https:\/\/news.save.ch\/infoguard-fuehrt-management-buy-out-durch\/#primaryimage","url":"https:\/\/news.save.ch\/wp-content\/uploads\/2018\/01\/Depositphotos_13528450_m-2015.jpg","contentUrl":"https:\/\/news.save.ch\/wp-content\/uploads\/2018\/01\/Depositphotos_13528450_m-2015.jpg","width":1000,"height":554,"caption":"depositphotos"},{"@type":"BreadcrumbList","@id":"https:\/\/news.save.ch\/infoguard-fuehrt-management-buy-out-durch\/#breadcrumb","itemListElement":[{"@type":"ListItem","position":1,"name":"Home","item":"https:\/\/news.save.ch\/de\/"},{"@type":"ListItem","position":2,"name":"InfoGuard f\u00fchrt Management-Buy-out durch"}]},{"@type":"WebSite","@id":"https:\/\/news.save.ch\/de\/#website","url":"https:\/\/news.save.ch\/de\/","name":"Save","description":"Swiss trade journal for safety","publisher":{"@id":"https:\/\/news.save.ch\/de\/#organization"},"potentialAction":[{"@type":"SearchAction","target":{"@type":"EntryPoint","urlTemplate":"https:\/\/news.save.ch\/de\/?s={search_term_string}"},"query-input":{"@type":"PropertyValueSpecification","valueRequired":true,"valueName":"search_term_string"}}],"inLanguage":"en-US"},{"@type":"Organization","@id":"https:\/\/news.save.ch\/de\/#organization","name":"Security Forum","url":"https:\/\/news.save.ch\/de\/","logo":{"@type":"ImageObject","inLanguage":"en-US","@id":"https:\/\/news.save.ch\/de\/#\/schema\/logo\/image\/","url":"https:\/\/news.save.ch\/wp-content\/uploads\/2022\/06\/Logo_SF_2012.png","contentUrl":"https:\/\/news.save.ch\/wp-content\/uploads\/2022\/06\/Logo_SF_2012.png","width":1100,"height":91,"caption":"Sicherheitsforum"},"image":{"@id":"https:\/\/news.save.ch\/de\/#\/schema\/logo\/image\/"}},{"@type":"Person","@id":"https:\/\/news.save.ch\/de\/#\/schema\/person\/d5022db048e0e2b9785c50e5b24da5aa","name":"Roger Str\u00e4ssle","image":{"@type":"ImageObject","inLanguage":"en-US","@id":"https:\/\/secure.gravatar.com\/avatar\/862a5569d087de48e5856e32f45d719a03804c891d6deb8d4f71a660e79e4a47?s=96&d=mm&r=g","url":"https:\/\/secure.gravatar.com\/avatar\/862a5569d087de48e5856e32f45d719a03804c891d6deb8d4f71a660e79e4a47?s=96&d=mm&r=g","contentUrl":"https:\/\/secure.gravatar.com\/avatar\/862a5569d087de48e5856e32f45d719a03804c891d6deb8d4f71a660e79e4a47?s=96&d=mm&r=g","caption":"Roger Str\u00e4ssle"},"url":"https:\/\/news.save.ch\/en\/author\/roger-straessle\/"}]}},"_links":{"self":[{"href":"https:\/\/news.save.ch\/en\/wp-json\/wp\/v2\/posts\/5910","targetHints":{"allow":["GET"]}}],"collection":[{"href":"https:\/\/news.save.ch\/en\/wp-json\/wp\/v2\/posts"}],"about":[{"href":"https:\/\/news.save.ch\/en\/wp-json\/wp\/v2\/types\/post"}],"author":[{"embeddable":true,"href":"https:\/\/news.save.ch\/en\/wp-json\/wp\/v2\/users\/8"}],"replies":[{"embeddable":true,"href":"https:\/\/news.save.ch\/en\/wp-json\/wp\/v2\/comments?post=5910"}],"version-history":[{"count":1,"href":"https:\/\/news.save.ch\/en\/wp-json\/wp\/v2\/posts\/5910\/revisions"}],"predecessor-version":[{"id":17469,"href":"https:\/\/news.save.ch\/en\/wp-json\/wp\/v2\/posts\/5910\/revisions\/17469"}],"wp:featuredmedia":[{"embeddable":true,"href":"https:\/\/news.save.ch\/en\/wp-json\/wp\/v2\/media\/5911"}],"wp:attachment":[{"href":"https:\/\/news.save.ch\/en\/wp-json\/wp\/v2\/media?parent=5910"}],"wp:term":[{"taxonomy":"category","embeddable":true,"href":"https:\/\/news.save.ch\/en\/wp-json\/wp\/v2\/categories?post=5910"},{"taxonomy":"post_tag","embeddable":true,"href":"https:\/\/news.save.ch\/en\/wp-json\/wp\/v2\/tags?post=5910"}],"curies":[{"name":"wp","href":"https:\/\/api.w.org\/{rel}","templated":true}]}}