{"id":599,"date":"2015-09-04T08:45:55","date_gmt":"2015-09-04T06:45:55","guid":{"rendered":"https:\/\/dev.sicherheitsforum.ch\/?p=599"},"modified":"2023-03-14T08:57:34","modified_gmt":"2023-03-14T07:57:34","slug":"gesundheitswesen-im-visier-der-cyberkriminellen","status":null,"type":"post","link":"https:\/\/news.save.ch\/en\/gesundheitswesen-im-visier-der-cyberkriminellen\/","title":{"rendered":"Healthcare targeted by cybercriminals"},"content":{"rendered":"<p><img loading=\"lazy\" decoding=\"async\" class=\"alignnone wp-image-600 size-medium\" src=\"https:\/\/news.save.ch\/wp-content\/uploads\/2016\/12\/Gesundheitswesen-im-Visier-der-Cyberkriminellen-it-security.jpg\" alt=\"healthcare-in-target-of-cybercriminals-it-security\" width=\"680\" height=\"680\" \/><\/p>\n<p>&nbsp;<\/p>\n<p><a href=\"https:\/\/www.paloaltonetworks.com\" target=\"_blank\" data-cke-saved-href=\"https:\/\/www.paloaltonetworks.com\" rel=\"noopener\">Palo Alto Networks<\/a> evaluates this assessment critically. Since all participants of the <a href=\"https:\/\/advisory.kpmg.us\/content\/dam\/kpmg-advisory\/PDFs\/ManagementConsulting\/2015\/KPMG-2015-Cyber-Healthcare-Survey.pdf\" target=\"_blank\" data-cke-saved-href=\"https:\/\/advisory.kpmg.us\/content\/dam\/kpmg-advisory\/PDFs\/ManagementConsulting\/2015\/KPMG-2015-Cyber-Healthcare-Survey.pdf\" rel=\"noopener\">Study <\/a>had to have revenues of at least $500 million (and 70% even had revenues of more than $1 billion), they have to manage a large number of endpoints. Based on real-world experience, it is unlikely that a large hospital network using conventional technology will succeed in stopping all malware attacks within two years, according to security firm. This would also mean that not a single employee has fallen victim to phishing emails that trick users into listening to the audio file \"Voicemail Recording.wav.exe,\" for example. Palo Alto Networks doubts this and assumes a rate beyond 80%.<\/p>\n<p>\"The 20% of respondents who said none of their IT systems have been compromised in the past two years are most likely also part of that group that lacks visibility to their systems to detect threats at an early stage,\" suspects Thorsten Henning of Palo Alto Networks. \"Many healthcare facilities don't even have the capability yet to detect and prevent malware and exploits in real time.\"<\/p>\n<p>That skepticism is confirmed in another part of the study, according to the company, which says, \"44% of respondents reported that their organization identified 1 to 50 cyberthreat attempts in the past 12 months. This is an indication that healthcare organizations are not particularly effective at identifying, capturing and managing threats.\"<\/p>\n<p>However, according to the IT security firm, there are several best practices for effectively protecting today's hospital networks. These would prevent threats that target networked medical devices, patient data and general patient care. The following measures are mentioned:<\/p>\n<ul>\n<li>Provide visibility and effective control; share applications and activities with the goal of reducing the threat surface and minimizing unnecessary bandwidth consumption.<\/li>\n<li>Segmentation of the network to prevent the movement of malware across the network using a \"zero trust\" approach.<\/li>\n<li>Protect and defend systems at all points in the network, throughout network traffic, on endpoints, in data centers, at remote sites, and at major Internet gateways.<\/li>\n<li>Deploy advanced malware detection to detect and prevent both zero-day and known malware attacks.<\/li>\n<li>Off-network endpoint protection and continuous defenses, regardless of location or device.<\/li>\n<li>Ensure timely reporting so IT, cybersecurity, and threat detection professionals can coordinate actions.<\/li>\n<li>Ensure immediate and automatic sharing and distribution of threat data between systems.<\/li>\n<\/ul>","protected":false},"excerpt":{"rendered":"<p>&nbsp; Palo Alto Networks bewertet diese \u00a0Einsch\u00e4tzung kritisch. Da alle Teilnehmer der Studie einen Umsatz von mindestens 500 Millionen US-Dollar aufweisen mussten (und 70% sogar einen Umsatz von mehr als einer Milliarde US-Dollar vorweisen konnten), m\u00fcssen sie eine grosse Anzahl an Endpunkten verwalten. Aus der Erfahrung in der Praxis ist es unwahrscheinlich, dass es in [&hellip;]<\/p>\n","protected":false},"author":1,"featured_media":600,"comment_status":"open","ping_status":"open","sticky":false,"template":"","format":"standard","meta":{"_acf_changed":false,"pgc_sgb_lightbox_settings":"","footnotes":""},"categories":[3313],"tags":[96,63],"class_list":["post-599","post","type-post","status-publish","format-standard","has-post-thumbnail","hentry","category-digitalisierung","tag-cyber-crime","tag-it-security"],"acf":[],"hkrextid":null,"publication":null,"issue":null,"workflow":null,"startPage":null,"spitzmarke":null,"_posts_by_tag_page_fields":{"widget_title":"","widget_tags":""},"_at_widget":"1","_yoast_wpseo_primary_category":"2","_yoast_wpseo_focuskw_text_input":"Gesundheitswesen","_yoast_wpseo_opengraph-image":"https:\/\/news.save.ch\/wp-content\/uploads\/2016\/12\/Gesundheitswesen-im-Visier-der-Cyberkriminellen-it-security.jpg","_yoast_wpseo_opengraph-description":"Bei einer Befragung von F\u00fchrungskr\u00e4ften im Gesundheitswesen durch KPMG gaben vier F\u00fcnftel der F\u00fchrungskr\u00e4fte an, dass ihre IT bereits durch Cyberangriffe kompromittiert wurde. Befragt wurden 223 F\u00fchrungskr\u00e4fte, die sowohl f\u00fcr kommerzielle (56%) als auch Non-Profit-Einrichtungen (44%) sowie Kostentr\u00e4ger und Anbieter im Gesundheitswesen arbeiten. 80% der befragten F\u00fchrungskr\u00e4fte gaben an, von kompromittierten IT-Systemen infolge von Cyberangriffen betroffen zu sein.","_yoast_wpseo_opengraph-title":"Gesundheitswesen im Visier der Cyberkriminellen","enclosure":null,"_yoast_wpseo_twitter-title":null,"_yoast_wpseo_twitter-description":null,"_yoast_wpseo_twitter-image":null,"_wp_old_slug":null,"_yoast_wpseo_title":null,"_yoast_wpseo_canonical":null,"yoast_head":"<!-- This site is optimized with the Yoast SEO plugin v27.5 - https:\/\/yoast.com\/product\/yoast-seo-wordpress\/ -->\n<title>Gesundheitswesen im Visier der Cyberkriminellen - Save<\/title>\n<meta name=\"description\" content=\"Bei einer Befragung von F\u00fchrungskr\u00e4ften im Gesundheitswesen gaben vier F\u00fcnftel an, dass ihre IT bereits durch Cyberangriffe kompromittiert wurde.\" \/>\n<meta name=\"robots\" content=\"index, follow, max-snippet:-1, max-image-preview:large, max-video-preview:-1\" \/>\n<link rel=\"canonical\" href=\"https:\/\/news.save.ch\/en\/gesundheitswesen-im-visier-der-cyberkriminellen\/\" \/>\n<meta property=\"og:locale\" content=\"en_US\" \/>\n<meta property=\"og:type\" content=\"article\" \/>\n<meta property=\"og:title\" content=\"Gesundheitswesen im Visier der Cyberkriminellen\" \/>\n<meta property=\"og:description\" content=\"Bei einer Befragung von F\u00fchrungskr\u00e4ften im Gesundheitswesen durch KPMG gaben vier F\u00fcnftel der F\u00fchrungskr\u00e4fte an, dass ihre IT bereits durch Cyberangriffe kompromittiert wurde. Befragt wurden 223 F\u00fchrungskr\u00e4fte, die sowohl f\u00fcr kommerzielle (56%) als auch Non-Profit-Einrichtungen (44%) sowie Kostentr\u00e4ger und Anbieter im Gesundheitswesen arbeiten. 80% der befragten F\u00fchrungskr\u00e4fte gaben an, von kompromittierten IT-Systemen infolge von Cyberangriffen betroffen zu sein.\" \/>\n<meta property=\"og:url\" content=\"https:\/\/news.save.ch\/en\/gesundheitswesen-im-visier-der-cyberkriminellen\/\" \/>\n<meta property=\"og:site_name\" content=\"Save\" \/>\n<meta property=\"article:published_time\" content=\"2015-09-04T06:45:55+00:00\" \/>\n<meta property=\"article:modified_time\" content=\"2023-03-14T07:57:34+00:00\" \/>\n<meta property=\"og:image\" content=\"https:\/\/news.save.ch\/wp-content\/uploads\/2016\/12\/Gesundheitswesen-im-Visier-der-Cyberkriminellen-it-security.jpg\" \/>\n<meta name=\"author\" content=\"admin\" \/>\n<meta name=\"twitter:card\" content=\"summary_large_image\" \/>\n<meta name=\"twitter:label1\" content=\"Written by\" \/>\n\t<meta name=\"twitter:data1\" content=\"admin\" \/>\n\t<meta name=\"twitter:label2\" content=\"Est. reading time\" \/>\n\t<meta name=\"twitter:data2\" content=\"2 minutes\" \/>\n<script type=\"application\/ld+json\" class=\"yoast-schema-graph\">{\"@context\":\"https:\\\/\\\/schema.org\",\"@graph\":[{\"@type\":\"Article\",\"@id\":\"https:\\\/\\\/news.save.ch\\\/gesundheitswesen-im-visier-der-cyberkriminellen\\\/#article\",\"isPartOf\":{\"@id\":\"https:\\\/\\\/news.save.ch\\\/gesundheitswesen-im-visier-der-cyberkriminellen\\\/\"},\"author\":{\"name\":\"admin\",\"@id\":\"https:\\\/\\\/news.save.ch\\\/de\\\/#\\\/schema\\\/person\\\/d49e199490bad7c70d64b9ab51142f2b\"},\"headline\":\"Gesundheitswesen im Visier der Cyberkriminellen\",\"datePublished\":\"2015-09-04T06:45:55+00:00\",\"dateModified\":\"2023-03-14T07:57:34+00:00\",\"mainEntityOfPage\":{\"@id\":\"https:\\\/\\\/news.save.ch\\\/gesundheitswesen-im-visier-der-cyberkriminellen\\\/\"},\"wordCount\":408,\"commentCount\":0,\"publisher\":{\"@id\":\"https:\\\/\\\/news.save.ch\\\/de\\\/#organization\"},\"image\":{\"@id\":\"https:\\\/\\\/news.save.ch\\\/gesundheitswesen-im-visier-der-cyberkriminellen\\\/#primaryimage\"},\"thumbnailUrl\":\"https:\\\/\\\/news.save.ch\\\/wp-content\\\/uploads\\\/2016\\\/12\\\/Gesundheitswesen-im-Visier-der-Cyberkriminellen-it-security-scaled.jpg\",\"keywords\":[\"Cyber-Crime\",\"IT-SECURITY\"],\"articleSection\":[\"DIGITALISIERUNG\"],\"inLanguage\":\"en-US\"},{\"@type\":\"WebPage\",\"@id\":\"https:\\\/\\\/news.save.ch\\\/gesundheitswesen-im-visier-der-cyberkriminellen\\\/\",\"url\":\"https:\\\/\\\/news.save.ch\\\/gesundheitswesen-im-visier-der-cyberkriminellen\\\/\",\"name\":\"Gesundheitswesen im Visier der Cyberkriminellen - Save\",\"isPartOf\":{\"@id\":\"https:\\\/\\\/news.save.ch\\\/de\\\/#website\"},\"primaryImageOfPage\":{\"@id\":\"https:\\\/\\\/news.save.ch\\\/gesundheitswesen-im-visier-der-cyberkriminellen\\\/#primaryimage\"},\"image\":{\"@id\":\"https:\\\/\\\/news.save.ch\\\/gesundheitswesen-im-visier-der-cyberkriminellen\\\/#primaryimage\"},\"thumbnailUrl\":\"https:\\\/\\\/news.save.ch\\\/wp-content\\\/uploads\\\/2016\\\/12\\\/Gesundheitswesen-im-Visier-der-Cyberkriminellen-it-security-scaled.jpg\",\"datePublished\":\"2015-09-04T06:45:55+00:00\",\"dateModified\":\"2023-03-14T07:57:34+00:00\",\"description\":\"Bei einer Befragung von F\u00fchrungskr\u00e4ften im Gesundheitswesen gaben vier F\u00fcnftel an, dass ihre IT bereits durch Cyberangriffe kompromittiert wurde.\",\"breadcrumb\":{\"@id\":\"https:\\\/\\\/news.save.ch\\\/gesundheitswesen-im-visier-der-cyberkriminellen\\\/#breadcrumb\"},\"inLanguage\":\"en-US\",\"potentialAction\":[{\"@type\":\"ReadAction\",\"target\":[\"https:\\\/\\\/news.save.ch\\\/gesundheitswesen-im-visier-der-cyberkriminellen\\\/\"]}]},{\"@type\":\"ImageObject\",\"inLanguage\":\"en-US\",\"@id\":\"https:\\\/\\\/news.save.ch\\\/gesundheitswesen-im-visier-der-cyberkriminellen\\\/#primaryimage\",\"url\":\"https:\\\/\\\/news.save.ch\\\/wp-content\\\/uploads\\\/2016\\\/12\\\/Gesundheitswesen-im-Visier-der-Cyberkriminellen-it-security-scaled.jpg\",\"contentUrl\":\"https:\\\/\\\/news.save.ch\\\/wp-content\\\/uploads\\\/2016\\\/12\\\/Gesundheitswesen-im-Visier-der-Cyberkriminellen-it-security-scaled.jpg\",\"width\":1400,\"height\":1400},{\"@type\":\"BreadcrumbList\",\"@id\":\"https:\\\/\\\/news.save.ch\\\/gesundheitswesen-im-visier-der-cyberkriminellen\\\/#breadcrumb\",\"itemListElement\":[{\"@type\":\"ListItem\",\"position\":1,\"name\":\"Home\",\"item\":\"https:\\\/\\\/news.save.ch\\\/de\\\/\"},{\"@type\":\"ListItem\",\"position\":2,\"name\":\"Gesundheitswesen im Visier der Cyberkriminellen\"}]},{\"@type\":\"WebSite\",\"@id\":\"https:\\\/\\\/news.save.ch\\\/de\\\/#website\",\"url\":\"https:\\\/\\\/news.save.ch\\\/de\\\/\",\"name\":\"Save\",\"description\":\"Schweizer Fachzeitschrift f\u00fcr Sicherheit\",\"publisher\":{\"@id\":\"https:\\\/\\\/news.save.ch\\\/de\\\/#organization\"},\"potentialAction\":[{\"@type\":\"SearchAction\",\"target\":{\"@type\":\"EntryPoint\",\"urlTemplate\":\"https:\\\/\\\/news.save.ch\\\/de\\\/?s={search_term_string}\"},\"query-input\":{\"@type\":\"PropertyValueSpecification\",\"valueRequired\":true,\"valueName\":\"search_term_string\"}}],\"inLanguage\":\"en-US\"},{\"@type\":\"Organization\",\"@id\":\"https:\\\/\\\/news.save.ch\\\/de\\\/#organization\",\"name\":\"Sicherheitsforum\",\"url\":\"https:\\\/\\\/news.save.ch\\\/de\\\/\",\"logo\":{\"@type\":\"ImageObject\",\"inLanguage\":\"en-US\",\"@id\":\"https:\\\/\\\/news.save.ch\\\/de\\\/#\\\/schema\\\/logo\\\/image\\\/\",\"url\":\"https:\\\/\\\/news.save.ch\\\/wp-content\\\/uploads\\\/2022\\\/06\\\/Logo_SF_2012.png\",\"contentUrl\":\"https:\\\/\\\/news.save.ch\\\/wp-content\\\/uploads\\\/2022\\\/06\\\/Logo_SF_2012.png\",\"width\":1100,\"height\":91,\"caption\":\"Sicherheitsforum\"},\"image\":{\"@id\":\"https:\\\/\\\/news.save.ch\\\/de\\\/#\\\/schema\\\/logo\\\/image\\\/\"}},{\"@type\":\"Person\",\"@id\":\"https:\\\/\\\/news.save.ch\\\/de\\\/#\\\/schema\\\/person\\\/d49e199490bad7c70d64b9ab51142f2b\",\"name\":\"admin\",\"image\":{\"@type\":\"ImageObject\",\"inLanguage\":\"en-US\",\"@id\":\"https:\\\/\\\/secure.gravatar.com\\\/avatar\\\/ae2f4d718e6c49043e314ce431e7e645d646302a24a5ef5a8bc8e3f5a032e319?s=96&d=mm&r=g\",\"url\":\"https:\\\/\\\/secure.gravatar.com\\\/avatar\\\/ae2f4d718e6c49043e314ce431e7e645d646302a24a5ef5a8bc8e3f5a032e319?s=96&d=mm&r=g\",\"contentUrl\":\"https:\\\/\\\/secure.gravatar.com\\\/avatar\\\/ae2f4d718e6c49043e314ce431e7e645d646302a24a5ef5a8bc8e3f5a032e319?s=96&d=mm&r=g\",\"caption\":\"admin\"},\"sameAs\":[\"https:\\\/\\\/develop.organisator.galledia.ch\"],\"url\":\"https:\\\/\\\/news.save.ch\\\/en\\\/author\\\/admin\\\/\"}]}<\/script>\n<!-- \/ Yoast SEO plugin. -->","yoast_head_json":{"title":"Healthcare targeted by cybercriminals - Save","description":"In a survey of healthcare executives, four-fifths said their IT had already been compromised by cyberattacks.","robots":{"index":"index","follow":"follow","max-snippet":"max-snippet:-1","max-image-preview":"max-image-preview:large","max-video-preview":"max-video-preview:-1"},"canonical":"https:\/\/news.save.ch\/en\/gesundheitswesen-im-visier-der-cyberkriminellen\/","og_locale":"en_US","og_type":"article","og_title":"Gesundheitswesen im Visier der Cyberkriminellen","og_description":"Bei einer Befragung von F\u00fchrungskr\u00e4ften im Gesundheitswesen durch KPMG gaben vier F\u00fcnftel der F\u00fchrungskr\u00e4fte an, dass ihre IT bereits durch Cyberangriffe kompromittiert wurde. Befragt wurden 223 F\u00fchrungskr\u00e4fte, die sowohl f\u00fcr kommerzielle (56%) als auch Non-Profit-Einrichtungen (44%) sowie Kostentr\u00e4ger und Anbieter im Gesundheitswesen arbeiten. 80% der befragten F\u00fchrungskr\u00e4fte gaben an, von kompromittierten IT-Systemen infolge von Cyberangriffen betroffen zu sein.","og_url":"https:\/\/news.save.ch\/en\/gesundheitswesen-im-visier-der-cyberkriminellen\/","og_site_name":"Save","article_published_time":"2015-09-04T06:45:55+00:00","article_modified_time":"2023-03-14T07:57:34+00:00","og_image":[{"url":"https:\/\/news.save.ch\/wp-content\/uploads\/2016\/12\/Gesundheitswesen-im-Visier-der-Cyberkriminellen-it-security.jpg","type":"","width":"","height":""}],"author":"admin","twitter_card":"summary_large_image","twitter_misc":{"Written by":"admin","Est. reading time":"2 minutes"},"schema":{"@context":"https:\/\/schema.org","@graph":[{"@type":"Article","@id":"https:\/\/news.save.ch\/gesundheitswesen-im-visier-der-cyberkriminellen\/#article","isPartOf":{"@id":"https:\/\/news.save.ch\/gesundheitswesen-im-visier-der-cyberkriminellen\/"},"author":{"name":"admin","@id":"https:\/\/news.save.ch\/de\/#\/schema\/person\/d49e199490bad7c70d64b9ab51142f2b"},"headline":"Gesundheitswesen im Visier der Cyberkriminellen","datePublished":"2015-09-04T06:45:55+00:00","dateModified":"2023-03-14T07:57:34+00:00","mainEntityOfPage":{"@id":"https:\/\/news.save.ch\/gesundheitswesen-im-visier-der-cyberkriminellen\/"},"wordCount":408,"commentCount":0,"publisher":{"@id":"https:\/\/news.save.ch\/de\/#organization"},"image":{"@id":"https:\/\/news.save.ch\/gesundheitswesen-im-visier-der-cyberkriminellen\/#primaryimage"},"thumbnailUrl":"https:\/\/news.save.ch\/wp-content\/uploads\/2016\/12\/Gesundheitswesen-im-Visier-der-Cyberkriminellen-it-security-scaled.jpg","keywords":["Cyber-Crime","IT-SECURITY"],"articleSection":["DIGITALISIERUNG"],"inLanguage":"en-US"},{"@type":"WebPage","@id":"https:\/\/news.save.ch\/gesundheitswesen-im-visier-der-cyberkriminellen\/","url":"https:\/\/news.save.ch\/gesundheitswesen-im-visier-der-cyberkriminellen\/","name":"Healthcare targeted by cybercriminals - Save","isPartOf":{"@id":"https:\/\/news.save.ch\/de\/#website"},"primaryImageOfPage":{"@id":"https:\/\/news.save.ch\/gesundheitswesen-im-visier-der-cyberkriminellen\/#primaryimage"},"image":{"@id":"https:\/\/news.save.ch\/gesundheitswesen-im-visier-der-cyberkriminellen\/#primaryimage"},"thumbnailUrl":"https:\/\/news.save.ch\/wp-content\/uploads\/2016\/12\/Gesundheitswesen-im-Visier-der-Cyberkriminellen-it-security-scaled.jpg","datePublished":"2015-09-04T06:45:55+00:00","dateModified":"2023-03-14T07:57:34+00:00","description":"In a survey of healthcare executives, four-fifths said their IT had already been compromised by cyberattacks.","breadcrumb":{"@id":"https:\/\/news.save.ch\/gesundheitswesen-im-visier-der-cyberkriminellen\/#breadcrumb"},"inLanguage":"en-US","potentialAction":[{"@type":"ReadAction","target":["https:\/\/news.save.ch\/gesundheitswesen-im-visier-der-cyberkriminellen\/"]}]},{"@type":"ImageObject","inLanguage":"en-US","@id":"https:\/\/news.save.ch\/gesundheitswesen-im-visier-der-cyberkriminellen\/#primaryimage","url":"https:\/\/news.save.ch\/wp-content\/uploads\/2016\/12\/Gesundheitswesen-im-Visier-der-Cyberkriminellen-it-security-scaled.jpg","contentUrl":"https:\/\/news.save.ch\/wp-content\/uploads\/2016\/12\/Gesundheitswesen-im-Visier-der-Cyberkriminellen-it-security-scaled.jpg","width":1400,"height":1400},{"@type":"BreadcrumbList","@id":"https:\/\/news.save.ch\/gesundheitswesen-im-visier-der-cyberkriminellen\/#breadcrumb","itemListElement":[{"@type":"ListItem","position":1,"name":"Home","item":"https:\/\/news.save.ch\/de\/"},{"@type":"ListItem","position":2,"name":"Gesundheitswesen im Visier der Cyberkriminellen"}]},{"@type":"WebSite","@id":"https:\/\/news.save.ch\/de\/#website","url":"https:\/\/news.save.ch\/de\/","name":"Save","description":"Swiss trade journal for safety","publisher":{"@id":"https:\/\/news.save.ch\/de\/#organization"},"potentialAction":[{"@type":"SearchAction","target":{"@type":"EntryPoint","urlTemplate":"https:\/\/news.save.ch\/de\/?s={search_term_string}"},"query-input":{"@type":"PropertyValueSpecification","valueRequired":true,"valueName":"search_term_string"}}],"inLanguage":"en-US"},{"@type":"Organization","@id":"https:\/\/news.save.ch\/de\/#organization","name":"Security Forum","url":"https:\/\/news.save.ch\/de\/","logo":{"@type":"ImageObject","inLanguage":"en-US","@id":"https:\/\/news.save.ch\/de\/#\/schema\/logo\/image\/","url":"https:\/\/news.save.ch\/wp-content\/uploads\/2022\/06\/Logo_SF_2012.png","contentUrl":"https:\/\/news.save.ch\/wp-content\/uploads\/2022\/06\/Logo_SF_2012.png","width":1100,"height":91,"caption":"Sicherheitsforum"},"image":{"@id":"https:\/\/news.save.ch\/de\/#\/schema\/logo\/image\/"}},{"@type":"Person","@id":"https:\/\/news.save.ch\/de\/#\/schema\/person\/d49e199490bad7c70d64b9ab51142f2b","name":"admin","image":{"@type":"ImageObject","inLanguage":"en-US","@id":"https:\/\/secure.gravatar.com\/avatar\/ae2f4d718e6c49043e314ce431e7e645d646302a24a5ef5a8bc8e3f5a032e319?s=96&d=mm&r=g","url":"https:\/\/secure.gravatar.com\/avatar\/ae2f4d718e6c49043e314ce431e7e645d646302a24a5ef5a8bc8e3f5a032e319?s=96&d=mm&r=g","contentUrl":"https:\/\/secure.gravatar.com\/avatar\/ae2f4d718e6c49043e314ce431e7e645d646302a24a5ef5a8bc8e3f5a032e319?s=96&d=mm&r=g","caption":"admin"},"sameAs":["https:\/\/develop.organisator.galledia.ch"],"url":"https:\/\/news.save.ch\/en\/author\/admin\/"}]}},"_links":{"self":[{"href":"https:\/\/news.save.ch\/en\/wp-json\/wp\/v2\/posts\/599","targetHints":{"allow":["GET"]}}],"collection":[{"href":"https:\/\/news.save.ch\/en\/wp-json\/wp\/v2\/posts"}],"about":[{"href":"https:\/\/news.save.ch\/en\/wp-json\/wp\/v2\/types\/post"}],"author":[{"embeddable":true,"href":"https:\/\/news.save.ch\/en\/wp-json\/wp\/v2\/users\/1"}],"replies":[{"embeddable":true,"href":"https:\/\/news.save.ch\/en\/wp-json\/wp\/v2\/comments?post=599"}],"version-history":[{"count":1,"href":"https:\/\/news.save.ch\/en\/wp-json\/wp\/v2\/posts\/599\/revisions"}],"predecessor-version":[{"id":17738,"href":"https:\/\/news.save.ch\/en\/wp-json\/wp\/v2\/posts\/599\/revisions\/17738"}],"wp:featuredmedia":[{"embeddable":true,"href":"https:\/\/news.save.ch\/en\/wp-json\/wp\/v2\/media\/600"}],"wp:attachment":[{"href":"https:\/\/news.save.ch\/en\/wp-json\/wp\/v2\/media?parent=599"}],"wp:term":[{"taxonomy":"category","embeddable":true,"href":"https:\/\/news.save.ch\/en\/wp-json\/wp\/v2\/categories?post=599"},{"taxonomy":"post_tag","embeddable":true,"href":"https:\/\/news.save.ch\/en\/wp-json\/wp\/v2\/tags?post=599"}],"curies":[{"name":"wp","href":"https:\/\/api.w.org\/{rel}","templated":true}]}}