{"id":6002,"date":"2018-02-09T16:07:37","date_gmt":"2018-02-09T15:07:37","guid":{"rendered":"https:\/\/news.save.ch\/?p=6002"},"modified":"2023-03-14T08:56:58","modified_gmt":"2023-03-14T07:56:58","slug":"neuer-ceo-bei-infinigate","status":null,"type":"post","link":"https:\/\/news.save.ch\/en\/neuer-ceo-bei-infinigate\/","title":{"rendered":"New CEO at Infinigate"},"content":{"rendered":"<p><img loading=\"lazy\" decoding=\"async\" class=\"alignleft wp-image-6008 size-medium\" src=\"https:\/\/news.save.ch\/wp-content\/uploads\/2018\/02\/RKJBHAI_bearbeitet-1-scaled-1.jpg\" alt=\"Infinigate, Klaus Schlichtherle \" width=\"680\" height=\"863\" \/><\/p>\n<p>As of April 1, 2018, Klaus Schlichtherle will take the helm of pan-European value added distributor <a href=\"https:\/\/www.infinigate.com\">Infinigate<\/a> as the new CEO. Together with David Martinez, who is still CEO, as Chairman of the Board of Directors, the group is to be led from today's sales of over 400 million to 1 billion euros in the next five years, according to the press release. Growth is to be achieved both organically and through geographic expansion via acquisitions.<\/p>\n<p><strong>Professional stations<\/strong><\/p>\n<p>Klaus Schlichtherle was already active in distribution from 1990 to 2008, first at Computer 2000 AG, then at Tech Data after its takeover. From 2000 to 2005, he played a key role in shaping the internationalization of the networking, supplies and components business units and establishing cross-border European structures. From 2005 to 2008, Schlichtherle was managing director of Tech Data Germany, including Tech Data Midrange.<\/p>\n<p>From 2008 to 2018, Schlichtherle held various positions at Lausanne-based Logitech Europe S.A., most recently as Head of Sales Management and Operations EMEA.<\/p>\n<p>Commenting on his new role, the new CEO says: \"Infinigate is a fast-growing company in the IT security environment and I am very pleased to take on this exciting role and to continue to grow the Infinigate Group.\"<\/p>\n<p><em>Source: <a href=\"https:\/\/news.save.ch\/en\/infinigate-schweiz-bachmann-zurueck-im-it-geschaeft\/\">Infinigate<\/a><\/em><\/p>\n<p>&nbsp;<\/p>","protected":false},"excerpt":{"rendered":"<p>Ab 1. April 2018 wird Klaus Schlichtherle die Geschicke des pan-europ\u00e4ischen Value Added Distributor Infinigate als neuer CEO leiten. Zusammen mit dem noch CEO David Martinez als VR-Pr\u00e4sident soll die Gruppe in den n\u00e4chsten f\u00fcnf Jahre von heute \u00fcber 400 Mio. auf 1 Milliarde Euro Umsatz gef\u00fchrt werden, wie es in der Pressemeldung heisst. Das [&hellip;]<\/p>\n","protected":false},"author":8,"featured_media":6008,"comment_status":"open","ping_status":"open","sticky":false,"template":"","format":"standard","meta":{"_acf_changed":false,"pgc_sgb_lightbox_settings":"","footnotes":""},"categories":[3313],"tags":[62,63,65],"class_list":["post-6002","post","type-post","status-publish","format-standard","has-post-thumbnail","hentry","category-digitalisierung","tag-ict-sicherheit","tag-it-security","tag-unternehmen"],"acf":[],"hkrextid":null,"publication":null,"issue":null,"workflow":null,"startPage":null,"spitzmarke":null,"_posts_by_tag_page_fields":{"widget_title":"","widget_tags":""},"_at_widget":"1","_yoast_wpseo_primary_category":"2","_yoast_wpseo_focuskw_text_input":"Infinigate","_yoast_wpseo_opengraph-image":null,"_yoast_wpseo_opengraph-description":null,"_yoast_wpseo_opengraph-title":null,"enclosure":null,"_yoast_wpseo_twitter-title":null,"_yoast_wpseo_twitter-description":null,"_yoast_wpseo_twitter-image":null,"_wp_old_slug":null,"_yoast_wpseo_title":null,"_yoast_wpseo_canonical":null,"yoast_head":"<!-- This site is optimized with the Yoast SEO plugin v27.5 - https:\/\/yoast.com\/product\/yoast-seo-wordpress\/ -->\n<title>Neuer CEO bei Infinigate - Save<\/title>\n<meta name=\"description\" content=\"Infinigate erweitert seine Managementstruktur und bringt mit Klaus Schlichtherle einen international erfahrenen Manager als CEO an die Spitze der Gruppe.\" \/>\n<meta name=\"robots\" content=\"index, follow, max-snippet:-1, max-image-preview:large, max-video-preview:-1\" \/>\n<link rel=\"canonical\" href=\"https:\/\/news.save.ch\/en\/neuer-ceo-bei-infinigate\/\" \/>\n<meta property=\"og:locale\" content=\"en_US\" \/>\n<meta property=\"og:type\" content=\"article\" \/>\n<meta property=\"og:title\" content=\"Neuer CEO bei Infinigate - Save\" \/>\n<meta property=\"og:description\" content=\"Infinigate erweitert seine Managementstruktur und bringt mit Klaus Schlichtherle einen international erfahrenen Manager als CEO an die Spitze der Gruppe.\" \/>\n<meta property=\"og:url\" content=\"https:\/\/news.save.ch\/en\/neuer-ceo-bei-infinigate\/\" \/>\n<meta property=\"og:site_name\" content=\"Save\" \/>\n<meta property=\"article:published_time\" content=\"2018-02-09T15:07:37+00:00\" \/>\n<meta property=\"article:modified_time\" content=\"2023-03-14T07:56:58+00:00\" \/>\n<meta property=\"og:image\" content=\"https:\/\/news.save.ch\/wp-content\/uploads\/2018\/02\/RKJBHAI_bearbeitet-1-scaled-1-scaled.jpg\" \/>\n\t<meta property=\"og:image:width\" content=\"1104\" \/>\n\t<meta property=\"og:image:height\" content=\"1400\" \/>\n\t<meta property=\"og:image:type\" content=\"image\/jpeg\" \/>\n<meta name=\"author\" content=\"Roger Str\u00e4ssle\" \/>\n<meta name=\"twitter:card\" content=\"summary_large_image\" \/>\n<meta name=\"twitter:label1\" content=\"Written by\" \/>\n\t<meta name=\"twitter:data1\" content=\"Roger Str\u00e4ssle\" \/>\n\t<meta name=\"twitter:label2\" content=\"Est. reading time\" \/>\n\t<meta name=\"twitter:data2\" content=\"1 minute\" \/>\n<script type=\"application\/ld+json\" class=\"yoast-schema-graph\">{\"@context\":\"https:\\\/\\\/schema.org\",\"@graph\":[{\"@type\":\"Article\",\"@id\":\"https:\\\/\\\/news.save.ch\\\/neuer-ceo-bei-infinigate\\\/#article\",\"isPartOf\":{\"@id\":\"https:\\\/\\\/news.save.ch\\\/neuer-ceo-bei-infinigate\\\/\"},\"author\":{\"name\":\"Roger Str\u00e4ssle\",\"@id\":\"https:\\\/\\\/news.save.ch\\\/de\\\/#\\\/schema\\\/person\\\/d5022db048e0e2b9785c50e5b24da5aa\"},\"headline\":\"Neuer CEO bei Infinigate\",\"datePublished\":\"2018-02-09T15:07:37+00:00\",\"dateModified\":\"2023-03-14T07:56:58+00:00\",\"mainEntityOfPage\":{\"@id\":\"https:\\\/\\\/news.save.ch\\\/neuer-ceo-bei-infinigate\\\/\"},\"wordCount\":204,\"commentCount\":0,\"publisher\":{\"@id\":\"https:\\\/\\\/news.save.ch\\\/de\\\/#organization\"},\"image\":{\"@id\":\"https:\\\/\\\/news.save.ch\\\/neuer-ceo-bei-infinigate\\\/#primaryimage\"},\"thumbnailUrl\":\"https:\\\/\\\/news.save.ch\\\/wp-content\\\/uploads\\\/2018\\\/02\\\/RKJBHAI_bearbeitet-1-scaled-1-scaled.jpg\",\"keywords\":[\"ICT-Sicherheit\",\"IT-SECURITY\",\"Unternehmen\"],\"articleSection\":[\"DIGITALISIERUNG\"],\"inLanguage\":\"en-US\"},{\"@type\":\"WebPage\",\"@id\":\"https:\\\/\\\/news.save.ch\\\/neuer-ceo-bei-infinigate\\\/\",\"url\":\"https:\\\/\\\/news.save.ch\\\/neuer-ceo-bei-infinigate\\\/\",\"name\":\"Neuer CEO bei Infinigate - Save\",\"isPartOf\":{\"@id\":\"https:\\\/\\\/news.save.ch\\\/de\\\/#website\"},\"primaryImageOfPage\":{\"@id\":\"https:\\\/\\\/news.save.ch\\\/neuer-ceo-bei-infinigate\\\/#primaryimage\"},\"image\":{\"@id\":\"https:\\\/\\\/news.save.ch\\\/neuer-ceo-bei-infinigate\\\/#primaryimage\"},\"thumbnailUrl\":\"https:\\\/\\\/news.save.ch\\\/wp-content\\\/uploads\\\/2018\\\/02\\\/RKJBHAI_bearbeitet-1-scaled-1-scaled.jpg\",\"datePublished\":\"2018-02-09T15:07:37+00:00\",\"dateModified\":\"2023-03-14T07:56:58+00:00\",\"description\":\"Infinigate erweitert seine Managementstruktur und bringt mit Klaus Schlichtherle einen international erfahrenen Manager als CEO an die Spitze der Gruppe.\",\"breadcrumb\":{\"@id\":\"https:\\\/\\\/news.save.ch\\\/neuer-ceo-bei-infinigate\\\/#breadcrumb\"},\"inLanguage\":\"en-US\",\"potentialAction\":[{\"@type\":\"ReadAction\",\"target\":[\"https:\\\/\\\/news.save.ch\\\/neuer-ceo-bei-infinigate\\\/\"]}]},{\"@type\":\"ImageObject\",\"inLanguage\":\"en-US\",\"@id\":\"https:\\\/\\\/news.save.ch\\\/neuer-ceo-bei-infinigate\\\/#primaryimage\",\"url\":\"https:\\\/\\\/news.save.ch\\\/wp-content\\\/uploads\\\/2018\\\/02\\\/RKJBHAI_bearbeitet-1-scaled-1-scaled.jpg\",\"contentUrl\":\"https:\\\/\\\/news.save.ch\\\/wp-content\\\/uploads\\\/2018\\\/02\\\/RKJBHAI_bearbeitet-1-scaled-1-scaled.jpg\",\"width\":1104,\"height\":1400},{\"@type\":\"BreadcrumbList\",\"@id\":\"https:\\\/\\\/news.save.ch\\\/neuer-ceo-bei-infinigate\\\/#breadcrumb\",\"itemListElement\":[{\"@type\":\"ListItem\",\"position\":1,\"name\":\"Home\",\"item\":\"https:\\\/\\\/news.save.ch\\\/de\\\/\"},{\"@type\":\"ListItem\",\"position\":2,\"name\":\"Neuer CEO bei Infinigate\"}]},{\"@type\":\"WebSite\",\"@id\":\"https:\\\/\\\/news.save.ch\\\/de\\\/#website\",\"url\":\"https:\\\/\\\/news.save.ch\\\/de\\\/\",\"name\":\"Save\",\"description\":\"Schweizer Fachzeitschrift f\u00fcr Sicherheit\",\"publisher\":{\"@id\":\"https:\\\/\\\/news.save.ch\\\/de\\\/#organization\"},\"potentialAction\":[{\"@type\":\"SearchAction\",\"target\":{\"@type\":\"EntryPoint\",\"urlTemplate\":\"https:\\\/\\\/news.save.ch\\\/de\\\/?s={search_term_string}\"},\"query-input\":{\"@type\":\"PropertyValueSpecification\",\"valueRequired\":true,\"valueName\":\"search_term_string\"}}],\"inLanguage\":\"en-US\"},{\"@type\":\"Organization\",\"@id\":\"https:\\\/\\\/news.save.ch\\\/de\\\/#organization\",\"name\":\"Sicherheitsforum\",\"url\":\"https:\\\/\\\/news.save.ch\\\/de\\\/\",\"logo\":{\"@type\":\"ImageObject\",\"inLanguage\":\"en-US\",\"@id\":\"https:\\\/\\\/news.save.ch\\\/de\\\/#\\\/schema\\\/logo\\\/image\\\/\",\"url\":\"https:\\\/\\\/news.save.ch\\\/wp-content\\\/uploads\\\/2022\\\/06\\\/Logo_SF_2012.png\",\"contentUrl\":\"https:\\\/\\\/news.save.ch\\\/wp-content\\\/uploads\\\/2022\\\/06\\\/Logo_SF_2012.png\",\"width\":1100,\"height\":91,\"caption\":\"Sicherheitsforum\"},\"image\":{\"@id\":\"https:\\\/\\\/news.save.ch\\\/de\\\/#\\\/schema\\\/logo\\\/image\\\/\"}},{\"@type\":\"Person\",\"@id\":\"https:\\\/\\\/news.save.ch\\\/de\\\/#\\\/schema\\\/person\\\/d5022db048e0e2b9785c50e5b24da5aa\",\"name\":\"Roger Str\u00e4ssle\",\"image\":{\"@type\":\"ImageObject\",\"inLanguage\":\"en-US\",\"@id\":\"https:\\\/\\\/secure.gravatar.com\\\/avatar\\\/862a5569d087de48e5856e32f45d719a03804c891d6deb8d4f71a660e79e4a47?s=96&d=mm&r=g\",\"url\":\"https:\\\/\\\/secure.gravatar.com\\\/avatar\\\/862a5569d087de48e5856e32f45d719a03804c891d6deb8d4f71a660e79e4a47?s=96&d=mm&r=g\",\"contentUrl\":\"https:\\\/\\\/secure.gravatar.com\\\/avatar\\\/862a5569d087de48e5856e32f45d719a03804c891d6deb8d4f71a660e79e4a47?s=96&d=mm&r=g\",\"caption\":\"Roger Str\u00e4ssle\"},\"url\":\"https:\\\/\\\/news.save.ch\\\/en\\\/author\\\/roger-straessle\\\/\"}]}<\/script>\n<!-- \/ Yoast SEO plugin. -->","yoast_head_json":{"title":"New CEO at Infinigate - Save","description":"Infinigate expands its management structure and brings Klaus Schlichtherle, an internationally experienced manager, to head the group as CEO.","robots":{"index":"index","follow":"follow","max-snippet":"max-snippet:-1","max-image-preview":"max-image-preview:large","max-video-preview":"max-video-preview:-1"},"canonical":"https:\/\/news.save.ch\/en\/neuer-ceo-bei-infinigate\/","og_locale":"en_US","og_type":"article","og_title":"Neuer CEO bei Infinigate - Save","og_description":"Infinigate erweitert seine Managementstruktur und bringt mit Klaus Schlichtherle einen international erfahrenen Manager als CEO an die Spitze der Gruppe.","og_url":"https:\/\/news.save.ch\/en\/neuer-ceo-bei-infinigate\/","og_site_name":"Save","article_published_time":"2018-02-09T15:07:37+00:00","article_modified_time":"2023-03-14T07:56:58+00:00","og_image":[{"width":1104,"height":1400,"url":"https:\/\/news.save.ch\/wp-content\/uploads\/2018\/02\/RKJBHAI_bearbeitet-1-scaled-1-scaled.jpg","type":"image\/jpeg"}],"author":"Roger Str\u00e4ssle","twitter_card":"summary_large_image","twitter_misc":{"Written by":"Roger Str\u00e4ssle","Est. reading time":"1 minute"},"schema":{"@context":"https:\/\/schema.org","@graph":[{"@type":"Article","@id":"https:\/\/news.save.ch\/neuer-ceo-bei-infinigate\/#article","isPartOf":{"@id":"https:\/\/news.save.ch\/neuer-ceo-bei-infinigate\/"},"author":{"name":"Roger Str\u00e4ssle","@id":"https:\/\/news.save.ch\/de\/#\/schema\/person\/d5022db048e0e2b9785c50e5b24da5aa"},"headline":"Neuer CEO bei Infinigate","datePublished":"2018-02-09T15:07:37+00:00","dateModified":"2023-03-14T07:56:58+00:00","mainEntityOfPage":{"@id":"https:\/\/news.save.ch\/neuer-ceo-bei-infinigate\/"},"wordCount":204,"commentCount":0,"publisher":{"@id":"https:\/\/news.save.ch\/de\/#organization"},"image":{"@id":"https:\/\/news.save.ch\/neuer-ceo-bei-infinigate\/#primaryimage"},"thumbnailUrl":"https:\/\/news.save.ch\/wp-content\/uploads\/2018\/02\/RKJBHAI_bearbeitet-1-scaled-1-scaled.jpg","keywords":["ICT-Sicherheit","IT-SECURITY","Unternehmen"],"articleSection":["DIGITALISIERUNG"],"inLanguage":"en-US"},{"@type":"WebPage","@id":"https:\/\/news.save.ch\/neuer-ceo-bei-infinigate\/","url":"https:\/\/news.save.ch\/neuer-ceo-bei-infinigate\/","name":"New CEO at Infinigate - Save","isPartOf":{"@id":"https:\/\/news.save.ch\/de\/#website"},"primaryImageOfPage":{"@id":"https:\/\/news.save.ch\/neuer-ceo-bei-infinigate\/#primaryimage"},"image":{"@id":"https:\/\/news.save.ch\/neuer-ceo-bei-infinigate\/#primaryimage"},"thumbnailUrl":"https:\/\/news.save.ch\/wp-content\/uploads\/2018\/02\/RKJBHAI_bearbeitet-1-scaled-1-scaled.jpg","datePublished":"2018-02-09T15:07:37+00:00","dateModified":"2023-03-14T07:56:58+00:00","description":"Infinigate expands its management structure and brings Klaus Schlichtherle, an internationally experienced manager, to head the group as CEO.","breadcrumb":{"@id":"https:\/\/news.save.ch\/neuer-ceo-bei-infinigate\/#breadcrumb"},"inLanguage":"en-US","potentialAction":[{"@type":"ReadAction","target":["https:\/\/news.save.ch\/neuer-ceo-bei-infinigate\/"]}]},{"@type":"ImageObject","inLanguage":"en-US","@id":"https:\/\/news.save.ch\/neuer-ceo-bei-infinigate\/#primaryimage","url":"https:\/\/news.save.ch\/wp-content\/uploads\/2018\/02\/RKJBHAI_bearbeitet-1-scaled-1-scaled.jpg","contentUrl":"https:\/\/news.save.ch\/wp-content\/uploads\/2018\/02\/RKJBHAI_bearbeitet-1-scaled-1-scaled.jpg","width":1104,"height":1400},{"@type":"BreadcrumbList","@id":"https:\/\/news.save.ch\/neuer-ceo-bei-infinigate\/#breadcrumb","itemListElement":[{"@type":"ListItem","position":1,"name":"Home","item":"https:\/\/news.save.ch\/de\/"},{"@type":"ListItem","position":2,"name":"Neuer CEO bei Infinigate"}]},{"@type":"WebSite","@id":"https:\/\/news.save.ch\/de\/#website","url":"https:\/\/news.save.ch\/de\/","name":"Save","description":"Swiss trade journal for safety","publisher":{"@id":"https:\/\/news.save.ch\/de\/#organization"},"potentialAction":[{"@type":"SearchAction","target":{"@type":"EntryPoint","urlTemplate":"https:\/\/news.save.ch\/de\/?s={search_term_string}"},"query-input":{"@type":"PropertyValueSpecification","valueRequired":true,"valueName":"search_term_string"}}],"inLanguage":"en-US"},{"@type":"Organization","@id":"https:\/\/news.save.ch\/de\/#organization","name":"Security Forum","url":"https:\/\/news.save.ch\/de\/","logo":{"@type":"ImageObject","inLanguage":"en-US","@id":"https:\/\/news.save.ch\/de\/#\/schema\/logo\/image\/","url":"https:\/\/news.save.ch\/wp-content\/uploads\/2022\/06\/Logo_SF_2012.png","contentUrl":"https:\/\/news.save.ch\/wp-content\/uploads\/2022\/06\/Logo_SF_2012.png","width":1100,"height":91,"caption":"Sicherheitsforum"},"image":{"@id":"https:\/\/news.save.ch\/de\/#\/schema\/logo\/image\/"}},{"@type":"Person","@id":"https:\/\/news.save.ch\/de\/#\/schema\/person\/d5022db048e0e2b9785c50e5b24da5aa","name":"Roger Str\u00e4ssle","image":{"@type":"ImageObject","inLanguage":"en-US","@id":"https:\/\/secure.gravatar.com\/avatar\/862a5569d087de48e5856e32f45d719a03804c891d6deb8d4f71a660e79e4a47?s=96&d=mm&r=g","url":"https:\/\/secure.gravatar.com\/avatar\/862a5569d087de48e5856e32f45d719a03804c891d6deb8d4f71a660e79e4a47?s=96&d=mm&r=g","contentUrl":"https:\/\/secure.gravatar.com\/avatar\/862a5569d087de48e5856e32f45d719a03804c891d6deb8d4f71a660e79e4a47?s=96&d=mm&r=g","caption":"Roger Str\u00e4ssle"},"url":"https:\/\/news.save.ch\/en\/author\/roger-straessle\/"}]}},"_links":{"self":[{"href":"https:\/\/news.save.ch\/en\/wp-json\/wp\/v2\/posts\/6002","targetHints":{"allow":["GET"]}}],"collection":[{"href":"https:\/\/news.save.ch\/en\/wp-json\/wp\/v2\/posts"}],"about":[{"href":"https:\/\/news.save.ch\/en\/wp-json\/wp\/v2\/types\/post"}],"author":[{"embeddable":true,"href":"https:\/\/news.save.ch\/en\/wp-json\/wp\/v2\/users\/8"}],"replies":[{"embeddable":true,"href":"https:\/\/news.save.ch\/en\/wp-json\/wp\/v2\/comments?post=6002"}],"version-history":[{"count":1,"href":"https:\/\/news.save.ch\/en\/wp-json\/wp\/v2\/posts\/6002\/revisions"}],"predecessor-version":[{"id":17466,"href":"https:\/\/news.save.ch\/en\/wp-json\/wp\/v2\/posts\/6002\/revisions\/17466"}],"wp:featuredmedia":[{"embeddable":true,"href":"https:\/\/news.save.ch\/en\/wp-json\/wp\/v2\/media\/6008"}],"wp:attachment":[{"href":"https:\/\/news.save.ch\/en\/wp-json\/wp\/v2\/media?parent=6002"}],"wp:term":[{"taxonomy":"category","embeddable":true,"href":"https:\/\/news.save.ch\/en\/wp-json\/wp\/v2\/categories?post=6002"},{"taxonomy":"post_tag","embeddable":true,"href":"https:\/\/news.save.ch\/en\/wp-json\/wp\/v2\/tags?post=6002"}],"curies":[{"name":"wp","href":"https:\/\/api.w.org\/{rel}","templated":true}]}}