{"id":6045,"date":"2018-03-02T06:05:43","date_gmt":"2018-03-02T05:05:43","guid":{"rendered":"https:\/\/news.save.ch\/?p=6045"},"modified":"2023-03-14T08:56:57","modified_gmt":"2023-03-14T07:56:57","slug":"schweizer-unternehmen-noch-nicht-fuer-dsgvo-geruestet","status":null,"type":"post","link":"https:\/\/news.save.ch\/en\/schweizer-unternehmen-noch-nicht-fuer-dsgvo-geruestet\/","title":{"rendered":"Swiss companies not yet equipped for GDPR"},"content":{"rendered":"<figure id=\"attachment_6046\" aria-describedby=\"caption-attachment-6046\" style=\"width: 680px\" class=\"wp-caption aligncenter\"><img loading=\"lazy\" decoding=\"async\" class=\"size-medium wp-image-6046\" src=\"https:\/\/news.save.ch\/wp-content\/uploads\/2018\/02\/Depositphotos_DSGVO.jpg\" alt=\"\" width=\"680\" height=\"454\" srcset=\"https:\/\/news.save.ch\/wp-content\/uploads\/2018\/02\/Depositphotos_DSGVO.jpg 1000w, https:\/\/news.save.ch\/wp-content\/uploads\/2018\/02\/Depositphotos_DSGVO-375x250.jpg 375w\" sizes=\"auto, (max-width: 680px) 100vw, 680px\" \/><figcaption id=\"caption-attachment-6046\" class=\"wp-caption-text\">\u00a9 depositphotos, Pe3check<\/figcaption><\/figure>\n<p>&nbsp;<\/p>\n<p>For this latest survey, we examined <a href=\"https:\/\/www.ey.com\">EY<\/a> the responses of 745 executives from 19 countries, including Switzerland. EY analyzed the legal, compliance and fraud risks faced by international companies and the use of forensic data analytics (FDA) to manage risk.<\/p>\n<p><strong>GDPR: only 40% of Swiss respondents have taken measures<\/strong><\/p>\n<p>On May 25, 2018, the EU General Data Protection Regulation (GDPR) will come into force. However, only 40 percent of all Swiss respondents stated that they had taken measures to comply with the EU legislation. Compared with the European average of 60 percent who said they had developed an action plan, this proportion is surprisingly low. Even more work remains to be done in other markets, where significantly fewer companies said they were prepared for the GDPR: Africa and Middle East (27%), Americas (13%) and Asia Pacific (12%).<\/p>\n<p>Michael Faske, Head of Fraud Investigation &amp; Dispute Services at EY Switzerland, explains: \"Regulatory change is advancing ever more rapidly, and the introduction of data protection laws such as the GDPR poses a significant challenge for organizations operating internationally in terms of compliance. However, companies that adopt FDA technologies can achieve significant benefits, benefiting from more effective risk management and greater transparency across their operations.\"<\/p>\n<p><strong>Increased use of FDA for risk management\u00a0 <\/strong><\/p>\n<p>In Switzerland, the adoption rate of many technologies is generally lower than the international average. In the field of artificial intelligence in particular, Swiss companies have a rate of 21 percent, well below the global average of 38 percent.<\/p>\n<p>However, many Swiss companies have long since moved beyond relying on basic FDA tools to manage their legal, compliance and fraud risks. In addition, 36 percent said the introduction of robotic process automation (RPA) was likely in their company in the next 12 months, followed by corresponding plans for the use of artificial intelligence (21%). Due to the greater use of sophisticated FDA technologies, companies are now using more sources of structured and unstructured data than two years ago. However, Swiss companies are using these data sources to a lesser extent, especially social media and \"whistleblower\" records.<\/p>\n<p>Surprisingly, according to the study, only 8 percent of respondents in Switzerland (compared to 13 percent globally) said they currently use forensic data analytics to meet the requirements of the GDPR. Only one-third (29%) said they are currently evaluating exactly which FDA tools to use to help them comply.<\/p>\n<p><strong>FDA requires professionals<\/strong><\/p>\n<p>Overall, the report emphasizes the need to back up increased use and spending on advanced FDA technologies with more investment in well-trained personnel. Despite the broad benefits, the number of professionals solely responsible for FDA remains low. In Switzerland, only 10 percent of respondents believe their organization has the right FDA expertise. Only 15 percent believe they have appropriate skills in data analysis or data science.<\/p>\n<p>Michael Faske adds, \"FDA is not just about the technology, it's also about the people who wield it and how they use the technology to manage risk. While it's encouraging that companies are investing more in sophisticated FDA technologies, they also need to hire the right people and invest in key core competencies such as domain knowledge and data analytics to successfully manage their risk profile.\"\u00a0<em>Press release EY<\/em><\/p>\n<p><em>The topic of the EU General Data Protection Regulation is also covered in the new print edition of the \"<a href=\"https:\/\/news.save.ch\/en\/sicherheitsforum\/\">SafetyForum<\/a>\" picked up. <\/em><\/p>","protected":false},"excerpt":{"rendered":"<p>&nbsp; F\u00fcr diese j\u00fcngste Umfrage untersuchte EY die Antworten von 745 F\u00fchrungskr\u00e4ften aus 19 L\u00e4ndern, einschliesslich der Schweiz. EY analysierte die Rechts-, Compliance- und Betrugsrisiken, denen sich internationale Unternehmen ausgesetzt sehen, sowie den Einsatz von forensischen Datenanalyseverfahren (FDA) zur Risikosteuerung. DSGVO: nur 40% der Schweizer Befragten haben Massnahmen ergriffen Am 25. Mai\u00a02018 tritt die EU-Datenschutzgrundverordnung [&hellip;]<\/p>\n","protected":false},"author":8,"featured_media":6046,"comment_status":"open","ping_status":"open","sticky":false,"template":"","format":"standard","meta":{"_acf_changed":false,"pgc_sgb_lightbox_settings":"","footnotes":""},"categories":[3313],"tags":[348,378,62],"class_list":["post-6045","post","type-post","status-publish","format-standard","has-post-thumbnail","hentry","category-digitalisierung","tag-compliance","tag-dsgvo","tag-ict-sicherheit"],"acf":[],"hkrextid":null,"publication":null,"issue":null,"workflow":null,"startPage":null,"spitzmarke":null,"_posts_by_tag_page_fields":{"widget_title":"","widget_tags":""},"_at_widget":"1","_yoast_wpseo_primary_category":"2","_yoast_wpseo_focuskw_text_input":"DSGVO","_yoast_wpseo_opengraph-image":null,"_yoast_wpseo_opengraph-description":null,"_yoast_wpseo_opengraph-title":null,"enclosure":null,"_yoast_wpseo_twitter-title":null,"_yoast_wpseo_twitter-description":null,"_yoast_wpseo_twitter-image":null,"_wp_old_slug":null,"_yoast_wpseo_title":null,"_yoast_wpseo_canonical":null,"yoast_head":"<!-- This site is optimized with the Yoast SEO plugin v27.5 - https:\/\/yoast.com\/product\/yoast-seo-wordpress\/ -->\n<title>Schweizer Unternehmen noch nicht f\u00fcr DSGVO ger\u00fcstet - Save<\/title>\n<meta name=\"description\" content=\"Schon bald tritt die EU-Datenschutzgrundverordnung in Kraft. Lediglich 40% aller Schweizer Befragten des EY-Survey gaben an, Massnahmen ergriffen zu haben.\" \/>\n<meta name=\"robots\" content=\"index, follow, max-snippet:-1, max-image-preview:large, max-video-preview:-1\" \/>\n<link rel=\"canonical\" href=\"https:\/\/news.save.ch\/en\/schweizer-unternehmen-noch-nicht-fuer-dsgvo-geruestet\/\" \/>\n<meta property=\"og:locale\" content=\"en_US\" \/>\n<meta property=\"og:type\" content=\"article\" \/>\n<meta property=\"og:title\" content=\"Schweizer Unternehmen noch nicht f\u00fcr DSGVO ger\u00fcstet - Save\" \/>\n<meta property=\"og:description\" content=\"Schon bald tritt die EU-Datenschutzgrundverordnung in Kraft. Lediglich 40% aller Schweizer Befragten des EY-Survey gaben an, Massnahmen ergriffen zu haben.\" \/>\n<meta property=\"og:url\" content=\"https:\/\/news.save.ch\/en\/schweizer-unternehmen-noch-nicht-fuer-dsgvo-geruestet\/\" \/>\n<meta property=\"og:site_name\" content=\"Save\" \/>\n<meta property=\"article:published_time\" content=\"2018-03-02T05:05:43+00:00\" \/>\n<meta property=\"article:modified_time\" content=\"2023-03-14T07:56:57+00:00\" \/>\n<meta property=\"og:image\" content=\"https:\/\/news.save.ch\/wp-content\/uploads\/2018\/02\/Depositphotos_DSGVO.jpg\" \/>\n\t<meta property=\"og:image:width\" content=\"1000\" \/>\n\t<meta property=\"og:image:height\" content=\"667\" \/>\n\t<meta property=\"og:image:type\" content=\"image\/jpeg\" \/>\n<meta name=\"author\" content=\"Roger Str\u00e4ssle\" \/>\n<meta name=\"twitter:card\" content=\"summary_large_image\" \/>\n<meta name=\"twitter:label1\" content=\"Written by\" \/>\n\t<meta name=\"twitter:data1\" content=\"Roger Str\u00e4ssle\" \/>\n\t<meta name=\"twitter:label2\" content=\"Est. reading time\" \/>\n\t<meta name=\"twitter:data2\" content=\"3 minutes\" \/>\n<script type=\"application\/ld+json\" class=\"yoast-schema-graph\">{\"@context\":\"https:\\\/\\\/schema.org\",\"@graph\":[{\"@type\":\"Article\",\"@id\":\"https:\\\/\\\/news.save.ch\\\/schweizer-unternehmen-noch-nicht-fuer-dsgvo-geruestet\\\/#article\",\"isPartOf\":{\"@id\":\"https:\\\/\\\/news.save.ch\\\/schweizer-unternehmen-noch-nicht-fuer-dsgvo-geruestet\\\/\"},\"author\":{\"name\":\"Roger Str\u00e4ssle\",\"@id\":\"https:\\\/\\\/news.save.ch\\\/de\\\/#\\\/schema\\\/person\\\/d5022db048e0e2b9785c50e5b24da5aa\"},\"headline\":\"Schweizer Unternehmen noch nicht f\u00fcr DSGVO ger\u00fcstet\",\"datePublished\":\"2018-03-02T05:05:43+00:00\",\"dateModified\":\"2023-03-14T07:56:57+00:00\",\"mainEntityOfPage\":{\"@id\":\"https:\\\/\\\/news.save.ch\\\/schweizer-unternehmen-noch-nicht-fuer-dsgvo-geruestet\\\/\"},\"wordCount\":586,\"commentCount\":0,\"publisher\":{\"@id\":\"https:\\\/\\\/news.save.ch\\\/de\\\/#organization\"},\"image\":{\"@id\":\"https:\\\/\\\/news.save.ch\\\/schweizer-unternehmen-noch-nicht-fuer-dsgvo-geruestet\\\/#primaryimage\"},\"thumbnailUrl\":\"https:\\\/\\\/news.save.ch\\\/wp-content\\\/uploads\\\/2018\\\/02\\\/Depositphotos_DSGVO.jpg\",\"keywords\":[\"Compliance\",\"DSGVO\",\"ICT-Sicherheit\"],\"articleSection\":[\"DIGITALISIERUNG\"],\"inLanguage\":\"en-US\"},{\"@type\":\"WebPage\",\"@id\":\"https:\\\/\\\/news.save.ch\\\/schweizer-unternehmen-noch-nicht-fuer-dsgvo-geruestet\\\/\",\"url\":\"https:\\\/\\\/news.save.ch\\\/schweizer-unternehmen-noch-nicht-fuer-dsgvo-geruestet\\\/\",\"name\":\"Schweizer Unternehmen noch nicht f\u00fcr DSGVO ger\u00fcstet - Save\",\"isPartOf\":{\"@id\":\"https:\\\/\\\/news.save.ch\\\/de\\\/#website\"},\"primaryImageOfPage\":{\"@id\":\"https:\\\/\\\/news.save.ch\\\/schweizer-unternehmen-noch-nicht-fuer-dsgvo-geruestet\\\/#primaryimage\"},\"image\":{\"@id\":\"https:\\\/\\\/news.save.ch\\\/schweizer-unternehmen-noch-nicht-fuer-dsgvo-geruestet\\\/#primaryimage\"},\"thumbnailUrl\":\"https:\\\/\\\/news.save.ch\\\/wp-content\\\/uploads\\\/2018\\\/02\\\/Depositphotos_DSGVO.jpg\",\"datePublished\":\"2018-03-02T05:05:43+00:00\",\"dateModified\":\"2023-03-14T07:56:57+00:00\",\"description\":\"Schon bald tritt die EU-Datenschutzgrundverordnung in Kraft. Lediglich 40% aller Schweizer Befragten des EY-Survey gaben an, Massnahmen ergriffen zu haben.\",\"breadcrumb\":{\"@id\":\"https:\\\/\\\/news.save.ch\\\/schweizer-unternehmen-noch-nicht-fuer-dsgvo-geruestet\\\/#breadcrumb\"},\"inLanguage\":\"en-US\",\"potentialAction\":[{\"@type\":\"ReadAction\",\"target\":[\"https:\\\/\\\/news.save.ch\\\/schweizer-unternehmen-noch-nicht-fuer-dsgvo-geruestet\\\/\"]}]},{\"@type\":\"ImageObject\",\"inLanguage\":\"en-US\",\"@id\":\"https:\\\/\\\/news.save.ch\\\/schweizer-unternehmen-noch-nicht-fuer-dsgvo-geruestet\\\/#primaryimage\",\"url\":\"https:\\\/\\\/news.save.ch\\\/wp-content\\\/uploads\\\/2018\\\/02\\\/Depositphotos_DSGVO.jpg\",\"contentUrl\":\"https:\\\/\\\/news.save.ch\\\/wp-content\\\/uploads\\\/2018\\\/02\\\/Depositphotos_DSGVO.jpg\",\"width\":1000,\"height\":667,\"caption\":\"\u00a9 depositphotos, Pe3check\"},{\"@type\":\"BreadcrumbList\",\"@id\":\"https:\\\/\\\/news.save.ch\\\/schweizer-unternehmen-noch-nicht-fuer-dsgvo-geruestet\\\/#breadcrumb\",\"itemListElement\":[{\"@type\":\"ListItem\",\"position\":1,\"name\":\"Home\",\"item\":\"https:\\\/\\\/news.save.ch\\\/de\\\/\"},{\"@type\":\"ListItem\",\"position\":2,\"name\":\"Schweizer Unternehmen noch nicht f\u00fcr DSGVO ger\u00fcstet\"}]},{\"@type\":\"WebSite\",\"@id\":\"https:\\\/\\\/news.save.ch\\\/de\\\/#website\",\"url\":\"https:\\\/\\\/news.save.ch\\\/de\\\/\",\"name\":\"Save\",\"description\":\"Schweizer Fachzeitschrift f\u00fcr Sicherheit\",\"publisher\":{\"@id\":\"https:\\\/\\\/news.save.ch\\\/de\\\/#organization\"},\"potentialAction\":[{\"@type\":\"SearchAction\",\"target\":{\"@type\":\"EntryPoint\",\"urlTemplate\":\"https:\\\/\\\/news.save.ch\\\/de\\\/?s={search_term_string}\"},\"query-input\":{\"@type\":\"PropertyValueSpecification\",\"valueRequired\":true,\"valueName\":\"search_term_string\"}}],\"inLanguage\":\"en-US\"},{\"@type\":\"Organization\",\"@id\":\"https:\\\/\\\/news.save.ch\\\/de\\\/#organization\",\"name\":\"Sicherheitsforum\",\"url\":\"https:\\\/\\\/news.save.ch\\\/de\\\/\",\"logo\":{\"@type\":\"ImageObject\",\"inLanguage\":\"en-US\",\"@id\":\"https:\\\/\\\/news.save.ch\\\/de\\\/#\\\/schema\\\/logo\\\/image\\\/\",\"url\":\"https:\\\/\\\/news.save.ch\\\/wp-content\\\/uploads\\\/2022\\\/06\\\/Logo_SF_2012.png\",\"contentUrl\":\"https:\\\/\\\/news.save.ch\\\/wp-content\\\/uploads\\\/2022\\\/06\\\/Logo_SF_2012.png\",\"width\":1100,\"height\":91,\"caption\":\"Sicherheitsforum\"},\"image\":{\"@id\":\"https:\\\/\\\/news.save.ch\\\/de\\\/#\\\/schema\\\/logo\\\/image\\\/\"}},{\"@type\":\"Person\",\"@id\":\"https:\\\/\\\/news.save.ch\\\/de\\\/#\\\/schema\\\/person\\\/d5022db048e0e2b9785c50e5b24da5aa\",\"name\":\"Roger Str\u00e4ssle\",\"image\":{\"@type\":\"ImageObject\",\"inLanguage\":\"en-US\",\"@id\":\"https:\\\/\\\/secure.gravatar.com\\\/avatar\\\/862a5569d087de48e5856e32f45d719a03804c891d6deb8d4f71a660e79e4a47?s=96&d=mm&r=g\",\"url\":\"https:\\\/\\\/secure.gravatar.com\\\/avatar\\\/862a5569d087de48e5856e32f45d719a03804c891d6deb8d4f71a660e79e4a47?s=96&d=mm&r=g\",\"contentUrl\":\"https:\\\/\\\/secure.gravatar.com\\\/avatar\\\/862a5569d087de48e5856e32f45d719a03804c891d6deb8d4f71a660e79e4a47?s=96&d=mm&r=g\",\"caption\":\"Roger Str\u00e4ssle\"},\"url\":\"https:\\\/\\\/news.save.ch\\\/en\\\/author\\\/roger-straessle\\\/\"}]}<\/script>\n<!-- \/ Yoast SEO plugin. -->","yoast_head_json":{"title":"Swiss companies not yet equipped for GDPR - Save","description":"The EU General Data Protection Regulation will soon come into force. Only 40% of all Swiss respondents to the EY Survey said they had taken measures.","robots":{"index":"index","follow":"follow","max-snippet":"max-snippet:-1","max-image-preview":"max-image-preview:large","max-video-preview":"max-video-preview:-1"},"canonical":"https:\/\/news.save.ch\/en\/schweizer-unternehmen-noch-nicht-fuer-dsgvo-geruestet\/","og_locale":"en_US","og_type":"article","og_title":"Schweizer Unternehmen noch nicht f\u00fcr DSGVO ger\u00fcstet - Save","og_description":"Schon bald tritt die EU-Datenschutzgrundverordnung in Kraft. Lediglich 40% aller Schweizer Befragten des EY-Survey gaben an, Massnahmen ergriffen zu haben.","og_url":"https:\/\/news.save.ch\/en\/schweizer-unternehmen-noch-nicht-fuer-dsgvo-geruestet\/","og_site_name":"Save","article_published_time":"2018-03-02T05:05:43+00:00","article_modified_time":"2023-03-14T07:56:57+00:00","og_image":[{"width":1000,"height":667,"url":"https:\/\/news.save.ch\/wp-content\/uploads\/2018\/02\/Depositphotos_DSGVO.jpg","type":"image\/jpeg"}],"author":"Roger Str\u00e4ssle","twitter_card":"summary_large_image","twitter_misc":{"Written by":"Roger Str\u00e4ssle","Est. reading time":"3 minutes"},"schema":{"@context":"https:\/\/schema.org","@graph":[{"@type":"Article","@id":"https:\/\/news.save.ch\/schweizer-unternehmen-noch-nicht-fuer-dsgvo-geruestet\/#article","isPartOf":{"@id":"https:\/\/news.save.ch\/schweizer-unternehmen-noch-nicht-fuer-dsgvo-geruestet\/"},"author":{"name":"Roger Str\u00e4ssle","@id":"https:\/\/news.save.ch\/de\/#\/schema\/person\/d5022db048e0e2b9785c50e5b24da5aa"},"headline":"Schweizer Unternehmen noch nicht f\u00fcr DSGVO ger\u00fcstet","datePublished":"2018-03-02T05:05:43+00:00","dateModified":"2023-03-14T07:56:57+00:00","mainEntityOfPage":{"@id":"https:\/\/news.save.ch\/schweizer-unternehmen-noch-nicht-fuer-dsgvo-geruestet\/"},"wordCount":586,"commentCount":0,"publisher":{"@id":"https:\/\/news.save.ch\/de\/#organization"},"image":{"@id":"https:\/\/news.save.ch\/schweizer-unternehmen-noch-nicht-fuer-dsgvo-geruestet\/#primaryimage"},"thumbnailUrl":"https:\/\/news.save.ch\/wp-content\/uploads\/2018\/02\/Depositphotos_DSGVO.jpg","keywords":["Compliance","DSGVO","ICT-Sicherheit"],"articleSection":["DIGITALISIERUNG"],"inLanguage":"en-US"},{"@type":"WebPage","@id":"https:\/\/news.save.ch\/schweizer-unternehmen-noch-nicht-fuer-dsgvo-geruestet\/","url":"https:\/\/news.save.ch\/schweizer-unternehmen-noch-nicht-fuer-dsgvo-geruestet\/","name":"Swiss companies not yet equipped for GDPR - Save","isPartOf":{"@id":"https:\/\/news.save.ch\/de\/#website"},"primaryImageOfPage":{"@id":"https:\/\/news.save.ch\/schweizer-unternehmen-noch-nicht-fuer-dsgvo-geruestet\/#primaryimage"},"image":{"@id":"https:\/\/news.save.ch\/schweizer-unternehmen-noch-nicht-fuer-dsgvo-geruestet\/#primaryimage"},"thumbnailUrl":"https:\/\/news.save.ch\/wp-content\/uploads\/2018\/02\/Depositphotos_DSGVO.jpg","datePublished":"2018-03-02T05:05:43+00:00","dateModified":"2023-03-14T07:56:57+00:00","description":"The EU General Data Protection Regulation will soon come into force. Only 40% of all Swiss respondents to the EY Survey said they had taken measures.","breadcrumb":{"@id":"https:\/\/news.save.ch\/schweizer-unternehmen-noch-nicht-fuer-dsgvo-geruestet\/#breadcrumb"},"inLanguage":"en-US","potentialAction":[{"@type":"ReadAction","target":["https:\/\/news.save.ch\/schweizer-unternehmen-noch-nicht-fuer-dsgvo-geruestet\/"]}]},{"@type":"ImageObject","inLanguage":"en-US","@id":"https:\/\/news.save.ch\/schweizer-unternehmen-noch-nicht-fuer-dsgvo-geruestet\/#primaryimage","url":"https:\/\/news.save.ch\/wp-content\/uploads\/2018\/02\/Depositphotos_DSGVO.jpg","contentUrl":"https:\/\/news.save.ch\/wp-content\/uploads\/2018\/02\/Depositphotos_DSGVO.jpg","width":1000,"height":667,"caption":"\u00a9 depositphotos, Pe3check"},{"@type":"BreadcrumbList","@id":"https:\/\/news.save.ch\/schweizer-unternehmen-noch-nicht-fuer-dsgvo-geruestet\/#breadcrumb","itemListElement":[{"@type":"ListItem","position":1,"name":"Home","item":"https:\/\/news.save.ch\/de\/"},{"@type":"ListItem","position":2,"name":"Schweizer Unternehmen noch nicht f\u00fcr DSGVO ger\u00fcstet"}]},{"@type":"WebSite","@id":"https:\/\/news.save.ch\/de\/#website","url":"https:\/\/news.save.ch\/de\/","name":"Save","description":"Swiss trade journal for safety","publisher":{"@id":"https:\/\/news.save.ch\/de\/#organization"},"potentialAction":[{"@type":"SearchAction","target":{"@type":"EntryPoint","urlTemplate":"https:\/\/news.save.ch\/de\/?s={search_term_string}"},"query-input":{"@type":"PropertyValueSpecification","valueRequired":true,"valueName":"search_term_string"}}],"inLanguage":"en-US"},{"@type":"Organization","@id":"https:\/\/news.save.ch\/de\/#organization","name":"Security Forum","url":"https:\/\/news.save.ch\/de\/","logo":{"@type":"ImageObject","inLanguage":"en-US","@id":"https:\/\/news.save.ch\/de\/#\/schema\/logo\/image\/","url":"https:\/\/news.save.ch\/wp-content\/uploads\/2022\/06\/Logo_SF_2012.png","contentUrl":"https:\/\/news.save.ch\/wp-content\/uploads\/2022\/06\/Logo_SF_2012.png","width":1100,"height":91,"caption":"Sicherheitsforum"},"image":{"@id":"https:\/\/news.save.ch\/de\/#\/schema\/logo\/image\/"}},{"@type":"Person","@id":"https:\/\/news.save.ch\/de\/#\/schema\/person\/d5022db048e0e2b9785c50e5b24da5aa","name":"Roger Str\u00e4ssle","image":{"@type":"ImageObject","inLanguage":"en-US","@id":"https:\/\/secure.gravatar.com\/avatar\/862a5569d087de48e5856e32f45d719a03804c891d6deb8d4f71a660e79e4a47?s=96&d=mm&r=g","url":"https:\/\/secure.gravatar.com\/avatar\/862a5569d087de48e5856e32f45d719a03804c891d6deb8d4f71a660e79e4a47?s=96&d=mm&r=g","contentUrl":"https:\/\/secure.gravatar.com\/avatar\/862a5569d087de48e5856e32f45d719a03804c891d6deb8d4f71a660e79e4a47?s=96&d=mm&r=g","caption":"Roger Str\u00e4ssle"},"url":"https:\/\/news.save.ch\/en\/author\/roger-straessle\/"}]}},"_links":{"self":[{"href":"https:\/\/news.save.ch\/en\/wp-json\/wp\/v2\/posts\/6045","targetHints":{"allow":["GET"]}}],"collection":[{"href":"https:\/\/news.save.ch\/en\/wp-json\/wp\/v2\/posts"}],"about":[{"href":"https:\/\/news.save.ch\/en\/wp-json\/wp\/v2\/types\/post"}],"author":[{"embeddable":true,"href":"https:\/\/news.save.ch\/en\/wp-json\/wp\/v2\/users\/8"}],"replies":[{"embeddable":true,"href":"https:\/\/news.save.ch\/en\/wp-json\/wp\/v2\/comments?post=6045"}],"version-history":[{"count":1,"href":"https:\/\/news.save.ch\/en\/wp-json\/wp\/v2\/posts\/6045\/revisions"}],"predecessor-version":[{"id":17463,"href":"https:\/\/news.save.ch\/en\/wp-json\/wp\/v2\/posts\/6045\/revisions\/17463"}],"wp:featuredmedia":[{"embeddable":true,"href":"https:\/\/news.save.ch\/en\/wp-json\/wp\/v2\/media\/6046"}],"wp:attachment":[{"href":"https:\/\/news.save.ch\/en\/wp-json\/wp\/v2\/media?parent=6045"}],"wp:term":[{"taxonomy":"category","embeddable":true,"href":"https:\/\/news.save.ch\/en\/wp-json\/wp\/v2\/categories?post=6045"},{"taxonomy":"post_tag","embeddable":true,"href":"https:\/\/news.save.ch\/en\/wp-json\/wp\/v2\/tags?post=6045"}],"curies":[{"name":"wp","href":"https:\/\/api.w.org\/{rel}","templated":true}]}}