{"id":6065,"date":"2020-10-09T19:08:59","date_gmt":"2020-10-09T17:08:59","guid":{"rendered":"https:\/\/news.save.ch\/?p=6065"},"modified":"2023-03-14T09:02:16","modified_gmt":"2023-03-14T08:02:16","slug":"rueckruf-von-atemschutzmaske","status":null,"type":"post","link":"https:\/\/news.save.ch\/en\/rueckruf-von-atemschutzmaske\/","title":{"rendered":"Respirator recall"},"content":{"rendered":"<figure id=\"attachment_6066\" aria-describedby=\"caption-attachment-6066\" style=\"width: 680px\" class=\"wp-caption aligncenter\"><img loading=\"lazy\" decoding=\"async\" class=\"size-medium wp-image-6066\" src=\"http:\/\/develop.safety-plus.ch\/wp-content\/uploads\/2020\/10\/63173.jpg\" alt=\"\" width=\"680\" height=\"355\" \/><figcaption id=\"caption-attachment-6066\" class=\"wp-caption-text\">Press photo<\/figcaption><\/figure>\n<p>What is the danger posed by the products concerned? Due to an insufficient and falsely declared protective effect, users run the risk of being insufficiently protected against irreversible damage to health, as the Swiss Council for Accident Prevention writes.<\/p>\n<p><strong>Which products are affected?<\/strong><\/p>\n<p>The product recall affects the respirators with the designation \"KN95\/CE FFP2 Face Mask\" of the manufacturer \"ANHUI QINGQING LABOR MASK CO., LTD\". The affected masks can be identified by the label on the packaging (see photo, label).<\/p>\n<p>According to the BFU, the affected respirators were offered in Switzerland by Prowork Tools on the website www.prowork-tools.ch and sold to companies that sold the affected masks through other distribution channels and intermediaries. Other respirators with designation \"KN95\" are not affected by this recall.<\/p>\n<p><strong>What to do?<\/strong><\/p>\n<p>Affected customers are requested to stop using the described respirator \"KN95\/CE FFP2 Face Mask\" from the manufacturer \"ANHUI QINGQING LABOR MASK CO., LTD\" and to contact Prowork Tools Handels &amp; Vertriebs GmbH (www.prowork-tools.ch) for an exchange with a compliant replacement product. <em>To contact:<\/em> Tel. 055 505 65 02, prowork.schweiz@gmail.com<\/p>\n<p>Prowork Tools Handels &amp; Vertriebs GmbH, reason for return: wrong article, Obergasse 7, 8854 Galgenen<\/p>\n<p><em>Source: AAIB<\/em><\/p>\n<p>&nbsp;<\/p>\n<figure id=\"attachment_6069\" aria-describedby=\"caption-attachment-6069\" style=\"width: 680px\" class=\"wp-caption alignnone\"><img loading=\"lazy\" decoding=\"async\" class=\"size-medium wp-image-6069\" src=\"http:\/\/develop.safety-plus.ch\/wp-content\/uploads\/2020\/10\/63176.jpg\" alt=\"\" width=\"680\" height=\"907\" \/><figcaption id=\"caption-attachment-6069\" class=\"wp-caption-text\">Press photo<\/figcaption><\/figure>\n<p>&nbsp;<\/p>\n<p>&nbsp;<\/p>\n<p>&nbsp;<\/p>","protected":false},"excerpt":{"rendered":"<p>Welche Gefahr geht von den betroffenen Produkten aus? Aufgrund einer ungen\u00fcgenden und falsch deklarierten Schutzwirkung besteht f\u00fcr die Verwenderinnen und Verwender das Risiko, gegen irreversible Gesundheitssch\u00e4den ungen\u00fcgend gesch\u00fctzt zu sein, wie die Beratungsstelle f\u00fcr Unfallverh\u00fctung schreibt. Welche Produkte sind betroffen? Vom Produktr\u00fcckruf betroffen sind laut Mitteilung die Atemschutzmasken mit Bezeichnung \u00abKN95\/CE FFP2 Face Mask\u00bb des [&hellip;]<\/p>\n","protected":false},"author":1,"featured_media":6066,"comment_status":"closed","ping_status":"closed","sticky":false,"template":"","format":"standard","meta":{"_acf_changed":false,"pgc_sgb_lightbox_settings":"","footnotes":""},"categories":[3314],"tags":[1692,2816],"class_list":["post-6065","post","type-post","status-publish","format-standard","has-post-thumbnail","hentry","category-health-safety","tag-atemschutzmasken","tag-rueckruf"],"acf":[],"hkrextid":null,"publication":null,"issue":null,"workflow":null,"startPage":null,"spitzmarke":null,"_posts_by_tag_page_fields":{"widget_title":"","widget_tags":""},"_at_widget":"1","_yoast_wpseo_primary_category":"4","_yoast_wpseo_focuskw_text_input":"Atemschutzmaske","_yoast_wpseo_opengraph-image":null,"_yoast_wpseo_opengraph-description":null,"_yoast_wpseo_opengraph-title":null,"enclosure":null,"_yoast_wpseo_twitter-title":null,"_yoast_wpseo_twitter-description":null,"_yoast_wpseo_twitter-image":null,"_wp_old_slug":null,"_yoast_wpseo_title":null,"_yoast_wpseo_canonical":null,"yoast_head":"<!-- This site is optimized with the Yoast SEO plugin v27.5 - https:\/\/yoast.com\/product\/yoast-seo-wordpress\/ -->\n<title>R\u00fcckruf von Atemschutzmaske - Save<\/title>\n<meta name=\"description\" content=\"In Zusammenarbeit mit der BFU ruft die Prowork Tools Handels &amp; Vertriebs GmbH eine Atemschutzmaske mit Bezeichnung \u00abKN95\/CE FFP2 Face Mask\u00bb\" \/>\n<meta name=\"robots\" content=\"index, follow, max-snippet:-1, max-image-preview:large, max-video-preview:-1\" \/>\n<link rel=\"canonical\" href=\"https:\/\/news.save.ch\/en\/rueckruf-von-atemschutzmaske\/\" \/>\n<meta property=\"og:locale\" content=\"en_US\" \/>\n<meta property=\"og:type\" content=\"article\" \/>\n<meta property=\"og:title\" content=\"R\u00fcckruf von Atemschutzmaske - Save\" \/>\n<meta property=\"og:description\" content=\"In Zusammenarbeit mit der BFU ruft die Prowork Tools Handels &amp; Vertriebs GmbH eine Atemschutzmaske mit Bezeichnung \u00abKN95\/CE FFP2 Face Mask\u00bb\" \/>\n<meta property=\"og:url\" content=\"https:\/\/news.save.ch\/en\/rueckruf-von-atemschutzmaske\/\" \/>\n<meta property=\"og:site_name\" content=\"Save\" \/>\n<meta property=\"article:published_time\" content=\"2020-10-09T17:08:59+00:00\" \/>\n<meta property=\"article:modified_time\" content=\"2023-03-14T08:02:16+00:00\" \/>\n<meta property=\"og:image\" content=\"https:\/\/news.save.ch\/wp-content\/uploads\/2020\/10\/63173-scaled-1.jpg\" \/>\n\t<meta property=\"og:image:width\" content=\"1400\" \/>\n\t<meta property=\"og:image:height\" content=\"731\" \/>\n\t<meta property=\"og:image:type\" content=\"image\/jpeg\" \/>\n<meta name=\"author\" content=\"admin\" \/>\n<meta name=\"twitter:card\" content=\"summary_large_image\" \/>\n<meta name=\"twitter:label1\" content=\"Written by\" \/>\n\t<meta name=\"twitter:data1\" content=\"admin\" \/>\n\t<meta name=\"twitter:label2\" content=\"Est. reading time\" \/>\n\t<meta name=\"twitter:data2\" content=\"1 minute\" \/>\n<script type=\"application\/ld+json\" class=\"yoast-schema-graph\">{\"@context\":\"https:\\\/\\\/schema.org\",\"@graph\":[{\"@type\":\"Article\",\"@id\":\"https:\\\/\\\/news.save.ch\\\/rueckruf-von-atemschutzmaske\\\/#article\",\"isPartOf\":{\"@id\":\"https:\\\/\\\/news.save.ch\\\/rueckruf-von-atemschutzmaske\\\/\"},\"author\":{\"name\":\"admin\",\"@id\":\"https:\\\/\\\/news.save.ch\\\/de\\\/#\\\/schema\\\/person\\\/d49e199490bad7c70d64b9ab51142f2b\"},\"headline\":\"R\u00fcckruf von Atemschutzmaske\",\"datePublished\":\"2020-10-09T17:08:59+00:00\",\"dateModified\":\"2023-03-14T08:02:16+00:00\",\"mainEntityOfPage\":{\"@id\":\"https:\\\/\\\/news.save.ch\\\/rueckruf-von-atemschutzmaske\\\/\"},\"wordCount\":228,\"publisher\":{\"@id\":\"https:\\\/\\\/news.save.ch\\\/de\\\/#organization\"},\"image\":{\"@id\":\"https:\\\/\\\/news.save.ch\\\/rueckruf-von-atemschutzmaske\\\/#primaryimage\"},\"thumbnailUrl\":\"https:\\\/\\\/news.save.ch\\\/wp-content\\\/uploads\\\/2020\\\/10\\\/63173-scaled-1.jpg\",\"keywords\":[\"Atemschutzmasken\",\"R\u00fcckruf\"],\"articleSection\":[\"HEALTH &amp; SAFETY\"],\"inLanguage\":\"en-US\"},{\"@type\":\"WebPage\",\"@id\":\"https:\\\/\\\/news.save.ch\\\/rueckruf-von-atemschutzmaske\\\/\",\"url\":\"https:\\\/\\\/news.save.ch\\\/rueckruf-von-atemschutzmaske\\\/\",\"name\":\"R\u00fcckruf von Atemschutzmaske - Save\",\"isPartOf\":{\"@id\":\"https:\\\/\\\/news.save.ch\\\/de\\\/#website\"},\"primaryImageOfPage\":{\"@id\":\"https:\\\/\\\/news.save.ch\\\/rueckruf-von-atemschutzmaske\\\/#primaryimage\"},\"image\":{\"@id\":\"https:\\\/\\\/news.save.ch\\\/rueckruf-von-atemschutzmaske\\\/#primaryimage\"},\"thumbnailUrl\":\"https:\\\/\\\/news.save.ch\\\/wp-content\\\/uploads\\\/2020\\\/10\\\/63173-scaled-1.jpg\",\"datePublished\":\"2020-10-09T17:08:59+00:00\",\"dateModified\":\"2023-03-14T08:02:16+00:00\",\"description\":\"In Zusammenarbeit mit der BFU ruft die Prowork Tools Handels & Vertriebs GmbH eine Atemschutzmaske mit Bezeichnung \u00abKN95\\\/CE FFP2 Face Mask\u00bb\",\"breadcrumb\":{\"@id\":\"https:\\\/\\\/news.save.ch\\\/rueckruf-von-atemschutzmaske\\\/#breadcrumb\"},\"inLanguage\":\"en-US\",\"potentialAction\":[{\"@type\":\"ReadAction\",\"target\":[\"https:\\\/\\\/news.save.ch\\\/rueckruf-von-atemschutzmaske\\\/\"]}]},{\"@type\":\"ImageObject\",\"inLanguage\":\"en-US\",\"@id\":\"https:\\\/\\\/news.save.ch\\\/rueckruf-von-atemschutzmaske\\\/#primaryimage\",\"url\":\"https:\\\/\\\/news.save.ch\\\/wp-content\\\/uploads\\\/2020\\\/10\\\/63173-scaled-1.jpg\",\"contentUrl\":\"https:\\\/\\\/news.save.ch\\\/wp-content\\\/uploads\\\/2020\\\/10\\\/63173-scaled-1.jpg\",\"width\":1400,\"height\":731,\"caption\":\"Pressebild\"},{\"@type\":\"BreadcrumbList\",\"@id\":\"https:\\\/\\\/news.save.ch\\\/rueckruf-von-atemschutzmaske\\\/#breadcrumb\",\"itemListElement\":[{\"@type\":\"ListItem\",\"position\":1,\"name\":\"Home\",\"item\":\"https:\\\/\\\/news.save.ch\\\/de\\\/\"},{\"@type\":\"ListItem\",\"position\":2,\"name\":\"R\u00fcckruf von Atemschutzmaske\"}]},{\"@type\":\"WebSite\",\"@id\":\"https:\\\/\\\/news.save.ch\\\/de\\\/#website\",\"url\":\"https:\\\/\\\/news.save.ch\\\/de\\\/\",\"name\":\"Save\",\"description\":\"Schweizer Fachzeitschrift f\u00fcr Sicherheit\",\"publisher\":{\"@id\":\"https:\\\/\\\/news.save.ch\\\/de\\\/#organization\"},\"potentialAction\":[{\"@type\":\"SearchAction\",\"target\":{\"@type\":\"EntryPoint\",\"urlTemplate\":\"https:\\\/\\\/news.save.ch\\\/de\\\/?s={search_term_string}\"},\"query-input\":{\"@type\":\"PropertyValueSpecification\",\"valueRequired\":true,\"valueName\":\"search_term_string\"}}],\"inLanguage\":\"en-US\"},{\"@type\":\"Organization\",\"@id\":\"https:\\\/\\\/news.save.ch\\\/de\\\/#organization\",\"name\":\"Sicherheitsforum\",\"url\":\"https:\\\/\\\/news.save.ch\\\/de\\\/\",\"logo\":{\"@type\":\"ImageObject\",\"inLanguage\":\"en-US\",\"@id\":\"https:\\\/\\\/news.save.ch\\\/de\\\/#\\\/schema\\\/logo\\\/image\\\/\",\"url\":\"https:\\\/\\\/news.save.ch\\\/wp-content\\\/uploads\\\/2022\\\/06\\\/Logo_SF_2012.png\",\"contentUrl\":\"https:\\\/\\\/news.save.ch\\\/wp-content\\\/uploads\\\/2022\\\/06\\\/Logo_SF_2012.png\",\"width\":1100,\"height\":91,\"caption\":\"Sicherheitsforum\"},\"image\":{\"@id\":\"https:\\\/\\\/news.save.ch\\\/de\\\/#\\\/schema\\\/logo\\\/image\\\/\"}},{\"@type\":\"Person\",\"@id\":\"https:\\\/\\\/news.save.ch\\\/de\\\/#\\\/schema\\\/person\\\/d49e199490bad7c70d64b9ab51142f2b\",\"name\":\"admin\",\"image\":{\"@type\":\"ImageObject\",\"inLanguage\":\"en-US\",\"@id\":\"https:\\\/\\\/secure.gravatar.com\\\/avatar\\\/ae2f4d718e6c49043e314ce431e7e645d646302a24a5ef5a8bc8e3f5a032e319?s=96&d=mm&r=g\",\"url\":\"https:\\\/\\\/secure.gravatar.com\\\/avatar\\\/ae2f4d718e6c49043e314ce431e7e645d646302a24a5ef5a8bc8e3f5a032e319?s=96&d=mm&r=g\",\"contentUrl\":\"https:\\\/\\\/secure.gravatar.com\\\/avatar\\\/ae2f4d718e6c49043e314ce431e7e645d646302a24a5ef5a8bc8e3f5a032e319?s=96&d=mm&r=g\",\"caption\":\"admin\"},\"sameAs\":[\"https:\\\/\\\/develop.organisator.galledia.ch\"],\"url\":\"https:\\\/\\\/news.save.ch\\\/en\\\/author\\\/admin\\\/\"}]}<\/script>\n<!-- \/ Yoast SEO plugin. -->","yoast_head_json":{"title":"Respirator recall - Save","description":"In cooperation with BFU, Prowork Tools Handels &amp; Vertriebs GmbH is calling for a respirator called \"KN95\/CE FFP2 Face Mask\".","robots":{"index":"index","follow":"follow","max-snippet":"max-snippet:-1","max-image-preview":"max-image-preview:large","max-video-preview":"max-video-preview:-1"},"canonical":"https:\/\/news.save.ch\/en\/rueckruf-von-atemschutzmaske\/","og_locale":"en_US","og_type":"article","og_title":"R\u00fcckruf von Atemschutzmaske - Save","og_description":"In Zusammenarbeit mit der BFU ruft die Prowork Tools Handels & Vertriebs GmbH eine Atemschutzmaske mit Bezeichnung \u00abKN95\/CE FFP2 Face Mask\u00bb","og_url":"https:\/\/news.save.ch\/en\/rueckruf-von-atemschutzmaske\/","og_site_name":"Save","article_published_time":"2020-10-09T17:08:59+00:00","article_modified_time":"2023-03-14T08:02:16+00:00","og_image":[{"width":1400,"height":731,"url":"https:\/\/news.save.ch\/wp-content\/uploads\/2020\/10\/63173-scaled-1.jpg","type":"image\/jpeg"}],"author":"admin","twitter_card":"summary_large_image","twitter_misc":{"Written by":"admin","Est. reading time":"1 minute"},"schema":{"@context":"https:\/\/schema.org","@graph":[{"@type":"Article","@id":"https:\/\/news.save.ch\/rueckruf-von-atemschutzmaske\/#article","isPartOf":{"@id":"https:\/\/news.save.ch\/rueckruf-von-atemschutzmaske\/"},"author":{"name":"admin","@id":"https:\/\/news.save.ch\/de\/#\/schema\/person\/d49e199490bad7c70d64b9ab51142f2b"},"headline":"R\u00fcckruf von Atemschutzmaske","datePublished":"2020-10-09T17:08:59+00:00","dateModified":"2023-03-14T08:02:16+00:00","mainEntityOfPage":{"@id":"https:\/\/news.save.ch\/rueckruf-von-atemschutzmaske\/"},"wordCount":228,"publisher":{"@id":"https:\/\/news.save.ch\/de\/#organization"},"image":{"@id":"https:\/\/news.save.ch\/rueckruf-von-atemschutzmaske\/#primaryimage"},"thumbnailUrl":"https:\/\/news.save.ch\/wp-content\/uploads\/2020\/10\/63173-scaled-1.jpg","keywords":["Atemschutzmasken","R\u00fcckruf"],"articleSection":["HEALTH &amp; SAFETY"],"inLanguage":"en-US"},{"@type":"WebPage","@id":"https:\/\/news.save.ch\/rueckruf-von-atemschutzmaske\/","url":"https:\/\/news.save.ch\/rueckruf-von-atemschutzmaske\/","name":"Respirator recall - Save","isPartOf":{"@id":"https:\/\/news.save.ch\/de\/#website"},"primaryImageOfPage":{"@id":"https:\/\/news.save.ch\/rueckruf-von-atemschutzmaske\/#primaryimage"},"image":{"@id":"https:\/\/news.save.ch\/rueckruf-von-atemschutzmaske\/#primaryimage"},"thumbnailUrl":"https:\/\/news.save.ch\/wp-content\/uploads\/2020\/10\/63173-scaled-1.jpg","datePublished":"2020-10-09T17:08:59+00:00","dateModified":"2023-03-14T08:02:16+00:00","description":"In cooperation with BFU, Prowork Tools Handels &amp; Vertriebs GmbH is calling for a respirator called \"KN95\/CE FFP2 Face Mask\".","breadcrumb":{"@id":"https:\/\/news.save.ch\/rueckruf-von-atemschutzmaske\/#breadcrumb"},"inLanguage":"en-US","potentialAction":[{"@type":"ReadAction","target":["https:\/\/news.save.ch\/rueckruf-von-atemschutzmaske\/"]}]},{"@type":"ImageObject","inLanguage":"en-US","@id":"https:\/\/news.save.ch\/rueckruf-von-atemschutzmaske\/#primaryimage","url":"https:\/\/news.save.ch\/wp-content\/uploads\/2020\/10\/63173-scaled-1.jpg","contentUrl":"https:\/\/news.save.ch\/wp-content\/uploads\/2020\/10\/63173-scaled-1.jpg","width":1400,"height":731,"caption":"Pressebild"},{"@type":"BreadcrumbList","@id":"https:\/\/news.save.ch\/rueckruf-von-atemschutzmaske\/#breadcrumb","itemListElement":[{"@type":"ListItem","position":1,"name":"Home","item":"https:\/\/news.save.ch\/de\/"},{"@type":"ListItem","position":2,"name":"R\u00fcckruf von Atemschutzmaske"}]},{"@type":"WebSite","@id":"https:\/\/news.save.ch\/de\/#website","url":"https:\/\/news.save.ch\/de\/","name":"Save","description":"Swiss trade journal for safety","publisher":{"@id":"https:\/\/news.save.ch\/de\/#organization"},"potentialAction":[{"@type":"SearchAction","target":{"@type":"EntryPoint","urlTemplate":"https:\/\/news.save.ch\/de\/?s={search_term_string}"},"query-input":{"@type":"PropertyValueSpecification","valueRequired":true,"valueName":"search_term_string"}}],"inLanguage":"en-US"},{"@type":"Organization","@id":"https:\/\/news.save.ch\/de\/#organization","name":"Security Forum","url":"https:\/\/news.save.ch\/de\/","logo":{"@type":"ImageObject","inLanguage":"en-US","@id":"https:\/\/news.save.ch\/de\/#\/schema\/logo\/image\/","url":"https:\/\/news.save.ch\/wp-content\/uploads\/2022\/06\/Logo_SF_2012.png","contentUrl":"https:\/\/news.save.ch\/wp-content\/uploads\/2022\/06\/Logo_SF_2012.png","width":1100,"height":91,"caption":"Sicherheitsforum"},"image":{"@id":"https:\/\/news.save.ch\/de\/#\/schema\/logo\/image\/"}},{"@type":"Person","@id":"https:\/\/news.save.ch\/de\/#\/schema\/person\/d49e199490bad7c70d64b9ab51142f2b","name":"admin","image":{"@type":"ImageObject","inLanguage":"en-US","@id":"https:\/\/secure.gravatar.com\/avatar\/ae2f4d718e6c49043e314ce431e7e645d646302a24a5ef5a8bc8e3f5a032e319?s=96&d=mm&r=g","url":"https:\/\/secure.gravatar.com\/avatar\/ae2f4d718e6c49043e314ce431e7e645d646302a24a5ef5a8bc8e3f5a032e319?s=96&d=mm&r=g","contentUrl":"https:\/\/secure.gravatar.com\/avatar\/ae2f4d718e6c49043e314ce431e7e645d646302a24a5ef5a8bc8e3f5a032e319?s=96&d=mm&r=g","caption":"admin"},"sameAs":["https:\/\/develop.organisator.galledia.ch"],"url":"https:\/\/news.save.ch\/en\/author\/admin\/"}]}},"_links":{"self":[{"href":"https:\/\/news.save.ch\/en\/wp-json\/wp\/v2\/posts\/6065","targetHints":{"allow":["GET"]}}],"collection":[{"href":"https:\/\/news.save.ch\/en\/wp-json\/wp\/v2\/posts"}],"about":[{"href":"https:\/\/news.save.ch\/en\/wp-json\/wp\/v2\/types\/post"}],"author":[{"embeddable":true,"href":"https:\/\/news.save.ch\/en\/wp-json\/wp\/v2\/users\/1"}],"replies":[{"embeddable":true,"href":"https:\/\/news.save.ch\/en\/wp-json\/wp\/v2\/comments?post=6065"}],"version-history":[{"count":1,"href":"https:\/\/news.save.ch\/en\/wp-json\/wp\/v2\/posts\/6065\/revisions"}],"predecessor-version":[{"id":18576,"href":"https:\/\/news.save.ch\/en\/wp-json\/wp\/v2\/posts\/6065\/revisions\/18576"}],"wp:featuredmedia":[{"embeddable":true,"href":"https:\/\/news.save.ch\/en\/wp-json\/wp\/v2\/media\/6066"}],"wp:attachment":[{"href":"https:\/\/news.save.ch\/en\/wp-json\/wp\/v2\/media?parent=6065"}],"wp:term":[{"taxonomy":"category","embeddable":true,"href":"https:\/\/news.save.ch\/en\/wp-json\/wp\/v2\/categories?post=6065"},{"taxonomy":"post_tag","embeddable":true,"href":"https:\/\/news.save.ch\/en\/wp-json\/wp\/v2\/tags?post=6065"}],"curies":[{"name":"wp","href":"https:\/\/api.w.org\/{rel}","templated":true}]}}