{"id":6104,"date":"2020-11-02T18:38:50","date_gmt":"2020-11-02T17:38:50","guid":{"rendered":"https:\/\/news.save.ch\/?p=6104"},"modified":"2023-03-14T09:02:15","modified_gmt":"2023-03-14T08:02:15","slug":"arbeitssicherheit-schweiz-nur-als-online-veranstaltung","status":null,"type":"post","link":"https:\/\/news.save.ch\/en\/arbeitssicherheit-schweiz-nur-als-online-veranstaltung\/","title":{"rendered":"ArbeitsSicherheit Schweiz as an online expo"},"content":{"rendered":"<figure id=\"attachment_6105\" aria-describedby=\"caption-attachment-6105\" style=\"width: 680px\" class=\"wp-caption alignnone\"><img loading=\"lazy\" decoding=\"async\" class=\"wp-image-6105 size-medium\" src=\"http:\/\/develop.safety-plus.ch\/wp-content\/uploads\/2020\/10\/ASS.jpg\" alt=\"Occupational Safety Switzerland\" width=\"680\" height=\"487\" \/><figcaption id=\"caption-attachment-6105\" class=\"wp-caption-text\">\u00a9 ASS<\/figcaption><\/figure>\n<p>The <a href=\"https:\/\/www.arbeits-sicherheit-schweiz.ch\">Occupational Safety Switzerland<\/a> (ASS), the trade fair for occupational safety, health protection and health promotion at the workplace, and the workwear fair <a href=\"https:\/\/www.swiss-corporate-fashion.ch\/\">Swiss Corporate Fashion<\/a> will not take place as planned as a hybrid expo on the exhibition grounds in Bern. The events will be held as an online expo.<\/p>\n<p><strong>Interesting keynote speakers<\/strong><\/p>\n<p>Corona forces us to hold professional life partly in a virtual setting. Even if a visit to Bern is not possible, the information provided by the online expo ArbeitsSicherheit Schweiz and Swiss Corporate Fashion is no less interesting, even if it is \"only\" conducted via screen.<\/p>\n<p>Below is a small selection of the presentations:<\/p>\n<p><strong><em>Keynote BDO AG Unternehmesberatung: <\/em><\/strong>Prof. Dr. Volker N\u00fcrnberg demonstrates in his <a href=\"https:\/\/www.arbeits-sicherheit-schweiz.ch\/programm\/keynotes\/keynotespeaker\/vorteile-von-digitalem-bgm-waehrend-und-nach-corona-4\/?tx_bmtheme_keynotespeaker%5Bbackpid%5D=357&amp;cHash=dabdb7e82f2737a42e778ab98f9228d3&amp;utm_source=Boerding+%2F+HRM&amp;utm_campaign=d47cf02850-EMAIL_CAMPAIGN_2020_10_26_10_06_COPY_02&amp;utm_medium=email&amp;utm_term=0_fff5523291-d47cf02850-133306730\">Keynote<\/a> the advantages of digital occupational health management (OHM) during and after Corona. How do digital and analog BGM complement each other? What trends are emerging?<\/p>\n<p><strong><em>Keynote Swiss International Airlines: <\/em><\/strong>\"All safe above the clouds? - An insight into the occupational safety culture of aviation\". Safety expert Urs R. Doerflinger shows in his <a href=\"https:\/\/42medien.us6.list-manage.com\/track\/click?u=8eff90db214f6a18e75dc1302&amp;id=8268b64995&amp;e=9d677baa29\">Keynote<\/a>how companies can learn from aviation.<\/p>\n<p><strong><em>Keynote Uniklinik Frankfurt: <\/em><\/strong>Prof. Dr. med. Dipl. Chem. Johannes Schulze from the University Hospital Frankfurt dedicates himself in his <a href=\"https:\/\/42medien.us6.list-manage.com\/track\/click?u=8eff90db214f6a18e75dc1302&amp;id=7c61a04bf3&amp;e=9d677baa29\">Keynote <\/a>\"Neuroenhancement - Doping in the Workplace?\" to the sensitive topic of substance abuse in the workplace.<\/p>\n<p>By the way\u00a0<a href=\"https:\/\/www.sgas.ch\">SGAS<\/a>, the Swiss Society for Occupational Safety, also classifies virtual events as a recognized continuing education measure.<\/p>\n<p><strong>Panoramic view\u00a0<\/strong><\/p>\n<p>Interested parties can browse the complete line-up of the two online expos. High-class speakers from the industry will provide an all-round view of all aspects of occupational safety and corporate fashion.<\/p>\n<p><em><a href=\"https:\/\/www.arbeits-sicherheit-schweiz.ch\/tickets\/?utm_source=Boerding+%2F+HRM&amp;utm_campaign=7f099a0770-EMAIL_CAMPAIGN_2020_10_26_10_06&amp;utm_medium=email&amp;utm_term=0_fff5523291-7f099a0770-133306730\">Click here to register for the online event.<\/a><\/em><\/p>\n<p>&nbsp;<\/p>","protected":false},"excerpt":{"rendered":"<p>Die ArbeitsSicherheit Schweiz (ASS), die Fachmesse f\u00fcr Arbeitssicherheit, Gesundheitsschutz und Gesundheitsf\u00f6rderung am Arbeitsplatz, sowie die Berufsbekleidungsmesse Swiss Corporate Fashion finden nicht wie geplant als hybride Expo auf dem Messegel\u00e4nde in Bern statt. Die Anl\u00e4sse werden als Online-Expo durchgef\u00fchrt. Interessante Keynote-Sprecher Corona zwingt uns, das berufliche Leben teilweise im virtuellen Rahmen abzuhalten. Auch wenn ein Besuch [&hellip;]<\/p>\n","protected":false},"author":1,"featured_media":16392,"comment_status":"closed","ping_status":"closed","sticky":false,"template":"","format":"standard","meta":{"_acf_changed":false,"pgc_sgb_lightbox_settings":"","footnotes":""},"categories":[3314],"tags":[2027,3048],"class_list":["post-6104","post","type-post","status-publish","format-standard","has-post-thumbnail","hentry","category-health-safety","tag-fachmessen","tag-swiss-corporate-fashion"],"acf":[],"hkrextid":null,"publication":null,"issue":null,"workflow":null,"startPage":null,"spitzmarke":null,"_posts_by_tag_page_fields":{"widget_title":"","widget_tags":""},"_at_widget":"1","_yoast_wpseo_primary_category":"5","_yoast_wpseo_focuskw_text_input":"ArbeitsSicherheit Schweiz","_yoast_wpseo_opengraph-image":null,"_yoast_wpseo_opengraph-description":null,"_yoast_wpseo_opengraph-title":null,"enclosure":null,"_yoast_wpseo_twitter-title":null,"_yoast_wpseo_twitter-description":null,"_yoast_wpseo_twitter-image":null,"_wp_old_slug":null,"_yoast_wpseo_title":null,"_yoast_wpseo_canonical":null,"yoast_head":"<!-- This site is optimized with the Yoast SEO plugin v27.5 - https:\/\/yoast.com\/product\/yoast-seo-wordpress\/ -->\n<title>ArbeitsSicherheit Schweiz als Online-Expo - Save<\/title>\n<meta name=\"description\" content=\"Die ArbeitsSicherheit Schweiz und die Swiss Corporate Fashion finden am 10. und 11. November 2020 nur als Online-Veranstaltungen statt.\" \/>\n<meta name=\"robots\" content=\"index, follow, max-snippet:-1, max-image-preview:large, max-video-preview:-1\" \/>\n<link rel=\"canonical\" href=\"https:\/\/news.save.ch\/en\/arbeitssicherheit-schweiz-nur-als-online-veranstaltung\/\" \/>\n<meta property=\"og:locale\" content=\"en_US\" \/>\n<meta property=\"og:type\" content=\"article\" \/>\n<meta property=\"og:title\" content=\"ArbeitsSicherheit Schweiz als Online-Expo - Save\" \/>\n<meta property=\"og:description\" content=\"Die ArbeitsSicherheit Schweiz und die Swiss Corporate Fashion finden am 10. und 11. November 2020 nur als Online-Veranstaltungen statt.\" \/>\n<meta property=\"og:url\" content=\"https:\/\/news.save.ch\/en\/arbeitssicherheit-schweiz-nur-als-online-veranstaltung\/\" \/>\n<meta property=\"og:site_name\" content=\"Save\" \/>\n<meta property=\"article:published_time\" content=\"2020-11-02T17:38:50+00:00\" \/>\n<meta property=\"article:modified_time\" content=\"2023-03-14T08:02:15+00:00\" \/>\n<meta property=\"og:image\" content=\"https:\/\/news.save.ch\/wp-content\/uploads\/2020\/10\/ASS.jpg\" \/>\n\t<meta property=\"og:image:width\" content=\"681\" \/>\n\t<meta property=\"og:image:height\" content=\"488\" \/>\n\t<meta property=\"og:image:type\" content=\"image\/jpeg\" \/>\n<meta name=\"author\" content=\"admin\" \/>\n<meta name=\"twitter:card\" content=\"summary_large_image\" \/>\n<meta name=\"twitter:label1\" content=\"Written by\" \/>\n\t<meta name=\"twitter:data1\" content=\"admin\" \/>\n\t<meta name=\"twitter:label2\" content=\"Est. reading time\" \/>\n\t<meta name=\"twitter:data2\" content=\"1 minute\" \/>\n<script type=\"application\/ld+json\" class=\"yoast-schema-graph\">{\"@context\":\"https:\\\/\\\/schema.org\",\"@graph\":[{\"@type\":\"Article\",\"@id\":\"https:\\\/\\\/news.save.ch\\\/arbeitssicherheit-schweiz-nur-als-online-veranstaltung\\\/#article\",\"isPartOf\":{\"@id\":\"https:\\\/\\\/news.save.ch\\\/arbeitssicherheit-schweiz-nur-als-online-veranstaltung\\\/\"},\"author\":{\"name\":\"admin\",\"@id\":\"https:\\\/\\\/news.save.ch\\\/de\\\/#\\\/schema\\\/person\\\/d49e199490bad7c70d64b9ab51142f2b\"},\"headline\":\"ArbeitsSicherheit Schweiz als Online-Expo\",\"datePublished\":\"2020-11-02T17:38:50+00:00\",\"dateModified\":\"2023-03-14T08:02:15+00:00\",\"mainEntityOfPage\":{\"@id\":\"https:\\\/\\\/news.save.ch\\\/arbeitssicherheit-schweiz-nur-als-online-veranstaltung\\\/\"},\"wordCount\":268,\"publisher\":{\"@id\":\"https:\\\/\\\/news.save.ch\\\/de\\\/#organization\"},\"image\":{\"@id\":\"https:\\\/\\\/news.save.ch\\\/arbeitssicherheit-schweiz-nur-als-online-veranstaltung\\\/#primaryimage\"},\"thumbnailUrl\":\"https:\\\/\\\/news.save.ch\\\/wp-content\\\/uploads\\\/2020\\\/10\\\/ASS.jpg\",\"keywords\":[\"Fachmessen\",\"Swiss Corporate Fashion\"],\"articleSection\":[\"HEALTH &amp; SAFETY\"],\"inLanguage\":\"en-US\"},{\"@type\":\"WebPage\",\"@id\":\"https:\\\/\\\/news.save.ch\\\/arbeitssicherheit-schweiz-nur-als-online-veranstaltung\\\/\",\"url\":\"https:\\\/\\\/news.save.ch\\\/arbeitssicherheit-schweiz-nur-als-online-veranstaltung\\\/\",\"name\":\"ArbeitsSicherheit Schweiz als Online-Expo - Save\",\"isPartOf\":{\"@id\":\"https:\\\/\\\/news.save.ch\\\/de\\\/#website\"},\"primaryImageOfPage\":{\"@id\":\"https:\\\/\\\/news.save.ch\\\/arbeitssicherheit-schweiz-nur-als-online-veranstaltung\\\/#primaryimage\"},\"image\":{\"@id\":\"https:\\\/\\\/news.save.ch\\\/arbeitssicherheit-schweiz-nur-als-online-veranstaltung\\\/#primaryimage\"},\"thumbnailUrl\":\"https:\\\/\\\/news.save.ch\\\/wp-content\\\/uploads\\\/2020\\\/10\\\/ASS.jpg\",\"datePublished\":\"2020-11-02T17:38:50+00:00\",\"dateModified\":\"2023-03-14T08:02:15+00:00\",\"description\":\"Die ArbeitsSicherheit Schweiz und die Swiss Corporate Fashion finden am 10. und 11. November 2020 nur als Online-Veranstaltungen statt.\",\"breadcrumb\":{\"@id\":\"https:\\\/\\\/news.save.ch\\\/arbeitssicherheit-schweiz-nur-als-online-veranstaltung\\\/#breadcrumb\"},\"inLanguage\":\"en-US\",\"potentialAction\":[{\"@type\":\"ReadAction\",\"target\":[\"https:\\\/\\\/news.save.ch\\\/arbeitssicherheit-schweiz-nur-als-online-veranstaltung\\\/\"]}]},{\"@type\":\"ImageObject\",\"inLanguage\":\"en-US\",\"@id\":\"https:\\\/\\\/news.save.ch\\\/arbeitssicherheit-schweiz-nur-als-online-veranstaltung\\\/#primaryimage\",\"url\":\"https:\\\/\\\/news.save.ch\\\/wp-content\\\/uploads\\\/2020\\\/10\\\/ASS.jpg\",\"contentUrl\":\"https:\\\/\\\/news.save.ch\\\/wp-content\\\/uploads\\\/2020\\\/10\\\/ASS.jpg\",\"width\":681,\"height\":488,\"caption\":\"\u00a9 ASS\"},{\"@type\":\"BreadcrumbList\",\"@id\":\"https:\\\/\\\/news.save.ch\\\/arbeitssicherheit-schweiz-nur-als-online-veranstaltung\\\/#breadcrumb\",\"itemListElement\":[{\"@type\":\"ListItem\",\"position\":1,\"name\":\"Home\",\"item\":\"https:\\\/\\\/news.save.ch\\\/de\\\/\"},{\"@type\":\"ListItem\",\"position\":2,\"name\":\"ArbeitsSicherheit Schweiz als Online-Expo\"}]},{\"@type\":\"WebSite\",\"@id\":\"https:\\\/\\\/news.save.ch\\\/de\\\/#website\",\"url\":\"https:\\\/\\\/news.save.ch\\\/de\\\/\",\"name\":\"Save\",\"description\":\"Schweizer Fachzeitschrift f\u00fcr Sicherheit\",\"publisher\":{\"@id\":\"https:\\\/\\\/news.save.ch\\\/de\\\/#organization\"},\"potentialAction\":[{\"@type\":\"SearchAction\",\"target\":{\"@type\":\"EntryPoint\",\"urlTemplate\":\"https:\\\/\\\/news.save.ch\\\/de\\\/?s={search_term_string}\"},\"query-input\":{\"@type\":\"PropertyValueSpecification\",\"valueRequired\":true,\"valueName\":\"search_term_string\"}}],\"inLanguage\":\"en-US\"},{\"@type\":\"Organization\",\"@id\":\"https:\\\/\\\/news.save.ch\\\/de\\\/#organization\",\"name\":\"Sicherheitsforum\",\"url\":\"https:\\\/\\\/news.save.ch\\\/de\\\/\",\"logo\":{\"@type\":\"ImageObject\",\"inLanguage\":\"en-US\",\"@id\":\"https:\\\/\\\/news.save.ch\\\/de\\\/#\\\/schema\\\/logo\\\/image\\\/\",\"url\":\"https:\\\/\\\/news.save.ch\\\/wp-content\\\/uploads\\\/2022\\\/06\\\/Logo_SF_2012.png\",\"contentUrl\":\"https:\\\/\\\/news.save.ch\\\/wp-content\\\/uploads\\\/2022\\\/06\\\/Logo_SF_2012.png\",\"width\":1100,\"height\":91,\"caption\":\"Sicherheitsforum\"},\"image\":{\"@id\":\"https:\\\/\\\/news.save.ch\\\/de\\\/#\\\/schema\\\/logo\\\/image\\\/\"}},{\"@type\":\"Person\",\"@id\":\"https:\\\/\\\/news.save.ch\\\/de\\\/#\\\/schema\\\/person\\\/d49e199490bad7c70d64b9ab51142f2b\",\"name\":\"admin\",\"image\":{\"@type\":\"ImageObject\",\"inLanguage\":\"en-US\",\"@id\":\"https:\\\/\\\/secure.gravatar.com\\\/avatar\\\/ae2f4d718e6c49043e314ce431e7e645d646302a24a5ef5a8bc8e3f5a032e319?s=96&d=mm&r=g\",\"url\":\"https:\\\/\\\/secure.gravatar.com\\\/avatar\\\/ae2f4d718e6c49043e314ce431e7e645d646302a24a5ef5a8bc8e3f5a032e319?s=96&d=mm&r=g\",\"contentUrl\":\"https:\\\/\\\/secure.gravatar.com\\\/avatar\\\/ae2f4d718e6c49043e314ce431e7e645d646302a24a5ef5a8bc8e3f5a032e319?s=96&d=mm&r=g\",\"caption\":\"admin\"},\"sameAs\":[\"https:\\\/\\\/develop.organisator.galledia.ch\"],\"url\":\"https:\\\/\\\/news.save.ch\\\/en\\\/author\\\/admin\\\/\"}]}<\/script>\n<!-- \/ Yoast SEO plugin. -->","yoast_head_json":{"title":"ArbeitsSicherheit Schweiz as an online expo - Save","description":"ArbeitsSicherheit Schweiz and Swiss Corporate Fashion will take place on November 10 and 11, 2020 as online events only.","robots":{"index":"index","follow":"follow","max-snippet":"max-snippet:-1","max-image-preview":"max-image-preview:large","max-video-preview":"max-video-preview:-1"},"canonical":"https:\/\/news.save.ch\/en\/arbeitssicherheit-schweiz-nur-als-online-veranstaltung\/","og_locale":"en_US","og_type":"article","og_title":"ArbeitsSicherheit Schweiz als Online-Expo - Save","og_description":"Die ArbeitsSicherheit Schweiz und die Swiss Corporate Fashion finden am 10. und 11. November 2020 nur als Online-Veranstaltungen statt.","og_url":"https:\/\/news.save.ch\/en\/arbeitssicherheit-schweiz-nur-als-online-veranstaltung\/","og_site_name":"Save","article_published_time":"2020-11-02T17:38:50+00:00","article_modified_time":"2023-03-14T08:02:15+00:00","og_image":[{"width":681,"height":488,"url":"https:\/\/news.save.ch\/wp-content\/uploads\/2020\/10\/ASS.jpg","type":"image\/jpeg"}],"author":"admin","twitter_card":"summary_large_image","twitter_misc":{"Written by":"admin","Est. reading time":"1 minute"},"schema":{"@context":"https:\/\/schema.org","@graph":[{"@type":"Article","@id":"https:\/\/news.save.ch\/arbeitssicherheit-schweiz-nur-als-online-veranstaltung\/#article","isPartOf":{"@id":"https:\/\/news.save.ch\/arbeitssicherheit-schweiz-nur-als-online-veranstaltung\/"},"author":{"name":"admin","@id":"https:\/\/news.save.ch\/de\/#\/schema\/person\/d49e199490bad7c70d64b9ab51142f2b"},"headline":"ArbeitsSicherheit Schweiz als Online-Expo","datePublished":"2020-11-02T17:38:50+00:00","dateModified":"2023-03-14T08:02:15+00:00","mainEntityOfPage":{"@id":"https:\/\/news.save.ch\/arbeitssicherheit-schweiz-nur-als-online-veranstaltung\/"},"wordCount":268,"publisher":{"@id":"https:\/\/news.save.ch\/de\/#organization"},"image":{"@id":"https:\/\/news.save.ch\/arbeitssicherheit-schweiz-nur-als-online-veranstaltung\/#primaryimage"},"thumbnailUrl":"https:\/\/news.save.ch\/wp-content\/uploads\/2020\/10\/ASS.jpg","keywords":["Fachmessen","Swiss Corporate Fashion"],"articleSection":["HEALTH &amp; SAFETY"],"inLanguage":"en-US"},{"@type":"WebPage","@id":"https:\/\/news.save.ch\/arbeitssicherheit-schweiz-nur-als-online-veranstaltung\/","url":"https:\/\/news.save.ch\/arbeitssicherheit-schweiz-nur-als-online-veranstaltung\/","name":"ArbeitsSicherheit Schweiz as an online expo - Save","isPartOf":{"@id":"https:\/\/news.save.ch\/de\/#website"},"primaryImageOfPage":{"@id":"https:\/\/news.save.ch\/arbeitssicherheit-schweiz-nur-als-online-veranstaltung\/#primaryimage"},"image":{"@id":"https:\/\/news.save.ch\/arbeitssicherheit-schweiz-nur-als-online-veranstaltung\/#primaryimage"},"thumbnailUrl":"https:\/\/news.save.ch\/wp-content\/uploads\/2020\/10\/ASS.jpg","datePublished":"2020-11-02T17:38:50+00:00","dateModified":"2023-03-14T08:02:15+00:00","description":"ArbeitsSicherheit Schweiz and Swiss Corporate Fashion will take place on November 10 and 11, 2020 as online events only.","breadcrumb":{"@id":"https:\/\/news.save.ch\/arbeitssicherheit-schweiz-nur-als-online-veranstaltung\/#breadcrumb"},"inLanguage":"en-US","potentialAction":[{"@type":"ReadAction","target":["https:\/\/news.save.ch\/arbeitssicherheit-schweiz-nur-als-online-veranstaltung\/"]}]},{"@type":"ImageObject","inLanguage":"en-US","@id":"https:\/\/news.save.ch\/arbeitssicherheit-schweiz-nur-als-online-veranstaltung\/#primaryimage","url":"https:\/\/news.save.ch\/wp-content\/uploads\/2020\/10\/ASS.jpg","contentUrl":"https:\/\/news.save.ch\/wp-content\/uploads\/2020\/10\/ASS.jpg","width":681,"height":488,"caption":"\u00a9 ASS"},{"@type":"BreadcrumbList","@id":"https:\/\/news.save.ch\/arbeitssicherheit-schweiz-nur-als-online-veranstaltung\/#breadcrumb","itemListElement":[{"@type":"ListItem","position":1,"name":"Home","item":"https:\/\/news.save.ch\/de\/"},{"@type":"ListItem","position":2,"name":"ArbeitsSicherheit Schweiz als Online-Expo"}]},{"@type":"WebSite","@id":"https:\/\/news.save.ch\/de\/#website","url":"https:\/\/news.save.ch\/de\/","name":"Save","description":"Swiss trade journal for safety","publisher":{"@id":"https:\/\/news.save.ch\/de\/#organization"},"potentialAction":[{"@type":"SearchAction","target":{"@type":"EntryPoint","urlTemplate":"https:\/\/news.save.ch\/de\/?s={search_term_string}"},"query-input":{"@type":"PropertyValueSpecification","valueRequired":true,"valueName":"search_term_string"}}],"inLanguage":"en-US"},{"@type":"Organization","@id":"https:\/\/news.save.ch\/de\/#organization","name":"Security Forum","url":"https:\/\/news.save.ch\/de\/","logo":{"@type":"ImageObject","inLanguage":"en-US","@id":"https:\/\/news.save.ch\/de\/#\/schema\/logo\/image\/","url":"https:\/\/news.save.ch\/wp-content\/uploads\/2022\/06\/Logo_SF_2012.png","contentUrl":"https:\/\/news.save.ch\/wp-content\/uploads\/2022\/06\/Logo_SF_2012.png","width":1100,"height":91,"caption":"Sicherheitsforum"},"image":{"@id":"https:\/\/news.save.ch\/de\/#\/schema\/logo\/image\/"}},{"@type":"Person","@id":"https:\/\/news.save.ch\/de\/#\/schema\/person\/d49e199490bad7c70d64b9ab51142f2b","name":"admin","image":{"@type":"ImageObject","inLanguage":"en-US","@id":"https:\/\/secure.gravatar.com\/avatar\/ae2f4d718e6c49043e314ce431e7e645d646302a24a5ef5a8bc8e3f5a032e319?s=96&d=mm&r=g","url":"https:\/\/secure.gravatar.com\/avatar\/ae2f4d718e6c49043e314ce431e7e645d646302a24a5ef5a8bc8e3f5a032e319?s=96&d=mm&r=g","contentUrl":"https:\/\/secure.gravatar.com\/avatar\/ae2f4d718e6c49043e314ce431e7e645d646302a24a5ef5a8bc8e3f5a032e319?s=96&d=mm&r=g","caption":"admin"},"sameAs":["https:\/\/develop.organisator.galledia.ch"],"url":"https:\/\/news.save.ch\/en\/author\/admin\/"}]}},"_links":{"self":[{"href":"https:\/\/news.save.ch\/en\/wp-json\/wp\/v2\/posts\/6104","targetHints":{"allow":["GET"]}}],"collection":[{"href":"https:\/\/news.save.ch\/en\/wp-json\/wp\/v2\/posts"}],"about":[{"href":"https:\/\/news.save.ch\/en\/wp-json\/wp\/v2\/types\/post"}],"author":[{"embeddable":true,"href":"https:\/\/news.save.ch\/en\/wp-json\/wp\/v2\/users\/1"}],"replies":[{"embeddable":true,"href":"https:\/\/news.save.ch\/en\/wp-json\/wp\/v2\/comments?post=6104"}],"version-history":[{"count":1,"href":"https:\/\/news.save.ch\/en\/wp-json\/wp\/v2\/posts\/6104\/revisions"}],"predecessor-version":[{"id":18173,"href":"https:\/\/news.save.ch\/en\/wp-json\/wp\/v2\/posts\/6104\/revisions\/18173"}],"wp:featuredmedia":[{"embeddable":true,"href":"https:\/\/news.save.ch\/en\/wp-json\/wp\/v2\/media\/16392"}],"wp:attachment":[{"href":"https:\/\/news.save.ch\/en\/wp-json\/wp\/v2\/media?parent=6104"}],"wp:term":[{"taxonomy":"category","embeddable":true,"href":"https:\/\/news.save.ch\/en\/wp-json\/wp\/v2\/categories?post=6104"},{"taxonomy":"post_tag","embeddable":true,"href":"https:\/\/news.save.ch\/en\/wp-json\/wp\/v2\/tags?post=6104"}],"curies":[{"name":"wp","href":"https:\/\/api.w.org\/{rel}","templated":true}]}}